{"id":5001,"date":"2026-02-16T10:17:57","date_gmt":"2026-02-16T09:17:57","guid":{"rendered":"https:\/\/catholicus.eu\/pl\/?p=5001"},"modified":"2026-02-16T10:17:58","modified_gmt":"2026-02-16T09:17:58","slug":"ksiegi-krolewskie-gdy-wladza-zapomina-o-bogu-a-bog-nie-zapomina-o-swoim-ludzie","status":"publish","type":"post","link":"https:\/\/catholicus.eu\/pl\/ksiegi-krolewskie-gdy-wladza-zapomina-o-bogu-a-bog-nie-zapomina-o-swoim-ludzie\/","title":{"rendered":"Ksi\u0119gi Kr\u00f3lewskie: Gdy w\u0142adza zapomina o Bogu, a B\u00f3g nie zapomina o swoim ludzie"},"content":{"rendered":"\n<p>\u017byjemy w czasach zafascynowanych w\u0142adz\u0105: w\u0142adz\u0105 polityczn\u0105, gospodarcz\u0105, medialn\u0105, technologiczn\u0105. A jednak rzadko zatrzymujemy si\u0119, by zastanowi\u0107 si\u0119 nad istotn\u0105 prawd\u0105: <strong>w\u0142adza bez Boga prowadzi do zniszczenia, ale w\u0142adza poddana Bogu staje si\u0119 narz\u0119dziem zbawienia<\/strong>.<\/p>\n\n\n\n<p>Tak zwane <em>Ksi\u0119gi Kr\u00f3lewskie<\/em> \u2013 kt\u00f3re w tradycji hebrajskiej stanowi\u0105 jedno historyczne dzie\u0142o, a w Biblii chrze\u015bcija\u0144skiej s\u0105 znane jako <strong>Pierwsza i Druga Ksi\u0119ga Kr\u00f3lewska<\/strong> \u2013 to duchowa radiografia w\u0142adzy ludzkiej. Nie znajdujemy w nich jedynie historii politycznej Izraela i Judy; odkrywamy wieczny dramat ludzkiego serca przed Bogiem.<\/p>\n\n\n\n<p>Ten artyku\u0142 ma pom\u00f3c w ich zrozumieniu nie tylko jako staro\u017cytnej historii, lecz jako lustra w\u0142asnego \u017cycia.<\/p>\n\n\n\n<hr class=\"wp-block-separator has-alpha-channel-opacity\"\/>\n\n\n\n<h2 class=\"wp-block-heading\">1. Czym s\u0105 Ksi\u0119gi Kr\u00f3lewskie?<\/h2>\n\n\n\n<p><strong>Ksi\u0119gi Kr\u00f3lewskie<\/strong> kontynuuj\u0105 narracj\u0119 rozpocz\u0119t\u0105 w Ksi\u0119gach Samuela. Opowiadaj\u0105 histori\u0119 ludu Izraela od panowania Salomon do upadku Jerozolimy i wygnania do Babilonu (VI wiek p.n.e.).<\/p>\n\n\n\n<p>W\u015br\u00f3d g\u0142\u00f3wnych postaci spotykamy:<\/p>\n\n\n\n<ul class=\"wp-block-list\">\n<li>Salomon<\/li>\n\n\n\n<li>Eliasz<\/li>\n\n\n\n<li>Elizeusz<\/li>\n\n\n\n<li>Achab<\/li>\n\n\n\n<li>Jezebel<\/li>\n<\/ul>\n\n\n\n<p>Jednak poza postaciami prawdziwym bohaterem jest B\u00f3g: <strong>Pan, kt\u00f3ry kieruje histori\u0105 i s\u0105dzi serca w\u0142adc\u00f3w<\/strong>.<\/p>\n\n\n\n<hr class=\"wp-block-separator has-alpha-channel-opacity\"\/>\n\n\n\n<h2 class=\"wp-block-heading\">2. Blask i upadek Salomona: niebezpiecze\u0144stwo letnio\u015bci<\/h2>\n\n\n\n<p>Historia zaczyna si\u0119 od panowania Salomona, syna Dawida. Salomon przedstawiony jest jako kr\u00f3l m\u0105dry nad m\u0105drymi. To jemu przypisuje si\u0119 budow\u0119 \u015awi\u0105tyni w Jerozolimie, duchowego centrum ludu Izraela.<\/p>\n\n\n\n<p>Jego s\u0142ynna modlitwa jest g\u0142\u0119boko poruszaj\u0105ca:<\/p>\n\n\n\n<blockquote class=\"wp-block-quote is-layout-flow wp-block-quote-is-layout-flow\">\n<p>\u201eDaj s\u0142udze Twemu serce roztropne, aby m\u00f3g\u0142 s\u0105dzi\u0107 Tw\u00f3j lud i rozr\u00f3\u017cnia\u0107 dobro od z\u0142a\u201d (1 Krl 3,9).<\/p>\n<\/blockquote>\n\n\n\n<p>Tu znajdujemy fundamentaln\u0105 lekcj\u0119 teologiczn\u0105: <strong>prawdziwa m\u0105dro\u015b\u0107 nie polega na ludzkiej inteligencji, lecz na uleg\u0142o\u015bci wobec Boga<\/strong>.<\/p>\n\n\n\n<p>A jednak ten sam Salomon, kt\u00f3ry zaczyna\u0142 w pokorze, z czasem zboczy\u0142:<\/p>\n\n\n\n<blockquote class=\"wp-block-quote is-layout-flow wp-block-quote-is-layout-flow\">\n<p>\u201eGdy Salomon si\u0119 zestarza\u0142, jego \u017cony sk\u0142oni\u0142y jego serce ku innym bogom\u201d (1 Krl 11,4).<\/p>\n<\/blockquote>\n\n\n\n<p>Letnio\u015b\u0107 duchowa, kompromis ze \u015bwiatem, relatywizm religijny\u2026 to nie s\u0105 problemy nowoczesne. Istnia\u0142y ju\u017c wtedy.<\/p>\n\n\n\n<p><strong>Praktyczne zastosowanie:<\/strong><br>Ile razy zaczynamy powo\u0142anie, ma\u0142\u017ce\u0144stwo, apostolat z zapa\u0142em\u2026 a potem powoli stajemy si\u0119 wygodni? Salomon uczy nas, \u017ce najwi\u0119kszym niebezpiecze\u0144stwem nie jest nag\u0142y b\u0142\u0105d, lecz powolna erozja serca.<\/p>\n\n\n\n<hr class=\"wp-block-separator has-alpha-channel-opacity\"\/>\n\n\n\n<h2 class=\"wp-block-heading\">3. Podzia\u0142 Kr\u00f3lestwa: gdy grzech rozbija jedno\u015b\u0107<\/h2>\n\n\n\n<p>Po \u015bmierci Salomona kr\u00f3lestwo dzieli si\u0119:<\/p>\n\n\n\n<ul class=\"wp-block-list\">\n<li>Kr\u00f3lestwo P\u00f3\u0142nocne (Izrael)<\/li>\n\n\n\n<li>Kr\u00f3lestwo Po\u0142udniowe (Juda)<\/li>\n<\/ul>\n\n\n\n<p>Ten polityczny podzia\u0142 jest bezpo\u015bredni\u0105 konsekwencj\u0105 grzechu duchowego.<\/p>\n\n\n\n<p>Teologicznie ujawnia to g\u0142\u0119bok\u0105 prawd\u0119:<br><strong>grzech nie dotyka tylko jednostki; rozbija spo\u0142eczno\u015bci, rodziny i narody.<\/strong><\/p>\n\n\n\n<p>Widzimy to dzi\u015b wyra\u017anie: podzia\u0142y ideologiczne, polaryzacja, konflikty kulturowe\u2026 Korze\u0144 jest zawsze ten sam: kiedy B\u00f3g przestaje by\u0107 w centrum, cz\u0142owiek zajmuje Jego miejsce \u2014 i wszystko si\u0119 rozpada.<\/p>\n\n\n\n<hr class=\"wp-block-separator has-alpha-channel-opacity\"\/>\n\n\n\n<h2 class=\"wp-block-heading\">4. Eliasz: G\u0142os Boga w czasach apostazji<\/h2>\n\n\n\n<p>Jednym z najpot\u0119\u017cniejszych moment\u00f3w Ksi\u0105g Kr\u00f3lewskich jest konfrontacja proroka Eliasz z prorokami Baala na g\u00f3rze Karmel.<\/p>\n\n\n\n<p>Eliasz wo\u0142a:<\/p>\n\n\n\n<blockquote class=\"wp-block-quote is-layout-flow wp-block-quote-is-layout-flow\">\n<p>\u201eJak d\u0142ugo b\u0119dziecie kule\u0107 po obu stronach? Je\u015bli Pan jest Bogiem, id\u017acie za Nim; je\u015bli Baal, id\u017acie za nim!\u201d (1 Krl 18,21).<\/p>\n<\/blockquote>\n\n\n\n<p>To pytanie przenika wieki.<\/p>\n\n\n\n<p>Nie mo\u017cna \u017cy\u0107 z podzielonym sercem. Nie mo\u017cna s\u0142u\u017cy\u0107 Bogu i idolowi sukcesu, pieni\u0119dzy, przyjemno\u015bci czy presti\u017cu.<\/p>\n\n\n\n<p><strong>Perspektywa pastoralna:<\/strong><br>Eliasz reprezentuje misj\u0119 prorock\u0105 Ko\u015bcio\u0142a w dzisiejszym \u015bwiecie. Ko\u015bci\u00f3\u0142 nie jest powo\u0142any, by przypodoba\u0107 si\u0119 w\u0142adzy, lecz by przypomnie\u0107 jej o granicach. Chrze\u015bcijanin w pracy czy w rodzinie r\u00f3wnie\u017c jest powo\u0142any, by by\u0107 g\u0142osem sumienia.<\/p>\n\n\n\n<hr class=\"wp-block-separator has-alpha-channel-opacity\"\/>\n\n\n\n<h2 class=\"wp-block-heading\">5. Achab i Jezebel: gdy w\u0142adza staje si\u0119 ba\u0142wochwalstwem<\/h2>\n\n\n\n<p>Panowanie Achab i Jezebel nale\u017cy do najciemniejszych.<\/p>\n\n\n\n<p>Jezebel oficjalnie wprowadza kult Baala. Prorocy s\u0105 prze\u015bladowani. Sprawiedliwo\u015b\u0107 jest manipulowana. Historia winnicy Nabota (1 Krl 21) jest przyk\u0142adem: nadu\u017cycie w\u0142adzy, korupcja s\u0105dowa, ukryte morderstwo.<\/p>\n\n\n\n<p>Czy to nie brzmi znajomo?<\/p>\n\n\n\n<p>Gdy w\u0142adza traci boja\u017a\u0144 Bo\u017c\u0105:<\/p>\n\n\n\n<ul class=\"wp-block-list\">\n<li>Prawo staje si\u0119 narz\u0119dziem ideologicznym.<\/li>\n\n\n\n<li>Prawda staje si\u0119 wzgl\u0119dna.<\/li>\n\n\n\n<li>\u017bycie ludzkie traci warto\u015b\u0107.<\/li>\n<\/ul>\n\n\n\n<p>Ksi\u0119gi Kr\u00f3lewskie jasno ucz\u0105, \u017ce <strong>\u017cadna ludzka w\u0142adza nie uchodzi s\u0105dowi Bo\u017cemu<\/strong>.<\/p>\n\n\n\n<hr class=\"wp-block-separator has-alpha-channel-opacity\"\/>\n\n\n\n<h2 class=\"wp-block-heading\">6. Elizeusz: Mi\u0142osierdzie po\u015br\u00f3d chaosu<\/h2>\n\n\n\n<p>Po Eliaszu pojawia si\u0119 Elizeusz, prorok cud\u00f3w i wsp\u00f3\u0142czucia.<\/p>\n\n\n\n<p>Mno\u017cy oliw\u0119 dla wdowy, wskrzesza syna Sunamitki i uzdrawia Naamana, Syryjczyka.<\/p>\n\n\n\n<p>Po\u015br\u00f3d politycznej korupcji B\u00f3g dzia\u0142a dalej cicho przez mi\u0142osierdzie.<\/p>\n\n\n\n<p>Teologicznie jest to fundamentalne:<br><strong>historia nie jest zdominowana przez z\u0142o; podtrzymuje j\u0105 cicha wierno\u015b\u0107 Boga.<\/strong><\/p>\n\n\n\n<p>W czasach kryzysu ko\u015bcielnego czy spo\u0142ecznego wielu popada w rozpacz. Ale Ksi\u0119gi Kr\u00f3lewskie przypominaj\u0105, \u017ce B\u00f3g zawsze zachowuje \u201ewierny reszt\u0119\u201d.<\/p>\n\n\n\n<hr class=\"wp-block-separator has-alpha-channel-opacity\"\/>\n\n\n\n<h2 class=\"wp-block-heading\">7. Upadek Jerozolimy: s\u0105d i nadzieja<\/h2>\n\n\n\n<p>Ksi\u0119ga ko\u0144czy si\u0119 zniszczeniem Jerozolimy i wygnaniem do Babilonu.<\/p>\n\n\n\n<p>Na pierwszy rzut oka wydaje si\u0119 to ca\u0142kowit\u0105 pora\u017ck\u0105. Teologicznie nie jest.<\/p>\n\n\n\n<p>Wygnanie to oczyszczenie. To pedagogia Bo\u017ca. To wezwanie do nawr\u00f3cenia.<\/p>\n\n\n\n<p>B\u00f3g dopuszcza upadek, ale nie porzuca swojego ludu.<\/p>\n\n\n\n<p>Tutaj znajduje si\u0119 jeden z najg\u0142\u0119bszych duchowych kluczy tych ksi\u0105g:<\/p>\n\n\n\n<p><strong>Kara Bo\u017ca nie jest zemst\u0105; jest lekarstwem.<\/strong><\/p>\n\n\n\n<p>Ile razy nasze osobiste kryzysy \u2014 choroba, pora\u017cka, strata \u2014 staj\u0105 si\u0119 drog\u0105 powrotu do Boga?<\/p>\n\n\n\n<hr class=\"wp-block-separator has-alpha-channel-opacity\"\/>\n\n\n\n<h2 class=\"wp-block-heading\">8. G\u0142\u0119bokie klucze teologiczne<\/h2>\n\n\n\n<h3 class=\"wp-block-heading\">1. B\u00f3g jest Panem historii<\/h3>\n\n\n\n<p>Nie imperia rz\u0105dz\u0105. Nie ideologie rz\u0105dz\u0105. B\u00f3g rz\u0105dzi.<\/p>\n\n\n\n<h3 class=\"wp-block-heading\">2. Wierno\u015b\u0107 przynosi b\u0142ogos\u0142awie\u0144stwo; ba\u0142wochwalstwo przynosi zgub\u0119<\/h3>\n\n\n\n<p>To nie przes\u0105d; to prawo duchowe.<\/p>\n\n\n\n<h3 class=\"wp-block-heading\">3. W\u0142adza jest s\u0142u\u017cb\u0105<\/h3>\n\n\n\n<p>Kiedy przestaje by\u0107 s\u0142u\u017cb\u0105, staje si\u0119 tyrani\u0105.<\/p>\n\n\n\n<h3 class=\"wp-block-heading\">4. B\u00f3g zawsze powo\u0142uje prorok\u00f3w<\/h3>\n\n\n\n<p>Nawet je\u015bli \u015bwiat odmawia s\u0142uchania.<\/p>\n\n\n\n<hr class=\"wp-block-separator has-alpha-channel-opacity\"\/>\n\n\n\n<h2 class=\"wp-block-heading\">9. Praktyczne zastosowania dla twojego \u017cycia<\/h2>\n\n\n\n<h3 class=\"wp-block-heading\">\u2714 Sprawd\u017a swoje \u201ebo\u017cki\u201d<\/h3>\n\n\n\n<p>Co zajmuje miejsce Boga w twoim sercu?<\/p>\n\n\n\n<h3 class=\"wp-block-heading\">\u2714 M\u00f3dl si\u0119 za w\u0142adc\u00f3w<\/h3>\n\n\n\n<p>\u015awi\u0119ty Pawe\u0142 poprosi o to wieki p\u00f3\u017aniej. Polityka nie jest obca wierze.<\/p>\n\n\n\n<h3 class=\"wp-block-heading\">\u2714 B\u0105d\u017a prorokiem w swoim otoczeniu<\/h3>\n\n\n\n<p>Nie przez agresj\u0119, lecz przez sp\u00f3jno\u015b\u0107.<\/p>\n\n\n\n<h3 class=\"wp-block-heading\">\u2714 B\u0105d\u017a wierny w ma\u0142ych rzeczach<\/h3>\n\n\n\n<p>Elizeusz nie zacz\u0105\u0142 od wielkich czyn\u00f3w, lecz od s\u0142u\u017cby Eliaszowi.<\/p>\n\n\n\n<h3 class=\"wp-block-heading\">\u2714 Interpretuj swoje kryzysy w \u015bwietle Opatrzno\u015bci<\/h3>\n\n\n\n<p>Nic nie jest poza planem Boga.<\/p>\n\n\n\n<hr class=\"wp-block-separator has-alpha-channel-opacity\"\/>\n\n\n\n<h2 class=\"wp-block-heading\">10. Pilny komunikat dla naszych czas\u00f3w<\/h2>\n\n\n\n<p>Ksi\u0119gi Kr\u00f3lewskie nie s\u0105 staro\u017cytn\u0105 kronik\u0105 bez znaczenia. S\u0105 lustrem XXI wieku.<\/p>\n\n\n\n<p>\u017byjemy po\u015br\u00f3d:<\/p>\n\n\n\n<ul class=\"wp-block-list\">\n<li>Technologicznego ba\u0142wochwalstwa<\/li>\n\n\n\n<li>Korupcji instytucjonalnej<\/li>\n\n\n\n<li>Relatywizmu moralnego<\/li>\n\n\n\n<li>Kryzysu autorytetu<\/li>\n<\/ul>\n\n\n\n<p>A jednak rozwi\u0105zanie nie jest nowe:<br><strong>przywr\u00f3ci\u0107 Boga do centrum.<\/strong><\/p>\n\n\n\n<p>Jak pyta\u0142 Eliasz:<br>\u201eJak d\u0142ugo b\u0119dziecie kule\u0107 po obu stronach?\u201d<\/p>\n\n\n\n<hr class=\"wp-block-separator has-alpha-channel-opacity\"\/>\n\n\n\n<h2 class=\"wp-block-heading\">Zako\u0144czenie: Historia trwa\u2026 w tobie<\/h2>\n\n\n\n<p>Ksi\u0119gi Kr\u00f3lewskie ko\u0144cz\u0105 si\u0119 iskr\u0105 nadziei: kr\u00f3l Jojachin zostaje uwolniony w Babilonie. Dynastia Dawida nie zosta\u0142a zg\u0142adzona. Obietnica pozostaje \u017cywa.<\/p>\n\n\n\n<p>Wieki p\u00f3\u017aniej ta obietnica wype\u0142ni si\u0119 w Chrystusie, ostatecznym Kr\u00f3lu.<\/p>\n\n\n\n<p>Tymczasem historia Kr\u00f3l\u00f3w zapisuje si\u0119 ka\u017cdego dnia w sercu ka\u017cdego wierz\u0105cego.<\/p>\n\n\n\n<p>Ty r\u00f3wnie\u017c rz\u0105dzisz ma\u0142ym kr\u00f3lestwem: swoj\u0105 rodzin\u0105, swoj\u0105 prac\u0105, swoim sumieniem.<\/p>\n\n\n\n<p>Pytanie jest to samo, kt\u00f3re przewija si\u0119 przez te ksi\u0119gi:<\/p>\n\n\n\n<p><strong>Czy b\u0119dziesz panowa\u0107 zgodnie z sercem Boga, czy wed\u0142ug bo\u017ck\u00f3w swoich czas\u00f3w?<\/strong><\/p>\n\n\n\n<p>Niech Ksi\u0119gi Kr\u00f3lewskie b\u0119d\u0105 nie tylko lektur\u0105 biblijn\u0105, lecz egzaminem sumienia, wezwaniem do nawr\u00f3cenia i szko\u0142\u0105 wierno\u015bci.<\/p>\n\n\n\n<p>Bo gdy cz\u0142owiek zapomina o Bogu, historia si\u0119 zaciemnia.<br>Ale gdy cz\u0142owiek powraca do Boga, zaczyna si\u0119 prawdziwa odnowa.<\/p>\n","protected":false},"excerpt":{"rendered":"<p>\u017byjemy w czasach zafascynowanych w\u0142adz\u0105: w\u0142adz\u0105 polityczn\u0105, gospodarcz\u0105, medialn\u0105, technologiczn\u0105. A jednak rzadko zatrzymujemy si\u0119, by zastanowi\u0107 si\u0119 nad istotn\u0105 prawd\u0105: w\u0142adza bez Boga prowadzi do zniszczenia, ale w\u0142adza poddana Bogu staje si\u0119 narz\u0119dziem zbawienia. Tak zwane Ksi\u0119gi Kr\u00f3lewskie \u2013 kt\u00f3re w tradycji hebrajskiej stanowi\u0105 jedno historyczne dzie\u0142o, a w Biblii chrze\u015bcija\u0144skiej s\u0105 znane jako &hellip;<\/p>\n","protected":false},"author":3,"featured_media":5002,"comment_status":"closed","ping_status":"closed","sticky":false,"template":"","format":"standard","meta":{"_seopress_robots_primary_cat":"","_seopress_titles_title":"","_seopress_titles_desc":"","_seopress_robots_index":"","footnotes":""},"categories":[37,45],"tags":[],"class_list":["post-5001","post","type-post","status-publish","format-standard","has-post-thumbnail","","category-doktryna-i-wiara","category-pismo-swiete"],"_links":{"self":[{"href":"https:\/\/catholicus.eu\/pl\/wp-json\/wp\/v2\/posts\/5001","targetHints":{"allow":["GET"]}}],"collection":[{"href":"https:\/\/catholicus.eu\/pl\/wp-json\/wp\/v2\/posts"}],"about":[{"href":"https:\/\/catholicus.eu\/pl\/wp-json\/wp\/v2\/types\/post"}],"author":[{"embeddable":true,"href":"https:\/\/catholicus.eu\/pl\/wp-json\/wp\/v2\/users\/3"}],"replies":[{"embeddable":true,"href":"https:\/\/catholicus.eu\/pl\/wp-json\/wp\/v2\/comments?post=5001"}],"version-history":[{"count":1,"href":"https:\/\/catholicus.eu\/pl\/wp-json\/wp\/v2\/posts\/5001\/revisions"}],"predecessor-version":[{"id":5003,"href":"https:\/\/catholicus.eu\/pl\/wp-json\/wp\/v2\/posts\/5001\/revisions\/5003"}],"wp:featuredmedia":[{"embeddable":true,"href":"https:\/\/catholicus.eu\/pl\/wp-json\/wp\/v2\/media\/5002"}],"wp:attachment":[{"href":"https:\/\/catholicus.eu\/pl\/wp-json\/wp\/v2\/media?parent=5001"}],"wp:term":[{"taxonomy":"category","embeddable":true,"href":"https:\/\/catholicus.eu\/pl\/wp-json\/wp\/v2\/categories?post=5001"},{"taxonomy":"post_tag","embeddable":true,"href":"https:\/\/catholicus.eu\/pl\/wp-json\/wp\/v2\/tags?post=5001"}],"curies":[{"name":"wp","href":"https:\/\/api.w.org\/{rel}","templated":true}]}}