{"id":4986,"date":"2026-02-15T23:00:21","date_gmt":"2026-02-15T22:00:21","guid":{"rendered":"https:\/\/catholicus.eu\/pl\/?p=4986"},"modified":"2026-02-15T23:00:22","modified_gmt":"2026-02-15T22:00:22","slug":"podboj-obietnica-i-wiernosc-wieczne-przeslanie-ksiega-jozuego-dla-wspolczesnego-chrzescijanina","status":"publish","type":"post","link":"https:\/\/catholicus.eu\/pl\/podboj-obietnica-i-wiernosc-wieczne-przeslanie-ksiega-jozuego-dla-wspolczesnego-chrzescijanina\/","title":{"rendered":"Podb\u00f3j, obietnica i wierno\u015b\u0107: wieczne przes\u0142anie Ksi\u0119ga Jozuego dla wsp\u00f3\u0142czesnego chrze\u015bcijanina"},"content":{"rendered":"\n<p>W czasach niepewno\u015bci, kryzysu wiary i poszukiwania sensu niewiele tekst\u00f3w biblijnych okazuje si\u0119 tak pot\u0119\u017cnych, wymagaj\u0105cych i pe\u0142nych nadziei jak <strong>Ksi\u0119ga Jozuego<\/strong>. Ta ksi\u0119ga nie jest jedynie staro\u017cytn\u0105 opowie\u015bci\u0105 o wojnach i podbojach: stanowi g\u0142\u0119bok\u0105 katechez\u0119 o wierno\u015bci Boga, pos\u0142usze\u0144stwie wierz\u0105cego, radykalnym zaufaniu oraz duchowej walce, kt\u00f3r\u0105 prze\u017cywa ka\u017cdy chrze\u015bcijanin.<\/p>\n\n\n\n<p>Jej przes\u0142anie przenika wieki z zadziwiaj\u0105c\u0105 si\u0142\u0105: <strong>B\u00f3g spe\u0142nia swoje obietnice, lecz wymaga wiary, pos\u0142usze\u0144stwa i odwagi.<\/strong><\/p>\n\n\n\n<p>Ten artyku\u0142 ma pom\u00f3c ci zrozumie\u0107 jej bogactwo teologiczne, kontekst historyczny, g\u0142\u0119bi\u0119 duchow\u0105, a przede wszystkim to, jak jej nauczanie mo\u017ce przemieni\u0107 twoje \u017cycie dzi\u015b.<\/p>\n\n\n\n<hr class=\"wp-block-separator has-alpha-channel-opacity\"\/>\n\n\n\n<h2 class=\"wp-block-heading\">\ud83d\udcd6 Czym jest Ksi\u0119ga Jozuego?<\/h2>\n\n\n\n<p><strong>Ksi\u0119ga Jozuego<\/strong> jest sz\u00f3st\u0105 ksi\u0119g\u0105 Biblii i opowiada o wej\u015bciu narodu Izraela do Ziemi Obiecanej po \u015bmierci Moj\u017cesz pod przyw\u00f3dztwem Jozue.<\/p>\n\n\n\n<p>Opisuje trzy g\u0142\u00f3wne etapy:<\/p>\n\n\n\n<ul class=\"wp-block-list\">\n<li>Podb\u00f3j Ziemi Obiecanej.<\/li>\n\n\n\n<li>Podzia\u0142 terytorium mi\u0119dzy plemiona.<\/li>\n\n\n\n<li>Odnowienie przymierza z Bogiem.<\/li>\n<\/ul>\n\n\n\n<p>Jednak jej prawdziwym tematem nie jest wojna ani polityka, lecz <strong>wierno\u015b\u0107 Boga i odpowied\u017a cz\u0142owieka<\/strong>.<\/p>\n\n\n\n<h3 class=\"wp-block-heading\">Kluczowy cytat podsumowuj\u0105cy ca\u0142\u0105 ksi\u0119g\u0119<\/h3>\n\n\n\n<blockquote class=\"wp-block-quote is-layout-flow wp-block-quote-is-layout-flow\">\n<p>\u201eJa za\u015b i m\u00f3j dom s\u0142u\u017cy\u0107 b\u0119dziemy Panu\u201d (Joz 24,15).<\/p>\n<\/blockquote>\n\n\n\n<p>To zdanie nie jest jedynie religijnym mottem: to radykalna deklaracja to\u017csamo\u015bci, wiary i zaanga\u017cowania.<\/p>\n\n\n\n<hr class=\"wp-block-separator has-alpha-channel-opacity\"\/>\n\n\n\n<h2 class=\"wp-block-heading\">\ud83c\udfdb\ufe0f Kontekst historyczny i znaczenie biblijne<\/h2>\n\n\n\n<h3 class=\"wp-block-heading\">Ci\u0105g\u0142o\u015b\u0107 historii zbawienia<\/h3>\n\n\n\n<p>Ksi\u0119ga rozpoczyna si\u0119 po \u015bmierci Moj\u017cesza. Lud do\u015bwiadczy\u0142 ju\u017c:<\/p>\n\n\n\n<ul class=\"wp-block-list\">\n<li>Niewoli w Egipcie.<\/li>\n\n\n\n<li>Wyj\u015bcia z Egiptu.<\/li>\n\n\n\n<li>W\u0119dr\u00f3wki przez pustyni\u0119.<\/li>\n\n\n\n<li>Duchowego oczyszczenia.<\/li>\n\n\n\n<li>Oczekiwania na obietnic\u0119.<\/li>\n<\/ul>\n\n\n\n<p>Teraz nadchodzi moment, by obj\u0105\u0107 w posiadanie to, co zosta\u0142o obiecane.<\/p>\n\n\n\n<p>B\u00f3g przemawia do Jozuego s\u0142owami, kt\u00f3re ukazuj\u0105 serce biblijnego przes\u0142ania:<\/p>\n\n\n\n<blockquote class=\"wp-block-quote is-layout-flow wp-block-quote-is-layout-flow\">\n<p>\u201eB\u0105d\u017a mocny i odwa\u017cny\u2026 Pan, tw\u00f3j B\u00f3g, jest z tob\u0105, dok\u0105dkolwiek p\u00f3jdziesz\u201d (Joz 1,9).<\/p>\n<\/blockquote>\n\n\n\n<p>To ustanawia teologiczny rdze\u0144 ksi\u0119gi:<br><strong>zwyci\u0119stwo nie zale\u017cy od ludzkiej si\u0142y, lecz od Bo\u017cej obecno\u015bci<\/strong>.<\/p>\n\n\n\n<hr class=\"wp-block-separator has-alpha-channel-opacity\"\/>\n\n\n\n<h2 class=\"wp-block-heading\">\u271d\ufe0f Podstawowe klucze teologiczne Ksi\u0119gi Jozuego<\/h2>\n\n\n\n<h3 class=\"wp-block-heading\">1. Absolutna wierno\u015b\u0107 Boga wobec Jego obietnic<\/h3>\n\n\n\n<p>Ksi\u0119ga pokazuje, \u017ce B\u00f3g spe\u0142nia to, co obiecuje \u2014 nawet po wielu stuleciach.<\/p>\n\n\n\n<p>Obietnica dana Abrahamowi zostaje teraz wype\u0142niona.<\/p>\n\n\n\n<p>Niesie to g\u0142\u0119bok\u0105 nauk\u0119 duchow\u0105:<\/p>\n\n\n\n<ul class=\"wp-block-list\">\n<li>B\u00f3g nie zapomina.<\/li>\n\n\n\n<li>B\u00f3g nie opuszcza.<\/li>\n\n\n\n<li>B\u00f3g dzia\u0142a w swoim czasie.<\/li>\n<\/ul>\n\n\n\n<h4 class=\"wp-block-heading\">Zastosowanie dzi\u015b<\/h4>\n\n\n\n<p>W kulturze naznaczonej natychmiastowo\u015bci\u0105 Jozue uczy:<\/p>\n\n\n\n<ul class=\"wp-block-list\">\n<li>Czeka\u0107 na Boga.<\/li>\n\n\n\n<li>Ufa\u0107 Jego opatrzno\u015bci.<\/li>\n\n\n\n<li>Wytrwa\u0107 w wierze.<\/li>\n<\/ul>\n\n\n\n<hr class=\"wp-block-separator has-alpha-channel-opacity\"\/>\n\n\n\n<h3 class=\"wp-block-heading\">2. Pos\u0142usze\u0144stwo jako droga do b\u0142ogos\u0142awie\u0144stwa<\/h3>\n\n\n\n<p>Podb\u00f3j nie zale\u017cy od strategii wojskowej, lecz od pos\u0142usze\u0144stwa.<\/p>\n\n\n\n<p>Przyk\u0142ad szczeg\u00f3lnie wymowny:<\/p>\n\n\n\n<h2 class=\"wp-block-heading\">Upadek Jerycho<\/h2>\n\n\n\n<p>B\u00f3g nakazuje pozornie absurdaln\u0105 strategi\u0119:<\/p>\n\n\n\n<ul class=\"wp-block-list\">\n<li>Okr\u0105\u017ca\u0107 miasto.<\/li>\n\n\n\n<li>D\u0105\u0107 w tr\u0105by.<\/li>\n\n\n\n<li>Zachowa\u0107 milczenie.<\/li>\n\n\n\n<li>Zaufa\u0107.<\/li>\n<\/ul>\n\n\n\n<p>Rezultat: mury upadaj\u0105.<\/p>\n\n\n\n<h4 class=\"wp-block-heading\">Znaczenie teologiczne<\/h4>\n\n\n\n<ul class=\"wp-block-list\">\n<li>B\u00f3g dzia\u0142a tam, gdzie jest wiara.<\/li>\n\n\n\n<li>Logika Bo\u017ca przewy\u017csza ludzk\u0105 logik\u0119.<\/li>\n\n\n\n<li>Pos\u0142usze\u0144stwo otwiera drog\u0119 do cudu.<\/li>\n<\/ul>\n\n\n\n<h4 class=\"wp-block-heading\">Zastosowanie pastoralne<\/h4>\n\n\n\n<ul class=\"wp-block-list\">\n<li>\u017bycie chrze\u015bcija\u0144skie nie opiera si\u0119 na samowystarczalno\u015bci.<\/li>\n\n\n\n<li>Pos\u0142usze\u0144stwo Bogu przemienia rzeczywisto\u015b\u0107.<\/li>\n\n\n\n<li>Pokora poprzedza duchowe zwyci\u0119stwo.<\/li>\n<\/ul>\n\n\n\n<hr class=\"wp-block-separator has-alpha-channel-opacity\"\/>\n\n\n\n<h3 class=\"wp-block-heading\">3. Wojna jako obraz walki duchowej<\/h3>\n\n\n\n<p>Jednym z najtrudniejszych aspekt\u00f3w ksi\u0119gi s\u0105 opisywane w niej wojny. Tradycja chrze\u015bcija\u0144ska dostrzeg\u0142a w nich jednak interpretacj\u0119 duchow\u0105:<\/p>\n\n\n\n<ul class=\"wp-block-list\">\n<li>Ziemia Obiecana symbolizuje \u017cycie w Bogu.<\/li>\n\n\n\n<li>Wrogowie oznaczaj\u0105 grzech.<\/li>\n\n\n\n<li>Podb\u00f3j symbolizuje nawr\u00f3cenie.<\/li>\n<\/ul>\n\n\n\n<p>Ojcowie Ko\u015bcio\u0142a interpretowali te walki jako obraz wewn\u0119trznej walki wierz\u0105cego.<\/p>\n\n\n\n<h4 class=\"wp-block-heading\">Wsp\u00f3\u0142czesne zastosowanie<\/h4>\n\n\n\n<p>Chrze\u015bcijanie dzi\u015b zmagaj\u0105 si\u0119 z:<\/p>\n\n\n\n<ul class=\"wp-block-list\">\n<li>Grzechem.<\/li>\n\n\n\n<li>Rozpacz\u0105.<\/li>\n\n\n\n<li>Oboj\u0119tno\u015bci\u0105 religijn\u0105.<\/li>\n\n\n\n<li>Kultur\u0105 bez Boga.<\/li>\n<\/ul>\n\n\n\n<p>Jozue uczy, \u017ce \u017cycie duchowe wymaga walki.<\/p>\n\n\n\n<hr class=\"wp-block-separator has-alpha-channel-opacity\"\/>\n\n\n\n<h3 class=\"wp-block-heading\">4. Przymierze: centrum ca\u0142ej historii<\/h3>\n\n\n\n<p>Ksi\u0119ga ko\u0144czy si\u0119 uroczystym odnowieniem przymierza.<\/p>\n\n\n\n<p>Jozue wzywa lud do:<\/p>\n\n\n\n<ul class=\"wp-block-list\">\n<li>Wyboru mi\u0119dzy Bogiem a bo\u017ckami.<\/li>\n\n\n\n<li>Zachowania wierno\u015bci.<\/li>\n\n\n\n<li>Sp\u00f3jnego \u017cycia.<\/li>\n<\/ul>\n\n\n\n<p>Odzwierciedla to centraln\u0105 zasad\u0119 teologii biblijnej:<\/p>\n\n\n\n<p>\ud83d\udc49 Relacja z Bogiem jest \u017cywym przymierzem, a nie abstrakcyjn\u0105 ide\u0105.<\/p>\n\n\n\n<hr class=\"wp-block-separator has-alpha-channel-opacity\"\/>\n\n\n\n<h2 class=\"wp-block-heading\">\ud83c\udf0a Przej\u015bcie przez Rzeka Jordan: symbol chrztu chrze\u015bcija\u0144skiego<\/h2>\n\n\n\n<p>Jednym z najg\u0142\u0119bszych wydarze\u0144 jest przej\u015bcie przez Jordan.<\/p>\n\n\n\n<ul class=\"wp-block-list\">\n<li>Wody si\u0119 rozdzielaj\u0105.<\/li>\n\n\n\n<li>Lud wchodzi do Ziemi Obiecanej.<\/li>\n\n\n\n<li>Rozpoczyna si\u0119 nowe \u017cycie.<\/li>\n<\/ul>\n\n\n\n<p>Tradycja chrze\u015bcija\u0144ska widzi w tym zapowied\u017a chrztu:<\/p>\n\n\n\n<ul class=\"wp-block-list\">\n<li>Przej\u015bcie od grzechu do \u0142aski.<\/li>\n\n\n\n<li>Pocz\u0105tek nowego \u017cycia.<\/li>\n\n\n\n<li>Wej\u015bcie w obietnic\u0119 Boga.<\/li>\n<\/ul>\n\n\n\n<p>Ukazuje to, jak Stary Testament przygotowuje Ewangeli\u0119.<\/p>\n\n\n\n<hr class=\"wp-block-separator has-alpha-channel-opacity\"\/>\n\n\n\n<h2 class=\"wp-block-heading\">\u2728 Wymiar chrystologiczny: Jozue jako figura Chrystusa<\/h2>\n\n\n\n<p>W tradycji chrze\u015bcija\u0144skiej Jozue jest uwa\u017cany za zapowied\u017a Jezusa Chrystusa.<\/p>\n\n\n\n<p>Co znamienne:<\/p>\n\n\n\n<ul class=\"wp-block-list\">\n<li>\u201eJozue\u201d i \u201eJezus\u201d maj\u0105 ten sam hebrajski rdze\u0144 (Yehoshua).<\/li>\n\n\n\n<li>Obaj prowadz\u0105 lud do zbawienia.<\/li>\n\n\n\n<li>Obaj wprowadzaj\u0105 do ostatecznej obietnicy.<\/li>\n<\/ul>\n\n\n\n<p>Jozue wprowadza do ziemi; Chrystus wprowadza do \u017cycia wiecznego.<\/p>\n\n\n\n<hr class=\"wp-block-separator has-alpha-channel-opacity\"\/>\n\n\n\n<h2 class=\"wp-block-heading\">\ud83e\udde0 Nauki duchowe dla wsp\u00f3\u0142czesnego wierz\u0105cego<\/h2>\n\n\n\n<p>Ksi\u0119ga Jozuego oferuje konkretny przewodnik dla wsp\u00f3\u0142czesnego \u017cycia.<\/p>\n\n\n\n<h3 class=\"wp-block-heading\">\ud83d\udd39 Radykalne zaufanie Bogu<\/h3>\n\n\n\n<p>Nawet gdy nie rozumiemy Jego dr\u00f3g.<\/p>\n\n\n\n<h3 class=\"wp-block-heading\">\ud83d\udd39 Odwaga duchowa<\/h3>\n\n\n\n<p>Wiara wymaga decyzji.<\/p>\n\n\n\n<h3 class=\"wp-block-heading\">\ud83d\udd39 Wierno\u015b\u0107 w codzienno\u015bci<\/h3>\n\n\n\n<p>S\u0142u\u017cenie Bogu w rodzinie, pracy i spo\u0142ecze\u0144stwie.<\/p>\n\n\n\n<h3 class=\"wp-block-heading\">\ud83d\udd39 Rozeznanie wobec wsp\u00f3\u0142czesnych bo\u017ck\u00f3w<\/h3>\n\n\n\n<p>Dzisiejszymi bo\u017ckami mog\u0105 by\u0107:<\/p>\n\n\n\n<ul class=\"wp-block-list\">\n<li>Pieni\u0105dze.<\/li>\n\n\n\n<li>W\u0142adza.<\/li>\n\n\n\n<li>Relatywizm.<\/li>\n\n\n\n<li>Ego.<\/li>\n<\/ul>\n\n\n\n<p>Jozue wzywa nas do wyboru, komu chcemy s\u0142u\u017cy\u0107.<\/p>\n\n\n\n<hr class=\"wp-block-separator has-alpha-channel-opacity\"\/>\n\n\n\n<h2 class=\"wp-block-heading\">\ud83d\udc68\u200d\ud83d\udc69\u200d\ud83d\udc67 Praktyczne zastosowania w codziennym \u017cyciu<\/h2>\n\n\n\n<h3 class=\"wp-block-heading\">W rodzinie<\/h3>\n\n\n\n<p>\u201eJa za\u015b i m\u00f3j dom s\u0142u\u017cy\u0107 b\u0119dziemy Panu\u201d inspiruje:<\/p>\n\n\n\n<ul class=\"wp-block-list\">\n<li>Modlitw\u0119 rodzinn\u0105.<\/li>\n\n\n\n<li>Przekazywanie wiary.<\/li>\n\n\n\n<li>Sp\u00f3jno\u015b\u0107 moraln\u0105.<\/li>\n<\/ul>\n\n\n\n<h3 class=\"wp-block-heading\">W pracy<\/h3>\n\n\n\n<ul class=\"wp-block-list\">\n<li>Uczciwo\u015b\u0107.<\/li>\n\n\n\n<li>Wytrwa\u0142o\u015b\u0107.<\/li>\n\n\n\n<li>Zaufanie opatrzno\u015bci.<\/li>\n<\/ul>\n\n\n\n<h3 class=\"wp-block-heading\">W \u017cyciu wewn\u0119trznym<\/h3>\n\n\n\n<ul class=\"wp-block-list\">\n<li>Walka z grzechem.<\/li>\n\n\n\n<li>Piel\u0119gnowanie modlitwy.<\/li>\n\n\n\n<li>\u017bycie nadziej\u0105.<\/li>\n<\/ul>\n\n\n\n<hr class=\"wp-block-separator has-alpha-channel-opacity\"\/>\n\n\n\n<h2 class=\"wp-block-heading\">\ud83c\udf0d Znaczenie dla wsp\u00f3\u0142czesnego \u015bwiata<\/h2>\n\n\n\n<p>Ksi\u0119ga Jozuego odpowiada na niezwykle aktualne pytania:<\/p>\n\n\n\n<ul class=\"wp-block-list\">\n<li>Jak zachowa\u0107 wiar\u0119 w \u015bwieckiej kulturze?<\/li>\n\n\n\n<li>Jak \u017cy\u0107 bez l\u0119ku?<\/li>\n\n\n\n<li>Jak rozeznawa\u0107 mi\u0119dzy Bogiem a wsp\u00f3\u0142czesnymi bo\u017ckami?<\/li>\n\n\n\n<li>Jak budowa\u0107 trwa\u0142\u0105 to\u017csamo\u015b\u0107 duchow\u0105?<\/li>\n<\/ul>\n\n\n\n<p>Jej odpowied\u017a jest jasna:<\/p>\n\n\n\n<p>\ud83d\udc49 <strong>Zaufanie Bogu, wierno\u015b\u0107 i radykalna decyzja.<\/strong><\/p>\n\n\n\n<hr class=\"wp-block-separator has-alpha-channel-opacity\"\/>\n\n\n\n<h2 class=\"wp-block-heading\">\u2764\ufe0f Lektura pastoralna: B\u00f3g prowadzi osobist\u0105 histori\u0119<\/h2>\n\n\n\n<p>Poza histori\u0105 Izraela ksi\u0119ga objawia co\u015b bardzo osobistego:<\/p>\n\n\n\n<p>B\u00f3g prowadzi tak\u017ce twoj\u0105 histori\u0119.<\/p>\n\n\n\n<p>Ka\u017cdy chrze\u015bcijanin ma swoje w\u0142asne:<\/p>\n\n\n\n<ul class=\"wp-block-list\">\n<li>Pustyni\u0119.<\/li>\n\n\n\n<li>Jordan.<\/li>\n\n\n\n<li>Jerycho.<\/li>\n\n\n\n<li>Ziemi\u0119 Obiecan\u0105.<\/li>\n<\/ul>\n\n\n\n<p>\u017bycie duchowe jest drog\u0105, na kt\u00f3rej B\u00f3g prowadzi krok po kroku.<\/p>\n\n\n\n<hr class=\"wp-block-separator has-alpha-channel-opacity\"\/>\n\n\n\n<h2 class=\"wp-block-heading\">\ud83d\udd25 Zako\u0144czenie: wieczne wezwanie Jozuego<\/h2>\n\n\n\n<p>Ksi\u0119ga Jozuego nie jest jedynie staro\u017cytn\u0105 histori\u0105; jest nieustannym zaproszeniem do wyboru.<\/p>\n\n\n\n<p>Stawia nam radykalne pytanie:<\/p>\n\n\n\n<blockquote class=\"wp-block-quote is-layout-flow wp-block-quote-is-layout-flow\">\n<p>Komu b\u0119dziesz s\u0142u\u017cy\u0107?<\/p>\n<\/blockquote>\n\n\n\n<p>Jej przes\u0142anie brzmi dzi\u015b z t\u0105 sam\u0105 moc\u0105:<\/p>\n\n\n\n<ul class=\"wp-block-list\">\n<li>B\u00f3g spe\u0142nia swoje obietnice.<\/li>\n\n\n\n<li>Wiara wymaga odwagi.<\/li>\n\n\n\n<li>Pos\u0142usze\u0144stwo przemienia.<\/li>\n\n\n\n<li>Wierno\u015b\u0107 daje \u017cycie.<\/li>\n<\/ul>\n\n\n\n<p>W \u015bwiecie naznaczonym zam\u0119tem i niepewno\u015bci\u0105 Ksi\u0119ga Jozuego zaprasza do jasnego, odwa\u017cnego i przemieniaj\u0105cego wyboru:<\/p>\n\n\n\n<p><strong>S\u0142u\u017cy\u0107 Panu ca\u0142ym sercem.<\/strong><\/p>\n","protected":false},"excerpt":{"rendered":"<p>W czasach niepewno\u015bci, kryzysu wiary i poszukiwania sensu niewiele tekst\u00f3w biblijnych okazuje si\u0119 tak pot\u0119\u017cnych, wymagaj\u0105cych i pe\u0142nych nadziei jak Ksi\u0119ga Jozuego. Ta ksi\u0119ga nie jest jedynie staro\u017cytn\u0105 opowie\u015bci\u0105 o wojnach i podbojach: stanowi g\u0142\u0119bok\u0105 katechez\u0119 o wierno\u015bci Boga, pos\u0142usze\u0144stwie wierz\u0105cego, radykalnym zaufaniu oraz duchowej walce, kt\u00f3r\u0105 prze\u017cywa ka\u017cdy chrze\u015bcijanin. Jej przes\u0142anie przenika wieki z &hellip;<\/p>\n","protected":false},"author":3,"featured_media":4987,"comment_status":"closed","ping_status":"closed","sticky":false,"template":"","format":"standard","meta":{"_seopress_robots_primary_cat":"","_seopress_titles_title":"","_seopress_titles_desc":"","_seopress_robots_index":"","footnotes":""},"categories":[37,45],"tags":[1662],"class_list":["post-4986","post","type-post","status-publish","format-standard","has-post-thumbnail","","category-doktryna-i-wiara","category-pismo-swiete","tag-jozuego"],"_links":{"self":[{"href":"https:\/\/catholicus.eu\/pl\/wp-json\/wp\/v2\/posts\/4986","targetHints":{"allow":["GET"]}}],"collection":[{"href":"https:\/\/catholicus.eu\/pl\/wp-json\/wp\/v2\/posts"}],"about":[{"href":"https:\/\/catholicus.eu\/pl\/wp-json\/wp\/v2\/types\/post"}],"author":[{"embeddable":true,"href":"https:\/\/catholicus.eu\/pl\/wp-json\/wp\/v2\/users\/3"}],"replies":[{"embeddable":true,"href":"https:\/\/catholicus.eu\/pl\/wp-json\/wp\/v2\/comments?post=4986"}],"version-history":[{"count":1,"href":"https:\/\/catholicus.eu\/pl\/wp-json\/wp\/v2\/posts\/4986\/revisions"}],"predecessor-version":[{"id":4988,"href":"https:\/\/catholicus.eu\/pl\/wp-json\/wp\/v2\/posts\/4986\/revisions\/4988"}],"wp:featuredmedia":[{"embeddable":true,"href":"https:\/\/catholicus.eu\/pl\/wp-json\/wp\/v2\/media\/4987"}],"wp:attachment":[{"href":"https:\/\/catholicus.eu\/pl\/wp-json\/wp\/v2\/media?parent=4986"}],"wp:term":[{"taxonomy":"category","embeddable":true,"href":"https:\/\/catholicus.eu\/pl\/wp-json\/wp\/v2\/categories?post=4986"},{"taxonomy":"post_tag","embeddable":true,"href":"https:\/\/catholicus.eu\/pl\/wp-json\/wp\/v2\/tags?post=4986"}],"curies":[{"name":"wp","href":"https:\/\/api.w.org\/{rel}","templated":true}]}}