{"id":4882,"date":"2026-02-02T22:30:37","date_gmt":"2026-02-02T21:30:37","guid":{"rendered":"https:\/\/catholicus.eu\/pl\/?p=4882"},"modified":"2026-02-02T22:30:38","modified_gmt":"2026-02-02T21:30:38","slug":"swiety-bernard-i-uzasadnienie-templariuszy-jak-swiety-slodyczy-stworzyl-milicje-chrystusa","status":"publish","type":"post","link":"https:\/\/catholicus.eu\/pl\/swiety-bernard-i-uzasadnienie-templariuszy-jak-swiety-slodyczy-stworzyl-milicje-chrystusa\/","title":{"rendered":"\u015awi\u0119ty Bernard i Uzasadnienie Templariuszy: Jak \u015awi\u0119ty S\u0142odyczy Stworzy\u0142 \u201eMilicj\u0119 Chrystusa\u201d"},"content":{"rendered":"\n<p>W historii Ko\u015bcio\u0142a niewiele postaci \u0142\u0105czy g\u0142\u0119bi\u0119 duchow\u0105 z tak decyduj\u0105cym wp\u0142ywem historycznym jak \u015awi\u0119ty Bernard z Clairvaux. Jego \u0142agodno\u015b\u0107, ascetyczna surowo\u015b\u0107 i klarowno\u015b\u0107 teologiczna nie tylko przekszta\u0142ci\u0142y \u017cycie zakonne w XII wieku, ale r\u00f3wnie\u017c wyznaczy\u0142y punkt zwrotny w obronie wiary. W\u015br\u00f3d jego wielu zas\u0142ug by\u0107 mo\u017ce jedn\u0105 z najbardziej fascynuj\u0105cych i najmniej rozumianych jest jego rola w legitymizacji Rycerzy \u015awi\u0105tyni \u2013 tej \u201emilicji Chrystusa\u201d, kt\u00f3ra powsta\u0142a jako odpowied\u017a na duchowe i \u015bwieckie wyzwania \u015bredniowiecznej chrze\u015bcija\u0144skiej cywilizacji.<\/p>\n\n\n\n<p>Ten artyku\u0142 ma na celu nie tylko przybli\u017cenie historii \u015awi\u0119tego Bernarda i Templariuszy, lecz tak\u017ce ukazanie teologicznego sensu jego dzia\u0142a\u0144 i praktycznych implikacji dla wsp\u00f3\u0142czesnego \u017cycia duchowego.<\/p>\n\n\n\n<hr class=\"wp-block-separator has-alpha-channel-opacity\"\/>\n\n\n\n<h2 class=\"wp-block-heading\">1. Kontekst historyczny: Krucjata i powstanie Templariuszy<\/h2>\n\n\n\n<p>W 1095 roku papie\u017c Urban II og\u0142osi\u0142 pierwsz\u0105 krucjat\u0119 w Clermont we Francji, z celem odzyskania \u015awi\u0119tych Miejsc w Jerozolimie. Idea obrony Ziemi \u015awi\u0119tej nie by\u0142a jedynie kwesti\u0105 militarn\u0105 \u2013 by\u0142a przede wszystkim duchowa. Pielgrzymi udaj\u0105cy si\u0119 do Grobu \u015awi\u0119tego byli nieustannie nara\u017ceni na niebezpiecze\u0144stwo ze strony bandyt\u00f3w i wrogich \u017co\u0142nierzy. W tym kontek\u015bcie pierwsi rycerze postanowili po\u015bwi\u0119ci\u0107 swoje miecze ochronie chrze\u015bcijan, przyjmuj\u0105c \u017cycie zakonne, kt\u00f3re \u0142\u0105czy\u0142o modlitw\u0119 z walk\u0105. Tak narodzi\u0142o si\u0119 oko\u0142o 1119 roku Zakony Rycerskie \u015awi\u0105tyni, powszechnie znane jako Templariusze.<\/p>\n\n\n\n<p>Jednak\u017ce taka idea rodzi\u0142a radykalny dylemat: jak teologicznie usprawiedliwi\u0107 przemoc w \u017cyciu chrze\u015bcija\u0144skim? Ko\u015bci\u00f3\u0142 zawsze naucza\u0142, \u017ce \u015bwiadome zab\u00f3jstwo jest grzechem ci\u0119\u017ckim, a wojna, z wyj\u0105tkiem bardzo konkretnych przypadk\u00f3w, musi by\u0107 moralnie uregulowana. Tutaj wkracza \u015awi\u0119ty Bernard z Clairvaux.<\/p>\n\n\n\n<hr class=\"wp-block-separator has-alpha-channel-opacity\"\/>\n\n\n\n<h2 class=\"wp-block-heading\">2. \u015awi\u0119ty Bernard: \u015awi\u0119ty S\u0142odyczy<\/h2>\n\n\n\n<p>Bernard z Clairvaux (1090\u20131153) by\u0142 mnichem cysterskim, kt\u00f3rego duchowo\u015b\u0107 g\u0142\u0119boko wp\u0142yn\u0119\u0142a na Ko\u015bci\u00f3\u0142 jego czas\u00f3w. Jego przydomek \u201e\u015awi\u0119ty S\u0142odyczy\u201d odzwierciedla\u0142 nie tylko jego osobisty charakter, ale r\u00f3wnie\u017c spos\u00f3b, w jaki broni\u0142 prawdy z mi\u0142osierdziem i mi\u0142o\u015bci\u0105 bli\u017aniego. By\u0142 niezmordowanym reform\u00e1torem, kaznodziej\u0105 drugiej krucjaty i doradc\u0105 papie\u017cy oraz kr\u00f3l\u00f3w. Jego duchowo\u015b\u0107 koncentrowa\u0142a si\u0119 na doskona\u0142o\u015bci mi\u0142o\u015bci do Boga i na na\u015bladowaniu Chrystusa.<\/p>\n\n\n\n<p>W 1129 roku \u015awi\u0119ty Bernard opracowa\u0142 i promowa\u0142 <strong>Regu\u0142\u0119 Rycerzy \u015awi\u0105tyni<\/strong>, pierwsz\u0105 duchow\u0105 formu\u0142\u0119 tego zakonu. Mia\u0142o to miejsce podczas <strong>Soboru w Troyes<\/strong>, gdzie zebra\u0142 autorytet ko\u015bcielny niezb\u0119dny do nadania legitymacji tej szczeg\u00f3lnej formie \u017cycia chrze\u015bcija\u0144skiego, \u0142\u0105cz\u0105cej modlitw\u0119 i walk\u0119.<\/p>\n\n\n\n<hr class=\"wp-block-separator has-alpha-channel-opacity\"\/>\n\n\n\n<h2 class=\"wp-block-heading\">3. Teologiczne Uzasadnienie Templariuszy<\/h2>\n\n\n\n<p>\u015awi\u0119ty Bernard nie postrzega\u0142 Templariuszy jako zwyk\u0142ych wojownik\u00f3w; uwa\u017ca\u0142 ich za narz\u0119dzia Bo\u017cej Opatrzno\u015bci. Jego g\u0142\u00f3wny argument brzmia\u0142, \u017ce obrona pielgrzym\u00f3w i \u015awi\u0119tych Miejsc stanowi\u0142a akt mi\u0142osierdzia i pos\u0142usze\u0144stwa wobec Boga, a nie osobistej ambicji czy \u017c\u0105dzy krwi. Jak sam napisa\u0142:<\/p>\n\n\n\n<blockquote class=\"wp-block-quote is-layout-flow wp-block-quote-is-layout-flow\">\n<p>\u201eKto mieczem broni \u015bwi\u0105tyni Bo\u017cej i chroni pielgrzym\u00f3w, dokonuje w ten spos\u00f3b dzie\u0142a mi\u0142osierdzia, a jego miecz jest narz\u0119dziem Bo\u017cej mi\u0142o\u015bci.\u201d<\/p>\n<\/blockquote>\n\n\n\n<p>Takie podej\u015bcie opiera\u0142o si\u0119 na jasnych zasadach:<\/p>\n\n\n\n<ol class=\"wp-block-list\">\n<li><strong>Sprawiedliwa wojna w s\u0142u\u017cbie wiary<\/strong>: Inspirowany doktryn\u0105 sprawiedliwej wojny \u015bw. Augustyna, Bernard uznawa\u0142, \u017ce obrona niewinnych i miejsc \u015bwi\u0119tych mo\u017ce by\u0107 moralnie uzasadniona, je\u015bli s\u0142u\u017cy dobru, a nie osobistym interesom.<\/li>\n\n\n\n<li><strong>Uduchowienie milicji<\/strong>: Templariusze mieli \u017cy\u0107 jak mnisi: pos\u0142usze\u0144stwo, czysto\u015b\u0107 i ub\u00f3stwo, w po\u0142\u0105czeniu z obron\u0105 zbrojn\u0105. Ich walka nie by\u0142a dla s\u0142awy czy bogactwa, lecz dla chwa\u0142y Boga.<\/li>\n\n\n\n<li><strong>Ochrona pielgrzym\u00f3w jako akt mi\u0142osierdzia<\/strong>: Opieka nad pielgrzymami do Ziemi \u015awi\u0119tej by\u0142a aktem mi\u0142osierdzia czynnego, a miecz m\u00f3g\u0142 by\u0107 u\u017cywany jako przed\u0142u\u017cenie mi\u0142osierdzia, do obrony najs\u0142abszych.<\/li>\n\n\n\n<li><strong>Pos\u0142usze\u0144stwo Ko\u015bcio\u0142owi<\/strong>: \u015awi\u0119ty Bernard podkre\u015bla\u0142, \u017ce Templariusze s\u0105 podporz\u0105dkowani w\u0142adzy papie\u017ca, co zapewnia\u0142o, \u017ce si\u0142a militarna zawsze pozostaje podporz\u0105dkowana prawu Bo\u017cemu i ko\u015bcielnemu.<\/li>\n<\/ol>\n\n\n\n<hr class=\"wp-block-separator has-alpha-channel-opacity\"\/>\n\n\n\n<h2 class=\"wp-block-heading\">4. Trzy Wymiary \u201eMilicji Chrystusa\u201d<\/h2>\n\n\n\n<p>\u015awi\u0119ty Bernard koncepcyjnie u\u0142o\u017cy\u0142 \u017cycie templariuszy w trzech komplementarnych wymiarach:<\/p>\n\n\n\n<h3 class=\"wp-block-heading\">a) Wymiar duchowy<\/h3>\n\n\n\n<p>Templariusze praktykowali sta\u0142\u0105 modlitw\u0119 i uczestniczyli codziennie we Mszy \u015awi\u0119tej. Bernard naucza\u0142, \u017ce bez g\u0142\u0119bokiego \u017cycia wewn\u0119trznego ka\u017cda zewn\u0119trzna czynno\u015b\u0107 jest pozbawiona zas\u0142ugi przed Bogiem. Jego duchowo\u015b\u0107 opiera\u0142a si\u0119 na Psalmie 144:1:<\/p>\n\n\n\n<blockquote class=\"wp-block-quote is-layout-flow wp-block-quote-is-layout-flow\">\n<p>\u201eB\u0142ogos\u0142awiony Pan, moja ska\u0142o, kt\u00f3ry \u0107wiczy moje r\u0119ce do wojny i moje palce do walki.\u201d<\/p>\n<\/blockquote>\n\n\n\n<p>Ten fragment odzwierciedla\u0142 syntez\u0119, jak\u0105 Bernard tworzy\u0142 mi\u0119dzy walk\u0105 fizyczn\u0105 a si\u0142\u0105 duchow\u0105.<\/p>\n\n\n\n<h3 class=\"wp-block-heading\">b) Wymiar militarny<\/h3>\n\n\n\n<p>Obrona \u015awi\u0119tych Miejsc i pielgrzym\u00f3w uzasadnia\u0142a szkolenie militarne. Ale nie by\u0142a to wojna agresywna \u2013 by\u0142a to <strong>ochrona i dyscyplina<\/strong>, zawsze w s\u0142u\u017cbie sprawiedliwo\u015bci i Ko\u015bcio\u0142a.<\/p>\n\n\n\n<h3 class=\"wp-block-heading\">c) Wymiar pastoralny<\/h3>\n\n\n\n<p>Templariusze mieli by\u0107 moralnym przyk\u0142adem i przewodnikami dla chrze\u015bcijan, promuj\u0105c sprawiedliwo\u015b\u0107, pobo\u017cno\u015b\u0107 i porz\u0105dek spo\u0142eczny. Ich istnienie przypomina\u0142o chrze\u015bcija\u0144stwu, \u017ce wiara obejmuje ca\u0142e \u017cycie ludzkie, w tym fizyczn\u0105 ochron\u0119 bli\u017anich.<\/p>\n\n\n\n<hr class=\"wp-block-separator has-alpha-channel-opacity\"\/>\n\n\n\n<h2 class=\"wp-block-heading\">5. Aktualne Znaczenie Teologiczne<\/h2>\n\n\n\n<p>Chocia\u017c Templariusze oficjalnie znikn\u0119li w 1312 roku, nauczanie \u015awi\u0119tego Bernarda zachowuje g\u0142\u0119bok\u0105 aktualno\u015b\u0107 dzisiaj:<\/p>\n\n\n\n<ol class=\"wp-block-list\">\n<li><strong>Integracja dzia\u0142ania i kontemplacji<\/strong>: Duchowo\u015b\u0107 nie ogranicza si\u0119 do biernej modlitwy; obejmuje dzia\u0142anie w \u015bwiecie z prawo\u015bci\u0105. Ka\u017cdy chrze\u015bcijanin jest powo\u0142any do bycia \u201etemplariuszem\u201d w swoim w\u0142asnym kontek\u015bcie: broni\u0107 prawdy, chroni\u0107 s\u0142abszych i s\u0142u\u017cy\u0107 dobru wsp\u00f3lnemu.<\/li>\n\n\n\n<li><strong>Rola rozeznania moralnego<\/strong>: \u015awi\u0119ty Bernard przypomina, \u017ce nie ka\u017cde pot\u0119\u017cne lub wp\u0142ywowe dzia\u0142anie jest s\u0142uszne. Si\u0142a musi by\u0107 podporz\u0105dkowana sprawiedliwo\u015bci, mi\u0142osierdziu i woli Boga.<\/li>\n\n\n\n<li><strong>Wymiar sakramentalny i wsp\u00f3lnotowy<\/strong>: Tak jak Templariusze \u017cyli we wsp\u00f3lnocie i w pos\u0142usze\u0144stwie, wsp\u00f3\u0142czesne \u017cycie chrze\u015bcija\u0144skie wymaga aktywnego uczestnictwa w Ko\u015bciele i sakramentach, aby w\u0142a\u015bciwie ukierunkowa\u0107 swoje dzia\u0142ania.<\/li>\n<\/ol>\n\n\n\n<hr class=\"wp-block-separator has-alpha-channel-opacity\"\/>\n\n\n\n<h2 class=\"wp-block-heading\">6. Praktyczny przewodnik teologiczno-pastoralny<\/h2>\n\n\n\n<p>Zainspirowani nauczaniem \u015awi\u0119tego Bernarda, mo\u017cemy zastosowa\u0107 zasady templariuszy duchowo i praktycznie w naszym codziennym \u017cyciu:<\/p>\n\n\n\n<h3 class=\"wp-block-heading\">a) Obrona wiary<\/h3>\n\n\n\n<ul class=\"wp-block-list\">\n<li>Kszta\u0142ci\u0107 si\u0119 w doktrynie i Pi\u015bmie \u015awi\u0119tym, aby \u201ew ka\u017cdej chwili broni\u0107 z \u0142agodno\u015bci\u0105 wiary, kt\u00f3ra jest w was\u201d (1 Piotra 3:15).<\/li>\n\n\n\n<li>Nie ba\u0107 si\u0119 zaanga\u017cowania w obszarach sprawiedliwo\u015bci, prawdy i ochrony najbardziej potrzebuj\u0105cych.<\/li>\n<\/ul>\n\n\n\n<h3 class=\"wp-block-heading\">b) Dyscyplina osobista<\/h3>\n\n\n\n<ul class=\"wp-block-list\">\n<li>Praktykowa\u0107 pos\u0142usze\u0144stwo i pokor\u0119 w codziennym \u017cyciu.<\/li>\n\n\n\n<li>Kultywowa\u0107 czysto\u015b\u0107 i umiarkowanie w nowoczesnych nawykach: media spo\u0142eczno\u015bciowe, rozrywka, relacje.<\/li>\n<\/ul>\n\n\n\n<h3 class=\"wp-block-heading\">c) Aktywne mi\u0142osierdzie<\/h3>\n\n\n\n<ul class=\"wp-block-list\">\n<li>Szuka\u0107 konkretnych okazji do ochrony i s\u0142u\u017cenia potrzebuj\u0105cym.<\/li>\n\n\n\n<li>Traktowa\u0107 \u201ewalk\u0119 duchow\u0105\u201d jako cz\u0119\u015b\u0107 codziennej s\u0142u\u017cby: walczy\u0107 z niesprawiedliwo\u015bci\u0105, k\u0142amstwem i egoizmem.<\/li>\n<\/ul>\n\n\n\n<h3 class=\"wp-block-heading\">d) Wsp\u00f3lnota i duchowo\u015b\u0107<\/h3>\n\n\n\n<ul class=\"wp-block-list\">\n<li>W\u0142\u0105czy\u0107 si\u0119 w grupy modlitewne, programy formacyjne i dzia\u0142ania s\u0142u\u017cebne.<\/li>\n\n\n\n<li>Postrzega\u0107 sakramenty jako g\u0142\u00f3wne \u017ar\u00f3d\u0142o si\u0142y dla ka\u017cdej dobrej czynno\u015bci.<\/li>\n<\/ul>\n\n\n\n<hr class=\"wp-block-separator has-alpha-channel-opacity\"\/>\n\n\n\n<h2 class=\"wp-block-heading\">7. Zako\u0144czenie<\/h2>\n\n\n\n<p>\u015awi\u0119ty Bernard, swoj\u0105 \u0142agodno\u015bci\u0105 i m\u0105dro\u015bci\u0105, nauczy\u0142 nas, \u017ce prawdziwa si\u0142a chrze\u015bcija\u0144ska \u0142\u0105czy kontemplacj\u0119, pos\u0142usze\u0144stwo i sprawiedliwe dzia\u0142anie. Templariusze, dalecy od bycia zwyk\u0142ymi wojownikami, byli \u017cywym przyk\u0142adem tego, jak wiara mo\u017ce kszta\u0142towa\u0107 nawet najpot\u0119\u017cniejszy miecz, aby s\u0142u\u017cy\u0142 mi\u0142o\u015bci Bo\u017cej i dobru bli\u017aniego.<\/p>\n\n\n\n<p>Dzi\u015b, cho\u0107 nie dzier\u017cymy broni, jeste\u015bmy wezwani, by by\u0107 duchowymi templariuszami: obro\u0144cami prawdy, stra\u017cnikami sprawiedliwo\u015bci i s\u0142ugami mi\u0142osierdzia, pod\u0105\u017caj\u0105c \u015bcie\u017ck\u0105, kt\u00f3r\u0105 \u015awi\u0119ty Bernard wskaza\u0142 prawie tysi\u0105c lat temu. Jak pisze Aposto\u0142:<\/p>\n\n\n\n<blockquote class=\"wp-block-quote is-layout-flow wp-block-quote-is-layout-flow\">\n<p>\u201eWzmacniajcie si\u0119 w Panu i w sile Jego mocy\u201d (Efezjan 6:10), przypominaj\u0105c nam, \u017ce nasz\u0105 najpot\u0119\u017cniejsz\u0105 zbroj\u0105 jest wiara i cnota.<\/p>\n<\/blockquote>\n\n\n\n<p>\u015awi\u0119ty Bernard uczy nas, \u017ce ka\u017cde chrze\u015bcija\u0144skie \u017cycie mo\u017ce by\u0107 \u201emilicj\u0105 Chrystusa\u201d, nie mieczem, lecz gotowym sercem, s\u0142u\u017cebn\u0105 r\u0119k\u0105 i dusz\u0105 oddan\u0105 Panu.<\/p>\n","protected":false},"excerpt":{"rendered":"<p>W historii Ko\u015bcio\u0142a niewiele postaci \u0142\u0105czy g\u0142\u0119bi\u0119 duchow\u0105 z tak decyduj\u0105cym wp\u0142ywem historycznym jak \u015awi\u0119ty Bernard z Clairvaux. Jego \u0142agodno\u015b\u0107, ascetyczna surowo\u015b\u0107 i klarowno\u015b\u0107 teologiczna nie tylko przekszta\u0142ci\u0142y \u017cycie zakonne w XII wieku, ale r\u00f3wnie\u017c wyznaczy\u0142y punkt zwrotny w obronie wiary. W\u015br\u00f3d jego wielu zas\u0142ug by\u0107 mo\u017ce jedn\u0105 z najbardziej fascynuj\u0105cych i najmniej rozumianych jest &hellip;<\/p>\n","protected":false},"author":3,"featured_media":4883,"comment_status":"closed","ping_status":"closed","sticky":false,"template":"","format":"standard","meta":{"_seopress_robots_primary_cat":"","_seopress_titles_title":"","_seopress_titles_desc":"","_seopress_robots_index":"","footnotes":""},"categories":[38,48],"tags":[1579,646],"class_list":["post-4882","post","type-post","status-publish","format-standard","has-post-thumbnail","","category-historia-i-tradycja","category-historia-kosciola","tag-swiety-bernard","tag-templariuszy"],"_links":{"self":[{"href":"https:\/\/catholicus.eu\/pl\/wp-json\/wp\/v2\/posts\/4882","targetHints":{"allow":["GET"]}}],"collection":[{"href":"https:\/\/catholicus.eu\/pl\/wp-json\/wp\/v2\/posts"}],"about":[{"href":"https:\/\/catholicus.eu\/pl\/wp-json\/wp\/v2\/types\/post"}],"author":[{"embeddable":true,"href":"https:\/\/catholicus.eu\/pl\/wp-json\/wp\/v2\/users\/3"}],"replies":[{"embeddable":true,"href":"https:\/\/catholicus.eu\/pl\/wp-json\/wp\/v2\/comments?post=4882"}],"version-history":[{"count":1,"href":"https:\/\/catholicus.eu\/pl\/wp-json\/wp\/v2\/posts\/4882\/revisions"}],"predecessor-version":[{"id":4884,"href":"https:\/\/catholicus.eu\/pl\/wp-json\/wp\/v2\/posts\/4882\/revisions\/4884"}],"wp:featuredmedia":[{"embeddable":true,"href":"https:\/\/catholicus.eu\/pl\/wp-json\/wp\/v2\/media\/4883"}],"wp:attachment":[{"href":"https:\/\/catholicus.eu\/pl\/wp-json\/wp\/v2\/media?parent=4882"}],"wp:term":[{"taxonomy":"category","embeddable":true,"href":"https:\/\/catholicus.eu\/pl\/wp-json\/wp\/v2\/categories?post=4882"},{"taxonomy":"post_tag","embeddable":true,"href":"https:\/\/catholicus.eu\/pl\/wp-json\/wp\/v2\/tags?post=4882"}],"curies":[{"name":"wp","href":"https:\/\/api.w.org\/{rel}","templated":true}]}}