{"id":4867,"date":"2026-02-01T22:42:42","date_gmt":"2026-02-01T21:42:42","guid":{"rendered":"https:\/\/catholicus.eu\/pl\/?p=4867"},"modified":"2026-02-01T22:42:43","modified_gmt":"2026-02-01T21:42:43","slug":"swiety-blazej-i-blogoslawienstwo-pokarmow-gdy-wiara-staje-sie-gardlem-stolem-i-zyciem","status":"publish","type":"post","link":"https:\/\/catholicus.eu\/pl\/swiety-blazej-i-blogoslawienstwo-pokarmow-gdy-wiara-staje-sie-gardlem-stolem-i-zyciem\/","title":{"rendered":"\u015awi\u0119ty B\u0142a\u017cej i b\u0142ogos\u0142awie\u0144stwo pokarm\u00f3w: gdy wiara staje si\u0119 gard\u0142em, sto\u0142em i \u017cyciem"},"content":{"rendered":"\n<p>S\u0105 \u015bwi\u0119ci, kt\u00f3rzy w nowoczesnych kalendarzach wydaj\u0105 si\u0119 \u201edrugoplanowi\u201d, sprowadzeni do kr\u00f3tkiego b\u0142ogos\u0142awie\u0144stwa na ko\u0144cu Mszy \u015awi\u0119tej albo do obrazka zapomnianego w szufladzie. Ko\u015bci\u00f3\u0142 jednak, kt\u00f3ry ma d\u0142ug\u0105 pami\u0119\u0107 i g\u0142\u0119bokie serce, doskonale wie, \u017ce <strong>\u015bwi\u0119ty B\u0142a\u017cej<\/strong> nie jest reliktem przesz\u0142o\u015bci, lecz <strong>\u017cywym \u015bwiadkiem tego, jak wiara dotyka cia\u0142a, po\u017cywienia, choroby i codziennego \u017cycia<\/strong>.<br>M\u00f3wi\u0107 o \u015bwi\u0119tym B\u0142a\u017ceju to m\u00f3wi\u0107 o gardle\u2026 ale tak\u017ce o S\u0142owie. To m\u00f3wi\u0107 o pob\u0142ogos\u0142awionych pokarmach\u2026 ale r\u00f3wnie\u017c o Chlebie, kt\u00f3ry zbawia. To m\u00f3wi\u0107 o pobo\u017cno\u015bci ludowej\u2026 g\u0142\u0119boko zakorzenionej w bardzo powa\u017cnej i zaskakuj\u0105co aktualnej teologii.<\/p>\n\n\n\n<p>Ten artyku\u0142 ma pom\u00f3c <strong>zrozumie\u0107, prze\u017cywa\u0107 i przekazywa\u0107<\/strong> t\u0119 tradycj\u0119 z sensem, g\u0142\u0119bi\u0105 i duchowym owocem.<\/p>\n\n\n\n<hr class=\"wp-block-separator has-alpha-channel-opacity\"\/>\n\n\n\n<h2 class=\"wp-block-heading\">1. Kim by\u0142 \u015bwi\u0119ty B\u0142a\u017cej? Biskup, m\u0119czennik i pasterz pachn\u0105cy swoim ludem<\/h2>\n\n\n\n<p>\u015awi\u0119ty B\u0142a\u017cej (Blasius) by\u0142 <strong>biskupem Sebasty<\/strong> w Armenii (dzisiejsza Turcja) pod koniec III i na pocz\u0105tku IV wieku. \u017by\u0142 w czasach prze\u015bladowa\u0144, zw\u0142aszcza za panowania cesarza Licyniusza.<br>Wed\u0142ug tradycji, zanim zosta\u0142 biskupem, by\u0142 <strong>lekarzem<\/strong>, co nie jest szczeg\u00f3\u0142em drugorz\u0119dnym: ju\u017c w swojej formacji ludzkiej by\u0142 zwi\u0105zany z trosk\u0105 o cia\u0142o i \u0142agodzeniem cierpienia.<\/p>\n\n\n\n<p>Prze\u015bladowany za wiar\u0119, schroni\u0142 si\u0119 w grocie w g\u00f3rach, gdzie \u2014 jak m\u00f3wi\u0105 przekazy hagiograficzne \u2014 <strong>zwierz\u0119ta przychodzi\u0142y do niego, aby dozna\u0107 uzdrowienia<\/strong>, co stanowi pot\u0119\u017cny obraz pasterza przywracaj\u0105cego harmoni\u0119 stworzenia zranionego przez grzech.<\/p>\n\n\n\n<p>Ostatecznie zosta\u0142 aresztowany, torturowany i poni\u00f3s\u0142 \u015bmier\u0107 m\u0119cze\u0144sk\u0105. Jego \u015bmier\u0107 nie by\u0142a cicha: by\u0142a <strong>publicznym wyznaniem Chrystusa<\/strong>. Dlatego Ko\u015bci\u00f3\u0142 czci go nie tylko jako cudotw\u00f3rc\u0119, ale jako <strong>m\u0119czennika<\/strong>, czyli wiernego \u015bwiadka a\u017c do ko\u0144ca.<\/p>\n\n\n\n<hr class=\"wp-block-separator has-alpha-channel-opacity\"\/>\n\n\n\n<h2 class=\"wp-block-heading\">2. Cud gard\u0142a: pocz\u0105tek powszechnego nabo\u017ce\u0144stwa<\/h2>\n\n\n\n<p>Najbardziej znana tradycja opowiada, \u017ce gdy \u015bwi\u0119ty B\u0142a\u017cej by\u0142 prowadzony do wi\u0119zienia, <strong>zrozpaczona matka przyprowadzi\u0142a do niego swoje dziecko<\/strong>, kt\u00f3re dusi\u0142o si\u0119 z powodu o\u015bci utkni\u0119tej w gardle.<br>\u015awi\u0119ty B\u0142a\u017cej modli\u0142 si\u0119\u2026 i dziecko zosta\u0142o uzdrowione.<\/p>\n\n\n\n<p>Od tamtej pory Ko\u015bci\u00f3\u0142 uznaje go za <strong>szczeg\u00f3lnego or\u0119downika w chorobach gard\u0142a<\/strong>, a jego wspomnienie (3 lutego) zosta\u0142o zwi\u0105zane z bardzo konkretnym obrz\u0119dem: <strong>b\u0142ogos\u0142awie\u0144stwem garde\u0142<\/strong>.<\/p>\n\n\n\n<p>Warto tutaj podkre\u015bli\u0107 co\u015b bardzo istotnego:<br>\ud83d\udc49 <strong>Nie chodzi tu o magi\u0119 ani o przes\u0105d<\/strong>, lecz o <strong>wstawiennictwo sakramentalne<\/strong>. To znaczy: ufne b\u0142aganie skierowane do Boga, oparte na komunii \u015bwi\u0119tych, aby \u0142aska dotkn\u0119\u0142a r\u00f3wnie\u017c naszej cielesnej krucho\u015bci.<\/p>\n\n\n\n<hr class=\"wp-block-separator has-alpha-channel-opacity\"\/>\n\n\n\n<h2 class=\"wp-block-heading\">3. Gard\u0142o w perspektywie teologicznej: wi\u0119cej ni\u017c organ, miejsce duchowe<\/h2>\n\n\n\n<p>Dlaczego w\u0142a\u015bnie gard\u0142o?<br>Teologia chrze\u015bcija\u0144ska nie oddziela cia\u0142a od duszy. Gard\u0142o jest:<\/p>\n\n\n\n<ul class=\"wp-block-list\">\n<li>Miejscem, przez kt\u00f3re <strong>wchodzi pokarm<\/strong><\/li>\n\n\n\n<li>Miejscem, przez kt\u00f3re <strong>wychodzi s\u0142owo<\/strong><\/li>\n\n\n\n<li>Miejscem, przez kt\u00f3re <strong>oddychamy<\/strong><\/li>\n<\/ul>\n\n\n\n<p>W uj\u0119ciu biblijnym gard\u0142o jest zwi\u0105zane z <strong>samym \u017cyciem<\/strong>. Psalm 63 m\u00f3wi:<\/p>\n\n\n\n<blockquote class=\"wp-block-quote is-layout-flow wp-block-quote-is-layout-flow\">\n<p><em>\u201eBo\u017ce, m\u00f3j Bo\u017ce, Ciebie szukam; Ciebie pragnie moja dusza, za Tob\u0105 t\u0119skni moje cia\u0142o jak ziemia zesch\u0142a, spragniona, bez wody.\u201d<\/em> (Ps 63,2)<\/p>\n<\/blockquote>\n\n\n\n<p>A sam Jezus m\u00f3wi:<\/p>\n\n\n\n<blockquote class=\"wp-block-quote is-layout-flow wp-block-quote-is-layout-flow\">\n<p><em>\u201eNie samym chlebem \u017cyje cz\u0142owiek, lecz ka\u017cdym s\u0142owem, kt\u00f3re pochodzi z ust Bo\u017cych.\u201d<\/em> (Mt 4,4)<\/p>\n<\/blockquote>\n\n\n\n<p>\u015awi\u0119ty B\u0142a\u017cej, opiekun gard\u0142a, przypomina nam, \u017ce:<\/p>\n\n\n\n<ul class=\"wp-block-list\">\n<li>To, co <strong>jemy<\/strong>, powinno by\u0107 przyjmowane z wdzi\u0119czno\u015bci\u0105.<\/li>\n\n\n\n<li>To, co <strong>m\u00f3wimy<\/strong>, powinno by\u0107 oczyszczone.<\/li>\n\n\n\n<li>To, czym <strong>oddychamy<\/strong>, jest darem.<\/li>\n<\/ul>\n\n\n\n<hr class=\"wp-block-separator has-alpha-channel-opacity\"\/>\n\n\n\n<h2 class=\"wp-block-heading\">4. B\u0142ogos\u0142awie\u0144stwo garde\u0142: znaczenie liturgiczne i pastoralne<\/h2>\n\n\n\n<p>Ko\u015bci\u00f3\u0142 w swojej m\u0105dro\u015bci zachowa\u0142 to b\u0142ogos\u0142awie\u0144stwo w obrz\u0119dzie prostym, a zarazem g\u0142\u0119bokim. Tradycyjnie udziela si\u0119 go przy u\u017cyciu <strong>dw\u00f3ch skrzy\u017cowanych \u015bwiec<\/strong>, kt\u00f3re s\u0105 wyra\u017anym symbolem:<\/p>\n\n\n\n<ul class=\"wp-block-list\">\n<li><strong>Krzy\u017ca Chrystusa<\/strong>, z kt\u00f3rego wyp\u0142ywa wszelkie prawdziwe uzdrowienie.<\/li>\n\n\n\n<li><strong>\u015awiat\u0142a<\/strong>, kt\u00f3re zwyci\u0119\u017ca ciemno\u015b\u0107 choroby i l\u0119ku.<\/li>\n<\/ul>\n\n\n\n<p>Tradycyjna formu\u0142a brzmi zasadniczo:<\/p>\n\n\n\n<blockquote class=\"wp-block-quote is-layout-flow wp-block-quote-is-layout-flow\">\n<p><em>\u201ePrzez wstawiennictwo \u015bwi\u0119tego B\u0142a\u017ceja, biskupa i m\u0119czennika, niech B\u00f3g zachowa ci\u0119 od chor\u00f3b gard\u0142a i od wszelkiego z\u0142a.\u201d<\/em><\/p>\n<\/blockquote>\n\n\n\n<p>Z teologicznego punktu widzenia to b\u0142ogos\u0142awie\u0144stwo:<\/p>\n\n\n\n<ul class=\"wp-block-list\">\n<li>Uznaje Boga za <strong>\u017ar\u00f3d\u0142o wszelkiego uzdrowienia<\/strong><\/li>\n\n\n\n<li>Wzywa <strong>komunii \u015bwi\u0119tych<\/strong><\/li>\n\n\n\n<li>Obejmuje <strong>integralne dobro osoby<\/strong>, a nie tylko wymiar fizyczny<\/li>\n<\/ul>\n\n\n\n<p>Z punktu widzenia duszpasterskiego jest to gest niezwykle cenny, poniewa\u017c <strong>dociera tak\u017ce do os\u00f3b oddalonych<\/strong>, do dzieci, os\u00f3b starszych, chorych\u2026 Jest to szeroko otwarta brama do \u0142aski.<\/p>\n\n\n\n<hr class=\"wp-block-separator has-alpha-channel-opacity\"\/>\n\n\n\n<h2 class=\"wp-block-heading\">5. \u015awi\u0119ty B\u0142a\u017cej i b\u0142ogos\u0142awie\u0144stwo pokarm\u00f3w: wiara, kt\u00f3ra dociera do sto\u0142u<\/h2>\n\n\n\n<p>Mniej znana, ale g\u0142\u0119boko zakorzeniona w wielu miejscach, jest <strong>tradycja b\u0142ogos\u0142awienia pokarm\u00f3w w dzie\u0144 \u015bwi\u0119tego B\u0142a\u017ceja<\/strong>, zw\u0142aszcza chleba, owoc\u00f3w, s\u0142odyczy czy podstawowych produkt\u00f3w.<\/p>\n\n\n\n<p>Dlaczego?<\/p>\n\n\n\n<p>Poniewa\u017c \u015bwi\u0119ty B\u0142a\u017cej jest zwi\u0105zany z:<\/p>\n\n\n\n<ul class=\"wp-block-list\">\n<li><strong>Gard\u0142em<\/strong><\/li>\n\n\n\n<li><strong>Po\u017cywieniem<\/strong><\/li>\n\n\n\n<li><strong>Ochron\u0105 przed dolegliwo\u015bciami fizycznymi<\/strong><\/li>\n<\/ul>\n\n\n\n<p>Jednak fundament tej praktyki jest g\u0142\u0119boko biblijny i teologiczny.<br>W Pi\u015bmie \u015awi\u0119tym b\u0142ogos\u0142awienie pokarm\u00f3w oznacza uznanie, \u017ce <strong>wszystko pochodzi od Boga<\/strong>:<\/p>\n\n\n\n<blockquote class=\"wp-block-quote is-layout-flow wp-block-quote-is-layout-flow\">\n<p><em>\u201eWszystko bowiem, co B\u00f3g stworzy\u0142, jest dobre i niczego nie nale\u017cy odrzuca\u0107, co przyjmuje si\u0119 z dzi\u0119kczynieniem.\u201d<\/em> (1 Tm 4,4)<\/p>\n<\/blockquote>\n\n\n\n<p>B\u0142ogos\u0142awie\u0144stwo pokarm\u00f3w w dniu \u015bwi\u0119tego B\u0142a\u017ceja wyra\u017ca trzy zasadnicze prawdy:<\/p>\n\n\n\n<ol class=\"wp-block-list\">\n<li><strong>Zale\u017cymy od Boga<\/strong>, nawet w najbardziej podstawowych sprawach.<\/li>\n\n\n\n<li>Pokarm nie jest jedynie konsumpcj\u0105, lecz <strong>darem<\/strong>.<\/li>\n\n\n\n<li>Jedzenie jest aktem ludzkim, ale tak\u017ce <strong>duchowym<\/strong>.<\/li>\n<\/ol>\n\n\n\n<hr class=\"wp-block-separator has-alpha-channel-opacity\"\/>\n\n\n\n<h2 class=\"wp-block-heading\">6. Rzetelny przewodnik praktyczny: jak dzi\u015b prze\u017cywa\u0107 \u015bwi\u0119tego B\u0142a\u017ceja (teologicznie i pastoralnie)<\/h2>\n\n\n\n<h3 class=\"wp-block-heading\">A. W parafii<\/h3>\n\n\n\n<ul class=\"wp-block-list\">\n<li>Sprawowa\u0107 b\u0142ogos\u0142awie\u0144stwo garde\u0142 <strong>z wcze\u015bniejsz\u0105 katechez\u0105<\/strong>, wyja\u015bniaj\u0105c jego sens.<\/li>\n\n\n\n<li>Oferowa\u0107 b\u0142ogos\u0142awie\u0144stwo pokarm\u00f3w, unikaj\u0105c jakiegokolwiek tonu przes\u0105dnego.<\/li>\n\n\n\n<li>\u0141\u0105czy\u0107 to nabo\u017ce\u0144stwo z <strong>Eucharysti\u0105<\/strong>, prawdziwym Chlebem, kt\u00f3ry uzdrawia i zbawia.<\/li>\n<\/ul>\n\n\n\n<h3 class=\"wp-block-heading\">B. W rodzinie<\/h3>\n\n\n\n<ul class=\"wp-block-list\">\n<li>W spos\u00f3b szczeg\u00f3lny pob\u0142ogos\u0142awi\u0107 st\u00f3\u0142 w dniu \u015bwi\u0119tego B\u0142a\u017ceja.<\/li>\n\n\n\n<li>Wyja\u015bni\u0107 dzieciom, kim by\u0142 ten \u015bwi\u0119ty i dlaczego si\u0119 go wzywa.<\/li>\n\n\n\n<li>Modli\u0107 si\u0119 za osoby cierpi\u0105ce na choroby gard\u0142a, nowotwory, problemy oddechowe lub zaburzenia g\u0142osu.<\/li>\n<\/ul>\n\n\n\n<h3 class=\"wp-block-heading\">C. W \u017cyciu osobistym<\/h3>\n\n\n\n<ul class=\"wp-block-list\">\n<li>Prosi\u0107 \u015bwi\u0119tego B\u0142a\u017ceja nie tylko o zdrowie cia\u0142a, ale tak\u017ce o:\n<ul class=\"wp-block-list\">\n<li>Czysto\u015b\u0107 w mowie<\/li>\n\n\n\n<li>Roztropno\u015b\u0107 w wypowiadaniu s\u0142\u00f3w<\/li>\n\n\n\n<li>Si\u0142\u0119 do wyznawania wiary<\/li>\n<\/ul>\n<\/li>\n\n\n\n<li>Zrobi\u0107 kr\u00f3tkie rachunek sumienia:\n<ul class=\"wp-block-list\">\n<li>Czy u\u017cywam swojego g\u0142osu, aby b\u0142ogos\u0142awi\u0107, czy aby rani\u0107?<\/li>\n\n\n\n<li>Czy dzi\u0119kuj\u0119 za to, co jem?<\/li>\n\n\n\n<li>Czy troszcz\u0119 si\u0119 o swoje cia\u0142o jak o \u015bwi\u0105tyni\u0119 Ducha?<\/li>\n<\/ul>\n<\/li>\n<\/ul>\n\n\n\n<hr class=\"wp-block-separator has-alpha-channel-opacity\"\/>\n\n\n\n<h2 class=\"wp-block-heading\">7. \u015awi\u0119ty B\u0142a\u017cej dzisiaj: nabo\u017ce\u0144stwo zaskakuj\u0105co aktualne<\/h2>\n\n\n\n<p>W \u015bwiecie, w kt\u00f3rym:<\/p>\n\n\n\n<ul class=\"wp-block-list\">\n<li>Pokarm jest banalizowany<\/li>\n\n\n\n<li>S\u0142owo bywa zatrute<\/li>\n\n\n\n<li>Cisza wewn\u0119trzna jest niszczona<\/li>\n<\/ul>\n\n\n\n<p>\u015awi\u0119ty B\u0142a\u017cej przypomina nam co\u015b g\u0142\u0119boko kontrkulturowego:<br>\ud83d\udc49 <strong>B\u00f3g chce zbawi\u0107 wszystko<\/strong>, tak\u017ce to, co codzienne, cielesne i ma\u0142e.<\/p>\n\n\n\n<p>Nie jest przypadkiem, \u017ce to nabo\u017ce\u0144stwo przetrwa\u0142o. To nie nostalgia. To <strong>chrze\u015bcija\u0144ska m\u0105dro\u015b\u0107<\/strong>.<br>\u015awi\u0119ty B\u0142a\u017cej nie jest tylko \u015bwi\u0119tym gard\u0142a: jest \u015bwi\u0119tym <strong>wdzi\u0119cznego \u017cycia<\/strong>, wiary wcielonej, b\u0142ogos\u0142awie\u0144stwa, kt\u00f3re przemienia zwyczajno\u015b\u0107 w miejsce \u0142aski.<\/p>\n\n\n\n<hr class=\"wp-block-separator has-alpha-channel-opacity\"\/>\n\n\n\n<h3 class=\"wp-block-heading\"><strong>Niech \u015bwi\u0119ty B\u0142a\u017cej wstawia si\u0119 za nami<\/strong><\/h3>\n\n\n\n<p>Aby nasze gard\u0142a g\u0142osi\u0142y prawd\u0119,<br>aby nasze sto\u0142y by\u0142y miejscami wdzi\u0119czno\u015bci,<br>i aby ca\u0142e nasze \u017cycie sta\u0142o si\u0119 b\u0142ogos\u0142awie\u0144stwem.<\/p>\n\n\n\n<p>Bo gdy wiara jest tak prze\u017cywana, <strong>Ewangelia staje si\u0119 cia\u0142em\u2026 a tak\u017ce chlebem<\/strong>.<\/p>\n","protected":false},"excerpt":{"rendered":"<p>S\u0105 \u015bwi\u0119ci, kt\u00f3rzy w nowoczesnych kalendarzach wydaj\u0105 si\u0119 \u201edrugoplanowi\u201d, sprowadzeni do kr\u00f3tkiego b\u0142ogos\u0142awie\u0144stwa na ko\u0144cu Mszy \u015awi\u0119tej albo do obrazka zapomnianego w szufladzie. Ko\u015bci\u00f3\u0142 jednak, kt\u00f3ry ma d\u0142ug\u0105 pami\u0119\u0107 i g\u0142\u0119bokie serce, doskonale wie, \u017ce \u015bwi\u0119ty B\u0142a\u017cej nie jest reliktem przesz\u0142o\u015bci, lecz \u017cywym \u015bwiadkiem tego, jak wiara dotyka cia\u0142a, po\u017cywienia, choroby i codziennego \u017cycia.M\u00f3wi\u0107 o &hellip;<\/p>\n","protected":false},"author":3,"featured_media":4868,"comment_status":"closed","ping_status":"closed","sticky":false,"template":"","format":"standard","meta":{"_seopress_robots_primary_cat":"","_seopress_titles_title":"","_seopress_titles_desc":"","_seopress_robots_index":"","footnotes":""},"categories":[40,61],"tags":[1575],"class_list":["post-4867","post","type-post","status-publish","format-standard","has-post-thumbnail","","category-modlitwa-i-duchowosc","category-swieci-i-kalendarz-liturgiczny","tag-swiety-blazej"],"_links":{"self":[{"href":"https:\/\/catholicus.eu\/pl\/wp-json\/wp\/v2\/posts\/4867","targetHints":{"allow":["GET"]}}],"collection":[{"href":"https:\/\/catholicus.eu\/pl\/wp-json\/wp\/v2\/posts"}],"about":[{"href":"https:\/\/catholicus.eu\/pl\/wp-json\/wp\/v2\/types\/post"}],"author":[{"embeddable":true,"href":"https:\/\/catholicus.eu\/pl\/wp-json\/wp\/v2\/users\/3"}],"replies":[{"embeddable":true,"href":"https:\/\/catholicus.eu\/pl\/wp-json\/wp\/v2\/comments?post=4867"}],"version-history":[{"count":1,"href":"https:\/\/catholicus.eu\/pl\/wp-json\/wp\/v2\/posts\/4867\/revisions"}],"predecessor-version":[{"id":4869,"href":"https:\/\/catholicus.eu\/pl\/wp-json\/wp\/v2\/posts\/4867\/revisions\/4869"}],"wp:featuredmedia":[{"embeddable":true,"href":"https:\/\/catholicus.eu\/pl\/wp-json\/wp\/v2\/media\/4868"}],"wp:attachment":[{"href":"https:\/\/catholicus.eu\/pl\/wp-json\/wp\/v2\/media?parent=4867"}],"wp:term":[{"taxonomy":"category","embeddable":true,"href":"https:\/\/catholicus.eu\/pl\/wp-json\/wp\/v2\/categories?post=4867"},{"taxonomy":"post_tag","embeddable":true,"href":"https:\/\/catholicus.eu\/pl\/wp-json\/wp\/v2\/tags?post=4867"}],"curies":[{"name":"wp","href":"https:\/\/api.w.org\/{rel}","templated":true}]}}