{"id":4864,"date":"2026-02-01T19:43:44","date_gmt":"2026-02-01T18:43:44","guid":{"rendered":"https:\/\/catholicus.eu\/pl\/?p=4864"},"modified":"2026-02-01T19:43:44","modified_gmt":"2026-02-01T18:43:44","slug":"czy-mozna-wyrzucic-zniszczony-rozaniec-wiara-szacunek-i-zdrowy-rozsadek-wobec-uszkodzonych-przedmiotow-religijnych","status":"publish","type":"post","link":"https:\/\/catholicus.eu\/pl\/czy-mozna-wyrzucic-zniszczony-rozaniec-wiara-szacunek-i-zdrowy-rozsadek-wobec-uszkodzonych-przedmiotow-religijnych\/","title":{"rendered":"Czy mo\u017cna wyrzuci\u0107 zniszczony r\u00f3\u017caniec? Wiara, szacunek i zdrowy rozs\u0105dek wobec uszkodzonych przedmiot\u00f3w religijnych"},"content":{"rendered":"\n<p>Istniej\u0105 pytania, kt\u00f3re wielu wiernych zadaje sobie w milczeniu, niemal z obaw\u0105, by nie wypowiedzie\u0107 ich na g\u0142os:<br><em>Co zrobi\u0107 ze z\u0142amanym r\u00f3\u017ca\u0144cem? Czy mog\u0119 wyrzuci\u0107 uszkodzony obraz religijny? Czy to grzech? Czy przynosi pecha?<\/em><\/p>\n\n\n\n<p>W\u0105tpliwo\u015bci te nie wynikaj\u0105 z przes\u0105d\u00f3w, lecz z <strong>mi\u0142o\u015bci i szacunku dla tego, co \u015bwi\u0119te<\/strong>. Dlatego zas\u0142uguj\u0105 na <strong>jasn\u0105, spokojn\u0105 i g\u0142\u0119boko katolick\u0105 odpowied\u017a<\/strong>. W tym artykule przyjrzymy si\u0119 <strong>historii, teologii i praktyce duszpasterskiej<\/strong>, aby nauczy\u0107 si\u0119, jak post\u0119powa\u0107 z przedmiotami religijnymi, gdy si\u0119 z\u0142ami\u0105 \u2013 bez l\u0119ku, bez przes\u0105d\u00f3w i w autentycznie chrze\u015bcija\u0144skim duchu.<\/p>\n\n\n\n<hr class=\"wp-block-separator has-alpha-channel-opacity\"\/>\n\n\n\n<h2 class=\"wp-block-heading\">1. Przedmioty religijne: co czyni je \u201especjalnymi\u201d?<\/h2>\n\n\n\n<p>Zanim odpowiemy na pytanie <em>co zrobi\u0107, gdy si\u0119 z\u0142ami\u0105<\/em>, wa\u017cne jest, aby zrozumie\u0107, <strong>czym naprawd\u0119 s\u0105 przedmioty religijne<\/strong>.<\/p>\n\n\n\n<p>R\u00f3\u017caniec, medal, obrazek czy figurka <strong>nie s\u0105 magiczne<\/strong> i same w sobie nie posiadaj\u0105 mocy. Ko\u015bci\u00f3\u0142 naucza, \u017ce s\u0105 <strong>sakramentalne<\/strong>, czyli:<\/p>\n\n\n\n<blockquote class=\"wp-block-quote is-layout-flow wp-block-quote-is-layout-flow\">\n<p>\u201e\u015awi\u0119te znaki ustanowione przez Ko\u015bci\u00f3\u0142, przez kt\u00f3re oznacza si\u0119 i uzyskuje skutki duchowe za po\u015brednictwem wstawiennictwa Ko\u015bcio\u0142a\u201d<br><em>(Katechizm Ko\u015bcio\u0142a Katolickiego, nr 1667)<\/em><\/p>\n<\/blockquote>\n\n\n\n<p>Sakramentalia:<\/p>\n\n\n\n<ul class=\"wp-block-list\">\n<li>pomagaj\u0105 nam <strong>wznosi\u0107 serce ku Bogu<\/strong>;<\/li>\n\n\n\n<li>przypominaj\u0105 prawdy wiary;<\/li>\n\n\n\n<li>przygotowuj\u0105 dusz\u0119 do przyj\u0119cia \u0142aski.<\/li>\n<\/ul>\n\n\n\n<p>\ud83d\udc49 <strong>Nie dzia\u0142aj\u0105 automatycznie<\/strong>, ani nie wywo\u0142uj\u0105 skutk\u00f3w same z siebie. Ich warto\u015b\u0107 le\u017cy w <strong>relacji do wiary wierz\u0105cego<\/strong>, a nie w samej materii.<\/p>\n\n\n\n<hr class=\"wp-block-separator has-alpha-channel-opacity\"\/>\n\n\n\n<h2 class=\"wp-block-heading\">2. Odrobina historii: jak Ko\u015bci\u00f3\u0142 traktowa\u0142 przedmioty \u015bwi\u0119te<\/h2>\n\n\n\n<p>Od najwcze\u015bniejszych wiek\u00f3w chrze\u015bcija\u0144stwa wierni okazuj\u0105 szacunek przedmiotom u\u017cywanym w kulcie i nabo\u017ce\u0144stwie. Ju\u017c w staro\u017cytno\u015bci:<\/p>\n\n\n\n<ul class=\"wp-block-list\">\n<li>zu\u017cyte naczynia sakralne by\u0142y <strong>grzebane lub topione<\/strong>;<\/li>\n\n\n\n<li>uszkodzone obrazy by\u0142y wycofywane z publicznego kultu;<\/li>\n\n\n\n<li>pob\u0142ogos\u0142awione przedmioty nie by\u0142y traktowane jak zwyk\u0142e \u015bmieci <strong>dop\u00f3ki mog\u0142y s\u0142u\u017cy\u0107 w celach kultowych<\/strong>.<\/li>\n<\/ul>\n\n\n\n<p>Ale uwaga: <strong>szacunek nigdy nie by\u0142 mylony z przes\u0105dem<\/strong>. Ko\u015bci\u00f3\u0142 zawsze zwalcza\u0142 przekonanie, \u017ce zniszczony przedmiot \u201eprzynosi pecha\u201d lub \u201eniszczy ochron\u0119 duchow\u0105\u201d.<\/p>\n\n\n\n<p>\u015awi\u0119ty Pawe\u0142 jasno to stwierdza:<\/p>\n\n\n\n<blockquote class=\"wp-block-quote is-layout-flow wp-block-quote-is-layout-flow\">\n<p>\u201eWiemy, \u017ce pos\u0105g niczego nie znaczy w \u015bwiecie\u201d<br><em>(1 Kor 8,4)<\/em><\/p>\n<\/blockquote>\n\n\n\n<p>Chrze\u015bcijanin <strong>nie boi si\u0119 przedmiot\u00f3w<\/strong>, poniewa\u017c jego zaufanie jest w Bogu, a nie w rzeczach.<\/p>\n\n\n\n<hr class=\"wp-block-separator has-alpha-channel-opacity\"\/>\n\n\n\n<h2 class=\"wp-block-heading\">3. Co si\u0119 dzieje, gdy przedmiot religijny si\u0119 z\u0142amie?<\/h2>\n\n\n\n<p>Gdy przedmiot religijny si\u0119 z\u0142amie lub zostanie nieodwracalnie uszkodzony, dzieje si\u0119 co\u015b bardzo prostego:<\/p>\n\n\n\n<p>\ud83d\udc49 <strong>Przestaje pe\u0142ni\u0107 swoj\u0105 funkcj\u0119 modlitewn\u0105<\/strong>.<\/p>\n\n\n\n<p>B\u00f3g nie jest \u201eobra\u017cony\u201d<br>\u017badna ochrona duchowa nie zostaje utracona<br>Nie pojawia si\u0119 \u017cadne nieszcz\u0119\u015bcie<\/p>\n\n\n\n<p>Z\u0142amany r\u00f3\u017caniec <strong>nie jest z\u0142ym znakiem<\/strong>. Uszkodzony obraz <strong>nie jest z\u0142ym omenem<\/strong>. My\u015blenie w ten spos\u00f3b by\u0142oby <strong>przes\u0105dem<\/strong>, kt\u00f3rego Ko\u015bci\u00f3\u0142 zdecydowanie odrzuca:<\/p>\n\n\n\n<blockquote class=\"wp-block-quote is-layout-flow wp-block-quote-is-layout-flow\">\n<p>\u201ePrzes\u0105d jest wypaczeniem poczucia religijnego i praktyk, kt\u00f3re ono narzuca\u201d<br><em>(Katechizm, nr 2111)<\/em><\/p>\n<\/blockquote>\n\n\n\n<hr class=\"wp-block-separator has-alpha-channel-opacity\"\/>\n\n\n\n<h2 class=\"wp-block-heading\">4. Czy mog\u0119 wi\u0119c wyrzuci\u0107 r\u00f3\u017caniec lub obraz religijny do \u015bmieci?<\/h2>\n\n\n\n<h3 class=\"wp-block-heading\">Kr\u00f3tka odpowied\u017a:<\/h3>\n\n\n\n<p>\ud83d\udc49 <strong>Tak, mo\u017cna<\/strong>, je\u015bli nie nadaje si\u0119 ju\u017c do u\u017cytku i robimy to z szacunkiem.<\/p>\n\n\n\n<h3 class=\"wp-block-heading\">Pe\u0142na i duszpasterska odpowied\u017a:<\/h3>\n\n\n\n<p>Ko\u015bci\u00f3\u0142 nie zabrania wyrzucania uszkodzonych przedmiot\u00f3w religijnych, <strong>ale zaleca, by robi\u0107 to w spos\u00f3b godny<\/strong>, aby kszta\u0142towa\u0107 serce i unika\u0107 nie\u015bwiadomego lekcewa\u017cenia \u015bwi\u0119to\u015bci.<\/p>\n\n\n\n<p>To nie jest grzech<br>Nie przynosi pecha<br>To nie jest brak wiary<\/p>\n\n\n\n<p>Wa\u017cne jest <strong>nie samo dzia\u0142anie materialne<\/strong>, lecz <strong>postawa wewn\u0119trzna<\/strong>.<\/p>\n\n\n\n<hr class=\"wp-block-separator has-alpha-channel-opacity\"\/>\n\n\n\n<h2 class=\"wp-block-heading\">5. Rygorystyczny przewodnik praktyczny: jak pozby\u0107 si\u0119 uszkodzonych przedmiot\u00f3w religijnych<\/h2>\n\n\n\n<p>Oto <strong>jasny, teologiczny i duszpasterski przewodnik<\/strong>, przeznaczony dla ka\u017cdego wiernego.<\/p>\n\n\n\n<hr class=\"wp-block-separator has-alpha-channel-opacity\"\/>\n\n\n\n<h3 class=\"wp-block-heading\">\ud83d\udd39 1. Przedmioty pob\u0142ogos\u0142awione (r\u00f3\u017ca\u0144ce, medaliki, szkaplerze)<\/h3>\n\n\n\n<p><strong>Zalecane opcje:<\/strong><\/p>\n\n\n\n<p>\u2714 <strong>Pochowa\u0107 je<\/strong><\/p>\n\n\n\n<ul class=\"wp-block-list\">\n<li>W ogrodzie, w du\u017cej donicy lub na wsi<\/li>\n\n\n\n<li>Symbolizuje zwr\u00f3cenie tego, co materialne, ziemi<\/li>\n<\/ul>\n\n\n\n<p>\u2714 <strong>Spali\u0107 je z szacunkiem<\/strong> (je\u015bli materia\u0142 na to pozwala)<\/p>\n\n\n\n<ul class=\"wp-block-list\">\n<li>Szczeg\u00f3lnie szkaplerze z materia\u0142u lub papieru<\/li>\n\n\n\n<li>Popio\u0142y mo\u017cna p\u00f3\u017aniej pochowa\u0107<\/li>\n<\/ul>\n\n\n\n<p>\u2714 <strong>Zanie\u015b\u0107 do parafii<\/strong><\/p>\n\n\n\n<ul class=\"wp-block-list\">\n<li>Wiele parafii wie, jak je w\u0142a\u015bciwie potraktowa\u0107<\/li>\n<\/ul>\n\n\n\n<p>\u274c Unika\u0107:<\/p>\n\n\n\n<ul class=\"wp-block-list\">\n<li>Wyrzucania w spos\u00f3b ostentacyjny lub szyderczy<\/li>\n\n\n\n<li>U\u017cywania ich do cel\u00f3w \u015bwieckich<\/li>\n<\/ul>\n\n\n\n<hr class=\"wp-block-separator has-alpha-channel-opacity\"\/>\n\n\n\n<h3 class=\"wp-block-heading\">\ud83d\udd39 2. Z\u0142amane lub mocno uszkodzone obrazy religijne<\/h3>\n\n\n\n<p>\u2714 Je\u015bli mo\u017cna je naprawi\u0107:<\/p>\n\n\n\n<ul class=\"wp-block-list\">\n<li>Przywr\u00f3ci\u0107 im godno\u015b\u0107 lub ponownie wykorzysta\u0107<\/li>\n<\/ul>\n\n\n\n<p>\u2714 Je\u015bli nie mo\u017cna ich naprawi\u0107:<\/p>\n\n\n\n<ul class=\"wp-block-list\">\n<li>Pochowa\u0107<\/li>\n\n\n\n<li>Zanie\u015b\u0107 do parafii<\/li>\n\n\n\n<li>W niekt\u00f3rych przypadkach, zniszczy\u0107 z szacunkiem (dodatkowo po\u0142ama\u0107 i dopiero wtedy wyrzuci\u0107)<\/li>\n<\/ul>\n\n\n\n<p>\ud83d\udc49 Wa\u017cne: <strong>nie s\u0105 \u201ebo\u017ckami\u201d<\/strong>. To przedstawienia, kt\u00f3re pomaga\u0142y nam w modlitwie. Gdy przestaj\u0105 pe\u0142ni\u0107 t\u0119 funkcj\u0119, mo\u017cna si\u0119 od nich oddzieli\u0107 bez strachu.<\/p>\n\n\n\n<hr class=\"wp-block-separator has-alpha-channel-opacity\"\/>\n\n\n\n<h3 class=\"wp-block-heading\">\ud83d\udd39 3. Biblie, obrazki religijne lub zniszczone ksi\u0105\u017cki religijne<\/h3>\n\n\n\n<p>\u2714 Obrazki i papiery religijne:<\/p>\n\n\n\n<ul class=\"wp-block-list\">\n<li>Spali\u0107 z szacunkiem<\/li>\n<\/ul>\n\n\n\n<p>\u2714 Ksi\u0105\u017cki:<\/p>\n\n\n\n<ul class=\"wp-block-list\">\n<li>Je\u015bli s\u0105 nieczytelne, mo\u017cna je podda\u0107 recyklingowi<\/li>\n\n\n\n<li>Albo przekaza\u0107 parafii lub wsp\u00f3lnocie<\/li>\n<\/ul>\n\n\n\n<p>S\u0142owo Bo\u017ce <strong>nie ginie<\/strong>, poniewa\u017c jest \u017cywe w Ko\u015bciele, a nie tylko na papierze.<\/p>\n\n\n\n<blockquote class=\"wp-block-quote is-layout-flow wp-block-quote-is-layout-flow\">\n<p>\u201eTrawa usycha, kwiat wi\u0119dnie, ale s\u0142owo Boga naszego trwa na wieki\u201d<br><em>(Iz 40,8)<\/em><\/p>\n<\/blockquote>\n\n\n\n<hr class=\"wp-block-separator has-alpha-channel-opacity\"\/>\n\n\n\n<h2 class=\"wp-block-heading\">6. Czego NIE powinni\u015bmy my\u015ble\u0107: obalanie l\u0119k\u00f3w i przes\u0105d\u00f3w<\/h2>\n\n\n\n<p>Warto powiedzie\u0107 to jasno i bez ogr\u00f3dek:<\/p>\n\n\n\n<p>\u274c <strong>Nie przynosi pecha<\/strong><br>\u274c <strong>Nie jest ostrze\u017ceniem przed nieszcz\u0119\u015bciem<\/strong><br>\u274c <strong>Nie oznacza, \u017ce B\u00f3g si\u0119 oddala<\/strong><br>\u274c <strong>Nie jest grzechem<\/strong><\/p>\n\n\n\n<p>B\u00f3g <strong>nie b\u0142ogos\u0142awi ani nie karze<\/strong> w zale\u017cno\u015bci od stanu naszych przedmiot\u00f3w, lecz wed\u0142ug <strong>postawy serca<\/strong>.<\/p>\n\n\n\n<p>Sam Jezus ostrzega przed religijno\u015bci\u0105 opart\u0105 wy\u0142\u0105cznie na zewn\u0119trzno\u015bciach:<\/p>\n\n\n\n<blockquote class=\"wp-block-quote is-layout-flow wp-block-quote-is-layout-flow\">\n<p>\u201eTen lud Mnie czci wargami, lecz serce ich jest daleko ode Mnie\u201d<br><em>(Mt 15,8)<\/em><\/p>\n<\/blockquote>\n\n\n\n<hr class=\"wp-block-separator has-alpha-channel-opacity\"\/>\n\n\n\n<h2 class=\"wp-block-heading\">7. Duchowa okazja: gdy co\u015b si\u0119 \u0142amie<\/h2>\n\n\n\n<p>Paradoksalnie, zniszczony przedmiot religijny mo\u017ce sta\u0107 si\u0119:<\/p>\n\n\n\n<ul class=\"wp-block-list\">\n<li><strong>Aktem wdzi\u0119czno\u015bci<\/strong> za lata, w kt\u00f3rych towarzyszy\u0142 naszej modlitwie;<\/li>\n\n\n\n<li>Chwil\u0105 na <strong>odnowienie oddania si\u0119 Bogu<\/strong>;<\/li>\n\n\n\n<li>Cich\u0105 katechez\u0105 o tym, co najwa\u017cniejsze.<\/li>\n<\/ul>\n\n\n\n<p>By\u0107 mo\u017ce ten zu\u017cyty r\u00f3\u017caniec modli\u0142 si\u0119 z Tob\u0105 w trudnych chwilach. Po\u017cegnanie go z szacunkiem mo\u017ce r\u00f3wnie\u017c by\u0107 form\u0105 modlitwy.<\/p>\n\n\n\n<hr class=\"wp-block-separator has-alpha-channel-opacity\"\/>\n\n\n\n<h2 class=\"wp-block-heading\">8. Zako\u0144czenie: dojrza\u0142a wiara, bez l\u0119ku i z szacunkiem<\/h2>\n\n\n\n<p>Dobre traktowanie przedmiot\u00f3w religijnych nie jest kwesti\u0105 strachu, lecz <strong>uporz\u0105dkowanej mi\u0142o\u015bci<\/strong>.<br>Ani pogarda, ani przes\u0105d.<br>Ani l\u0119k, ani oboj\u0119tno\u015b\u0107.<\/p>\n\n\n\n<p>Wiara katolicka jest <strong>uciele\u015bniona, rozs\u0105dna i g\u0142\u0119boko wolna<\/strong>.<\/p>\n\n\n\n<p>\ud83d\udc49 U\u017cywaj przedmiot\u00f3w religijnych, dop\u00f3ki pomagaj\u0105 Ci kocha\u0107 Boga bardziej.<br>\ud83d\udc49 Gdy nie b\u0119d\u0105 ju\u017c mog\u0142y, po\u017cegnaj si\u0119 z nimi z szacunkiem i pokojem.<\/p>\n\n\n\n<p>Bo w ko\u0144cu <strong>nie czcimy rzeczy<\/strong>.<br>Czcimy \u017cywego Boga.<\/p>\n\n\n\n<p>I to \u2014 <strong>nigdy si\u0119 nie z\u0142amie<\/strong>. \u271d\ufe0f<\/p>\n","protected":false},"excerpt":{"rendered":"<p>Istniej\u0105 pytania, kt\u00f3re wielu wiernych zadaje sobie w milczeniu, niemal z obaw\u0105, by nie wypowiedzie\u0107 ich na g\u0142os:Co zrobi\u0107 ze z\u0142amanym r\u00f3\u017ca\u0144cem? Czy mog\u0119 wyrzuci\u0107 uszkodzony obraz religijny? Czy to grzech? Czy przynosi pecha? W\u0105tpliwo\u015bci te nie wynikaj\u0105 z przes\u0105d\u00f3w, lecz z mi\u0142o\u015bci i szacunku dla tego, co \u015bwi\u0119te. Dlatego zas\u0142uguj\u0105 na jasn\u0105, spokojn\u0105 i &hellip;<\/p>\n","protected":false},"author":3,"featured_media":4865,"comment_status":"closed","ping_status":"closed","sticky":false,"template":"","format":"standard","meta":{"_seopress_robots_primary_cat":"","_seopress_titles_title":"","_seopress_titles_desc":"","_seopress_robots_index":"","footnotes":""},"categories":[40,62],"tags":[315],"class_list":["post-4864","post","type-post","status-publish","format-standard","has-post-thumbnail","","category-modlitwa-i-duchowosc","category-sakramentalia-i-pielgrzymki","tag-rozaniec"],"_links":{"self":[{"href":"https:\/\/catholicus.eu\/pl\/wp-json\/wp\/v2\/posts\/4864","targetHints":{"allow":["GET"]}}],"collection":[{"href":"https:\/\/catholicus.eu\/pl\/wp-json\/wp\/v2\/posts"}],"about":[{"href":"https:\/\/catholicus.eu\/pl\/wp-json\/wp\/v2\/types\/post"}],"author":[{"embeddable":true,"href":"https:\/\/catholicus.eu\/pl\/wp-json\/wp\/v2\/users\/3"}],"replies":[{"embeddable":true,"href":"https:\/\/catholicus.eu\/pl\/wp-json\/wp\/v2\/comments?post=4864"}],"version-history":[{"count":1,"href":"https:\/\/catholicus.eu\/pl\/wp-json\/wp\/v2\/posts\/4864\/revisions"}],"predecessor-version":[{"id":4866,"href":"https:\/\/catholicus.eu\/pl\/wp-json\/wp\/v2\/posts\/4864\/revisions\/4866"}],"wp:featuredmedia":[{"embeddable":true,"href":"https:\/\/catholicus.eu\/pl\/wp-json\/wp\/v2\/media\/4865"}],"wp:attachment":[{"href":"https:\/\/catholicus.eu\/pl\/wp-json\/wp\/v2\/media?parent=4864"}],"wp:term":[{"taxonomy":"category","embeddable":true,"href":"https:\/\/catholicus.eu\/pl\/wp-json\/wp\/v2\/categories?post=4864"},{"taxonomy":"post_tag","embeddable":true,"href":"https:\/\/catholicus.eu\/pl\/wp-json\/wp\/v2\/tags?post=4864"}],"curies":[{"name":"wp","href":"https:\/\/api.w.org\/{rel}","templated":true}]}}