{"id":4861,"date":"2026-02-01T19:11:10","date_gmt":"2026-02-01T18:11:10","guid":{"rendered":"https:\/\/catholicus.eu\/pl\/?p=4861"},"modified":"2026-02-01T19:11:10","modified_gmt":"2026-02-01T18:11:10","slug":"swieto-ofiarowania-panskiego-matki-bozej-gromnicznej-gdy-swiatlo-wchodzi-do-swiatyni-i-do-twojego-zycia","status":"publish","type":"post","link":"https:\/\/catholicus.eu\/pl\/swieto-ofiarowania-panskiego-matki-bozej-gromnicznej-gdy-swiatlo-wchodzi-do-swiatyni-i-do-twojego-zycia\/","title":{"rendered":"\u015awi\u0119to Ofiarowania Pa\u0144skiego (Matki Bo\u017cej Gromnicznej): gdy \u015awiat\u0142o wchodzi do \u015awi\u0105tyni\u2026 i do twojego \u017cycia"},"content":{"rendered":"\n<p><strong>Staro\u017cytne, pe\u0142ne \u015bwiat\u0142a i g\u0142\u0119boko aktualne \u015bwi\u0119to, kt\u00f3re uczy nas rozpoznawa\u0107 Chrystusa, ofiarowa\u0107 si\u0119 wraz z Nim i \u017cy\u0107 jak dzieci \u015awiat\u0142o\u015bci po\u015br\u00f3d \u015bwiata.<\/strong><\/p>\n\n\n\n<hr class=\"wp-block-separator has-alpha-channel-opacity\"\/>\n\n\n\n<h2 class=\"wp-block-heading\">1. Co naprawd\u0119 celebrujemy w \u015awi\u0119to Ofiarowania Pa\u0144skiego?<\/h2>\n\n\n\n<p>Ka\u017cdego roku, <strong>2 lutego<\/strong>, Ko\u015bci\u00f3\u0142 obchodzi jedno z najpi\u0119kniejszych \u2014 a paradoksalnie tak\u017ce najbardziej zapomnianych \u2014 \u015bwi\u0105t roku liturgicznego: <strong>Ofiarowanie Pa\u0144skie<\/strong>, znane powszechnie jako <strong>Matki Bo\u017cej Gromnicznej<\/strong>.<\/p>\n\n\n\n<p>Nie jest to ani drugorz\u0119dne nabo\u017ce\u0144stwo, ani jedynie tradycja folklorystyczna. To <strong>\u015bwi\u0119to chrystologiczne, maryjne i g\u0142\u0119boko eschatologiczne<\/strong>. Spotykaj\u0105 si\u0119 w nim:<\/p>\n\n\n\n<ul class=\"wp-block-list\">\n<li><strong>Dzieci\u0144stwo Jezusa<\/strong>, jeszcze kruche i milcz\u0105ce<\/li>\n\n\n\n<li>Wierne wype\u0142nienie <strong>Prawa Moj\u017ceszowego<\/strong><\/li>\n\n\n\n<li><strong>Publiczne objawienie<\/strong> Mesjasza w \u015awi\u0105tyni<\/li>\n\n\n\n<li>Prorocza zapowied\u017a <strong>Krzy\u017ca i Odkupienia<\/strong><\/li>\n\n\n\n<li>Oraz centralny symbol ca\u0142ego \u017cycia chrze\u015bcija\u0144skiego: <strong>\u015awiat\u0142o<\/strong><\/li>\n<\/ul>\n\n\n\n<p>\u015awi\u0119to Ofiarowania Pa\u0144skiego zamyka okres Bo\u017cego Narodzenia, jak ostatni blask, kt\u00f3ry o\u015bwietla wszystko, co nast\u0105pi p\u00f3\u017aniej.<\/p>\n\n\n\n<hr class=\"wp-block-separator has-alpha-channel-opacity\"\/>\n\n\n\n<h2 class=\"wp-block-heading\">2. Podstawa biblijna: obiecane \u015awiat\u0142o wchodzi do \u015awi\u0105tyni<\/h2>\n\n\n\n<p>G\u0142\u00f3wne wydarzenie opisuje Ewangelia wed\u0142ug \u015bw. \u0141ukasza:<\/p>\n\n\n\n<blockquote class=\"wp-block-quote is-layout-flow wp-block-quote-is-layout-flow\">\n<p><em>\u201eGdy up\u0142yn\u0119\u0142y dni ich oczyszczenia wed\u0142ug Prawa Moj\u017ceszowego, przynie\u015bli Dzieci\u0119 do Jerozolimy, aby je przedstawi\u0107 Panu\u201d<\/em><br>(\u0141k 2,22)<\/p>\n<\/blockquote>\n\n\n\n<p>Dokonuj\u0105 si\u0119 tu <strong>trzy g\u0142\u0119boko teologiczne akty<\/strong>:<\/p>\n\n\n\n<h3 class=\"wp-block-heading\">a) Ofiarowanie Pierworodnego<\/h3>\n\n\n\n<p>Zgodnie z Prawem (por. Wj 13,2), ka\u017cdy pierworodny syn nale\u017ca\u0142 do Boga. Maryja i J\u00f3zef, cho\u0107 wiedz\u0105, \u017ce to Dzieci\u0119 <strong>jest Bogiem<\/strong>, z pokor\u0105 poddaj\u0105 si\u0119 Prawu.<\/p>\n\n\n\n<p>\ud83d\udc49 <strong>B\u00f3g pozwala si\u0119 ofiarowa\u0107 przez cz\u0142owieka.<\/strong><br>\ud83d\udc49 Stw\u00f3rca wchodzi do \u015awi\u0105tyni jako stworzenie.<\/p>\n\n\n\n<h3 class=\"wp-block-heading\">b) Oczyszczenie Maryi<\/h3>\n\n\n\n<p>Maryja nie potrzebowa\u0142a oczyszczenia. Nie by\u0142o w Niej grzechu. A jednak staje jak jedna z wielu.<\/p>\n\n\n\n<p>\ud83d\udc49 Tu objawia si\u0119 serce Dziewicy:<br><strong>pokora, pos\u0142usze\u0144stwo i solidarno\u015b\u0107 z grzesznikami.<\/strong><\/p>\n\n\n\n<h3 class=\"wp-block-heading\">c) Spotkanie z Symeonem i Ann\u0105<\/h3>\n\n\n\n<p>Symeon bierze Dzieci\u0119 na r\u0119ce i wypowiada jedn\u0105 z najwznio\u015blejszych modlitw w historii:<\/p>\n\n\n\n<blockquote class=\"wp-block-quote is-layout-flow wp-block-quote-is-layout-flow\">\n<p><em>\u201eTeraz, o W\u0142adco, pozw\u00f3l odej\u015b\u0107 s\u0142udze Twemu w pokoju\u2026 bo moje oczy ujrza\u0142y Twoje zbawienie, \u015bwiat\u0142o na o\u015bwiecenie pogan\u201d<\/em><br>(\u0141k 2,29\u201332)<\/p>\n<\/blockquote>\n\n\n\n<p>Tu rodzi si\u0119 wielki tytu\u0142 tego \u015bwi\u0119ta:<br>\ud83d\udc49 <strong>Chrystus \u2014 \u015awiat\u0142o\u015b\u0107 \u015bwiata<\/strong><\/p>\n\n\n\n<hr class=\"wp-block-separator has-alpha-channel-opacity\"\/>\n\n\n\n<h2 class=\"wp-block-heading\">3. Dlaczego \u015bwi\u0119ci si\u0119 \u015bwiece?<\/h2>\n\n\n\n<p>Tradycja b\u0142ogos\u0142awienia \u015bwiec nie jest p\u00f3\u017aniejszym dodatkiem: <strong>jest \u017cyw\u0105 katechez\u0105<\/strong>.<\/p>\n\n\n\n<h3 class=\"wp-block-heading\">\u015awieca symbolizuje:<\/h3>\n\n\n\n<ul class=\"wp-block-list\">\n<li><strong>Chrystusa<\/strong>, prawdziwe \u015awiat\u0142o<\/li>\n\n\n\n<li><strong>Wiar\u0119<\/strong>, kt\u00f3ra rozprasza ciemno\u015bci<\/li>\n\n\n\n<li><strong>Chrze\u015bcijanina<\/strong>, powo\u0142anego do tego, by spala\u0107 si\u0119 z mi\u0142o\u015bci<\/li>\n<\/ul>\n\n\n\n<p>Wosk pali si\u0119 powoli. Nie czyni ha\u0142asu. Nie broni si\u0119. Daje \u015bwiat\u0142o, spalaj\u0105c samego siebie.<\/p>\n\n\n\n<p>\ud83d\udc49 <strong>Takie powinno by\u0107 \u017cycie chrze\u015bcija\u0144skie.<\/strong><\/p>\n\n\n\n<p>Dlatego przez wieki chrze\u015bcijanie przechowywali po\u015bwi\u0119cone \u015bwiece:<\/p>\n\n\n\n<ul class=\"wp-block-list\">\n<li>Na chwile zagro\u017cenia<\/li>\n\n\n\n<li>Przy konaj\u0105cych chorych<\/li>\n\n\n\n<li>Podczas burz, wojen i kryzys\u00f3w<\/li>\n<\/ul>\n\n\n\n<p>Nie z przes\u0105du, lecz jako <strong>znak zaufania \u015awiat\u0142u, kt\u00f3re nigdy nie ga\u015bnie<\/strong>.<\/p>\n\n\n\n<hr class=\"wp-block-separator has-alpha-channel-opacity\"\/>\n\n\n\n<h2 class=\"wp-block-heading\">4. Niewygodne proroctwo: miecz i Krzy\u017c<\/h2>\n\n\n\n<p>\u015awi\u0119to Ofiarowania Pa\u0144skiego nie jest \u015bwi\u0119tem \u201es\u0142odkim\u201d. Symeon ostrzega Maryj\u0119:<\/p>\n\n\n\n<blockquote class=\"wp-block-quote is-layout-flow wp-block-quote-is-layout-flow\">\n<p><em>\u201eTen przeznaczony jest na upadek i na powstanie wielu\u2026 a Twoj\u0105 dusz\u0119 miecz przeniknie\u201d<\/em><br>(\u0141k 2,34\u201335)<\/p>\n<\/blockquote>\n\n\n\n<p>Po raz pierwszy jasno pojawia si\u0119 tu <strong>cie\u0144 Krzy\u017ca<\/strong>.<\/p>\n\n\n\n<p>\ud83d\udc49 \u015awiat\u0142o nie usuwa cierpienia<br>\ud83d\udc49 <strong>O\u015bwieca je i odkupuje<\/strong><\/p>\n\n\n\n<p>Od tego dnia Maryja wie, \u017ce Jej macierzy\u0144stwo b\u0119dzie <strong>wsp\u00f3\u0142odkupie\u0144cze<\/strong>, ciche i bolesne.<\/p>\n\n\n\n<hr class=\"wp-block-separator has-alpha-channel-opacity\"\/>\n\n\n\n<h2 class=\"wp-block-heading\">5. Aktualno\u015b\u0107 teologiczna dzi\u015b: dlaczego to \u015bwi\u0119to jest bardziej aktualne ni\u017c kiedykolwiek?<\/h2>\n\n\n\n<p>\u017byjemy w czasach:<\/p>\n\n\n\n<ul class=\"wp-block-list\">\n<li>Zam\u0119tu moralnego<\/li>\n\n\n\n<li>Ciemno\u015bci duchowej<\/li>\n\n\n\n<li>Nieustannego ha\u0142asu<\/li>\n\n\n\n<li>Rozwodnionej wiary i relatywizmu<\/li>\n<\/ul>\n\n\n\n<p>\u015awi\u0119to Ofiarowania Pa\u0144skiego przypomina nam trzy pilne prawdy:<\/p>\n\n\n\n<h3 class=\"wp-block-heading\">1. Chrystus pozostaje jedynym \u015awiat\u0142em<\/h3>\n\n\n\n<p>Nie jednym z wielu.<br>Nie kolejn\u0105 opcj\u0105 duchow\u0105.<br>\ud83d\udc49 <strong>Jedynym, kt\u00f3re nie zwodzi.<\/strong><\/p>\n\n\n\n<h3 class=\"wp-block-heading\">2. Wiary si\u0119 nie dziedziczy \u2014 wiar\u0119 si\u0119 ofiaruje<\/h3>\n\n\n\n<p>Maryja i J\u00f3zef <strong>ofiarowuj\u0105<\/strong> Jezusa.<br>Dzi\u015b wielu rodzic\u00f3w <strong>nie ofiarowuje dzieci Bogu<\/strong>.<\/p>\n\n\n\n<p>\ud83d\udc49 Op\u00f3\u017aniane chrzty<br>\ud83d\udc49 Wychowanie bez wiary<br>\ud83d\udc49 L\u0119k przed \u201enarzucaniem\u201d<\/p>\n\n\n\n<p>To \u015bwi\u0119to pyta nas wprost:<br><strong>Do kogo nale\u017c\u0105 twoje dzieci?<\/strong><\/p>\n\n\n\n<h3 class=\"wp-block-heading\">3. Autentyczna wiara zak\u0142ada ofiar\u0119<\/h3>\n\n\n\n<p>Nie ma \u015bwiat\u0142a bez Krzy\u017ca.<br>Nie ma wygodnego chrze\u015bcija\u0144stwa.<\/p>\n\n\n\n<hr class=\"wp-block-separator has-alpha-channel-opacity\"\/>\n\n\n\n<h2 class=\"wp-block-heading\">6. Praktyczny przewodnik teologiczno-duszpasterski, jak dzi\u015b prze\u017cywa\u0107 to \u015bwi\u0119to<\/h2>\n\n\n\n<h3 class=\"wp-block-heading\">I. W \u017cyciu osobistym<\/h3>\n\n\n\n<p><strong>1. Odn\u00f3w swoje ofiarowanie Bogu<\/strong><br>Powtarzaj w sercu:<\/p>\n\n\n\n<blockquote class=\"wp-block-quote is-layout-flow wp-block-quote-is-layout-flow\">\n<p>\u201ePanie, wszystko, czym jestem i co posiadam, nale\u017cy do Ciebie\u201d.<\/p>\n<\/blockquote>\n\n\n\n<p>Czy\u0144 to \u015bwiadomie, nie mechanicznie.<\/p>\n\n\n\n<p><strong>2. Zbadaj swoje strefy ciemno\u015bci<\/strong><\/p>\n\n\n\n<ul class=\"wp-block-list\">\n<li>Ukryte grzechy<\/li>\n\n\n\n<li>Urazy<\/li>\n\n\n\n<li>Letnio\u015b\u0107<\/li>\n\n\n\n<li>L\u0119ki<\/li>\n<\/ul>\n\n\n\n<p>Chrystus nie pot\u0119pia ciemno\u015bci: <strong>przenika je swoim \u015awiat\u0142em<\/strong>.<\/p>\n\n\n\n<hr class=\"wp-block-separator has-alpha-channel-opacity\"\/>\n\n\n\n<h3 class=\"wp-block-heading\">II. W \u017cyciu rodzinnym<\/h3>\n\n\n\n<p><strong>3. Ofiaruj duchowo swoj\u0105 rodzin\u0119<\/strong><br>Nawet je\u015bli twoje dzieci s\u0105 ju\u017c doros\u0142e, ofiaruj je Bogu w modlitwie.<\/p>\n\n\n\n<p>Dawna praktyka:<\/p>\n\n\n\n<ul class=\"wp-block-list\">\n<li>Zapalenie po\u015bwi\u0119conej \u015bwiecy<\/li>\n\n\n\n<li>Wsp\u00f3lna modlitwa <em>Nunc Dimittis<\/em> lub Ojcze nasz<\/li>\n\n\n\n<li>Pro\u015bba o ochron\u0119 i wierno\u015b\u0107<\/li>\n<\/ul>\n\n\n\n<p><strong>4. Przywr\u00f3\u0107 widzialne znaki wiary<\/strong><br>Wiara, kt\u00f3rej nie wida\u0107, s\u0142abnie.<\/p>\n\n\n\n<p>\ud83d\udc49 Krzy\u017ce<br>\ud83d\udc49 \u015awiece<br>\ud83d\udc49 B\u0142ogos\u0142awie\u0144stwa w domu<\/p>\n\n\n\n<hr class=\"wp-block-separator has-alpha-channel-opacity\"\/>\n\n\n\n<h3 class=\"wp-block-heading\">III. W \u017cyciu wsp\u00f3lnotowym i spo\u0142ecznym<\/h3>\n\n\n\n<p><strong>5. B\u0105d\u017a \u015bwiat\u0142em bez pychy<\/strong><br>Nie przez narzucanie, lecz przez <strong>\u015bwiadectwo<\/strong>:<\/p>\n\n\n\n<ul class=\"wp-block-list\">\n<li>Sp\u00f3jno\u015b\u0107 \u017cycia<\/li>\n\n\n\n<li>Mi\u0142osierdzie<\/li>\n\n\n\n<li>Prawd\u0119 bez przemocy<\/li>\n<\/ul>\n\n\n\n<p><strong>6. Nie b\u00f3j si\u0119 by\u0107 \u201eznakiem sprzeciwu\u201d<\/strong><br>Chrystus nim by\u0142. Ko\u015bci\u00f3\u0142 zawsze nim b\u0119dzie.<\/p>\n\n\n\n<p>\ud83d\udc49 Nie ka\u017cde odrzucenie jest pora\u017ck\u0105<br>\ud83d\udc49 Czasem jest wierno\u015bci\u0105<\/p>\n\n\n\n<hr class=\"wp-block-separator has-alpha-channel-opacity\"\/>\n\n\n\n<h2 class=\"wp-block-heading\">7. Maryja \u2014 Kobieta, kt\u00f3ra niesie \u015awiat\u0142o<\/h2>\n\n\n\n<p>Maryja w tej scenie nie m\u00f3wi.<br>Nie t\u0142umaczy.<br>Nie domaga si\u0119 niczego.<\/p>\n\n\n\n<p>\ud83d\udc49 <strong>Ofiaruje, oddaje i zachowuje wszystko w swoim sercu.<\/strong><\/p>\n\n\n\n<p>Uczy nas, \u017ce:<\/p>\n\n\n\n<ul class=\"wp-block-list\">\n<li>Dojrza\u0142a wiara nie potrzebuje rozg\u0142osu<\/li>\n\n\n\n<li>Prawdziwa pobo\u017cno\u015b\u0107 zawsze prowadzi do Chrystusa<\/li>\n\n\n\n<li>Najczystsze \u015bwiat\u0142o to to, kt\u00f3re odbija, a nie o\u015blepia<\/li>\n<\/ul>\n\n\n\n<hr class=\"wp-block-separator has-alpha-channel-opacity\"\/>\n\n\n\n<h2 class=\"wp-block-heading\">8. Zako\u0144czenie: co ty zrobisz ze \u015awiat\u0142em?<\/h2>\n\n\n\n<p>\u015awi\u0119to Ofiarowania Pa\u0144skiego nie jest tylko kolejn\u0105 uroczysto\u015bci\u0105.<br>To <strong>bezpo\u015brednie pytanie skierowane do duszy<\/strong>:<\/p>\n\n\n\n<p>\ud83d\udc49 Czy rozpoznajesz Chrystusa, gdy pokornie wchodzi w twoje \u017cycie?<br>\ud83d\udc49 Czy Go ofiarowujesz \u2014 czy zaw\u0142aszczasz?<br>\ud83d\udc49 Czy pozwalasz, by Jego \u015awiat\u0142o ods\u0142oni\u0142o tak\u017ce twoje cienie?<\/p>\n\n\n\n<p>Jak Symeon, tylko ten, kto czeka, modli si\u0119 i wytrwa, mo\u017ce na ko\u0144cu powiedzie\u0107:<\/p>\n\n\n\n<blockquote class=\"wp-block-quote is-layout-flow wp-block-quote-is-layout-flow\">\n<p><em>\u201eMoje oczy ujrza\u0142y Twoje zbawienie.\u201d<\/em><\/p>\n<\/blockquote>\n\n\n\n<p>Niech to \u015bwi\u0119to nie b\u0119dzie jedynie zapalon\u0105 \u015bwiec\u0105\u2026<br>lecz \u017cyciem, kt\u00f3re p\u0142onie, o\u015bwieca i oddaje si\u0119. \ud83d\udd6f\ufe0f\u271d\ufe0f<\/p>\n","protected":false},"excerpt":{"rendered":"<p>Staro\u017cytne, pe\u0142ne \u015bwiat\u0142a i g\u0142\u0119boko aktualne \u015bwi\u0119to, kt\u00f3re uczy nas rozpoznawa\u0107 Chrystusa, ofiarowa\u0107 si\u0119 wraz z Nim i \u017cy\u0107 jak dzieci \u015awiat\u0142o\u015bci po\u015br\u00f3d \u015bwiata. 1. Co naprawd\u0119 celebrujemy w \u015awi\u0119to Ofiarowania Pa\u0144skiego? Ka\u017cdego roku, 2 lutego, Ko\u015bci\u00f3\u0142 obchodzi jedno z najpi\u0119kniejszych \u2014 a paradoksalnie tak\u017ce najbardziej zapomnianych \u2014 \u015bwi\u0105t roku liturgicznego: Ofiarowanie Pa\u0144skie, znane powszechnie &hellip;<\/p>\n","protected":false},"author":3,"featured_media":4862,"comment_status":"closed","ping_status":"closed","sticky":false,"template":"","format":"standard","meta":{"_seopress_robots_primary_cat":"","_seopress_titles_title":"","_seopress_titles_desc":"","_seopress_robots_index":"","footnotes":""},"categories":[38,52],"tags":[1574],"class_list":["post-4861","post","type-post","status-publish","format-standard","has-post-thumbnail","","category-historia-i-tradycja","category-liturgia-i-rok-liturgiczny","tag-matki-bozej-gromnicznej"],"_links":{"self":[{"href":"https:\/\/catholicus.eu\/pl\/wp-json\/wp\/v2\/posts\/4861","targetHints":{"allow":["GET"]}}],"collection":[{"href":"https:\/\/catholicus.eu\/pl\/wp-json\/wp\/v2\/posts"}],"about":[{"href":"https:\/\/catholicus.eu\/pl\/wp-json\/wp\/v2\/types\/post"}],"author":[{"embeddable":true,"href":"https:\/\/catholicus.eu\/pl\/wp-json\/wp\/v2\/users\/3"}],"replies":[{"embeddable":true,"href":"https:\/\/catholicus.eu\/pl\/wp-json\/wp\/v2\/comments?post=4861"}],"version-history":[{"count":1,"href":"https:\/\/catholicus.eu\/pl\/wp-json\/wp\/v2\/posts\/4861\/revisions"}],"predecessor-version":[{"id":4863,"href":"https:\/\/catholicus.eu\/pl\/wp-json\/wp\/v2\/posts\/4861\/revisions\/4863"}],"wp:featuredmedia":[{"embeddable":true,"href":"https:\/\/catholicus.eu\/pl\/wp-json\/wp\/v2\/media\/4862"}],"wp:attachment":[{"href":"https:\/\/catholicus.eu\/pl\/wp-json\/wp\/v2\/media?parent=4861"}],"wp:term":[{"taxonomy":"category","embeddable":true,"href":"https:\/\/catholicus.eu\/pl\/wp-json\/wp\/v2\/categories?post=4861"},{"taxonomy":"post_tag","embeddable":true,"href":"https:\/\/catholicus.eu\/pl\/wp-json\/wp\/v2\/tags?post=4861"}],"curies":[{"name":"wp","href":"https:\/\/api.w.org\/{rel}","templated":true}]}}