{"id":4849,"date":"2026-01-31T16:07:52","date_gmt":"2026-01-31T15:07:52","guid":{"rendered":"https:\/\/catholicus.eu\/pl\/?p=4849"},"modified":"2026-01-31T16:07:52","modified_gmt":"2026-01-31T15:07:52","slug":"czy-wolno-zuc-konsekrowana-hostie","status":"publish","type":"post","link":"https:\/\/catholicus.eu\/pl\/czy-wolno-zuc-konsekrowana-hostie\/","title":{"rendered":"Czy wolno \u017cu\u0107 konsekrowan\u0105 Hosti\u0119?"},"content":{"rendered":"\n<p>Ma\u0142y gest\u2026 o niesko\u0144czonej g\u0142\u0119bi<\/p>\n\n\n\n<p>Niewiele pozornie \u201eprostych\u201d pyta\u0144 ods\u0142ania tak wiele o naszej wierze jak to jedno: <strong>czy wolno \u017cu\u0107 konsekrowan\u0105 Hosti\u0119?<\/strong><br>Jedni zadaj\u0105 je nie\u015bmia\u0142o, inni z niepokojem, jeszcze inni wr\u0119cz z poczuciem winy. I trudno si\u0119 temu dziwi\u0107: m\u00f3wimy przecie\u017c o <strong>Naj\u015bwi\u0119tszym Sakramencie O\u0142tarza<\/strong>, o Ciele, Krwi, Duszy i B\u00f3stwie naszego Pana Jezusa Chrystusa.<\/p>\n\n\n\n<p>Ten artyku\u0142 ma na celu <strong>pouczy\u0107, rozja\u015bni\u0107 sumienie i da\u0107 jasne duchowe wskaz\u00f3wki<\/strong>, bez moralizowania i bez strachu, ale z ca\u0142\u0105 <strong>teologiczn\u0105 powag\u0105 i pe\u0142n\u0105 czci mi\u0142o\u015bci\u0105<\/strong>, jakiej wymaga ten temat. Bo nie chodzi jedynie o to, <em>jak<\/em> przyjmujemy Komuni\u0119, lecz o <strong>Kogo przyjmujemy<\/strong>.<\/p>\n\n\n\n<hr class=\"wp-block-separator has-alpha-channel-opacity\"\/>\n\n\n\n<h2 class=\"wp-block-heading\">1. Istota zagadnienia: czym naprawd\u0119 jest konsekrowana Hostia?<\/h2>\n\n\n\n<p>Zanim odpowiemy na pytanie, <em>czy wolno j\u0105 \u017cu\u0107<\/em>, musimy odpowiedzie\u0107 na co\u015b wcze\u015bniejszego:<\/p>\n\n\n\n<p>\ud83d\udc49 <strong>Czym jest konsekrowana Hostia?<\/strong><\/p>\n\n\n\n<p>Wiara katolicka naucza \u2014 i nie jest to ani symboliczne, ani poetyckie, ani metaforyczne \u2014 \u017ce po konsekracji:<\/p>\n\n\n\n<blockquote class=\"wp-block-quote is-layout-flow wp-block-quote-is-layout-flow\">\n<p><strong>substancja chleba przestaje istnie\u0107<\/strong><br><strong>i zostaje prawdziwie przemieniona w samego Chrystusa.<\/strong><\/p>\n<\/blockquote>\n\n\n\n<p>Tajemnica ta nosi nazw\u0119 <strong>transsubstancjacji<\/strong>, uroczy\u015bcie zdefiniowanej przez Sob\u00f3r Trydencki.<\/p>\n\n\n\n<p>Chocia\u017c pozostaj\u0105 <strong>postacie zmys\u0142owe<\/strong> (smak, konsystencja, kszta\u0142t), to, co przyjmujemy, jest <strong>Chrystusem \u017cywym i uwielbionym<\/strong>.<\/p>\n\n\n\n<p>Dlatego \u015bw. Pawe\u0142 ostrzega z niezwyk\u0142\u0105 surowo\u015bci\u0105:<\/p>\n\n\n\n<blockquote class=\"wp-block-quote is-layout-flow wp-block-quote-is-layout-flow\">\n<p><em>\u201eKto spo\u017cywa chleb lub pije kielich Pa\u0144ski niegodnie, winny b\u0119dzie Cia\u0142a i Krwi Pa\u0144skiej.\u201d<\/em><br>(1 Kor 11,27)<\/p>\n<\/blockquote>\n\n\n\n<hr class=\"wp-block-separator has-alpha-channel-opacity\"\/>\n\n\n\n<h2 class=\"wp-block-heading\">2. Co uczyni\u0142 Jezus podczas Ostatniej Wieczerzy? Kluczowy czasownik w j\u0119zyku greckim<\/h2>\n\n\n\n<p>Wchodzimy tu w fascynuj\u0105cy \u2014 i ma\u0142o znany \u2014 aspekt oryginalnego tekstu biblijnego.<\/p>\n\n\n\n<p>W Ewangeliach Jezus m\u00f3wi:<\/p>\n\n\n\n<blockquote class=\"wp-block-quote is-layout-flow wp-block-quote-is-layout-flow\">\n<p><em>\u201eBierzcie i jedzcie.\u201d<\/em><br>(Mt 26,26)<\/p>\n<\/blockquote>\n\n\n\n<p>W j\u0119zyku greckim u\u017cyty jest czasownik:<\/p>\n\n\n\n<h3 class=\"wp-block-heading\"><strong>\u03c6\u03ac\u03b3\u03b5\u03c4\u03b5 (ph\u00e1gete)<\/strong><\/h3>\n\n\n\n<p>Tryb rozkazuj\u0105cy czasownika <strong>\u03c6\u03b1\u03b3\u03b5\u1fd6\u03bd (phage\u00een)<\/strong><\/p>\n\n\n\n<p>Czasownik ten <strong>dos\u0142ownie oznacza \u201eje\u015b\u0107\u201d<\/strong>, a nie \u201epo\u0142yka\u0107 bez \u017cucia\u201d.<br>Jest to ten sam czasownik, kt\u00f3rego u\u017cywa si\u0119 wobec jedzenia chleba, ryby czy jakiegokolwiek zwyk\u0142ego pokarmu.<\/p>\n\n\n\n<p>Ale to nie wszystko.<\/p>\n\n\n\n<p>W mowie o Chlebie \u017bycia (J 6), gdy wielu si\u0119 gorszy, Jezus nie \u0142agodzi j\u0119zyka, lecz go <strong>zaostrza<\/strong>:<\/p>\n\n\n\n<blockquote class=\"wp-block-quote is-layout-flow wp-block-quote-is-layout-flow\">\n<p><em>\u201eKto spo\u017cywa moje Cia\u0142o i pije moj\u0105 Krew, ma \u017cycie wieczne.\u201d<\/em> (J 6,54)<\/p>\n<\/blockquote>\n\n\n\n<p>Tutaj czasownik si\u0119 zmienia:<\/p>\n\n\n\n<h3 class=\"wp-block-heading\"><strong>\u03c4\u03c1\u03ce\u03b3\u03c9 (tr\u00f3g\u014d)<\/strong><\/h3>\n\n\n\n<p>Co oznacza <strong>\u201e\u017cu\u0107, gry\u017a\u0107, prze\u017cuwa\u0107\u201d<\/strong>.<\/p>\n\n\n\n<p>Nie jest to s\u0142owo eleganckie. Jest <strong>surowe, cielesne, realistyczne<\/strong>.<\/p>\n\n\n\n<p>\ud83d\udc49 <strong>Jezus \u015bwiadomie wybiera czasownik, kt\u00f3ry zak\u0142ada \u017cucie.<\/strong><\/p>\n\n\n\n<p>To ca\u0142kowicie obala przekonanie, \u017ce \u017cucie Hostii jest samo w sobie brakiem szacunku.<\/p>\n\n\n\n<hr class=\"wp-block-separator has-alpha-channel-opacity\"\/>\n\n\n\n<h2 class=\"wp-block-heading\">3. A wi\u0119c\u2026 tak czy nie? Jasna odpowied\u017a teologii katolickiej<\/h2>\n\n\n\n<h3 class=\"wp-block-heading\"><strong>Tak, wolno \u017cu\u0107 konsekrowan\u0105 Hosti\u0119.<\/strong><\/h3>\n\n\n\n<p>Nie jest to grzech.<br>Nie jest to <em>samo w sobie<\/em> brak czci.<br>Nie czyni Komunii niewa\u017cn\u0105.<\/p>\n\n\n\n<p>Ko\u015bci\u00f3\u0142 <strong>nigdy nie naucza\u0142<\/strong>, \u017ce Hosti\u0119 nale\u017cy po\u0142yka\u0107 bez \u017cucia.<\/p>\n\n\n\n<p>W rzeczywisto\u015bci:<\/p>\n\n\n\n<ul class=\"wp-block-list\">\n<li>Od pierwszych wiek\u00f3w Komuni\u0119 przyjmowano tak, jak spo\u017cywa si\u0119 chleb.<\/li>\n\n\n\n<li>Ojcowie Ko\u015bcio\u0142a nigdy nie zakazali \u017cucia.<\/li>\n\n\n\n<li>Nie istnieje \u017caden dokument Magisterium, kt\u00f3ry by to pot\u0119pia\u0142.<\/li>\n<\/ul>\n\n\n\n<p>\ud83d\udc49 <strong>Problemem nie jest \u017cucie<\/strong>,<br>\ud83d\udc49 <strong>lecz wewn\u0119trzna i zewn\u0119trzna postawa, z jak\u0105 przyst\u0119puje si\u0119 do Komunii<\/strong>.<\/p>\n\n\n\n<hr class=\"wp-block-separator has-alpha-channel-opacity\"\/>\n\n\n\n<h2 class=\"wp-block-heading\">4. Sk\u0105d wi\u0119c przekonanie, \u017ce \u201enie wolno tego robi\u0107\u201d?<\/h2>\n\n\n\n<p>Tu wchodzimy na teren duszpasterski i duchowy.<\/p>\n\n\n\n<p>Na przestrzeni wiek\u00f3w, aby <strong>podkre\u015bli\u0107 cze\u015b\u0107<\/strong>, rozwin\u0119\u0142y si\u0119 bardzo staranne praktyki pobo\u017cno\u015bciowe:<\/p>\n\n\n\n<ul class=\"wp-block-list\">\n<li>Coraz mniejsze Hostie<\/li>\n\n\n\n<li>Komunia na j\u0119zyk<\/li>\n\n\n\n<li>Unikanie najmniejszych nawet okruch\u00f3w<\/li>\n\n\n\n<li>Bezwzgl\u0119dna cisza<\/li>\n<\/ul>\n\n\n\n<p>Wszystko to wyp\u0142ywa z <strong>g\u0142\u0119bokiej mi\u0142o\u015bci do Naj\u015bwi\u0119tszego Sakramentu<\/strong>, a nie z obowi\u0105zku dogmatycznego.<\/p>\n\n\n\n<p>Jednak wydarzy\u0142o si\u0119 co\u015b istotnego:<br>\ud83d\udc49 <strong>Praktyk\u0119 pobo\u017cn\u0105 pomylono z obowi\u0105zkiem moralnym.<\/strong><\/p>\n\n\n\n<p>W ten spos\u00f3b wielu wiernych dorasta\u0142o w przekonaniu:<\/p>\n\n\n\n<blockquote class=\"wp-block-quote is-layout-flow wp-block-quote-is-layout-flow\">\n<p>\u201eJe\u015bli \u017cuj\u0119, okazuj\u0119 brak szacunku.\u201d<\/p>\n<\/blockquote>\n\n\n\n<p>To nieprawda.<br>Brakiem czci by\u0142oby natomiast:<\/p>\n\n\n\n<ul class=\"wp-block-list\">\n<li>Przyjmowanie Komunii w roztargnieniu<\/li>\n\n\n\n<li>Przyjmowanie jej bez wiary w rzeczywist\u0105 obecno\u015b\u0107<\/li>\n\n\n\n<li>Przyjmowanie jej w stanie grzechu ci\u0119\u017ckiego<\/li>\n\n\n\n<li>Przyjmowanie jej tak, jakby si\u0119 bra\u0142o po prostu \u201eco\u015b\u201d<\/li>\n<\/ul>\n\n\n\n<hr class=\"wp-block-separator has-alpha-channel-opacity\"\/>\n\n\n\n<h2 class=\"wp-block-heading\">5. Kluczowa prawda, o kt\u00f3rej ma\u0142o kto wie<\/h2>\n\n\n\n<p>\u015awi\u0119ty Tomasz z Akwinu wyja\u015bnia rzecz zasadnicz\u0105:<\/p>\n\n\n\n<p>\ud83d\udc49 <strong>Chrystus jest obecny tak d\u0142ugo, jak trwaj\u0105 postacie sakramentalne.<\/strong><\/p>\n\n\n\n<p>Gdy Hostia przestaje mie\u0107 posta\u0107 chleba (po strawieniu), <strong>ustaje obecno\u015b\u0107 sakramentalna<\/strong>, cho\u0107 skutek duchowy pozostaje.<\/p>\n\n\n\n<p>Oznacza to co\u015b bardzo wa\u017cnego:<\/p>\n\n\n\n<p>\ud83d\udd39 \u017bucie <strong>nie \u201erani\u201d Chrystusa<\/strong><br>\ud83d\udd39 Nie \u201e\u0142amie\u201d Go<br>\ud83d\udd39 Nie \u201eniszczy\u201d Go<\/p>\n\n\n\n<p>Chrystus uwielbiony <strong>nie cierpi<\/strong>, nie jest kruchy i nie podlega procesom fizycznym cia\u0142a \u015bmiertelnego.<\/p>\n\n\n\n<hr class=\"wp-block-separator has-alpha-channel-opacity\"\/>\n\n\n\n<h2 class=\"wp-block-heading\">6. Rzetelny przewodnik praktyczny: jak dzi\u015b przyjmowa\u0107 Komuni\u0119 z czci\u0105<\/h2>\n\n\n\n<p>Dochodzi tu do najwa\u017cniejszej cz\u0119\u015bci: <strong>zastosowania duszpasterskiego<\/strong>.<\/p>\n\n\n\n<h3 class=\"wp-block-heading\">1. Przed Komuni\u0105<\/h3>\n\n\n\n<ul class=\"wp-block-list\">\n<li>Rzetelny rachunek sumienia<\/li>\n\n\n\n<li>Spowied\u017a w przypadku grzechu ci\u0119\u017ckiego<\/li>\n\n\n\n<li>Post eucharystyczny (co najmniej jedna godzina)<\/li>\n\n\n\n<li>Wewn\u0119trzny akt wiary:<br><em>\u201ePanie, nie jestem godzien\u2026\u201d<\/em><\/li>\n<\/ul>\n\n\n\n<h3 class=\"wp-block-heading\">2. W momencie Komunii<\/h3>\n\n\n\n<ul class=\"wp-block-list\">\n<li>Na j\u0119zyk lub na r\u0119k\u0119 (tam, gdzie jest to dozwolone)<\/li>\n\n\n\n<li>Z skupieniem<\/li>\n\n\n\n<li>Bez po\u015bpiechu<\/li>\n\n\n\n<li>Bez automatycznych gest\u00f3w<\/li>\n<\/ul>\n\n\n\n<h3 class=\"wp-block-heading\">3. \u017bu\u0107 czy nie \u017cu\u0107?<\/h3>\n\n\n\n<ul class=\"wp-block-list\">\n<li><strong>Mo\u017cna \u017cu\u0107 delikatnie<\/strong>, bez przesady<\/li>\n\n\n\n<li>Unika\u0107 gwa\u0142townych lub niedba\u0142ych ruch\u00f3w<\/li>\n\n\n\n<li>Czyni\u0107 to ze \u015bwiadomo\u015bci\u0105, <strong>Kogo si\u0119 przyjmuje<\/strong><\/li>\n<\/ul>\n\n\n\n<p>Spokojny gest zewn\u0119trzny wychowuje serce.<\/p>\n\n\n\n<h3 class=\"wp-block-heading\">4. Po Komunii<\/h3>\n\n\n\n<p>To wielki, a cz\u0119sto zapomniany moment.<\/p>\n\n\n\n<p>\ud83d\udc49 <strong>Minuty po Komunii s\u0105 czystym z\u0142otem.<\/strong><\/p>\n\n\n\n<p>\u015awi\u0119ty Jan Pawe\u0142 II m\u00f3wi\u0142:<\/p>\n\n\n\n<blockquote class=\"wp-block-quote is-layout-flow wp-block-quote-is-layout-flow\">\n<p>\u201eTo najbardziej intymny moment zjednoczenia z Chrystusem w ca\u0142ej Mszy.\u201d<\/p>\n<\/blockquote>\n\n\n\n<p>Cisza.<br>Dzi\u0119kczynienie.<br>Wewn\u0119trzna adoracja.<\/p>\n\n\n\n<hr class=\"wp-block-separator has-alpha-channel-opacity\"\/>\n\n\n\n<h2 class=\"wp-block-heading\">7. Prawdziwym zgorszeniem nie jest \u017cucie\u2026 lecz zapomnienie, Kogo przyjmujemy<\/h2>\n\n\n\n<p>W naszym wsp\u00f3\u0142czesnym kontek\u015bcie \u2014 szybkim, ha\u0142a\u015bliwym, powierzchownym \u2014 problemem nie jest to, czy Hostia jest \u017cuta, czy nie.<\/p>\n\n\n\n<p>Prawdziwy dramat polega na tym, \u017ce:<\/p>\n\n\n\n<ul class=\"wp-block-list\">\n<li>Przyjmuje si\u0119 Komuni\u0119 bez wiary<\/li>\n\n\n\n<li>Przyjmuje si\u0119 j\u0105 bez spowiedzi<\/li>\n\n\n\n<li>Przyjmuje si\u0119 j\u0105 bez mi\u0142o\u015bci<\/li>\n\n\n\n<li>Przyjmuje si\u0119 j\u0105 jak automatyczne prawo<\/li>\n<\/ul>\n\n\n\n<p>Jezus nie powiedzia\u0142:<\/p>\n\n\n\n<blockquote class=\"wp-block-quote is-layout-flow wp-block-quote-is-layout-flow\">\n<p>\u201eBierzcie i spo\u017cywajcie symbol.\u201d<\/p>\n<\/blockquote>\n\n\n\n<p>Powiedzia\u0142:<\/p>\n\n\n\n<blockquote class=\"wp-block-quote is-layout-flow wp-block-quote-is-layout-flow\">\n<p><strong>\u201eTo jest Cia\u0142o moje.\u201d<\/strong><br>(<em>\u03a4\u03bf\u1fe6\u03c4\u03cc \u1f10\u03c3\u03c4\u03b9\u03bd \u03c4\u1f78 \u03c3\u1ff6\u03bc\u03ac \u03bc\u03bf\u03c5 \u2013 Tout\u00f3 estin to s\u014dm\u00e1 mou<\/em>)<\/p>\n<\/blockquote>\n\n\n\n<hr class=\"wp-block-separator has-alpha-channel-opacity\"\/>\n\n\n\n<h2 class=\"wp-block-heading\">8. Na zako\u0144czenie: zaproszenie duchowe<\/h2>\n\n\n\n<p>Gdy nast\u0119pnym razem b\u0119dziesz przyjmowa\u0107 Komuni\u0119, pami\u0119taj o tym:<\/p>\n\n\n\n<p>Nie \u201erobisz czego\u015b\u201d.<br><strong>Przyjmujesz Kogo\u015b.<\/strong><\/p>\n\n\n\n<p>Mo\u017cesz \u017cu\u0107 Hosti\u0119.<br>Ale czy\u0144 to jak ten, kto przyjmuje:<\/p>\n\n\n\n<ul class=\"wp-block-list\">\n<li>swojego Kr\u00f3la,<\/li>\n\n\n\n<li>swojego Boga,<\/li>\n\n\n\n<li>swojego Zbawiciela,<\/li>\n\n\n\n<li>Przyjaciela, kt\u00f3ry staje si\u0119 Chlebem.<\/li>\n<\/ul>\n\n\n\n<p>Bo ostatecznie <strong>to nie usta maj\u0105 by\u0107 delikatne<\/strong>,<br>lecz <strong>serce ma p\u0142on\u0105\u0107 wiar\u0105<\/strong>.<\/p>\n\n\n\n<blockquote class=\"wp-block-quote is-layout-flow wp-block-quote-is-layout-flow\">\n<p><em>\u201eKto spo\u017cywa ten Chleb, b\u0119dzie \u017cy\u0142 na wieki.\u201d<\/em><br>(J 6,58)<\/p>\n<\/blockquote>\n","protected":false},"excerpt":{"rendered":"<p>Ma\u0142y gest\u2026 o niesko\u0144czonej g\u0142\u0119bi Niewiele pozornie \u201eprostych\u201d pyta\u0144 ods\u0142ania tak wiele o naszej wierze jak to jedno: czy wolno \u017cu\u0107 konsekrowan\u0105 Hosti\u0119?Jedni zadaj\u0105 je nie\u015bmia\u0142o, inni z niepokojem, jeszcze inni wr\u0119cz z poczuciem winy. I trudno si\u0119 temu dziwi\u0107: m\u00f3wimy przecie\u017c o Naj\u015bwi\u0119tszym Sakramencie O\u0142tarza, o Ciele, Krwi, Duszy i B\u00f3stwie naszego Pana Jezusa &hellip;<\/p>\n","protected":false},"author":3,"featured_media":4850,"comment_status":"closed","ping_status":"closed","sticky":false,"template":"","format":"standard","meta":{"_seopress_robots_primary_cat":"","_seopress_titles_title":"","_seopress_titles_desc":"","_seopress_robots_index":"","footnotes":""},"categories":[38,52],"tags":[1570],"class_list":["post-4849","post","type-post","status-publish","format-standard","has-post-thumbnail","","category-historia-i-tradycja","category-liturgia-i-rok-liturgiczny","tag-konsekrowana-hostie"],"_links":{"self":[{"href":"https:\/\/catholicus.eu\/pl\/wp-json\/wp\/v2\/posts\/4849","targetHints":{"allow":["GET"]}}],"collection":[{"href":"https:\/\/catholicus.eu\/pl\/wp-json\/wp\/v2\/posts"}],"about":[{"href":"https:\/\/catholicus.eu\/pl\/wp-json\/wp\/v2\/types\/post"}],"author":[{"embeddable":true,"href":"https:\/\/catholicus.eu\/pl\/wp-json\/wp\/v2\/users\/3"}],"replies":[{"embeddable":true,"href":"https:\/\/catholicus.eu\/pl\/wp-json\/wp\/v2\/comments?post=4849"}],"version-history":[{"count":1,"href":"https:\/\/catholicus.eu\/pl\/wp-json\/wp\/v2\/posts\/4849\/revisions"}],"predecessor-version":[{"id":4851,"href":"https:\/\/catholicus.eu\/pl\/wp-json\/wp\/v2\/posts\/4849\/revisions\/4851"}],"wp:featuredmedia":[{"embeddable":true,"href":"https:\/\/catholicus.eu\/pl\/wp-json\/wp\/v2\/media\/4850"}],"wp:attachment":[{"href":"https:\/\/catholicus.eu\/pl\/wp-json\/wp\/v2\/media?parent=4849"}],"wp:term":[{"taxonomy":"category","embeddable":true,"href":"https:\/\/catholicus.eu\/pl\/wp-json\/wp\/v2\/categories?post=4849"},{"taxonomy":"post_tag","embeddable":true,"href":"https:\/\/catholicus.eu\/pl\/wp-json\/wp\/v2\/tags?post=4849"}],"curies":[{"name":"wp","href":"https:\/\/api.w.org\/{rel}","templated":true}]}}