{"id":4806,"date":"2026-01-28T22:06:18","date_gmt":"2026-01-28T21:06:18","guid":{"rendered":"https:\/\/catholicus.eu\/pl\/?p=4806"},"modified":"2026-01-28T22:06:18","modified_gmt":"2026-01-28T21:06:18","slug":"grzechy-przeciwko-piatemu-przykazaniu-nie-zabijaj-wj-2013","status":"publish","type":"post","link":"https:\/\/catholicus.eu\/pl\/grzechy-przeciwko-piatemu-przykazaniu-nie-zabijaj-wj-2013\/","title":{"rendered":"Grzechy przeciwko Pi\u0105temu Przykazaniu: \u201eNie zabijaj\u201d (Wj 20,13)"},"content":{"rendered":"\n<h2 class=\"wp-block-heading\">1. Przykazanie kr\u00f3tkie\u2026 a jednak ogromne<\/h2>\n\n\n\n<p>Pi\u0105te Przykazanie \u2014 <strong>\u201eNie zabijaj\u201d<\/strong> \u2014 wydaje si\u0119 na pierwszy rzut oka jednym z najja\u015bniejszych i najprostszych. Wielu my\u015bli: <em>\u201eNigdy nikogo nie zabi\u0142em, wi\u0119c to przykazanie mnie nie dotyczy\u201d<\/em>. Jednak nauczanie Ko\u015bcio\u0142a, o\u015bwiecone przez Pismo \u015awi\u0119te i pog\u0142\u0119bione przez Tradycj\u0119, ukazuje nam, \u017ce to przykazanie <strong>wykracza daleko poza zab\u00f3jstwo fizyczne<\/strong>.<\/p>\n\n\n\n<p>Pi\u0105te Przykazanie <strong>chroni \u017cycie ludzkie we wszystkich jego wymiarach<\/strong>: cielesnym, duchowym, psychicznym i spo\u0142ecznym. Broni \u017cycia <strong>od pocz\u0119cia a\u017c do naturalnej \u015bmierci<\/strong>, ale tak\u017ce godno\u015bci osoby, integralno\u015bci cia\u0142a i duszy oraz mi\u0142o\u015bci bli\u017aniego.<\/p>\n\n\n\n<p>Jezus nadaje temu przykazaniu radykaln\u0105 g\u0142\u0119bi\u0119, gdy m\u00f3wi:<\/p>\n\n\n\n<blockquote class=\"wp-block-quote is-layout-flow wp-block-quote-is-layout-flow\">\n<p><em>\u201eS\u0142yszeli\u015bcie, \u017ce powiedziano przodkom: \u2018Nie zabijaj\u2019; a kto by zabi\u0142, podlega s\u0105dowi. A Ja wam powiadam: Ka\u017cdy, kto si\u0119 gniewa na swego brata, podlega s\u0105dowi\u201d<\/em> (Mt 5,21\u201322).<\/p>\n<\/blockquote>\n\n\n\n<p>Dlatego <strong>nie zabija\u0107<\/strong> oznacza tak\u017ce <strong>nie niszczy\u0107<\/strong>, <strong>nie gardzi\u0107<\/strong>, <strong>nie rani\u0107<\/strong>, <strong>nie krzywdzi\u0107<\/strong>, <strong>nie porzuca\u0107<\/strong>, <strong>nie nienawidzi\u0107<\/strong>.<\/p>\n\n\n\n<hr class=\"wp-block-separator has-alpha-channel-opacity\"\/>\n\n\n\n<h2 class=\"wp-block-heading\">2. \u017bycie ludzkie: \u015bwi\u0119ty dar Boga<\/h2>\n\n\n\n<p>\u017bycie nie nale\u017cy do nas. <strong>Jest darem Boga<\/strong>, a tylko On jest jego Panem. Zamach na \u017cycie ludzkie jest w swej istocie <strong>buntem przeciwko Stw\u00f3rcy<\/strong>.<\/p>\n\n\n\n<p>Ko\u015bci\u00f3\u0142 naucza jasno:<\/p>\n\n\n\n<ul class=\"wp-block-list\">\n<li>Ka\u017cde \u017cycie ludzkie jest <strong>\u015bwi\u0119te<\/strong><\/li>\n\n\n\n<li>Ka\u017cda osoba posiada <strong>nienaruszaln\u0105 godno\u015b\u0107<\/strong><\/li>\n\n\n\n<li>Nikt nie ma prawa decydowa\u0107, kto zas\u0142uguje na \u017cycie, a kto na \u015bmier\u0107<\/li>\n<\/ul>\n\n\n\n<p>Dotyczy to <strong>dziecka nienarodzonego<\/strong>, <strong>chorego<\/strong>, <strong>cz\u0142owieka starszego<\/strong>, <strong>osoby niepe\u0142nosprawnej<\/strong>, <strong>ubogiego<\/strong>, <strong>nieprzyjaciela<\/strong>, <strong>tego, kto my\u015bli inaczej<\/strong>.<\/p>\n\n\n\n<hr class=\"wp-block-separator has-alpha-channel-opacity\"\/>\n\n\n\n<h2 class=\"wp-block-heading\">3. Ci\u0119\u017ckie i bezpo\u015brednie grzechy przeciwko \u017cyciu ludzkiemu<\/h2>\n\n\n\n<h3 class=\"wp-block-heading\">\ud83d\udd34 1. Zab\u00f3jstwo umy\u015blne<\/h3>\n\n\n\n<ul class=\"wp-block-list\">\n<li>Bezpo\u015brednie i \u015bwiadome zabicie cz\u0142owieka<\/li>\n\n\n\n<li>Zlecanie zab\u00f3jstwa, wynajmowanie p\u0142atnych zab\u00f3jc\u00f3w, nakazywanie niesprawiedliwych egzekucji<\/li>\n\n\n\n<li>Czynny udzia\u0142 w zab\u00f3jstwie<\/li>\n<\/ul>\n\n\n\n<h3 class=\"wp-block-heading\">\ud83d\udd34 2. Aborcja (grzech najci\u0119\u017cszy)<\/h3>\n\n\n\n<ul class=\"wp-block-list\">\n<li>Bezpo\u015brednie lub po\u015brednie spowodowanie \u015bmierci dziecka nienarodzonego<\/li>\n\n\n\n<li>Zgoda na aborcj\u0119, u\u0142atwianie jej, finansowanie lub promowanie<\/li>\n\n\n\n<li>Wywieranie presji na inn\u0105 osob\u0119, aby dokona\u0142a aborcji<\/li>\n\n\n\n<li>Moralne usprawiedliwianie aborcji<\/li>\n\n\n\n<li>Lekarze lub personel medyczny wsp\u00f3\u0142pracuj\u0105cy przy aborcjach<\/li>\n\n\n\n<li>Politycy lub ustawodawcy promuj\u0105cy prawa sprzyjaj\u0105ce aborcji<\/li>\n<\/ul>\n\n\n\n<h3 class=\"wp-block-heading\">\ud83d\udd34 3. Eutanazja i samob\u00f3jstwo wspomagane<\/h3>\n\n\n\n<ul class=\"wp-block-list\">\n<li>Spowodowanie \u015bmierci chorego lub osoby starszej \u201ez lito\u015bci\u201d<\/li>\n\n\n\n<li>Pomaganie, doradzanie lub u\u0142atwianie samob\u00f3jstwa<\/li>\n\n\n\n<li>Usprawiedliwianie eutanazji jako \u201egodnej \u015bmierci\u201d<\/li>\n\n\n\n<li>Odmawianie podstawowej opieki w celu przyspieszenia \u015bmierci<\/li>\n<\/ul>\n\n\n\n<h3 class=\"wp-block-heading\">\ud83d\udd34 4. Samob\u00f3jstwo<\/h3>\n\n\n\n<ul class=\"wp-block-list\">\n<li>Dobrowolny zamach na w\u0142asne \u017cycie<\/li>\n\n\n\n<li>Planowanie, pr\u00f3ba lub powa\u017cne pragnienie odebrania sobie \u017cycia<\/li>\n<\/ul>\n\n\n\n<blockquote class=\"wp-block-quote is-layout-flow wp-block-quote-is-layout-flow\">\n<p>(Ko\u015bci\u00f3\u0142 zawsze rozr\u00f3\u017cnia win\u0119 subiektywn\u0105, jednak sam czyn jest powa\u017cnie nieuporz\u0105dkowany)<\/p>\n<\/blockquote>\n\n\n\n<hr class=\"wp-block-separator has-alpha-channel-opacity\"\/>\n\n\n\n<h2 class=\"wp-block-heading\">4. Grzechy przeciwko integralno\u015bci fizycznej i zdrowiu<\/h2>\n\n\n\n<h3 class=\"wp-block-heading\">\u26a0\ufe0f 5. Przemoc fizyczna<\/h3>\n\n\n\n<ul class=\"wp-block-list\">\n<li>Bicie, ranienie, torturowanie<\/li>\n\n\n\n<li>Przemoc domowa<\/li>\n\n\n\n<li>Fizyczne zn\u0119canie si\u0119 nad dzie\u0107mi, osobami starszymi lub zale\u017cnymi<\/li>\n\n\n\n<li>Przemoc w b\u00f3jkach, napa\u015bciach lub awanturach<\/li>\n<\/ul>\n\n\n\n<h3 class=\"wp-block-heading\">\u26a0\ufe0f 6. Przemoc psychiczna<\/h3>\n\n\n\n<ul class=\"wp-block-list\">\n<li>Systematyczne poni\u017canie<\/li>\n\n\n\n<li>Gro\u017cenie<\/li>\n\n\n\n<li>Manipulacja emocjonalna<\/li>\n\n\n\n<li>Celowe zadawanie cierpienia s\u0142owami lub milczeniem<\/li>\n\n\n\n<li>Niszczenie poczucia w\u0142asnej warto\u015bci drugiej osoby<\/li>\n<\/ul>\n\n\n\n<h3 class=\"wp-block-heading\">\u26a0\ufe0f 7. Nienawi\u015b\u0107 i pragnienie zemsty<\/h3>\n\n\n\n<ul class=\"wp-block-list\">\n<li>\u017byczenie komu\u015b \u015bmierci<\/li>\n\n\n\n<li>Rado\u015b\u0107 z nieszcz\u0119\u015bcia drugiego<\/li>\n\n\n\n<li>\u015awiadome piel\u0119gnowanie urazy<\/li>\n\n\n\n<li>Podsycanie my\u015bli o zem\u015bcie<\/li>\n<\/ul>\n\n\n\n<hr class=\"wp-block-separator has-alpha-channel-opacity\"\/>\n\n\n\n<h2 class=\"wp-block-heading\">5. Grzechy j\u0119zyka przeciwko Pi\u0105temu Przykazaniu<\/h2>\n\n\n\n<p>S\u0142owa r\u00f3wnie\u017c mog\u0105 zabija\u0107.<\/p>\n\n\n\n<h3 class=\"wp-block-heading\">\ud83d\udde3\ufe0f 8. Ci\u0119\u017ckie zniewagi<\/h3>\n\n\n\n<ul class=\"wp-block-list\">\n<li>Obra\u017canie kogo\u015b z pogard\u0105<\/li>\n\n\n\n<li>Odcz\u0142owieczanie innych s\u0142owami<\/li>\n\n\n\n<li>Publiczne o\u015bmieszanie kogo\u015b<\/li>\n<\/ul>\n\n\n\n<h3 class=\"wp-block-heading\">\ud83d\udde3\ufe0f 9. Przekle\u0144stwa<\/h3>\n\n\n\n<ul class=\"wp-block-list\">\n<li>\u017byczenie z\u0142a innym<\/li>\n\n\n\n<li>Przywo\u0142ywanie nieszcz\u0119\u015bcia na kogo\u015b<\/li>\n<\/ul>\n\n\n\n<h3 class=\"wp-block-heading\">\ud83d\udde3\ufe0f 10. Oczernianie i znies\u0142awianie<\/h3>\n\n\n\n<ul class=\"wp-block-list\">\n<li>Niesprawiedliwe niszczenie reputacji drugiej osoby<\/li>\n\n\n\n<li>Niszczenie honoru lub dobrego imienia kogo\u015b<\/li>\n<\/ul>\n\n\n\n<hr class=\"wp-block-separator has-alpha-channel-opacity\"\/>\n\n\n\n<h2 class=\"wp-block-heading\">6. Grzechy zaniedbania: zabijanie przez oboj\u0119tno\u015b\u0107<\/h2>\n\n\n\n<p>Cz\u0142owiek grzeszy nie tylko przez to, co czyni, ale tak\u017ce przez to, czego <strong>zaniecha<\/strong>.<\/p>\n\n\n\n<h3 class=\"wp-block-heading\">\u2696\ufe0f 11. Odmowa pomocy<\/h3>\n\n\n\n<ul class=\"wp-block-list\">\n<li>Nieudzielenie pomocy osobie w niebezpiecze\u0144stwie<\/li>\n\n\n\n<li>Ignorowanie potrzebuj\u0105cych, mimo \u017ce mo\u017cna pom\u00f3c<\/li>\n\n\n\n<li>Przechodzenie oboj\u0119tnie wobec cierpienia bli\u017aniego<\/li>\n<\/ul>\n\n\n\n<h3 class=\"wp-block-heading\">\u2696\ufe0f 12. Porzucenie<\/h3>\n\n\n\n<ul class=\"wp-block-list\">\n<li>Porzucenie dzieci, rodzic\u00f3w lub wsp\u00f3\u0142ma\u0142\u017conka<\/li>\n\n\n\n<li>Brak troski o najs\u0142abszych<\/li>\n<\/ul>\n\n\n\n<hr class=\"wp-block-separator has-alpha-channel-opacity\"\/>\n\n\n\n<h2 class=\"wp-block-heading\">7. Grzechy przeciwko w\u0142asnemu \u017cyciu i cia\u0142u<\/h2>\n\n\n\n<h3 class=\"wp-block-heading\">\u26a0\ufe0f 13. Autodestrukcja<\/h3>\n\n\n\n<ul class=\"wp-block-list\">\n<li>Narkomania<\/li>\n\n\n\n<li>Alkoholizm<\/li>\n\n\n\n<li>Powa\u017cne nadu\u017cywanie w\u0142asnego cia\u0142a<\/li>\n\n\n\n<li>Niepotrzebne zachowania ryzykowne<\/li>\n<\/ul>\n\n\n\n<h3 class=\"wp-block-heading\">\u26a0\ufe0f 14. Powa\u017cne zaniedbanie zdrowia<\/h3>\n\n\n\n<ul class=\"wp-block-list\">\n<li>Odrzucanie koniecznej opieki medycznej bez s\u0142usznej przyczyny<\/li>\n\n\n\n<li>Nara\u017canie w\u0142asnego \u017cycia lub \u017cycia innych przez lekkomy\u015blno\u015b\u0107<\/li>\n<\/ul>\n\n\n\n<hr class=\"wp-block-separator has-alpha-channel-opacity\"\/>\n\n\n\n<h2 class=\"wp-block-heading\">8. Grzechy spo\u0142eczne i strukturalne przeciwko \u017cyciu<\/h2>\n\n\n\n<h3 class=\"wp-block-heading\">\ud83c\udf0d 15. Niesprawiedliwo\u015bci, kt\u00f3re zabijaj\u0105<\/h3>\n\n\n\n<ul class=\"wp-block-list\">\n<li>Skrajne wykorzystywanie pracy<\/li>\n\n\n\n<li>Oboj\u0119tno\u015b\u0107 wobec ub\u00f3stwa<\/li>\n\n\n\n<li>Systemy, kt\u00f3re marginalizuj\u0105 i wykluczaj\u0105<\/li>\n<\/ul>\n\n\n\n<h3 class=\"wp-block-heading\">\ud83c\udf0d 16. Promowanie kultury \u015bmierci<\/h3>\n\n\n\n<ul class=\"wp-block-list\">\n<li>Popieranie ideologii relatywizuj\u0105cych warto\u015b\u0107 \u017cycia<\/li>\n\n\n\n<li>Normalizowanie aborcji, eutanazji lub przemocy<\/li>\n\n\n\n<li>Wy\u015bmiewanie warto\u015bci \u017cycia ludzkiego<\/li>\n<\/ul>\n\n\n\n<hr class=\"wp-block-separator has-alpha-channel-opacity\"\/>\n\n\n\n<h2 class=\"wp-block-heading\">9. Do rachunku sumienia: konkretne pytania<\/h2>\n\n\n\n<p>Przed spowiedzi\u0105 zapytaj siebie szczerze:<\/p>\n\n\n\n<ul class=\"wp-block-list\">\n<li>Czy gardzi\u0142em \u017cyciem innych lub w\u0142asnym?<\/li>\n\n\n\n<li>Czy nosi\u0142em w sercu nienawi\u015b\u0107 lub uraz\u0119?<\/li>\n\n\n\n<li>Czy rani\u0142em s\u0142owami lub milczeniem?<\/li>\n\n\n\n<li>Czy by\u0142em oboj\u0119tny na cierpienie?<\/li>\n\n\n\n<li>Czy usprawiedliwia\u0142em aborcj\u0119 lub eutanazj\u0119?<\/li>\n\n\n\n<li>Czy stosowa\u0142em przemoc fizyczn\u0105 lub psychiczn\u0105?<\/li>\n\n\n\n<li>Czy troszczy\u0142em si\u0119 odpowiedzialnie o swoje \u017cycie i zdrowie?<\/li>\n\n\n\n<li>Czy sprzyja\u0142em pokojowi czy konfliktowi?<\/li>\n<\/ul>\n\n\n\n<hr class=\"wp-block-separator has-alpha-channel-opacity\"\/>\n\n\n\n<h2 class=\"wp-block-heading\">10. Chrystus, Pan \u017cycia<\/h2>\n\n\n\n<p>Pi\u0105te Przykazanie nie jest jedynie zakazem, lecz <strong>wezwaniem do mi\u0142o\u015bci<\/strong>. Chrystus przyszed\u0142, aby\u015bmy mieli <strong>\u017cycie w obfito\u015bci<\/strong> (J 10,10). Broni\u0107 \u017cycia znaczy <strong>kocha\u0107 tak, jak On kocha<\/strong>.<\/p>\n\n\n\n<p>Ka\u017cda spowied\u017a jest okazj\u0105 do <strong>uzdrowienia<\/strong>, <strong>pojednania<\/strong> i <strong>ponownego wyboru \u017cycia<\/strong>.<\/p>\n\n\n\n<blockquote class=\"wp-block-quote is-layout-flow wp-block-quote-is-layout-flow\">\n<p><em>\u201eWybieraj wi\u0119c \u017cycie, aby\u015b \u017cy\u0142 ty i twoje potomstwo\u201d<\/em> (Pwt 30,19).<\/p>\n<\/blockquote>\n","protected":false},"excerpt":{"rendered":"<p>1. Przykazanie kr\u00f3tkie\u2026 a jednak ogromne Pi\u0105te Przykazanie \u2014 \u201eNie zabijaj\u201d \u2014 wydaje si\u0119 na pierwszy rzut oka jednym z najja\u015bniejszych i najprostszych. Wielu my\u015bli: \u201eNigdy nikogo nie zabi\u0142em, wi\u0119c to przykazanie mnie nie dotyczy\u201d. Jednak nauczanie Ko\u015bcio\u0142a, o\u015bwiecone przez Pismo \u015awi\u0119te i pog\u0142\u0119bione przez Tradycj\u0119, ukazuje nam, \u017ce to przykazanie wykracza daleko poza zab\u00f3jstwo &hellip;<\/p>\n","protected":false},"author":3,"featured_media":4807,"comment_status":"closed","ping_status":"closed","sticky":false,"template":"","format":"standard","meta":{"_seopress_robots_primary_cat":"","_seopress_titles_title":"","_seopress_titles_desc":"","_seopress_robots_index":"","footnotes":""},"categories":[37,47],"tags":[1556],"class_list":["post-4806","post","type-post","status-publish","format-standard","has-post-thumbnail","","category-doktryna-i-wiara","category-przykazania","tag-piatemu-przykazaniu"],"_links":{"self":[{"href":"https:\/\/catholicus.eu\/pl\/wp-json\/wp\/v2\/posts\/4806","targetHints":{"allow":["GET"]}}],"collection":[{"href":"https:\/\/catholicus.eu\/pl\/wp-json\/wp\/v2\/posts"}],"about":[{"href":"https:\/\/catholicus.eu\/pl\/wp-json\/wp\/v2\/types\/post"}],"author":[{"embeddable":true,"href":"https:\/\/catholicus.eu\/pl\/wp-json\/wp\/v2\/users\/3"}],"replies":[{"embeddable":true,"href":"https:\/\/catholicus.eu\/pl\/wp-json\/wp\/v2\/comments?post=4806"}],"version-history":[{"count":1,"href":"https:\/\/catholicus.eu\/pl\/wp-json\/wp\/v2\/posts\/4806\/revisions"}],"predecessor-version":[{"id":4808,"href":"https:\/\/catholicus.eu\/pl\/wp-json\/wp\/v2\/posts\/4806\/revisions\/4808"}],"wp:featuredmedia":[{"embeddable":true,"href":"https:\/\/catholicus.eu\/pl\/wp-json\/wp\/v2\/media\/4807"}],"wp:attachment":[{"href":"https:\/\/catholicus.eu\/pl\/wp-json\/wp\/v2\/media?parent=4806"}],"wp:term":[{"taxonomy":"category","embeddable":true,"href":"https:\/\/catholicus.eu\/pl\/wp-json\/wp\/v2\/categories?post=4806"},{"taxonomy":"post_tag","embeddable":true,"href":"https:\/\/catholicus.eu\/pl\/wp-json\/wp\/v2\/tags?post=4806"}],"curies":[{"name":"wp","href":"https:\/\/api.w.org\/{rel}","templated":true}]}}