{"id":4800,"date":"2026-01-27T22:23:31","date_gmt":"2026-01-27T21:23:31","guid":{"rendered":"https:\/\/catholicus.eu\/pl\/?p=4800"},"modified":"2026-01-27T22:23:31","modified_gmt":"2026-01-27T21:23:31","slug":"grzechy-przeciwko-trzeciemu-przykazaniu","status":"publish","type":"post","link":"https:\/\/catholicus.eu\/pl\/grzechy-przeciwko-trzeciemu-przykazaniu\/","title":{"rendered":"Grzechy przeciwko Trzeciemu Przykazaniu"},"content":{"rendered":"\n<h2 class=\"wp-block-heading\">\u201ePami\u0119taj, aby\u015b dzie\u0144 Pa\u0144ski \u015bwi\u0119ci\u0142\u201d (Wj 20,8)<\/h2>\n\n\n\n<h3 class=\"wp-block-heading\">Wprowadzenie: przykazanie zapomniane\u2026 a jednak bardzo aktualne<\/h3>\n\n\n\n<p>W przyspieszonym spo\u0142ecze\u0144stwie, naznaczonym produktywno\u015bci\u0105, konsumpcjonizmem i sta\u0142\u0105 \u0142\u0105czno\u015bci\u0105, <strong>Trzecie Przykazanie<\/strong> jawi si\u0119 wielu osobom jako co\u015b drugorz\u0119dnego, a nawet opcjonalnego. Tymczasem dla tradycji katolickiej \u2014 a w szczeg\u00f3lno\u015bci dla tradycyjnej duchowo\u015bci katolickiej \u2014 przykazanie to dotyka <strong>samego serca relacji cz\u0142owieka z Bogiem<\/strong>.<\/p>\n\n\n\n<p>Nie chodzi jedynie o \u201echodzenie na Msz\u0119 w niedziel\u0119\u201d, lecz o <strong>uznanie Boga za Pana czasu<\/strong>, \u017cycia i historii. Niedziela nie jest po prostu dniem wolnym: jest <strong>Dniem Pa\u0144skim (Dies Domini)<\/strong>, pami\u0105tk\u0105 Zmartwychwstania Chrystusa, zapowiedzi\u0105 wiecznego odpoczynku i duchow\u0105 osi\u0105, kt\u00f3ra nadaje porz\u0105dek ca\u0142emu tygodniowi.<\/p>\n\n\n\n<p>Celem tego artyku\u0142u jest <strong>poucza\u0107, inspirowa\u0107 i s\u0142u\u017cy\u0107 jako przewodnik duchowy<\/strong>, oferuj\u0105c jasne i pog\u0142\u0119bione wyja\u015bnienie Trzeciego Przykazania oraz <strong>obszern\u0105 i szczeg\u00f3\u0142ow\u0105 list\u0119 konkretnych grzech\u00f3w<\/strong>, przygotowan\u0105 zw\u0142aszcza po to, aby pom\u00f3c katolikowi wiernemu Tradycji w dobrym <strong>rachunku sumienia przed spowiedzi\u0105<\/strong>.<\/p>\n\n\n\n<hr class=\"wp-block-separator has-alpha-channel-opacity\"\/>\n\n\n\n<h2 class=\"wp-block-heading\">1. Biblijne i teologiczne podstawy Trzeciego Przykazania<\/h2>\n\n\n\n<h3 class=\"wp-block-heading\">1.1. W Pi\u015bmie \u015awi\u0119tym<\/h3>\n\n\n\n<p>Przykazanie odpoczynku pojawia si\u0119 ju\u017c w <strong>opisie stworzenia<\/strong>:<\/p>\n\n\n\n<blockquote class=\"wp-block-quote is-layout-flow wp-block-quote-is-layout-flow\">\n<p>\u201eA gdy B\u00f3g uko\u0144czy\u0142 w dniu sz\u00f3stym swe dzie\u0142o, nad kt\u00f3rym pracowa\u0142, odpocz\u0105\u0142 dnia si\u00f3dmego po ca\u0142ym swym trudzie\u201d (Rdz 2,2).<\/p>\n<\/blockquote>\n\n\n\n<p>Nie dlatego, \u017ce B\u00f3g potrzebowa\u0142 odpoczynku, lecz aby <strong>nauczy\u0107 cz\u0142owieka \u015bwi\u0119tego rytmu czasu<\/strong>: pracy i odpoczynku, dzia\u0142ania i kontemplacji.<\/p>\n\n\n\n<p>W Dekalogu przykazanie to brzmi:<\/p>\n\n\n\n<blockquote class=\"wp-block-quote is-layout-flow wp-block-quote-is-layout-flow\">\n<p>\u201ePami\u0119taj o dniu szabatu, aby go u\u015bwi\u0119ci\u0107\u201d (Wj 20,8).<\/p>\n<\/blockquote>\n\n\n\n<p>W Chrystusie szabat zostaje przemieniony w <strong>niedziel\u0119<\/strong>, dzie\u0144 Zmartwychwstania, nowego stworzenia i centrum \u017cycia chrze\u015bcija\u0144skiego.<\/p>\n\n\n\n<h3 class=\"wp-block-heading\">1.2. Nauczanie Ko\u015bcio\u0142a<\/h3>\n\n\n\n<p>Katechizm Ko\u015bcio\u0142a Katolickiego (KKK 2168\u20132195) naucza, \u017ce to przykazanie zobowi\u0105zuje do:<\/p>\n\n\n\n<ul class=\"wp-block-list\">\n<li>Oddawania Bogu publicznego kultu<\/li>\n\n\n\n<li>Uczestnictwa we Mszy \u015awi\u0119tej<\/li>\n\n\n\n<li>Powstrzymania si\u0119 od niekoniecznych prac s\u0142u\u017cebnych<\/li>\n\n\n\n<li>Troski o odpoczynek cia\u0142a i duszy<\/li>\n\n\n\n<li>Praktykowania mi\u0142o\u015bci bli\u017aniego i \u017cycia rodzinnego<\/li>\n<\/ul>\n\n\n\n<p>Nie jest to przepis arbitralny, lecz <strong>dar dla cz\u0142owieka<\/strong>.<\/p>\n\n\n\n<hr class=\"wp-block-separator has-alpha-channel-opacity\"\/>\n\n\n\n<h2 class=\"wp-block-heading\">2. Niedziela: dzie\u0144 Mszy, odpoczynku i mi\u0142o\u015bci bli\u017aniego<\/h2>\n\n\n\n<p>Niedziela posiada <strong>trzy nierozerwalne wymiary<\/strong>:<\/p>\n\n\n\n<ol start=\"1\" class=\"wp-block-list\">\n<li><strong>Kult Boga<\/strong> (Msza i modlitwa)<\/li>\n\n\n\n<li><strong>U\u015bwi\u0119cony odpoczynek<\/strong> (powstrzymanie si\u0119 od prac s\u0142u\u017cebnych)<\/li>\n\n\n\n<li><strong>Mi\u0142o\u015b\u0107 bli\u017aniego i \u017cycie rodzinne<\/strong> (czas ofiarowany Bogu i innym)<\/li>\n<\/ol>\n\n\n\n<p>Grzech przeciwko Trzeciemu Przykazaniu polega na zaburzeniu tej r\u00f3wnowagi.<\/p>\n\n\n\n<hr class=\"wp-block-separator has-alpha-channel-opacity\"\/>\n\n\n\n<h2 class=\"wp-block-heading\">3. Grzechy przeciwko Trzeciemu Przykazaniu<\/h2>\n\n\n\n<p>Poni\u017cej przedstawiona jest <strong>obszerna, konkretna i szczeg\u00f3\u0142owa lista<\/strong>, uporz\u0105dkowana wed\u0142ug kategorii, aby u\u0142atwi\u0107 rachunek sumienia.<\/p>\n\n\n\n<blockquote class=\"wp-block-quote is-layout-flow wp-block-quote-is-layout-flow\">\n<p>\u26a0\ufe0f Wa\u017cna uwaga: Ci\u0119\u017car grzechu (\u015bmiertelny lub powszedni) zale\u017cy od <strong>materii<\/strong>, <strong>\u015bwiadomo\u015bci<\/strong> i <strong>dobrowolnej zgody<\/strong>.<\/p>\n<\/blockquote>\n\n\n\n<hr class=\"wp-block-separator has-alpha-channel-opacity\"\/>\n\n\n\n<h3 class=\"wp-block-heading\">3.1. Grzechy przeciwko uczestnictwu we Mszy \u015awi\u0119tej<\/h3>\n\n\n\n<ul class=\"wp-block-list\">\n<li>\u015awiadome opuszczenie Mszy w niedziel\u0119 lub w dzie\u0144 nakazany bez powa\u017cnej przyczyny.<\/li>\n\n\n\n<li>Opuszczenie Mszy z lenistwa, wygody lub z\u0142ej organizacji.<\/li>\n\n\n\n<li>Przedk\u0142adanie rozrywki, sportu, podr\u00f3\u017cy lub odpoczynku nad Msz\u0119.<\/li>\n\n\n\n<li>Opuszczenie Mszy z powodu dobrowolnego zbyt p\u00f3\u017anego p\u00f3j\u015bcia spa\u0107.<\/li>\n\n\n\n<li>Opuszczenie Mszy z powodu mo\u017cliwej do unikni\u0119cia pracy.<\/li>\n\n\n\n<li>\u015awiadome wybieranie plan\u00f3w, kt\u00f3re uniemo\u017cliwiaj\u0105 udzia\u0142 we Mszy.<\/li>\n\n\n\n<li>Zwyczajowe i \u015bwiadome sp\u00f3\u017anianie si\u0119 na Msz\u0119.<\/li>\n\n\n\n<li>Wychodzenie z Mszy przed jej zako\u0144czeniem bez s\u0142usznej przyczyny.<\/li>\n\n\n\n<li>Fizyczna obecno\u015b\u0107 przy dobrowolnym braku uwagi i zainteresowania.<\/li>\n\n\n\n<li>Uczestnictwo we Mszy jedynie z presji spo\u0142ecznej lub rodzinnej, bez dyspozycji wewn\u0119trznej.<\/li>\n\n\n\n<li>Uczestnictwo w niewa\u017cnej Mszy z zaniedbania, maj\u0105c \u015bwiadomo\u015b\u0107 sytuacji.<\/li>\n<\/ul>\n\n\n\n<hr class=\"wp-block-separator has-alpha-channel-opacity\"\/>\n\n\n\n<h3 class=\"wp-block-heading\">3.2. Grzechy przeciwko wewn\u0119trznemu u\u015bwi\u0119ceniu niedzieli<\/h3>\n\n\n\n<ul class=\"wp-block-list\">\n<li>Prze\u017cywanie niedzieli jak ka\u017cdego innego dnia.<\/li>\n\n\n\n<li>Niededykowanie \u017cadnego czasu na osobist\u0105 modlitw\u0119 niedzieln\u0105.<\/li>\n\n\n\n<li>Pomijanie wszelkiego dzi\u0119kczynienia po Mszy.<\/li>\n\n\n\n<li>Traktowanie niedzieli wy\u0142\u0105cznie jako dnia konsumpcji lub rozrywki.<\/li>\n\n\n\n<li>Brak przygotowania serca na Msz\u0119 (brak skupienia).<\/li>\n\n\n\n<li>Wewn\u0119trzne lekcewa\u017cenie duchowej warto\u015bci niedzieli.<\/li>\n<\/ul>\n\n\n\n<hr class=\"wp-block-separator has-alpha-channel-opacity\"\/>\n\n\n\n<h3 class=\"wp-block-heading\">3.3. Grzechy przeciwko odpoczynkowi niedzielnemu<\/h3>\n\n\n\n<ul class=\"wp-block-list\">\n<li>Wykonywanie niepotrzebnych prac s\u0142u\u017cebnych, cho\u0107 mo\u017cna ich unikn\u0105\u0107.<\/li>\n\n\n\n<li>Narzucanie niepotrzebnej pracy pracownikom lub podw\u0142adnym.<\/li>\n\n\n\n<li>Praca z chciwo\u015bci lub ambicji materialnej bez s\u0142usznej przyczyny.<\/li>\n\n\n\n<li>Usprawiedliwianie niepotrzebnej pracy konsumpcjonizmem.<\/li>\n\n\n\n<li>Wykonywanie ci\u0119\u017ckich prac domowych bez rzeczywistej konieczno\u015bci.<\/li>\n\n\n\n<li>Nierespektowanie niedzielnego odpoczynku innych.<\/li>\n<\/ul>\n\n\n\n<hr class=\"wp-block-separator has-alpha-channel-opacity\"\/>\n\n\n\n<h3 class=\"wp-block-heading\">3.4. Grzechy zwi\u0105zane z handlem i konsumpcj\u0105<\/h3>\n\n\n\n<ul class=\"wp-block-list\">\n<li>Dokonywanie niepotrzebnych zakup\u00f3w wspieraj\u0105cych prac\u0119 w niedziel\u0119.<\/li>\n\n\n\n<li>Otwieranie sklep\u00f3w bez powa\u017cnej konieczno\u015bci.<\/li>\n\n\n\n<li>Przedk\u0142adanie zakup\u00f3w nad Msz\u0119 \u015awi\u0119t\u0105.<\/li>\n\n\n\n<li>Promowanie konsumpcyjnego stylu prze\u017cywania niedzieli.<\/li>\n<\/ul>\n\n\n\n<hr class=\"wp-block-separator has-alpha-channel-opacity\"\/>\n\n\n\n<h3 class=\"wp-block-heading\">3.5. Grzechy przeciwko \u017cyciu rodzinnemu i mi\u0142o\u015bci bli\u017aniego<\/h3>\n\n\n\n<ul class=\"wp-block-list\">\n<li>Niededykowanie czasu rodzinie z powodu egoistycznych form wypoczynku.<\/li>\n\n\n\n<li>Wywo\u0142ywanie niepotrzebnych konflikt\u00f3w rodzinnych w niedziel\u0119.<\/li>\n\n\n\n<li>Zaniedbywanie chorych lub os\u00f3b starszych, cho\u0107 mo\u017cna im pom\u00f3c.<\/li>\n\n\n\n<li>Odmowa czyn\u00f3w mi\u0142osierdzia z wygody.<\/li>\n<\/ul>\n\n\n\n<hr class=\"wp-block-separator has-alpha-channel-opacity\"\/>\n\n\n\n<h3 class=\"wp-block-heading\">3.6. Grzechy zgorszenia przeciwko Trzeciemu Przykazaniu<\/h3>\n\n\n\n<ul class=\"wp-block-list\">\n<li>O\u015bmieszanie obowi\u0105zku niedzielnego.<\/li>\n\n\n\n<li>Nauczanie innych, \u017ce Msza nie jest konieczna.<\/li>\n\n\n\n<li>Dawanie z\u0142ego przyk\u0142adu dzieciom lub podw\u0142adnym.<\/li>\n\n\n\n<li>Publiczne usprawiedliwianie opuszczania Mszy.<\/li>\n<\/ul>\n\n\n\n<hr class=\"wp-block-separator has-alpha-channel-opacity\"\/>\n\n\n\n<h3 class=\"wp-block-heading\">3.7. Grzechy z winy niewiedzy lub zaniedbania<\/h3>\n\n\n\n<ul class=\"wp-block-list\">\n<li>Brak zainteresowania dniami nakazanymi.<\/li>\n\n\n\n<li>Nieuczenie dzieci \u015bwi\u0119towania niedzieli.<\/li>\n\n\n\n<li>Niekorygowanie znanych b\u0142\u0119d\u00f3w we w\u0142asnym post\u0119powaniu.<\/li>\n<\/ul>\n\n\n\n<hr class=\"wp-block-separator has-alpha-channel-opacity\"\/>\n\n\n\n<h2 class=\"wp-block-heading\">4. Przewodnik duchowy do w\u0142a\u015bciwego prze\u017cywania Trzeciego Przykazania<\/h2>\n\n\n\n<ul class=\"wp-block-list\">\n<li>Przygotowywa\u0107 niedziel\u0119 ju\u017c od soboty.<\/li>\n\n\n\n<li>Uczyni\u0107 Msz\u0119 centrum dnia.<\/li>\n\n\n\n<li>Ubiera\u0107 si\u0119 godnie na kult Bo\u017cy.<\/li>\n\n\n\n<li>Po\u015bwi\u0119ca\u0107 czas rodzinie i ciszy.<\/li>\n\n\n\n<li>Czyta\u0107 Ewangeli\u0119 dnia.<\/li>\n\n\n\n<li>Spe\u0142nia\u0107 uczynki mi\u0142osierdzia.<\/li>\n<\/ul>\n\n\n\n<hr class=\"wp-block-separator has-alpha-channel-opacity\"\/>\n\n\n\n<h2 class=\"wp-block-heading\">5. Zako\u0144czenie: niedziela jako zapowied\u017a Nieba<\/h2>\n\n\n\n<p>Trzecie Przykazanie nie jest ci\u0119\u017carem, lecz <strong>proroctwem wiecznego odpoczynku<\/strong>. Ka\u017cda wiernie prze\u017cyta niedziela jest ma\u0142ym krokiem ku Niebu.<\/p>\n\n\n\n<p>\u015awi\u0119cenie niedzieli oznacza <strong>uporz\u0105dkowanie w\u0142asnego \u017cycia<\/strong>, oddanie Bogu nale\u017cnego Mu miejsca oraz pami\u0119\u0107 o tym, \u017ce nie jeste\u015bmy niewolnikami pracy ani \u015bwiata, lecz <strong>dzie\u0107mi Boga powo\u0142anymi do wieczno\u015bci<\/strong>.<\/p>\n\n\n\n<blockquote class=\"wp-block-quote is-layout-flow wp-block-quote-is-layout-flow\">\n<p>\u201eNiedziela jest dniem, w kt\u00f3rym chrze\u015bcijanin przypomina sobie, kim jest i dok\u0105d zmierza\u201d.<\/p>\n<\/blockquote>\n\n\n\n<p>Niech ten rachunek sumienia pomo\u017ce do spowiedzi g\u0142\u0119bszej, bardziej pokornej i owocnej.<\/p>\n","protected":false},"excerpt":{"rendered":"<p>\u201ePami\u0119taj, aby\u015b dzie\u0144 Pa\u0144ski \u015bwi\u0119ci\u0142\u201d (Wj 20,8) Wprowadzenie: przykazanie zapomniane\u2026 a jednak bardzo aktualne W przyspieszonym spo\u0142ecze\u0144stwie, naznaczonym produktywno\u015bci\u0105, konsumpcjonizmem i sta\u0142\u0105 \u0142\u0105czno\u015bci\u0105, Trzecie Przykazanie jawi si\u0119 wielu osobom jako co\u015b drugorz\u0119dnego, a nawet opcjonalnego. Tymczasem dla tradycji katolickiej \u2014 a w szczeg\u00f3lno\u015bci dla tradycyjnej duchowo\u015bci katolickiej \u2014 przykazanie to dotyka samego serca relacji cz\u0142owieka &hellip;<\/p>\n","protected":false},"author":3,"featured_media":4801,"comment_status":"closed","ping_status":"closed","sticky":false,"template":"","format":"standard","meta":{"_seopress_robots_primary_cat":"","_seopress_titles_title":"","_seopress_titles_desc":"","_seopress_robots_index":"","footnotes":""},"categories":[37,47],"tags":[1554],"class_list":["post-4800","post","type-post","status-publish","format-standard","has-post-thumbnail","","category-doktryna-i-wiara","category-przykazania","tag-trzeciemu-przykazaniu"],"_links":{"self":[{"href":"https:\/\/catholicus.eu\/pl\/wp-json\/wp\/v2\/posts\/4800","targetHints":{"allow":["GET"]}}],"collection":[{"href":"https:\/\/catholicus.eu\/pl\/wp-json\/wp\/v2\/posts"}],"about":[{"href":"https:\/\/catholicus.eu\/pl\/wp-json\/wp\/v2\/types\/post"}],"author":[{"embeddable":true,"href":"https:\/\/catholicus.eu\/pl\/wp-json\/wp\/v2\/users\/3"}],"replies":[{"embeddable":true,"href":"https:\/\/catholicus.eu\/pl\/wp-json\/wp\/v2\/comments?post=4800"}],"version-history":[{"count":1,"href":"https:\/\/catholicus.eu\/pl\/wp-json\/wp\/v2\/posts\/4800\/revisions"}],"predecessor-version":[{"id":4802,"href":"https:\/\/catholicus.eu\/pl\/wp-json\/wp\/v2\/posts\/4800\/revisions\/4802"}],"wp:featuredmedia":[{"embeddable":true,"href":"https:\/\/catholicus.eu\/pl\/wp-json\/wp\/v2\/media\/4801"}],"wp:attachment":[{"href":"https:\/\/catholicus.eu\/pl\/wp-json\/wp\/v2\/media?parent=4800"}],"wp:term":[{"taxonomy":"category","embeddable":true,"href":"https:\/\/catholicus.eu\/pl\/wp-json\/wp\/v2\/categories?post=4800"},{"taxonomy":"post_tag","embeddable":true,"href":"https:\/\/catholicus.eu\/pl\/wp-json\/wp\/v2\/tags?post=4800"}],"curies":[{"name":"wp","href":"https:\/\/api.w.org\/{rel}","templated":true}]}}