{"id":4797,"date":"2026-01-27T21:57:51","date_gmt":"2026-01-27T20:57:51","guid":{"rendered":"https:\/\/catholicus.eu\/pl\/?p=4797"},"modified":"2026-01-27T21:57:51","modified_gmt":"2026-01-27T20:57:51","slug":"grzechy-przeciwko-drugiemu-przykazaniu","status":"publish","type":"post","link":"https:\/\/catholicus.eu\/pl\/grzechy-przeciwko-drugiemu-przykazaniu\/","title":{"rendered":"Grzechy przeciwko Drugiemu Przykazaniu"},"content":{"rendered":"\n<h2 class=\"wp-block-heading\">\u201eNie b\u0119dziesz bra\u0142 imienia Pana Boga twego nadaremno\u201d (Wj 20,7)<\/h2>\n\n\n\n<p>M\u00f3wienie o grzechach przeciwko Drugiemu Przykazaniu nie dotyczy sprawy drugorz\u0119dnej ani wy\u0142\u0105cznie \u201ej\u0119zykowej\u201d. W czasach naznaczonych banalizacj\u0105 sacrum przykazanie to okazuje si\u0119 niezwykle aktualne i konieczne. B\u00f3g powierzy\u0142 nam swoje Imi\u0119, kt\u00f3re nie jest jedynie s\u0142owem, lecz wyrazem Jego Tajemnicy, Jego \u017cywej Obecno\u015bci i Jego wiernej Mi\u0142o\u015bci.<\/p>\n\n\n\n<p>Drugie Przykazanie strze\u017ce \u015bwi\u0119to\u015bci Imienia Bo\u017cego, a wraz z ni\u0105 sposobu, w jaki odnosimy si\u0119 do Boga, do prawdy, do danego s\u0142owa oraz do wszystkiego, co \u015bwi\u0119te. Wychowywa\u0107 j\u0119zyk i serce to w istocie wychowywa\u0107 dusz\u0119.<\/p>\n\n\n\n<p>Niniejszy artyku\u0142 pragnie pom\u00f3c ci zrozumie\u0107 to przykazanie w ca\u0142ej jego g\u0142\u0119bi oraz \u2014 w spos\u00f3b bardzo konkretny \u2014 ofiarowa\u0107 <strong>obszerny i precyzyjny przewodnik do rachunku sumienia<\/strong>, przeznaczony szczeg\u00f3lnie dla katolika tradycyjnego, kt\u00f3ry pragnie przyst\u0105pi\u0107 do spowiedzi z szczero\u015bci\u0105 i prawo\u015bci\u0105.<\/p>\n\n\n\n<hr class=\"wp-block-separator has-alpha-channel-opacity\"\/>\n\n\n\n<h2 class=\"wp-block-heading\">1. Teologiczne znaczenie Imienia Boga<\/h2>\n\n\n\n<p>W Pi\u015bmie \u015awi\u0119tym imi\u0119 nie jest zwyk\u0142ym znakiem identyfikacyjnym. Objawienie imienia oznacza objawienie to\u017csamo\u015bci. Gdy B\u00f3g objawia si\u0119 Moj\u017ceszowi jako <em>\u201eJestem, kt\u00f3ry jestem\u201d<\/em> (Wj 3,14), ukazuje swoj\u0105 wieczno\u015b\u0107, wierno\u015b\u0107 i blisko\u015b\u0107.<\/p>\n\n\n\n<p>Dlatego Katechizm naucza:<\/p>\n\n\n\n<blockquote class=\"wp-block-quote is-layout-flow wp-block-quote-is-layout-flow\">\n<p>\u201eImi\u0119 Pa\u0144skie jest \u015bwi\u0119te. Dlatego cz\u0142owiek nie powinien go nadu\u017cywa\u0107\u201d (KKK 2142).<\/p>\n<\/blockquote>\n\n\n\n<p>Szacunek dla Imienia Bo\u017cego jest szacunkiem dla samego Boga. Profanowanie go, banalizowanie lub u\u017cywanie lekkomy\u015blne rani nasz\u0105 relacj\u0119 z Nim i zuba\u017ca nasze \u017cycie duchowe.<\/p>\n\n\n\n<hr class=\"wp-block-separator has-alpha-channel-opacity\"\/>\n\n\n\n<h2 class=\"wp-block-heading\">2. Co nakazuje i czego zabrania Drugie Przykazanie?<\/h2>\n\n\n\n<h3 class=\"wp-block-heading\">Co <strong>nakazuje<\/strong>:<\/h3>\n\n\n\n<ul class=\"wp-block-list\">\n<li>Okazywa\u0107 szacunek Imieniu Boga.<\/li>\n\n\n\n<li>U\u017cywa\u0107 go wy\u0142\u0105cznie do b\u0142ogos\u0142awie\u0144stwa, uwielbienia, modlitwy i oddawania chwa\u0142y.<\/li>\n\n\n\n<li>\u017by\u0107 w spos\u00f3b sp\u00f3jny z wiar\u0105, kt\u00f3r\u0105 wyznajemy.<\/li>\n\n\n\n<li>Zachowywa\u0107 wierno\u015b\u0107 przysi\u0119gom i obietnicom z\u0142o\u017conym Bogu.<\/li>\n<\/ul>\n\n\n\n<h3 class=\"wp-block-heading\">Czego <strong>zabrania<\/strong>:<\/h3>\n\n\n\n<ul class=\"wp-block-list\">\n<li>U\u017cywania Imienia Boga w spos\u00f3b lekcewa\u017c\u0105cy.<\/li>\n\n\n\n<li>Blu\u017anierstwa.<\/li>\n\n\n\n<li>Przysi\u0105g fa\u0142szywych lub niepotrzebnych.<\/li>\n\n\n\n<li>Wzywania Boga dla usprawiedliwienia grzechu, k\u0142amstwa lub niesprawiedliwo\u015bci.<\/li>\n<\/ul>\n\n\n\n<hr class=\"wp-block-separator has-alpha-channel-opacity\"\/>\n\n\n\n<h2 class=\"wp-block-heading\">3. Konkretne grzechy przeciwko Drugiemu Przykazaniu<\/h2>\n\n\n\n<p>Poni\u017cej znajdziesz <strong>obszern\u0105, szczeg\u00f3\u0142ow\u0105 i bardzo dok\u0142adn\u0105 list\u0119<\/strong>, przygotowan\u0105 wprost jako pomoc w rachunku sumienia.<\/p>\n\n\n\n<p>Nie chodzi o skrupulanctwo, lecz o nauczenie si\u0119 patrzenia w prawdzie na nasz\u0105 relacj\u0119 z Bogiem i na nasze w\u0142asne s\u0142owo.<\/p>\n\n\n\n<hr class=\"wp-block-separator has-alpha-channel-opacity\"\/>\n\n\n\n<h2 class=\"wp-block-heading\">A. Blu\u017anierstwo (grzech ci\u0119\u017cki)<\/h2>\n\n\n\n<p>Blu\u017anierstwo polega na wypowiadaniu s\u0142\u00f3w nienawi\u015bci, nagany, szyderstwa lub pogardy wobec Boga, Naj\u015bwi\u0119tszej Maryi Panny, \u015bwi\u0119tych lub rzeczy \u015bwi\u0119tych.<\/p>\n\n\n\n<p><strong>Rachunek sumienia:<\/strong><\/p>\n\n\n\n<ul class=\"wp-block-list\">\n<li>Czy \u015bwiadomie zniewa\u017cy\u0142em lub przeklina\u0142em Boga?<\/li>\n\n\n\n<li>Czy wypowiada\u0142em obra\u017aliwe wyra\u017cenia wobec Boga w chwilach gniewu, b\u00f3lu lub frustracji?<\/li>\n\n\n\n<li>Czy blu\u017ani\u0142em z przyzwyczajenia, nie staraj\u0105c si\u0119 tego poprawi\u0107?<\/li>\n\n\n\n<li>Czy tolerowa\u0142em blu\u017anierstwa, nie reaguj\u0105c, gdy mog\u0142em to uczyni\u0107 roztropnie?<\/li>\n\n\n\n<li>Czy czyni\u0142em niestosowne \u017carty o Bogu, Matce Bo\u017cej, \u015bwi\u0119tych lub sakramentach?<\/li>\n\n\n\n<li>Czy udost\u0119pnia\u0142em lub \u015bmia\u0142em si\u0119 z \u017cart\u00f3w, mem\u00f3w czy komentarzy o\u015bmieszaj\u0105cych sacrum?<\/li>\n<\/ul>\n\n\n\n<hr class=\"wp-block-separator has-alpha-channel-opacity\"\/>\n\n\n\n<h2 class=\"wp-block-heading\">B. Daremne lub lekcewa\u017c\u0105ce u\u017cywanie Imienia Boga<\/h2>\n\n\n\n<p>Nie ka\u017cde wykroczenie jest formalnym blu\u017anierstwem, lecz lekkomy\u015blne u\u017cywanie Imienia Boga r\u00f3wnie\u017c jest grzechem.<\/p>\n\n\n\n<p><strong>Rachunek sumienia:<\/strong><\/p>\n\n\n\n<ul class=\"wp-block-list\">\n<li>Czy m\u00f3wi\u0142em \u201eBo\u017ce\u201d, \u201eJezu\u201d, \u201eJezus Chrystus\u201d lub podobne wyra\u017cenia bez intencji modlitwy i bez szacunku?<\/li>\n\n\n\n<li>Czy u\u017cywam Imienia Boga jako zwyk\u0142ego, automatycznego okrzyku?<\/li>\n\n\n\n<li>Czy utraci\u0142em poczucie czci przez bezrefleksyjne powtarzanie tych s\u0142\u00f3w?<\/li>\n\n\n\n<li>Czy swoim przyk\u0142adem uczy\u0142em innych lekcewa\u017cenia Imienia Bo\u017cego?<\/li>\n<\/ul>\n\n\n\n<hr class=\"wp-block-separator has-alpha-channel-opacity\"\/>\n\n\n\n<h2 class=\"wp-block-heading\">C. Niew\u0142a\u015bciwe przysi\u0119gi<\/h2>\n\n\n\n<p>B\u00f3g jest Prawd\u0105. Wzywanie Go na \u015bwiadka k\u0142amstwa jest ci\u0119\u017ck\u0105 profanacj\u0105.<\/p>\n\n\n\n<h3 class=\"wp-block-heading\">1. Przysi\u0119gi fa\u0142szywe<\/h3>\n\n\n\n<p><strong>Rachunek sumienia:<\/strong><\/p>\n\n\n\n<ul class=\"wp-block-list\">\n<li>Czy przysi\u0119ga\u0142em na Imi\u0119 Boga, wiedz\u0105c, \u017ce k\u0142ami\u0119?<\/li>\n\n\n\n<li>Czy m\u00f3wi\u0142em \u201eprzysi\u0119gam na Boga\u201d, nie maj\u0105c zamiaru dotrzyma\u0107 obietnicy?<\/li>\n\n\n\n<li>Czy czyni\u0142em Boga gwarantem nieprawdy?<\/li>\n<\/ul>\n\n\n\n<h3 class=\"wp-block-heading\">2. Przysi\u0119gi niepotrzebne lub b\u0142ahe<\/h3>\n\n\n\n<p><strong>Rachunek sumienia:<\/strong><\/p>\n\n\n\n<ul class=\"wp-block-list\">\n<li>Czy cz\u0119sto przysi\u0119gam bez potrzeby?<\/li>\n\n\n\n<li>Czy u\u017cywam przysi\u0105g, aby nada\u0107 wag\u0119 s\u0142owom, kt\u00f3re same w sobie powinny by\u0107 prawdziwe?<\/li>\n\n\n\n<li>Czy banalizowa\u0142em przysi\u0119gi, czyni\u0105c z nich jedynie j\u0119zykowe wype\u0142niacze?<\/li>\n<\/ul>\n\n\n\n<hr class=\"wp-block-separator has-alpha-channel-opacity\"\/>\n\n\n\n<h2 class=\"wp-block-heading\">D. Niedotrzymane obietnice i \u015bluby<\/h2>\n\n\n\n<p>Obiecywanie czego\u015b Bogu jest powa\u017cnym aktem kultu.<\/p>\n\n\n\n<p><strong>Rachunek sumienia:<\/strong><\/p>\n\n\n\n<ul class=\"wp-block-list\">\n<li>Czy sk\u0142ada\u0142em Bogu obietnice w chwilach potrzeby, a potem o nich zapomina\u0142em?<\/li>\n\n\n\n<li>Czy \u015bwiadomie nie wype\u0142ni\u0142em wa\u017cnego i prawomocnego \u015blubu?<\/li>\n\n\n\n<li>Czy obiecywa\u0142em modlitw\u0119, popraw\u0119 \u017cycia lub dobre uczynki, a potem nie podj\u0105\u0142em powa\u017cnego wysi\u0142ku, by je spe\u0142ni\u0107?<\/li>\n\n\n\n<li>Czy traktowa\u0142em lekkomy\u015blnie obietnice sk\u0142adane wobec Boga?<\/li>\n<\/ul>\n\n\n\n<hr class=\"wp-block-separator has-alpha-channel-opacity\"\/>\n\n\n\n<h2 class=\"wp-block-heading\">E. \u015awi\u0119tokradztwo s\u0142owne i duchowe<\/h2>\n\n\n\n<p>\u015awi\u0119tokradztwo nie jest wy\u0142\u0105cznie materialne; mo\u017ce by\u0107 r\u00f3wnie\u017c s\u0142owne lub wewn\u0119trzne.<\/p>\n\n\n\n<p><strong>Rachunek sumienia:<\/strong><\/p>\n\n\n\n<ul class=\"wp-block-list\">\n<li>Czy m\u00f3wi\u0142em z pogard\u0105 o sakramentach?<\/li>\n\n\n\n<li>Czy o\u015bmiesza\u0142em spowied\u017a, Eucharysti\u0119 lub Msz\u0119 \u015awi\u0119t\u0105?<\/li>\n\n\n\n<li>Czy u\u017cywa\u0142em wulgarnego j\u0119zyka, m\u00f3wi\u0105c o rzeczach \u015bwi\u0119tych?<\/li>\n\n\n\n<li>Czy g\u0142osi\u0142em b\u0142\u0119dy lub szydzi\u0142em z wiary, pos\u0142uguj\u0105c si\u0119 Imieniem Boga?<\/li>\n<\/ul>\n\n\n\n<hr class=\"wp-block-separator has-alpha-channel-opacity\"\/>\n\n\n\n<h2 class=\"wp-block-heading\">F. Hipokryzja i fa\u0142szywe \u015bwiadectwo religijne<\/h2>\n\n\n\n<p>Branie Imienia Boga nadaremno oznacza r\u00f3wnie\u017c u\u017cywanie go do ukrywania \u017cycia sprzecznego z Ewangeli\u0105.<\/p>\n\n\n\n<p><strong>Rachunek sumienia:<\/strong><\/p>\n\n\n\n<ul class=\"wp-block-list\">\n<li>Czy powo\u0142ywa\u0142em si\u0119 na Boga, aby usprawiedliwi\u0107 w\u0142asne grzechy?<\/li>\n\n\n\n<li>Czy dawa\u0142em zgorszenie, u\u017cywaj\u0105c j\u0119zyka religijnego, a \u017cyj\u0105c w spos\u00f3b niesp\u00f3jny?<\/li>\n\n\n\n<li>Czy manipulowa\u0142em innymi, pos\u0142uguj\u0105c si\u0119 Bogiem?<\/li>\n\n\n\n<li>Czy przedstawia\u0142em fa\u0142szywy obraz Boga, kt\u00f3ry usprawiedliwia z\u0142o?<\/li>\n<\/ul>\n\n\n\n<hr class=\"wp-block-separator has-alpha-channel-opacity\"\/>\n\n\n\n<h2 class=\"wp-block-heading\">G. Magia, przes\u0105dy i niew\u0142a\u015bciwe u\u017cycie sacrum<\/h2>\n\n\n\n<p>Wzywanie Imienia Boga poza prawdziw\u0105 wiar\u0105 r\u00f3wnie\u017c jest jego profanacj\u0105.<\/p>\n\n\n\n<p><strong>Rachunek sumienia:<\/strong><\/p>\n\n\n\n<ul class=\"wp-block-list\">\n<li>Czy u\u017cywa\u0142em Imienia Boga w praktykach przes\u0105dnych?<\/li>\n\n\n\n<li>Czy miesza\u0142em modlitwy chrze\u015bcija\u0144skie z praktykami magicznymi?<\/li>\n\n\n\n<li>Czy traktowa\u0142em b\u0142ogos\u0142awie\u0144stwa lub sakramentalia jak amulety?<\/li>\n\n\n\n<li>Czy zwraca\u0142em si\u0119 do uzdrowicieli, wr\u00f3\u017cbiarzy lub praktyk ezoterycznych, powo\u0142uj\u0105c si\u0119 na Boga?<\/li>\n<\/ul>\n\n\n\n<hr class=\"wp-block-separator has-alpha-channel-opacity\"\/>\n\n\n\n<h2 class=\"wp-block-heading\">H. Brak czci w modlitwie<\/h2>\n\n\n\n<p>Nawet modlitwa mo\u017ce sta\u0107 si\u0119 u\u017cyciem daremnym, je\u015bli jest odmawiana bez wiary i szacunku.<\/p>\n\n\n\n<p><strong>Rachunek sumienia:<\/strong><\/p>\n\n\n\n<ul class=\"wp-block-list\">\n<li>Czy modl\u0119 si\u0119 mechanicznie, bez uwagi i czci?<\/li>\n\n\n\n<li>Czy wypowiadam Imi\u0119 Boga bez \u015bwiadomo\u015bci, do Kogo si\u0119 zwracam?<\/li>\n\n\n\n<li>Czy modl\u0119 si\u0119 w spos\u00f3b kpi\u0105cy lub prowokacyjny?<\/li>\n<\/ul>\n\n\n\n<hr class=\"wp-block-separator has-alpha-channel-opacity\"\/>\n\n\n\n<h2 class=\"wp-block-heading\">4. Drugie Przykazanie we wsp\u00f3\u0142czesnym \u015bwiecie<\/h2>\n\n\n\n<p>\u017byjemy po\u015br\u00f3d j\u0119zyka trywialnego, medi\u00f3w spo\u0142eczno\u015bciowych, wiralnych \u017cart\u00f3w i pustych wyra\u017ce\u0144. Obrona dzi\u015b Imienia Boga jest aktem duchowego oporu.<\/p>\n\n\n\n<p>Szacunek wobec Niego:<\/p>\n\n\n\n<ul class=\"wp-block-list\">\n<li>Oczyszcza j\u0119zyk.<\/li>\n\n\n\n<li>Wychowuje serce.<\/li>\n\n\n\n<li>Umacnia wiar\u0119.<\/li>\n\n\n\n<li>Daje ciche \u015bwiadectwo po\u015br\u00f3d \u015bwiata.<\/li>\n<\/ul>\n\n\n\n<p>Katolik, kt\u00f3ry strze\u017ce swoich s\u0142\u00f3w, g\u0142osi Boga nawet wtedy, gdy milczy.<\/p>\n\n\n\n<hr class=\"wp-block-separator has-alpha-channel-opacity\"\/>\n\n\n\n<h2 class=\"wp-block-heading\">5. Droga uzdrowienia i wzrostu duchowego<\/h2>\n\n\n\n<p>Je\u015bli rozpoznajesz w sobie winy przeciwko temu przykazaniu, nie zniech\u0119caj si\u0119. B\u00f3g nie gorszy si\u0119 nasz\u0105 n\u0119dz\u0105 \u2014 On j\u0105 uzdrawia.<\/p>\n\n\n\n<p><strong>Wskazania praktyczne:<\/strong><\/p>\n\n\n\n<ul class=\"wp-block-list\">\n<li>B\u0142ogos\u0142aw zamiast przeklina\u0107.<\/li>\n\n\n\n<li>Wzywaj Imienia Jezusa z mi\u0142o\u015bci\u0105.<\/li>\n\n\n\n<li>Wynagradzaj blu\u017anierstwa aktami uwielbienia.<\/li>\n\n\n\n<li>Stopniowo wychowuj sw\u00f3j j\u0119zyk.<\/li>\n\n\n\n<li>Spowiadaj si\u0119 szczerze i z ufno\u015bci\u0105.<\/li>\n<\/ul>\n\n\n\n<hr class=\"wp-block-separator has-alpha-channel-opacity\"\/>\n\n\n\n<h2 class=\"wp-block-heading\">Zako\u0144czenie<\/h2>\n\n\n\n<p>Drugie Przykazanie przypomina nam, \u017ce B\u00f3g odda\u0142 si\u0119 w nasze r\u0119ce poprzez swoje Imi\u0119. Dobre u\u017cywanie go jest aktem mi\u0142o\u015bci; jego profanacja jest ran\u0105 w relacji.<\/p>\n\n\n\n<p>Niech ten rachunek sumienia nie b\u0119dzie zimn\u0105 list\u0105, lecz zaproszeniem, by <strong>bardziej kocha\u0107 Boga tak\u017ce s\u0142owami<\/strong> i pozwoli\u0107, aby nasz j\u0119zyk odzwierciedla\u0142 \u015bwi\u0119to\u015b\u0107 Tego, kt\u00f3rego nazywamy Ojcem.<\/p>\n\n\n\n<blockquote class=\"wp-block-quote is-layout-flow wp-block-quote-is-layout-flow\">\n<p>\u201ePostaw, Panie, stra\u017c u ust moich, pilnuj bramy warg moich\u201d (Ps 141,3).<\/p>\n<\/blockquote>\n","protected":false},"excerpt":{"rendered":"<p>\u201eNie b\u0119dziesz bra\u0142 imienia Pana Boga twego nadaremno\u201d (Wj 20,7) M\u00f3wienie o grzechach przeciwko Drugiemu Przykazaniu nie dotyczy sprawy drugorz\u0119dnej ani wy\u0142\u0105cznie \u201ej\u0119zykowej\u201d. W czasach naznaczonych banalizacj\u0105 sacrum przykazanie to okazuje si\u0119 niezwykle aktualne i konieczne. B\u00f3g powierzy\u0142 nam swoje Imi\u0119, kt\u00f3re nie jest jedynie s\u0142owem, lecz wyrazem Jego Tajemnicy, Jego \u017cywej Obecno\u015bci i Jego &hellip;<\/p>\n","protected":false},"author":3,"featured_media":4798,"comment_status":"closed","ping_status":"closed","sticky":false,"template":"","format":"standard","meta":{"_seopress_robots_primary_cat":"","_seopress_titles_title":"","_seopress_titles_desc":"","_seopress_robots_index":"","footnotes":""},"categories":[37,47],"tags":[1553],"class_list":["post-4797","post","type-post","status-publish","format-standard","has-post-thumbnail","","category-doktryna-i-wiara","category-przykazania","tag-drugiemu-przykazaniu"],"_links":{"self":[{"href":"https:\/\/catholicus.eu\/pl\/wp-json\/wp\/v2\/posts\/4797","targetHints":{"allow":["GET"]}}],"collection":[{"href":"https:\/\/catholicus.eu\/pl\/wp-json\/wp\/v2\/posts"}],"about":[{"href":"https:\/\/catholicus.eu\/pl\/wp-json\/wp\/v2\/types\/post"}],"author":[{"embeddable":true,"href":"https:\/\/catholicus.eu\/pl\/wp-json\/wp\/v2\/users\/3"}],"replies":[{"embeddable":true,"href":"https:\/\/catholicus.eu\/pl\/wp-json\/wp\/v2\/comments?post=4797"}],"version-history":[{"count":1,"href":"https:\/\/catholicus.eu\/pl\/wp-json\/wp\/v2\/posts\/4797\/revisions"}],"predecessor-version":[{"id":4799,"href":"https:\/\/catholicus.eu\/pl\/wp-json\/wp\/v2\/posts\/4797\/revisions\/4799"}],"wp:featuredmedia":[{"embeddable":true,"href":"https:\/\/catholicus.eu\/pl\/wp-json\/wp\/v2\/media\/4798"}],"wp:attachment":[{"href":"https:\/\/catholicus.eu\/pl\/wp-json\/wp\/v2\/media?parent=4797"}],"wp:term":[{"taxonomy":"category","embeddable":true,"href":"https:\/\/catholicus.eu\/pl\/wp-json\/wp\/v2\/categories?post=4797"},{"taxonomy":"post_tag","embeddable":true,"href":"https:\/\/catholicus.eu\/pl\/wp-json\/wp\/v2\/tags?post=4797"}],"curies":[{"name":"wp","href":"https:\/\/api.w.org\/{rel}","templated":true}]}}