{"id":4738,"date":"2025-09-17T22:18:00","date_gmt":"2025-09-17T20:18:00","guid":{"rendered":"https:\/\/catholicus.eu\/pl\/?p=4738"},"modified":"2025-09-17T22:18:01","modified_gmt":"2025-09-17T20:18:01","slug":"in-pectore-sekret-serca-kosciola","status":"publish","type":"post","link":"https:\/\/catholicus.eu\/pl\/in-pectore-sekret-serca-kosciola\/","title":{"rendered":"In pectore: sekret serca Ko\u015bcio\u0142a"},"content":{"rendered":"\n<p>Ko\u015bci\u00f3\u0142 katolicki, posiadaj\u0105cy dwa tysi\u0105ce lat historii i tradycji, przechowuje \u0142aci\u0144skie wyra\u017cenia, kt\u00f3re nie s\u0105 jedynie terminami prawnymi czy rytualnymi, lecz nios\u0105 ze sob\u0105 g\u0142\u0119bokie znaczenie duchowe i pastoralne. Jednym z nich jest <strong><em>in pectore<\/em><\/strong>, wyra\u017cenie oznaczaj\u0105ce dos\u0142ownie \u201ew piersi\u201d lub \u201ew sercu\u201d. Cho\u0107 zazwyczaj pojawia si\u0119 ono w odniesieniu do nominacji kardynalskich, kt\u00f3re papie\u017c zachowuje w tajemnicy, jego sens si\u0119ga znacznie dalej ni\u017c tylko kwestii administracyjnej dyskrecji: dotyka samej istoty tajemnicy Ko\u015bcio\u0142a, jego relacji z Duchem \u015awi\u0119tym i sposobu, w jaki B\u00f3g prowadzi sw\u00f3j lud.<\/p>\n\n\n\n<p>W tym artykule przyjrzymy si\u0119, co oznacza \u201ein pectore\u201d, jaki jest jego kontekst historyczny i teologiczny, jak przemawia do nas dzisiaj i w jaki spos\u00f3b mo\u017cemy zastosowa\u0107 je w naszym \u017cyciu duchowym i codziennym.<\/p>\n\n\n\n<hr class=\"wp-block-separator has-alpha-channel-opacity\"\/>\n\n\n\n<h2 class=\"wp-block-heading\">1. <strong>Pochodzenie i znaczenie terminu<\/strong><\/h2>\n\n\n\n<p>\u201eIn pectore\u201d pochodzi z \u0142aciny i oznacza dos\u0142ownie \u201ew piersi\u201d lub \u201ew sercu\u201d. W kontek\u015bcie ko\u015bcielnym u\u017cywa si\u0119 go, gdy papie\u017c mianuje kardyna\u0142a, lecz nie og\u0142asza tego publicznie od razu, zachowuj\u0105c jego imi\u0119 we w\u0142asnym sercu. Zwykle dzieje si\u0119 tak z powod\u00f3w roztropno\u015bci duszpasterskiej: by\u0107 mo\u017ce dlatego, \u017ce Ko\u015bci\u00f3\u0142 w kraju wybranego kandydata jest prze\u015bladowany, albo dlatego, \u017ce upublicznienie nominacji mog\u0142oby zagrozi\u0107 \u017cyciu przysz\u0142ego kardyna\u0142a czy wiernych.<\/p>\n\n\n\n<p>Gest ten ma g\u0142\u0119boko biblijny wymiar: przypomina Naj\u015bwi\u0119tsz\u0105 Maryj\u0119 Pann\u0119, kt\u00f3ra <strong>\u201ezachowywa\u0142a wszystkie te sprawy i rozwa\u017ca\u0142a je w swoim sercu\u201d<\/strong> (\u0141k 2,19). Zachowa\u0107 co\u015b \u201ew sercu\u201d nie oznacza ukry\u0107 bez sensu, lecz przechowywa\u0107 z czci\u0105, czeka\u0107 na odpowiedni moment i rozeznawa\u0107 w \u015bwietle Bo\u017cym.<\/p>\n\n\n\n<hr class=\"wp-block-separator has-alpha-channel-opacity\"\/>\n\n\n\n<h2 class=\"wp-block-heading\">2. <strong>Historia \u201ein pectore\u201d w Ko\u015bciele<\/strong><\/h2>\n\n\n\n<p>Cho\u0107 formu\u0142a ta nabra\u0142a wyra\u017aniejszego kszta\u0142tu prawnego w okresie renesansu, praktyka zachowywania w tajemnicy niekt\u00f3rych nominacji ko\u015bcielnych si\u0119ga pierwszych wiek\u00f3w Ko\u015bcio\u0142a. W czasach prze\u015bladowa\u0144 rzymskich biskupi i kap\u0142ani byli cz\u0119sto wy\u015bwi\u0119cani w spos\u00f3b dyskretny, aby unikn\u0105\u0107 represji. P\u00f3\u017aniej, w \u015bredniowieczu, papie\u017ce zacz\u0119li zastrzega\u0107 sobie prawo do mianowania kardyna\u0142\u00f3w bez og\u0142aszania tego publicznie, zw\u0142aszcza w skomplikowanych kontekstach politycznych.<\/p>\n\n\n\n<p>Kardynalat \u201ein pectore\u201d ma charakter wyj\u0105tkowy: dop\u00f3ki papie\u017c \u017cyje, nominacja jest wa\u017cna, nawet je\u015bli pozostaje tajna; ale je\u015bli papie\u017c umrze, nie ujawniaj\u0105c imienia, tytu\u0142 wygasa. Wida\u0107 wi\u0119c wyra\u017anie, \u017ce gest ten nie jest wy\u0142\u0105cznie administracyjny, lecz g\u0142\u0119boko osobisty, powierzony rozeznaniu i modlitwie papie\u017ca.<\/p>\n\n\n\n<hr class=\"wp-block-separator has-alpha-channel-opacity\"\/>\n\n\n\n<h2 class=\"wp-block-heading\">3. <strong>Wymiar teologiczny: to, co ukryte w sercu Boga<\/strong><\/h2>\n\n\n\n<p>Poza aspektem prawnym \u201ein pectore\u201d ukazuje nam fundamentaln\u0105 prawd\u0119: <strong>nie wszystko w Ko\u015bciele jest natychmiastowe czy widzialne<\/strong>. Ko\u015bci\u00f3\u0142 \u017cyje tak\u017ce tym, co jest ukryte, tym, co zachowane w sercu Boga i co objawia si\u0119 w swoim czasie. Sam Jezus naucza\u0142:<\/p>\n\n\n\n<blockquote class=\"wp-block-quote is-layout-flow wp-block-quote-is-layout-flow\">\n<p>\u201eOjciec tw\u00f3j, kt\u00f3ry widzi w ukryciu, odda tobie\u201d (Mt 6,6).<\/p>\n<\/blockquote>\n\n\n\n<p>Przypomina nam to, \u017ce istot\u0119 \u017cycia chrze\u015bcija\u0144skiego nie zawsze mierzy si\u0119 tym, co widoczne: istniej\u0105 ukryci \u015bwi\u0119ci, milcz\u0105ce powo\u0142ania, ofiary, o kt\u00f3rych nikt nie wie, a kt\u00f3re s\u0105 cenne w oczach Boga. \u201eIn pectore\u201d papie\u017ca jest symbolem tej tajemnicy: tego, czego \u015bwiat nie widzi, a co serce Ko\u015bcio\u0142a przechowuje.<\/p>\n\n\n\n<p>Mo\u017cna wi\u0119c powiedzie\u0107, \u017ce \u201ein pectore\u201d odzwierciedla samo \u017cycie wewn\u0119trzne Ko\u015bcio\u0142a, jego wymiar kontemplacyjny, t\u0119 niewidzialn\u0105 cz\u0119\u015b\u0107, kt\u00f3ra podtrzymuje wszystko, co widzialne. Bez modlitwy, bez ciszy, bez tego, co przechowywane w sercu, Ko\u015bci\u00f3\u0142 utraci\u0142by swoje korzenie.<\/p>\n\n\n\n<hr class=\"wp-block-separator has-alpha-channel-opacity\"\/>\n\n\n\n<h2 class=\"wp-block-heading\">4. <strong>Zastosowania pastoralne: \u201ein pectore\u201d w naszym \u017cyciu<\/strong><\/h2>\n\n\n\n<p>Termin ten nie ogranicza si\u0119 jedynie do Watykanu. My r\u00f3wnie\u017c, jako chrze\u015bcijanie, mo\u017cemy \u017cy\u0107 duchowo\u015bci\u0105 \u201ein pectore\u201d. Jak?<\/p>\n\n\n\n<ol class=\"wp-block-list\">\n<li><strong>Zachowywa\u0107 w sercu intencje modlitwy<\/strong><br>Cz\u0119sto modlimy si\u0119 za osoby, sytuacje czy cierpienia, kt\u00f3rych nie mo\u017cemy wyrazi\u0107 na g\u0142os. Jak Maryja, jeste\u015bmy wezwani, aby przechowywa\u0107 te intencje w sercu, przedstawiaj\u0105c je w ciszy Bogu.<\/li>\n\n\n\n<li><strong>Praktykowa\u0107 dyskrecj\u0119 w mi\u0142o\u015bci<\/strong><br>Nie ka\u017cdy dobry uczynek musi by\u0107 nag\u0142o\u015bniony. Niekiedy najprawdziwsza mi\u0142o\u015b\u0107 to ta, kt\u00f3ra pozostaje ukryta. Ja\u0142mu\u017cna, pocieszenie, przebaczenie dokonane \u201ein pectore\u201d czyni nas podobnymi do dyskretnego serca Chrystusa.<\/li>\n\n\n\n<li><strong>Umie\u0107 czeka\u0107 na czas Bo\u017cy<\/strong><br>\u201eIn pectore\u201d papie\u017ca jest znakiem cierpliwo\u015bci i rozeznania. Tak\u017ce w naszym \u017cyciu istniej\u0105 obietnice Bo\u017ce, kt\u00f3re wydaj\u0105 si\u0119 ukryte, ale ujawni\u0105 si\u0119 we w\u0142a\u015bciwym czasie. Wyzwaniem jest ufa\u0107, nie wyprzedzaj\u0105c.<\/li>\n\n\n\n<li><strong>\u017by\u0107 wiar\u0105 w trudnych kontekstach<\/strong><br>Podobnie jak kardyna\u0142owie \u201ein pectore\u201d cz\u0119sto znajduj\u0105 si\u0119 na terenach prze\u015bladowa\u0144, tak i wielu chrze\u015bcijan na \u015bwiecie \u017cyje swoj\u0105 wiar\u0105 w milczeniu \u2013 w rodzinach, w miejscach pracy czy w spo\u0142ecze\u0144stwach, gdzie trudno jest j\u0105 otwarcie wyznawa\u0107. Tam wiara prze\u017cywana \u201ein pectore\u201d staje si\u0119 ukrytym ziarnem, kt\u00f3re pr\u0119dzej czy p\u00f3\u017aniej wyda owoc.<\/li>\n<\/ol>\n\n\n\n<hr class=\"wp-block-separator has-alpha-channel-opacity\"\/>\n\n\n\n<h2 class=\"wp-block-heading\">5. <strong>\u201eIn pectore\u201d a wsp\u00f3\u0142czesny \u015bwiat<\/strong><\/h2>\n\n\n\n<p>Dzi\u015b, gdy wszystko natychmiast trafia do opinii publicznej za po\u015brednictwem medi\u00f3w spo\u0142eczno\u015bciowych, \u201ein pectore\u201d przypomina nam o warto\u015bci \u015bwi\u0119tej tajemnicy, p\u0142odnej ciszy, tego, co przechowywane w sercu. \u017byjemy w czasach, gdy natychmiastowo\u015b\u0107 i ekspozycja zdaj\u0105 si\u0119 dominowa\u0107; jednak Ewangelia uczy nas, \u017ce najwi\u0119ksze rzeczy rodz\u0105 si\u0119 zazwyczaj w ukryciu: Syn Bo\u017cy narodzi\u0142 si\u0119 w skromnej grocie, z dala od \u015bwiate\u0142 \u015bwiata.<\/p>\n\n\n\n<p>\u201eIn pectore\u201d jest w tym sensie antidotum na duchow\u0105 pr\u00f3\u017cno\u015b\u0107. Uczy nas, \u017ce wa\u017cne nie jest by\u0107 widzianym, lecz by\u0107 wiernym. A prawdziwe uznanie nie pochodzi od ludzi, ale od Boga.<\/p>\n\n\n\n<hr class=\"wp-block-separator has-alpha-channel-opacity\"\/>\n\n\n\n<h2 class=\"wp-block-heading\">6. <strong>Przewodnik duchowy: strzec serca jak Chrystus<\/strong><\/h2>\n\n\n\n<p>\u201eIn pectore\u201d zaprasza nas, by\u015bmy \u017cyli sercem podobnym do serca Jezusa: dyskretnym, pe\u0142nym cichej mi\u0142o\u015bci, zdolnym do oczekiwania i rozeznania. Papie\u017c, zachowuj\u0105c imi\u0119 w swojej piersi, na\u015bladuje Dobrego Pasterza, kt\u00f3ry nosi ka\u017cd\u0105 owc\u0119 w swoim sercu. Tak i my jeste\u015bmy wezwani, by nosi\u0107 innych w naszych sercach: rodzin\u0119, przyjaci\u00f3\u0142, a nawet nieprzyjaci\u00f3\u0142, wstawiaj\u0105c si\u0119 za nimi w ciszy.<\/p>\n\n\n\n<p>Mo\u017cemy codziennie \u0107wiczy\u0107 si\u0119 w tym, aby nie\u015b\u0107 \u201ein pectore\u201d kogo\u015b w modlitwie: t\u0119 osob\u0119, kt\u00f3ra cierpi, t\u0119 sytuacj\u0119, kt\u00f3ra nas rani, t\u0119 pro\u015bb\u0119, kt\u00f3ra wydaje si\u0119 niemo\u017cliwa. W ten spos\u00f3b nasze \u017cycie duchowe staje si\u0119 skarbcem, w kt\u00f3rym przechowuje si\u0119 to, co najcenniejsze, oczekuj\u0105c, a\u017c B\u00f3g to objawi.<\/p>\n\n\n\n<hr class=\"wp-block-separator has-alpha-channel-opacity\"\/>\n\n\n\n<h2 class=\"wp-block-heading\"><strong>Zako\u0144czenie<\/strong><\/h2>\n\n\n\n<p>\u201eIn pectore\u201d nie jest jedynie kanonicznym wyra\u017ceniem zarezerwowanym dla watyka\u0144skich kr\u0119g\u00f3w. To s\u0142owo, kt\u00f3re m\u00f3wi o intymno\u015bci, o sacrum, o tym, co przechowywane w sercu Boga i Jego Ko\u015bcio\u0142a. Przypomina nam, \u017ce istniej\u0105 skarby, kt\u00f3re nie musz\u0105 by\u0107 natychmiast ujawniane, \u017ce czas Boga nie jest naszym czasem i \u017ce tak\u017ce cisza jest j\u0119zykiem Bo\u017cym.<\/p>\n\n\n\n<p>W \u015bwiecie, kt\u00f3ry krzyczy, Ko\u015bci\u00f3\u0142 zaprasza nas, by\u015bmy s\u0142uchali szeptu Ducha. W spo\u0142ecze\u0144stwie, kt\u00f3re wszystko wystawia na pokaz, Chrystus uczy nas, by zachowywa\u0107. A w epoce, kt\u00f3ra domaga si\u0119 szybkich rezultat\u00f3w, \u201ein pectore\u201d przypomina nam, \u017ce to, co najlepsze, zawsze dojrzewa w sercu.<\/p>\n\n\n\n<hr class=\"wp-block-separator has-alpha-channel-opacity\"\/>\n\n\n\n<p>\ud83d\udc49 <strong>Klucz duchowy na dzi\u015b<\/strong>: Zadaj sobie pytanie: co przechowuj\u0119 \u201ein pectore\u201d? Jakie intencje, osoby czy cierpienia nosz\u0119 w milczeniu w moim sercu, aby przedstawi\u0107 je Bogu? Ofiaruj je Jemu z ufno\u015bci\u0105, wiedz\u0105c, \u017ce Ojciec, kt\u00f3ry widzi w ukryciu, odpowie.<\/p>\n","protected":false},"excerpt":{"rendered":"<p>Ko\u015bci\u00f3\u0142 katolicki, posiadaj\u0105cy dwa tysi\u0105ce lat historii i tradycji, przechowuje \u0142aci\u0144skie wyra\u017cenia, kt\u00f3re nie s\u0105 jedynie terminami prawnymi czy rytualnymi, lecz nios\u0105 ze sob\u0105 g\u0142\u0119bokie znaczenie duchowe i pastoralne. Jednym z nich jest in pectore, wyra\u017cenie oznaczaj\u0105ce dos\u0142ownie \u201ew piersi\u201d lub \u201ew sercu\u201d. Cho\u0107 zazwyczaj pojawia si\u0119 ono w odniesieniu do nominacji kardynalskich, kt\u00f3re papie\u017c &hellip;<\/p>\n","protected":false},"author":3,"featured_media":4739,"comment_status":"open","ping_status":"open","sticky":false,"template":"","format":"standard","meta":{"_seopress_robots_primary_cat":"","_seopress_titles_title":"","_seopress_titles_desc":"","_seopress_robots_index":"","footnotes":""},"categories":[38,48],"tags":[1536],"class_list":["post-4738","post","type-post","status-publish","format-standard","has-post-thumbnail","","category-historia-i-tradycja","category-historia-kosciola","tag-in-pectore"],"_links":{"self":[{"href":"https:\/\/catholicus.eu\/pl\/wp-json\/wp\/v2\/posts\/4738","targetHints":{"allow":["GET"]}}],"collection":[{"href":"https:\/\/catholicus.eu\/pl\/wp-json\/wp\/v2\/posts"}],"about":[{"href":"https:\/\/catholicus.eu\/pl\/wp-json\/wp\/v2\/types\/post"}],"author":[{"embeddable":true,"href":"https:\/\/catholicus.eu\/pl\/wp-json\/wp\/v2\/users\/3"}],"replies":[{"embeddable":true,"href":"https:\/\/catholicus.eu\/pl\/wp-json\/wp\/v2\/comments?post=4738"}],"version-history":[{"count":1,"href":"https:\/\/catholicus.eu\/pl\/wp-json\/wp\/v2\/posts\/4738\/revisions"}],"predecessor-version":[{"id":4740,"href":"https:\/\/catholicus.eu\/pl\/wp-json\/wp\/v2\/posts\/4738\/revisions\/4740"}],"wp:featuredmedia":[{"embeddable":true,"href":"https:\/\/catholicus.eu\/pl\/wp-json\/wp\/v2\/media\/4739"}],"wp:attachment":[{"href":"https:\/\/catholicus.eu\/pl\/wp-json\/wp\/v2\/media?parent=4738"}],"wp:term":[{"taxonomy":"category","embeddable":true,"href":"https:\/\/catholicus.eu\/pl\/wp-json\/wp\/v2\/categories?post=4738"},{"taxonomy":"post_tag","embeddable":true,"href":"https:\/\/catholicus.eu\/pl\/wp-json\/wp\/v2\/tags?post=4738"}],"curies":[{"name":"wp","href":"https:\/\/api.w.org\/{rel}","templated":true}]}}