{"id":4714,"date":"2025-08-17T20:36:38","date_gmt":"2025-08-17T18:36:38","guid":{"rendered":"https:\/\/catholicus.eu\/pl\/?p=4714"},"modified":"2025-08-17T20:36:39","modified_gmt":"2025-08-17T18:36:39","slug":"trzej-wielcy-wrogowie-sakramentu-pokuty-strach-wstyd-i-lenistwo","status":"publish","type":"post","link":"https:\/\/catholicus.eu\/pl\/trzej-wielcy-wrogowie-sakramentu-pokuty-strach-wstyd-i-lenistwo\/","title":{"rendered":"Trzej Wielcy Wrogowie Sakramentu Pokuty: Strach, Wstyd i Lenistwo"},"content":{"rendered":"\n<p><em>&#8222;We\u017amijcie Ducha \u015awi\u0119tego! Kt\u00f3rym odpu\u015bcicie grzechy, s\u0105 im odpuszczone, a kt\u00f3rym zatrzymacie, s\u0105 im zatrzymane.&#8221;<\/em>&nbsp;(J 20,22-23)<\/p>\n\n\n\n<h2 class=\"wp-block-heading\"><strong>Wprowadzenie: Spowied\u017a &#8211; Dar Bo\u017cy w Kryzysie<\/strong><\/h2>\n\n\n\n<p>W dzisiejszym \u015bwiecie, gdzie relatywizm moralny i sekularyzacja post\u0119puj\u0105 szybko, sakrament pokuty (czyli spowied\u017a) prze\u017cywa cichy kryzys. Wielu katolik\u00f3w, cho\u0107 wierz\u0105cych, unika tego mi\u0142osiernego spotkania z Bogiem z powodu trzech duchowych wrog\u00f3w:&nbsp;<strong>strachu, wstydu i lenistwa<\/strong>.<\/p>\n\n\n\n<p>Te przeszkody nie s\u0105 nowe. Od czas\u00f3w Ojc\u00f3w Ko\u015bcio\u0142a diabe\u0142 stara si\u0119 odci\u0105ga\u0107 dusze od sakramentalnego przebaczenia. Ale dzi\u015b, w spo\u0142ecze\u0144stwie promuj\u0105cym samowystarczalno\u015b\u0107 i odrzucenie poczucia winy, ci wrogowie si\u0119 wzmocnili.<\/p>\n\n\n\n<p>W tym artykule dog\u0142\u0119bnie przeanalizujemy ka\u017cdego z nich, odkryjemy ich teologiczne korzenie, wp\u0142yw na \u017cycie duchowe i przede wszystkim &#8211; jak je pokona\u0107 dzi\u0119ki \u0142asce Bo\u017cej.<\/p>\n\n\n\n<hr class=\"wp-block-separator has-alpha-channel-opacity\"\/>\n\n\n\n<h2 class=\"wp-block-heading\"><strong>1. Strach: &#8222;Co pomy\u015bli ksi\u0105dz?&#8221;<\/strong><\/h2>\n\n\n\n<h3 class=\"wp-block-heading\"><strong>\u0179r\u00f3d\u0142o strachu<\/strong><\/h3>\n\n\n\n<p>Strach przed spowiedzi\u0105 objawia si\u0119 na r\u00f3\u017cne sposoby:<\/p>\n\n\n\n<ul class=\"wp-block-list\">\n<li><em>Obawa przed os\u0105dem kap\u0142ana<\/em><\/li>\n\n\n\n<li><em>L\u0119k, \u017ce nie otrzymam rozgrzeszenia<\/em><\/li>\n\n\n\n<li><em>Niepok\u00f3j, \u017ce zapomn\u0119 niekt\u00f3re grzechy<\/em><\/li>\n<\/ul>\n\n\n\n<p>Ten strach nie pochodzi od Boga, kt\u00f3ry jest&nbsp;<em>&#8222;bogaty w mi\u0142osierdzie&#8221;<\/em>&nbsp;(Ef 2,4). To pu\u0142apka wroga, by oddali\u0107 dusz\u0119 od \u0142aski.<\/p>\n\n\n\n<h3 class=\"wp-block-heading\"><strong>Odpowied\u017a wiary<\/strong><\/h3>\n\n\n\n<p>Jezus ustanowi\u0142 spowied\u017a nie jako trybuna\u0142 pot\u0119pienia, ale jako&nbsp;<em>duchow\u0105 klinik\u0119<\/em>. Kap\u0142an dzia\u0142a&nbsp;<em>in persona Christi<\/em>, czyli w osobie Chrystusa, kt\u00f3ry przyszed\u0142&nbsp;<em>&#8222;nie po to, aby \u015bwiat pot\u0119pi\u0107, ale by \u015bwiat zbawi\u0107&#8221;<\/em>&nbsp;(J 3,17).<\/p>\n\n\n\n<p><strong>Jak pokona\u0107 strach:<\/strong><\/p>\n\n\n\n<ul class=\"wp-block-list\">\n<li><strong>Pami\u0119ta\u0107 o obietnicy Jezusa<\/strong>: On ju\u017c zna nasze grzechy, a\u00a0<em>mimo to<\/em>\u00a0wzywa nas do nawr\u00f3cenia.<\/li>\n\n\n\n<li><strong>Zaufa\u0107 tajemnicy spowiedzi<\/strong>: Kap\u0142an jest zobowi\u0105zany pod kar\u0105 ekskomuniki do absolutnej tajemnicy.<\/li>\n\n\n\n<li><strong>Zacz\u0105\u0107 od prostoty<\/strong>: Je\u015bli l\u0119k jest du\u017cy, mo\u017cna powiedzie\u0107:\u00a0<em>&#8222;Ojcze, boj\u0119 si\u0119 spowiada\u0107, prosz\u0119 mi pom\u00f3c.&#8221;<\/em><\/li>\n<\/ul>\n\n\n\n<hr class=\"wp-block-separator has-alpha-channel-opacity\"\/>\n\n\n\n<h2 class=\"wp-block-heading\"><strong>2. Wstyd: &#8222;Nie mam odwagi wyzna\u0107 grzech\u00f3w&#8221;<\/strong><\/h2>\n\n\n\n<h3 class=\"wp-block-heading\"><strong>Pu\u0142apka wstydu<\/strong><\/h3>\n\n\n\n<p>Wstyd jest chyba najcz\u0119stsz\u0105 przeszkod\u0105. Od upadku Adama i Ewy ludzko\u015b\u0107 do\u015bwiadcza tego uczucia po grzechu (Rdz 3,10).<\/p>\n\n\n\n<p>Ale jest kluczowa r\u00f3\u017cnica:&nbsp;<strong>Adam ukry\u0142 si\u0119 przed Bogiem, gdy syn marnotrawny pobieg\u0142 do Ojca<\/strong>&nbsp;(\u0141k 15,20). Wstyd mo\u017ce by\u0107 zbawienny, je\u015bli prowadzi do \u017calu, ale szkodliwy, je\u015bli parali\u017cuje.<\/p>\n\n\n\n<h3 class=\"wp-block-heading\"><strong>Pokora, kt\u00f3ra wyzwala<\/strong><\/h3>\n\n\n\n<p>\u015aw. Teresa z \u00c1vila m\u00f3wi\u0142a:&nbsp;<em>&#8222;Pokora to prawda.&#8221;<\/em>&nbsp;Wyznanie grzech\u00f3w nie czyni nas ma\u0142ymi przed Bogiem, ale&nbsp;<em>autentycznymi<\/em>. Diabe\u0142 chce, by\u015bmy wierzyli, \u017ce nasze grzechy s\u0105&nbsp;<em>&#8222;zbyt ci\u0119\u017ckie&#8221;<\/em>, ale Bo\u017ce mi\u0142osierdzie jest wi\u0119ksze.<\/p>\n\n\n\n<p><strong>Jak przezwyci\u0119\u017cy\u0107 wstyd:<\/strong><\/p>\n\n\n\n<ul class=\"wp-block-list\">\n<li><strong>Widzie\u0107 w kap\u0142anie lekarza<\/strong>: Nie wstydzimy si\u0119 opisa\u0107 objaw\u00f3w lekarzowi; podobnie spowiednik jest tam, by leczy\u0107, nie s\u0105dzi\u0107.<\/li>\n\n\n\n<li><strong>Rozwa\u017ca\u0107 Krzy\u017c<\/strong>: Je\u015bli Chrystus umar\u0142 za nasze grzechy, jak m\u00f3g\u0142by odm\u00f3wi\u0107 przebaczenia, gdy je wyznajemy?<\/li>\n\n\n\n<li><strong>Korzysta\u0107 z rachunku sumienia<\/strong>: Pomaga uporz\u0105dkowa\u0107 my\u015bli i unikn\u0105\u0107 blokady.<\/li>\n<\/ul>\n\n\n\n<hr class=\"wp-block-separator has-alpha-channel-opacity\"\/>\n\n\n\n<h2 class=\"wp-block-heading\"><strong>3. Lenistwo: &#8222;Wyspowiadam si\u0119&#8230; p\u00f3\u017aniej&#8221;<\/strong><\/h2>\n\n\n\n<h3 class=\"wp-block-heading\"><strong>Niebezpiecze\u0144stwo duchowej prokrastynacji<\/strong><\/h3>\n\n\n\n<p>Duchowe lenistwo (czyli&nbsp;<em>acedia<\/em>) to grzech g\u0142\u00f3wny, kt\u00f3ry sk\u0142ania nas do odk\u0142adania dobra. Wielu m\u00f3wi:&nbsp;<em>&#8222;Nikogo nie zabi\u0142em, nie musz\u0119 cz\u0119sto si\u0119 spowiada\u0107.&#8221;<\/em>&nbsp;Ale Katechizm przypomina:&nbsp;<em>&#8222;Ka\u017cdy grzech, nawet powszedni, wymaga wynagrodzenia&#8221;<\/em>&nbsp;(KKK 1863).<\/p>\n\n\n\n<p>\u015aw. Jan Maria Vianney, proboszcz z Ars, m\u00f3wi\u0142:&nbsp;<em>&#8222;Grzech to sztylet, kt\u00f3rym cz\u0142owiek rani Boga.&#8221;<\/em>&nbsp;Gdy pozwalamy grzechom si\u0119 kumulowa\u0107, serce twardnieje.<\/p>\n\n\n\n<h3 class=\"wp-block-heading\"><strong>Pilno\u015b\u0107 nawr\u00f3cenia<\/strong><\/h3>\n\n\n\n<p>B\u00f3g wzywa nas&nbsp;<em>&#8222;teraz&#8221;<\/em>, nie jutro.&nbsp;<em>&#8222;Oto teraz czas upragniony, oto teraz dzie\u0144 zbawienia.&#8221;<\/em>&nbsp;(2 Kor 6,2).<\/p>\n\n\n\n<p><strong>Jak walczy\u0107 z lenistwem:<\/strong><\/p>\n\n\n\n<ul class=\"wp-block-list\">\n<li><strong>Ustali\u0107 regularny rytm<\/strong>: Np. raz w miesi\u0105cu.<\/li>\n\n\n\n<li><strong>Pami\u0119ta\u0107 o \u015bmierci<\/strong>:\u00a0<em>&#8222;Memento mori&#8221;<\/em>\u00a0(pami\u0119taj o \u015bmierci). Nie wiemy, kiedy nadejdzie nasza ostatnia szansa.<\/li>\n\n\n\n<li><strong>Prosi\u0107 o pomoc duchowego przyjaciela<\/strong>: Kogo\u015b, kto zach\u0119ci nas do spowiedzi.<\/li>\n<\/ul>\n\n\n\n<hr class=\"wp-block-separator has-alpha-channel-opacity\"\/>\n\n\n\n<h2 class=\"wp-block-heading\"><strong>Zako\u0144czenie: Spowied\u017a &#8211; Spotkanie z Mi\u0142o\u015bci\u0105<\/strong><\/h2>\n\n\n\n<p>Sakrament pokuty to nie formalno\u015b\u0107, ale&nbsp;<strong>ojcowskie obj\u0119cie<\/strong>. Pokonanie strachu, wstydu i lenistwa wymaga wiary i determinacji, ale nagroda jest niezmierna:&nbsp;<strong>pok\u00f3j duszy i odnowiona przyja\u017a\u0144 z Bogiem<\/strong>.<\/p>\n\n\n\n<p>Jak m\u00f3wi\u0142 \u015bw. Josemar\u00eda Escriv\u00e1:&nbsp;<em>&#8222;Kto dobrze si\u0119 spowiada, nape\u0142nia si\u0119 rado\u015bci\u0105.&#8221;<\/em>&nbsp;Nie pozw\u00f3lmy, by ci trzej wrogowie pozbawili nas \u0142aski.&nbsp;<strong>Biegnijmy do konfesjona\u0142u!<\/strong>&nbsp;Czeka tam mi\u0142osierdzie.<\/p>\n\n\n\n<blockquote class=\"wp-block-quote is-layout-flow wp-block-quote-is-layout-flow\">\n<p><em>&#8222;Szcz\u0119\u015bliwy cz\u0142owiek, kt\u00f3remu odpuszczona zosta\u0142a nieprawo\u015b\u0107, kt\u00f3rego grzech zosta\u0142 puszczony w niepami\u0119\u0107!&#8221;<\/em>&nbsp;(Ps 32,1)<\/p>\n<\/blockquote>\n\n\n\n<h3 class=\"wp-block-heading\"><strong>Pytania do refleksji<\/strong><\/h3>\n\n\n\n<ol start=\"1\" class=\"wp-block-list\">\n<li>Kt\u00f3ry z tych trzech wrog\u00f3w (strach, wstyd, lenistwo) dotyczy mnie najbardziej?<\/li>\n\n\n\n<li>Kiedy ostatnio spowiada\u0142em si\u0119 szczerze i z rado\u015bci\u0105?<\/li>\n\n\n\n<li>Jakie konkretne kroki mog\u0119 podj\u0105\u0107, by spowiada\u0107 si\u0119 cz\u0119\u015bciej?<\/li>\n<\/ol>\n\n\n\n<p>Niech Naj\u015bwi\u0119tsza Maryja Panna, Ucieczka grzesznik\u00f3w, wyprosi nam \u0142ask\u0119 umi\u0142owania tego sakramentu i przyst\u0119powania do niego z ufno\u015bci\u0105.&nbsp;<strong>Naprz\u00f3d, bez l\u0119ku!<\/strong><\/p>\n","protected":false},"excerpt":{"rendered":"<p>&#8222;We\u017amijcie Ducha \u015awi\u0119tego! Kt\u00f3rym odpu\u015bcicie grzechy, s\u0105 im odpuszczone, a kt\u00f3rym zatrzymacie, s\u0105 im zatrzymane.&#8221;&nbsp;(J 20,22-23) Wprowadzenie: Spowied\u017a &#8211; Dar Bo\u017cy w Kryzysie W dzisiejszym \u015bwiecie, gdzie relatywizm moralny i sekularyzacja post\u0119puj\u0105 szybko, sakrament pokuty (czyli spowied\u017a) prze\u017cywa cichy kryzys. Wielu katolik\u00f3w, cho\u0107 wierz\u0105cych, unika tego mi\u0142osiernego spotkania z Bogiem z powodu trzech duchowych wrog\u00f3w:&nbsp;strachu, &hellip;<\/p>\n","protected":false},"author":3,"featured_media":4715,"comment_status":"open","ping_status":"open","sticky":false,"template":"","format":"standard","meta":{"_seopress_robots_primary_cat":"","_seopress_titles_title":"","_seopress_titles_desc":"","_seopress_robots_index":"","footnotes":""},"categories":[37,46],"tags":[],"class_list":["post-4714","post","type-post","status-publish","format-standard","has-post-thumbnail","","category-doktryna-i-wiara","category-sakramenty"],"_links":{"self":[{"href":"https:\/\/catholicus.eu\/pl\/wp-json\/wp\/v2\/posts\/4714","targetHints":{"allow":["GET"]}}],"collection":[{"href":"https:\/\/catholicus.eu\/pl\/wp-json\/wp\/v2\/posts"}],"about":[{"href":"https:\/\/catholicus.eu\/pl\/wp-json\/wp\/v2\/types\/post"}],"author":[{"embeddable":true,"href":"https:\/\/catholicus.eu\/pl\/wp-json\/wp\/v2\/users\/3"}],"replies":[{"embeddable":true,"href":"https:\/\/catholicus.eu\/pl\/wp-json\/wp\/v2\/comments?post=4714"}],"version-history":[{"count":1,"href":"https:\/\/catholicus.eu\/pl\/wp-json\/wp\/v2\/posts\/4714\/revisions"}],"predecessor-version":[{"id":4716,"href":"https:\/\/catholicus.eu\/pl\/wp-json\/wp\/v2\/posts\/4714\/revisions\/4716"}],"wp:featuredmedia":[{"embeddable":true,"href":"https:\/\/catholicus.eu\/pl\/wp-json\/wp\/v2\/media\/4715"}],"wp:attachment":[{"href":"https:\/\/catholicus.eu\/pl\/wp-json\/wp\/v2\/media?parent=4714"}],"wp:term":[{"taxonomy":"category","embeddable":true,"href":"https:\/\/catholicus.eu\/pl\/wp-json\/wp\/v2\/categories?post=4714"},{"taxonomy":"post_tag","embeddable":true,"href":"https:\/\/catholicus.eu\/pl\/wp-json\/wp\/v2\/tags?post=4714"}],"curies":[{"name":"wp","href":"https:\/\/api.w.org\/{rel}","templated":true}]}}