{"id":4689,"date":"2025-08-13T22:05:45","date_gmt":"2025-08-13T20:05:45","guid":{"rendered":"https:\/\/catholicus.eu\/pl\/?p=4689"},"modified":"2025-08-13T22:05:46","modified_gmt":"2025-08-13T20:05:46","slug":"wniebowziecie-najswietszej-maryi-panny-otwarta-brama-do-nieba-i-nadzieja-dla-ziemi","status":"publish","type":"post","link":"https:\/\/catholicus.eu\/pl\/wniebowziecie-najswietszej-maryi-panny-otwarta-brama-do-nieba-i-nadzieja-dla-ziemi\/","title":{"rendered":"Wniebowzi\u0119cie Naj\u015bwi\u0119tszej Maryi Panny: Otwarta Brama do Nieba i Nadzieja dla Ziemi"},"content":{"rendered":"\n<p>Wniebowzi\u0119cie Naj\u015bwi\u0119tszej Maryi Panny to jedno z najpi\u0119kniejszych i najbardziej nios\u0105cych nadziej\u0119 \u015bwi\u0105t w Ko\u015bciele katolickim. Obchodzone 15 sierpnia, przypomina nam, \u017ce Matka Bo\u017ca, po zako\u0144czeniu swego ziemskiego \u017cycia, zosta\u0142a wzi\u0119ta z cia\u0142em i dusz\u0105 do chwa\u0142y nieba. Nie jest to jedynie prawda wiary uroczy\u015bcie og\u0142oszona przez papie\u017ca Piusa XII w 1950 roku, lecz rzeczywisto\u015b\u0107 g\u0142\u0119boko zakorzeniona w Tradycji Ko\u015bcio\u0142a i w Pi\u015bmie \u015awi\u0119tym. Jest to zaproszenie dla nas wszystkich, aby patrze\u0107 w niebo, nie trac\u0105c st\u00f3p na ziemi; aby \u017cy\u0107 z oczami utkwionymi w wieczno\u015bci, ale z r\u0119kami gotowymi s\u0142u\u017cy\u0107 w tera\u017aniejszo\u015bci.<\/p>\n\n\n\n<hr class=\"wp-block-separator has-alpha-channel-opacity\"\/>\n\n\n\n<h3 class=\"wp-block-heading\">1. Dogmat Wniebowzi\u0119cia: Historia i Uzasadnienie<\/h3>\n\n\n\n<p>1 listopada 1950 roku papie\u017c Pius XII w konstytucji apostolskiej <em>Munificentissimus Deus<\/em> og\u0142osi\u0142 uroczy\u015bcie:<\/p>\n\n\n\n<blockquote class=\"wp-block-quote is-layout-flow wp-block-quote-is-layout-flow\">\n<p>\u201eNiepokalana Matka Boga, zawsze Dziewica Maryja, po zako\u0144czeniu biegu swego \u017cycia ziemskiego, zosta\u0142a wzi\u0119ta z cia\u0142em i dusz\u0105 do chwa\u0142y niebieskiej.\u201d<\/p>\n<\/blockquote>\n\n\n\n<p>To og\u0142oszenie nie pojawi\u0142o si\u0119 znik\u0105d. Na przestrzeni wiek\u00f3w Ko\u015bci\u00f3\u0142 czci\u0142 i wierzy\u0142, \u017ce Maryja nie podlega\u0142a zniszczeniu grobu. Ojcowie Ko\u015bcio\u0142a, tacy jak \u015bw. Jan Damasce\u0144ski, ju\u017c w VIII wieku twierdzili, \u017ce \u201eTen, kt\u00f3ry w Niej zamieszka\u0142 w \u0142onie, zabra\u0142 J\u0105 tak\u017ce do siebie\u201d. To przekonanie opiera\u0142o si\u0119 nie tylko na wyj\u0105tkowej \u015bwi\u0119to\u015bci Matki Bo\u017cej, ale r\u00f3wnie\u017c na g\u0142\u0119bokim zrozumieniu Jej roli w historii zbawienia.<\/p>\n\n\n\n<p>Pismo \u015awi\u0119te nie opisuje wprost momentu Wniebowzi\u0119cia, ale s\u0105 w nim fragmenty, kt\u00f3re roz\u015bwietlaj\u0105 t\u0119 tajemnic\u0119. W <em>Apokalipsie<\/em> 12,1 czytamy:<\/p>\n\n\n\n<blockquote class=\"wp-block-quote is-layout-flow wp-block-quote-is-layout-flow\">\n<p>\u201eUkaza\u0142 si\u0119 wielki znak na niebie: Niewiasta obleczona w s\u0142o\u0144ce, a ksi\u0119\u017cyc pod jej stopami, a na jej g\u0142owie wieniec z gwiazd dwunastu.\u201d<\/p>\n<\/blockquote>\n\n\n\n<p>W Tradycji t\u0105 Niewiast\u0105 jest Maryja, uwielbiona w niebie, obraz i zapowied\u017a Ko\u015bcio\u0142a triumfuj\u0105cego.<\/p>\n\n\n\n<hr class=\"wp-block-separator has-alpha-channel-opacity\"\/>\n\n\n\n<h3 class=\"wp-block-heading\">2. G\u0142\u0119bokie Znaczenie Teologiczne<\/h3>\n\n\n\n<p>Wniebowzi\u0119cie to przede wszystkim og\u0142oszenie zwyci\u0119stwa Chrystusa nad grzechem i \u015bmierci\u0105. Maryja, zachowana od grzechu pierworodnego od chwili swego Niepokalanego Pocz\u0119cia, w pe\u0142ni uczestniczy w tym zwyci\u0119stwie. Jej cia\u0142o nie zazna\u0142o zniszczenia, poniewa\u017c by\u0142o \u017cywym tabernakulum S\u0142owa Wcielonego.<\/p>\n\n\n\n<p>Z teologicznego punktu widzenia ta tajemnica przypomina nam, \u017ce zbawienie nie jest jedynie duchowe, lecz obejmuje ca\u0142\u0105 osob\u0119 \u2014 dusz\u0119 i cia\u0142o. Maryja ju\u017c teraz \u017cyje tym, czego my oczekujemy w powszechnym zmartwychwstaniu. Jak m\u00f3wi \u015bw. Pawe\u0142 w <em>1 Li\u015bcie do Koryntian<\/em> 15,54:<\/p>\n\n\n\n<blockquote class=\"wp-block-quote is-layout-flow wp-block-quote-is-layout-flow\">\n<p>\u201eZwyci\u0119stwo poch\u0142on\u0119\u0142o \u015bmier\u0107.\u201d<\/p>\n<\/blockquote>\n\n\n\n<p>W Maryi to zwyci\u0119stwo ju\u017c si\u0119 dokona\u0142o.<\/p>\n\n\n\n<hr class=\"wp-block-separator has-alpha-channel-opacity\"\/>\n\n\n\n<h3 class=\"wp-block-heading\">3. Wymiar Duszpasterski i Aktualno\u015b\u0107<\/h3>\n\n\n\n<p>\u017byjemy w czasach materializmu, po\u015bpiechu i niewiary w \u017cycie wieczne. Wniebowzi\u0119cie jest balsamem przeciwko rozpaczy. Przypomina nam, \u017ce nasza ostateczna ojczyzna nie jest tutaj, a \u015bmier\u0107 nie jest ko\u0144cem. Patrz\u0105c na Maryj\u0119, widzimy spe\u0142nienie obietnicy Chrystusa:<\/p>\n\n\n\n<blockquote class=\"wp-block-quote is-layout-flow wp-block-quote-is-layout-flow\">\n<p>\u201eW domu Ojca mego jest mieszka\u0144 wiele\u201d (<em>J 14,2<\/em>).<\/p>\n<\/blockquote>\n\n\n\n<p>Z duszpasterskiego punktu widzenia to \u015bwi\u0119to jest wezwaniem, by \u017cy\u0107 jako obywatele nieba, nie daj\u0105c si\u0119 zniewoli\u0107 troskom ziemskim. To zaproszenie do czysto\u015bci serca, pokory i s\u0142u\u017cby \u2014 cn\u00f3t, kt\u00f3re przygotowa\u0142y Maryj\u0119 do chwa\u0142y, kt\u00f3r\u0105 teraz si\u0119 cieszy.<\/p>\n\n\n\n<hr class=\"wp-block-separator has-alpha-channel-opacity\"\/>\n\n\n\n<h3 class=\"wp-block-heading\">4. Zastosowania w \u017byciu Codziennym<\/h3>\n\n\n\n<p>\u015awi\u0119towanie Wniebowzi\u0119cia to nie tylko wspomnienie minionego wydarzenia, lecz pozwolenie, by ono nas przemienia\u0142o. Oto kilka sposob\u00f3w, by t\u0119 tajemnic\u0119 wciela\u0107 w \u017cycie:<\/p>\n\n\n\n<ul class=\"wp-block-list\">\n<li><strong>Nadzieja wobec \u015bmierci<\/strong>: odej\u015bcie bliskiej osoby mo\u017ce by\u0107 roz\u015bwietlone pewno\u015bci\u0105, \u017ce w Chrystusie \u015bmier\u0107 jest bram\u0105 do pe\u0142ni \u017cycia.<\/li>\n\n\n\n<li><strong>Warto\u015b\u0107 cia\u0142a<\/strong>: troska o siebie z godno\u015bci\u0105, pami\u0119taj\u0105c, \u017ce cia\u0142o jest \u015bwi\u0105tyni\u0105 Ducha \u015awi\u0119tego i przeznaczone do zmartwychwstania.<\/li>\n\n\n\n<li><strong>Hojna s\u0142u\u017cba<\/strong>: tak jak Maryja \u017cy\u0142a dla Boga i dla innych, jeste\u015bmy wezwani do \u017cycia oddania i konkretnej mi\u0142o\u015bci.<\/li>\n\n\n\n<li><strong>Spojrzenie ku Niebu<\/strong>: piel\u0119gnowanie chwil modlitwy i ciszy, pozwalaj\u0105c, by serce nape\u0142nia\u0142o si\u0119 pragnieniem wieczno\u015bci.<\/li>\n<\/ul>\n\n\n\n<hr class=\"wp-block-separator has-alpha-channel-opacity\"\/>\n\n\n\n<h3 class=\"wp-block-heading\">5. Zako\u0144czenie: Maryja, Znak Pewno\u015bci i Pokoju<\/h3>\n\n\n\n<p>15 sierpnia liturgia wype\u0142nia si\u0119 rado\u015bci\u0105. Niebo i ziemia spotykaj\u0105 si\u0119 w osobie Maryi, ju\u017c uwielbionej, ale wci\u0105\u017c troskliwej Matki dla nas. Jest Ona ikon\u0105 tego, co B\u00f3g pragnie uczyni\u0107 z ka\u017cdym ze swych dzieci: wprowadzi\u0107 ich w pe\u0142ni\u0119 \u017cycia.<\/p>\n\n\n\n<p>Kontempluj\u0105c Wniebowzi\u0119cie, umacniamy si\u0119 w wierze i odnawiamy w nadziei. Nie idziemy sami: Maryja idzie przed nami, pokazuj\u0105c, \u017ce droga do nieba wiedzie przez codzienn\u0105 wierno\u015b\u0107, pokorne oddanie i ca\u0142kowite zaufanie Bogu.<\/p>\n\n\n\n<p>Jak przypomina psalmista:<\/p>\n\n\n\n<blockquote class=\"wp-block-quote is-layout-flow wp-block-quote-is-layout-flow\">\n<p>\u201eZachwyci\u0142 si\u0119 kr\u00f3l tw\u0105 pi\u0119kno\u015bci\u0105; sk\u0142o\u0144 si\u0119 ku niemu, bo on jest twym panem\u201d (<em>Ps 45,12<\/em>).<\/p>\n<\/blockquote>\n\n\n\n<p>Niech to \u015bwi\u0119to na nowo rozbudzi w nas pragnienie \u017cycia z oczami zwr\u00f3conymi ku g\u00f3rze i sercem mocno osadzonym w misji, kt\u00f3r\u0105 B\u00f3g powierzy\u0142 nam tutaj, na ziemi.<\/p>\n","protected":false},"excerpt":{"rendered":"<p>Wniebowzi\u0119cie Naj\u015bwi\u0119tszej Maryi Panny to jedno z najpi\u0119kniejszych i najbardziej nios\u0105cych nadziej\u0119 \u015bwi\u0105t w Ko\u015bciele katolickim. Obchodzone 15 sierpnia, przypomina nam, \u017ce Matka Bo\u017ca, po zako\u0144czeniu swego ziemskiego \u017cycia, zosta\u0142a wzi\u0119ta z cia\u0142em i dusz\u0105 do chwa\u0142y nieba. Nie jest to jedynie prawda wiary uroczy\u015bcie og\u0142oszona przez papie\u017ca Piusa XII w 1950 roku, lecz rzeczywisto\u015b\u0107 &hellip;<\/p>\n","protected":false},"author":3,"featured_media":4690,"comment_status":"open","ping_status":"open","sticky":false,"template":"","format":"standard","meta":{"_seopress_robots_primary_cat":"","_seopress_titles_title":"","_seopress_titles_desc":"","_seopress_robots_index":"","footnotes":""},"categories":[40,60],"tags":[1525],"class_list":["post-4689","post","type-post","status-publish","format-standard","has-post-thumbnail","","category-modlitwa-i-duchowosc","category-nabozenstwa-maryjne","tag-wniebowziecie-najswietszej-maryi-panny"],"_links":{"self":[{"href":"https:\/\/catholicus.eu\/pl\/wp-json\/wp\/v2\/posts\/4689","targetHints":{"allow":["GET"]}}],"collection":[{"href":"https:\/\/catholicus.eu\/pl\/wp-json\/wp\/v2\/posts"}],"about":[{"href":"https:\/\/catholicus.eu\/pl\/wp-json\/wp\/v2\/types\/post"}],"author":[{"embeddable":true,"href":"https:\/\/catholicus.eu\/pl\/wp-json\/wp\/v2\/users\/3"}],"replies":[{"embeddable":true,"href":"https:\/\/catholicus.eu\/pl\/wp-json\/wp\/v2\/comments?post=4689"}],"version-history":[{"count":1,"href":"https:\/\/catholicus.eu\/pl\/wp-json\/wp\/v2\/posts\/4689\/revisions"}],"predecessor-version":[{"id":4691,"href":"https:\/\/catholicus.eu\/pl\/wp-json\/wp\/v2\/posts\/4689\/revisions\/4691"}],"wp:featuredmedia":[{"embeddable":true,"href":"https:\/\/catholicus.eu\/pl\/wp-json\/wp\/v2\/media\/4690"}],"wp:attachment":[{"href":"https:\/\/catholicus.eu\/pl\/wp-json\/wp\/v2\/media?parent=4689"}],"wp:term":[{"taxonomy":"category","embeddable":true,"href":"https:\/\/catholicus.eu\/pl\/wp-json\/wp\/v2\/categories?post=4689"},{"taxonomy":"post_tag","embeddable":true,"href":"https:\/\/catholicus.eu\/pl\/wp-json\/wp\/v2\/tags?post=4689"}],"curies":[{"name":"wp","href":"https:\/\/api.w.org\/{rel}","templated":true}]}}