{"id":4686,"date":"2025-08-12T23:46:15","date_gmt":"2025-08-12T21:46:15","guid":{"rendered":"https:\/\/catholicus.eu\/pl\/?p=4686"},"modified":"2025-08-12T23:46:15","modified_gmt":"2025-08-12T21:46:15","slug":"nie-wychodz-na-zewnatrz-sekret-swietego-augustyna-ktory-moze-odmienic-twoje-zycie-duchowe","status":"publish","type":"post","link":"https:\/\/catholicus.eu\/pl\/nie-wychodz-na-zewnatrz-sekret-swietego-augustyna-ktory-moze-odmienic-twoje-zycie-duchowe\/","title":{"rendered":"&#8222;Nie wychod\u017a na zewn\u0105trz&#8221; \u2013 sekret \u015bwi\u0119tego Augustyna, kt\u00f3ry mo\u017ce odmieni\u0107 twoje \u017cycie duchowe"},"content":{"rendered":"\n<p>Istnieje zdanie, kt\u00f3re w ciszy wiek\u00f3w dotar\u0142o do nas niczym per\u0142a m\u0105dro\u015bci \u2013 <em>Noli foras ire<\/em>. Te trzy \u0142aci\u0144skie s\u0142owa pochodz\u0105 od \u015bw. Augustyna z Hippony, jednego z najwi\u0119kszych Ojc\u00f3w Ko\u015bcio\u0142a, a ich znaczenie jest g\u0142\u0119bsze, ni\u017c mog\u0142oby si\u0119 wydawa\u0107 na pierwszy rzut oka. Dos\u0142ownie oznaczaj\u0105: <strong>&#8222;Nie wychod\u017a na zewn\u0105trz&#8221;<\/strong>. Ale nie chodzi tu o zakaz opuszczania domu czy izolowania si\u0119 od \u015bwiata. \u015awi\u0119ty Augustyn m\u00f3wi o czym\u015b znacznie wa\u017cniejszym: o konieczno\u015bci zwr\u00f3cenia si\u0119 do wn\u0119trza swojej duszy, by odnale\u017a\u0107 tam Boga, kt\u00f3ry zamieszkuje w nas.<\/p>\n\n\n\n<p>W \u015bwiecie, kt\u00f3ry nas rozprasza, gdzie tysi\u0105ce bod\u017ac\u00f3w codziennie walczy o nasz\u0105 uwag\u0119, przes\u0142anie <em>Noli foras ire<\/em> jest jak duchowe antidotum. To zaproszenie, aby przesta\u0107 szuka\u0107 spe\u0142nienia i pokoju w tym, co zewn\u0119trzne, i zacz\u0105\u0107 szuka\u0107 ich w intymnej relacji z Bogiem.<\/p>\n\n\n\n<hr class=\"wp-block-separator has-alpha-channel-opacity\"\/>\n\n\n\n<h3 class=\"wp-block-heading\"><strong>1. Korzenie historyczne: \u015bw. Augustyn i jego odkrycie<\/strong><\/h3>\n\n\n\n<p>\u015awi\u0119ty Augustyn (354\u2013430) dobrze wiedzia\u0142, czym jest \u017cycie na zewn\u0105trz \u2013 w ha\u0142asie, w rozproszeniu, w pogoni za \u015bwiatowymi przyjemno\u015bciami. W swoich <em>Wyznaniach<\/em> opowiada, jak przez wiele lat szuka\u0142 prawdy i szcz\u0119\u015bcia w filozofiach, rozrywkach, ambicjach i przyjemno\u015bciach, ale nigdy nie znalaz\u0142 pe\u0142ni. Dopiero kiedy pozwoli\u0142, by \u0142aska Bo\u017ca przenikn\u0119\u0142a jego serce, zrozumia\u0142, \u017ce B\u00f3g jest bli\u017cej niego, ni\u017c on sam siebie.<\/p>\n\n\n\n<p>To wtedy wypowiedzia\u0142 s\u0142owa:<\/p>\n\n\n\n<blockquote class=\"wp-block-quote is-layout-flow wp-block-quote-is-layout-flow\">\n<p><em>Noli foras ire; in te ipsum redi. In interiore homine habitat veritas.<\/em><br>\u201eNie wychod\u017a na zewn\u0105trz; wejd\u017a w siebie samego. W cz\u0142owieku wewn\u0119trznym mieszka prawda.\u201d<\/p>\n<\/blockquote>\n\n\n\n<p>Dla Augustyna to wn\u0119trze cz\u0142owieka \u2013 serce i dusza \u2013 jest miejscem spotkania z Bogiem.<\/p>\n\n\n\n<hr class=\"wp-block-separator has-alpha-channel-opacity\"\/>\n\n\n\n<h3 class=\"wp-block-heading\"><strong>2. Znaczenie teologiczne: B\u00f3g mieszka w twoim wn\u0119trzu<\/strong><\/h3>\n\n\n\n<p>W \u015bwietle teologii katolickiej te s\u0142owa s\u0105 potwierdzeniem wielkiej prawdy: <strong>przez chrzest stajemy si\u0119 \u015bwi\u0105tyni\u0105 Ducha \u015awi\u0119tego<\/strong> (1 Kor 6,19). B\u00f3g nie jest odleg\u0142ym bytem, kt\u00f3ry trzeba szuka\u0107 w gwiazdach czy w wielkich podr\u00f3\u017cach \u2013 On jest w nas, o ile trwamy w \u0142asce u\u015bwi\u0119caj\u0105cej.<\/p>\n\n\n\n<p>\u015awi\u0119ty Teresa z \u00c1vili por\u00f3wna\u0142a dusz\u0119 do twierdzy wewn\u0119trznej z wieloma mieszkaniami, a w centrum \u2013 do pa\u0142acu, gdzie mieszka sam B\u00f3g. <em>Noli foras ire<\/em> to wezwanie, by wej\u015b\u0107 w t\u0119 twierdz\u0119, by przebywa\u0107 w obecno\u015bci Tego, kt\u00f3ry jest \u017ar\u00f3d\u0142em \u017cycia.<\/p>\n\n\n\n<p>Pismo \u015awi\u0119te r\u00f3wnie\u017c nas do tego zach\u0119ca:<\/p>\n\n\n\n<blockquote class=\"wp-block-quote is-layout-flow wp-block-quote-is-layout-flow\">\n<p>\u201eZamilknijcie i poznajcie, \u017ce Ja jestem Bogiem\u201d (Ps 46,11).<\/p>\n<\/blockquote>\n\n\n\n<p>Oznacza to, \u017ce cisza i skupienie s\u0105 drog\u0105 do poznania Boga.<\/p>\n\n\n\n<hr class=\"wp-block-separator has-alpha-channel-opacity\"\/>\n\n\n\n<h3 class=\"wp-block-heading\"><strong>3. Praktyczne zastosowania: Jak \u017cy\u0107 Noli foras ire w dzisiejszym \u015bwiecie<\/strong><\/h3>\n\n\n\n<p>W naszych czasach \u017cycie zewn\u0119trzne jest intensywne: media spo\u0142eczno\u015bciowe, wiadomo\u015bci, praca, zobowi\u0105zania. Wszystko popycha nas na zewn\u0105trz \u2013 ku opiniom innych, ku por\u00f3wnaniom, ku wiecznemu po\u015bpiechowi. Jak wi\u0119c \u017cy\u0107 tym augusty\u0144skim wezwaniem?<\/p>\n\n\n\n<h4 class=\"wp-block-heading\"><strong>A. Codzienny czas na modlitw\u0119 wewn\u0119trzn\u0105<\/strong><\/h4>\n\n\n\n<ul class=\"wp-block-list\">\n<li>Wygospodaruj codziennie cho\u0107 10\u201315 minut, by po prostu by\u0107 z Bogiem w ciszy.<\/li>\n\n\n\n<li>Nie chodzi o recytowanie wielu modlitw, ale o przebywanie z Nim, s\u0142uchanie Go w sercu.<\/li>\n<\/ul>\n\n\n\n<h4 class=\"wp-block-heading\"><strong>B. Sakrament pokuty jako powr\u00f3t do wn\u0119trza<\/strong><\/h4>\n\n\n\n<ul class=\"wp-block-list\">\n<li>Grzech ci\u0119\u017cki oddziela nas od Boga, sprawiaj\u0105c, \u017ce w naszym wn\u0119trzu jest pustka.<\/li>\n\n\n\n<li>Spowied\u017a jest jak otwarcie drzwi serca, by B\u00f3g zn\u00f3w m\u00f3g\u0142 tam zamieszka\u0107.<\/li>\n<\/ul>\n\n\n\n<h4 class=\"wp-block-heading\"><strong>C. Eucharystia \u2013 spotkanie wewn\u0119trzne i zewn\u0119trzne<\/strong><\/h4>\n\n\n\n<ul class=\"wp-block-list\">\n<li>Podczas Komunii \u015bwi\u0119tej B\u00f3g staje si\u0119 obecny w naszym wn\u0119trzu w spos\u00f3b realny i sakramentalny.<\/li>\n\n\n\n<li>To najlepszy moment, by praktykowa\u0107 <em>Noli foras ire<\/em>, trwaj\u0105c w cichej adoracji po przyj\u0119ciu Cia\u0142a Pa\u0144skiego.<\/li>\n<\/ul>\n\n\n\n<h4 class=\"wp-block-heading\"><strong>D. Uwa\u017cno\u015b\u0107 duchowa<\/strong><\/h4>\n\n\n\n<ul class=\"wp-block-list\">\n<li>W ci\u0105gu dnia staraj si\u0119 u\u015bwiadamia\u0107 sobie obecno\u015b\u0107 Boga w prostych czynno\u015bciach.<\/li>\n\n\n\n<li>\u015awi\u0119ty Brat Wawrzyniec od Zmartwychwstania nazywa\u0142 to \u201epraktyk\u0105 obecno\u015bci Bo\u017cej\u201d.<\/li>\n<\/ul>\n\n\n\n<hr class=\"wp-block-separator has-alpha-channel-opacity\"\/>\n\n\n\n<h3 class=\"wp-block-heading\"><strong>4. Zagro\u017cenia \u017cycia \u201ena zewn\u0105trz\u201d<\/strong><\/h3>\n\n\n\n<p>Ignorowanie wezwania <em>Noli foras ire<\/em> mo\u017ce prowadzi\u0107 do:<\/p>\n\n\n\n<ul class=\"wp-block-list\">\n<li><strong>Rozproszenia duchowego<\/strong> \u2013 niezdolno\u015bci do skupienia si\u0119 na Bogu.<\/li>\n\n\n\n<li><strong>Utraty sensu<\/strong> \u2013 ci\u0105g\u0142ego szukania szcz\u0119\u015bcia w rzeczach, kt\u00f3re nie mog\u0105 go da\u0107.<\/li>\n\n\n\n<li><strong>Zamkni\u0119cia na \u0142ask\u0119<\/strong> \u2013 bo B\u00f3g przemawia w ciszy, a my jeste\u015bmy zanurzeni w ha\u0142asie.<\/li>\n<\/ul>\n\n\n\n<hr class=\"wp-block-separator has-alpha-channel-opacity\"\/>\n\n\n\n<h3 class=\"wp-block-heading\"><strong>5. Duszpasterski przewodnik: jak prowadzi\u0107 innych do wn\u0119trza<\/strong><\/h3>\n\n\n\n<p>Kap\u0142ani, katecheci i rodzice mog\u0105 uczy\u0107 <em>Noli foras ire<\/em>, wprowadzaj\u0105c:<\/p>\n\n\n\n<ol class=\"wp-block-list\">\n<li><strong>Wsp\u00f3lne chwile ciszy<\/strong> na katechezie czy podczas Mszy \u015bwi\u0119tej.<\/li>\n\n\n\n<li><strong>Nauk\u0119 modlitwy serca<\/strong> \u2013 prostych akt\u00f3w mi\u0142o\u015bci do Boga w ci\u0105gu dnia.<\/li>\n\n\n\n<li><strong>\u015awiadectwo \u017cycia<\/strong> \u2013 pokazuj\u0105c w\u0142asnym przyk\u0142adem, \u017ce cisza i modlitwa s\u0105 \u017ar\u00f3d\u0142em pokoju.<\/li>\n<\/ol>\n\n\n\n<hr class=\"wp-block-separator has-alpha-channel-opacity\"\/>\n\n\n\n<h3 class=\"wp-block-heading\"><strong>6. Wniosek: Cisza, kt\u00f3ra przemienia<\/strong><\/h3>\n\n\n\n<p><em>Noli foras ire<\/em> to nie tylko rada \u015bw. Augustyna \u2013 to program \u017cycia duchowego. To wezwanie, aby\u015b przesta\u0142 goni\u0107 za tym, co zewn\u0119trzne, i odnalaz\u0142 Boga w swoim sercu. To tam rodzi si\u0119 prawdziwy pok\u00f3j, to tam przemienia nas \u0142aska, to stamt\u0105d wychodzi \u015bwiat\u0142o, kt\u00f3re mo\u017cemy nie\u015b\u0107 innym.<\/p>\n\n\n\n<p>Je\u017celi chcesz \u017cy\u0107 g\u0142\u0119biej, je\u015bli chcesz, by twoja wiara by\u0142a prawdziwa, wejd\u017a do swojego wn\u0119trza. Tam czeka na ciebie Ten, kt\u00f3ry jest Drog\u0105, Prawd\u0105 i \u017byciem.<\/p>\n","protected":false},"excerpt":{"rendered":"<p>Istnieje zdanie, kt\u00f3re w ciszy wiek\u00f3w dotar\u0142o do nas niczym per\u0142a m\u0105dro\u015bci \u2013 Noli foras ire. Te trzy \u0142aci\u0144skie s\u0142owa pochodz\u0105 od \u015bw. Augustyna z Hippony, jednego z najwi\u0119kszych Ojc\u00f3w Ko\u015bcio\u0142a, a ich znaczenie jest g\u0142\u0119bsze, ni\u017c mog\u0142oby si\u0119 wydawa\u0107 na pierwszy rzut oka. Dos\u0142ownie oznaczaj\u0105: &#8222;Nie wychod\u017a na zewn\u0105trz&#8221;. Ale nie chodzi tu o &hellip;<\/p>\n","protected":false},"author":3,"featured_media":4687,"comment_status":"open","ping_status":"open","sticky":false,"template":"","format":"standard","meta":{"_seopress_robots_primary_cat":"","_seopress_titles_title":"","_seopress_titles_desc":"","_seopress_robots_index":"","footnotes":""},"categories":[40,58],"tags":[1524],"class_list":["post-4686","post","type-post","status-publish","format-standard","has-post-thumbnail","","category-modlitwa-i-duchowosc","category-modlitwa-i-zycie-duchowe","tag-noli-foras-ire"],"_links":{"self":[{"href":"https:\/\/catholicus.eu\/pl\/wp-json\/wp\/v2\/posts\/4686","targetHints":{"allow":["GET"]}}],"collection":[{"href":"https:\/\/catholicus.eu\/pl\/wp-json\/wp\/v2\/posts"}],"about":[{"href":"https:\/\/catholicus.eu\/pl\/wp-json\/wp\/v2\/types\/post"}],"author":[{"embeddable":true,"href":"https:\/\/catholicus.eu\/pl\/wp-json\/wp\/v2\/users\/3"}],"replies":[{"embeddable":true,"href":"https:\/\/catholicus.eu\/pl\/wp-json\/wp\/v2\/comments?post=4686"}],"version-history":[{"count":1,"href":"https:\/\/catholicus.eu\/pl\/wp-json\/wp\/v2\/posts\/4686\/revisions"}],"predecessor-version":[{"id":4688,"href":"https:\/\/catholicus.eu\/pl\/wp-json\/wp\/v2\/posts\/4686\/revisions\/4688"}],"wp:featuredmedia":[{"embeddable":true,"href":"https:\/\/catholicus.eu\/pl\/wp-json\/wp\/v2\/media\/4687"}],"wp:attachment":[{"href":"https:\/\/catholicus.eu\/pl\/wp-json\/wp\/v2\/media?parent=4686"}],"wp:term":[{"taxonomy":"category","embeddable":true,"href":"https:\/\/catholicus.eu\/pl\/wp-json\/wp\/v2\/categories?post=4686"},{"taxonomy":"post_tag","embeddable":true,"href":"https:\/\/catholicus.eu\/pl\/wp-json\/wp\/v2\/tags?post=4686"}],"curies":[{"name":"wp","href":"https:\/\/api.w.org\/{rel}","templated":true}]}}