{"id":4603,"date":"2025-07-26T23:46:56","date_gmt":"2025-07-26T21:46:56","guid":{"rendered":"https:\/\/catholicus.eu\/pl\/?p=4603"},"modified":"2025-07-26T23:46:57","modified_gmt":"2025-07-26T21:46:57","slug":"tomasz-wola-w-imieniu-nas-wszystkich-wieczne-znaczenie-slow-pan-moj-i-bog-moj-j-2028","status":"publish","type":"post","link":"https:\/\/catholicus.eu\/pl\/tomasz-wola-w-imieniu-nas-wszystkich-wieczne-znaczenie-slow-pan-moj-i-bog-moj-j-2028\/","title":{"rendered":"Tomasz wo\u0142a w imieniu nas wszystkich! Wieczne znaczenie s\u0142\u00f3w 'Pan m\u00f3j i B\u00f3g m\u00f3j!&#8217; (J 20,28)"},"content":{"rendered":"\n<h3 class=\"wp-block-heading\"><strong>Wprowadzenie: Okrzyk rozbrzmiewaj\u0105cy przez wieki<\/strong><\/h3>\n\n\n\n<p>Wyobra\u017a sobie t\u0119 scen\u0119: zamkni\u0119ta wieczernikowa izba, atmosfera przesycona strachem i zam\u0119tem. Dziesi\u0119ciu uczni\u00f3w w ukryciu, ich serca wci\u0105\u017c poruszone groz\u0105 Krzy\u017ca i zdumieniem pustego grobu. Nagle zmartwychwsta\u0142y Jezus staje po\u015br\u00f3d nich. Pok\u00f3j. Niewys\u0142owiona rado\u015b\u0107. Brakuje jednak jednego: Tomasza, zwanego Didymos (Bli\u017aniak), praktycznego realisty, kt\u00f3ry potrzebowa\u0142 zobaczy\u0107, by uwierzy\u0107. Tydzie\u0144 p\u00f3\u017aniej scena si\u0119 powtarza. Jezus zn\u00f3w si\u0119 objawia i tym razem zwraca si\u0119 wprost do Tomasza. Nie karci go &#8211; pokazuje swoje rany:&nbsp;<em>&#8222;Podnie\u015b tutaj sw\u00f3j palec i zobacz moje r\u0119ce. Podnie\u015b r\u0119k\u0119 i w\u0142\u00f3\u017c w m\u00f3j bok. Nie b\u0105d\u017a niedowiarkiem, lecz wierz\u0105cym!&#8221;<\/em>&nbsp;(J 20,27). I wtedy nast\u0119puje wybuch najg\u0142\u0119bszej prawdy, najczystszego wyznania, samego sedna wiary chrze\u015bcija\u0144skiej, wyp\u0142ywaj\u0105cego z serca niegdy\u015b niedowierzaj\u0105cego cz\u0142owieka:<\/p>\n\n\n\n<p><strong>&#8222;Pan m\u00f3j i B\u00f3g m\u00f3j!&#8221; (J 20,28).<\/strong><\/p>\n\n\n\n<p>Ten okrzyk nie nale\u017cy tylko do Tomasza &#8211; to echo ka\u017cdego wierz\u0105cego, kt\u00f3ry w zdumieniu i adoracji rozpozna\u0142 prawdziw\u0105 to\u017csamo\u015b\u0107 Jezusa z Nazaretu.<\/p>\n\n\n\n<h3 class=\"wp-block-heading\"><strong>I. Scena: W\u0105tpliwo\u015b\u0107, Spotkanie i Objawienie<\/strong><\/h3>\n\n\n\n<p>Aby zrozumie\u0107 wag\u0119 tych s\u0142\u00f3w, musimy je osadzi\u0107 w kontek\u015bcie. Tomasz nie by\u0142 obecny podczas pierwszego objawienia si\u0119 Dziesi\u0105tce. Jego sceptycyzm &#8211;&nbsp;<em>&#8222;Je\u017celi na r\u0119kach Jego nie zobacz\u0119 \u015bladu gwo\u017adzi i nie w\u0142o\u017c\u0119 palca mego w miejsce gwo\u017adzi, i nie w\u0142o\u017c\u0119 r\u0119ki mojej do boku Jego, nie uwierz\u0119&#8221;<\/em>&nbsp;(J 20,25) &#8211; nie by\u0142 zwyk\u0142ym uporem. By\u0142 wyrazem b\u00f3lu po stracie i ludzkiej niemo\u017cno\u015bci poj\u0119cia Zmartwychwstania. Jezus w swej niesko\u0144czonej mi\u0142osiernej pedagogii nie odrzuca go z powodu w\u0105tpliwo\u015bci, lecz wychodzi naprzeciw jego potrzebie. Ukazuje si\u0119 namacalnie, ofiaruj\u0105c fizyczne dowody swej uwielbionej M\u0119ki. To nie duch &#8211; to Ten sam, kt\u00f3ry zosta\u0142 przybity do Krzy\u017ca, teraz \u017cywy i przemieniony.<\/p>\n\n\n\n<h3 class=\"wp-block-heading\"><strong>II. &#8222;Pan m\u00f3j i B\u00f3g m\u00f3j&#8221;: Teologiczna analiza wybuchowej prawdy<\/strong><\/h3>\n\n\n\n<p>Wyznanie Tomasza jest kr\u00f3tkie, lecz teologicznie niezwykle g\u0119ste, prawdziwy klejnot Objawienia:<\/p>\n\n\n\n<ol start=\"1\" class=\"wp-block-list\">\n<li><strong>&#8222;Kyrios&#8221; (Pan m\u00f3j):<\/strong>\u00a0W judaistyczno-greckim kontek\u015bcie &#8222;Kyrios&#8221; by\u0142 tytu\u0142em absolutnej suwerenno\u015bci. Odnosi\u0142 si\u0119 do samego Boga (t\u0142umacz\u0105c hebrajskie &#8222;Adonai&#8221;, czcigodny zamiennik Jahwe). Odniesienie tego do Jezusa to uznanie Go za W\u0142adc\u0119, Pana swego \u017cycia. To wyznanie wiary w Jego Zmartwychwsta\u0142e Panowanie, wype\u0142niaj\u0105ce proroctwo:\u00a0<em>&#8222;Aby na imi\u0119 Jezusa zgi\u0119\u0142o si\u0119 ka\u017cde kolano [&#8230;] i aby wszelki j\u0119zyk wyzna\u0142, \u017ce Jezus Chrystus jest PANEM&#8221;<\/em>\u00a0(Flp 2,10-11).<\/li>\n\n\n\n<li><strong>&#8222;Theos&#8221; (B\u00f3g m\u00f3j):<\/strong>\u00a0Oto rewolucyjne sedno. Tomasz nie m\u00f3wi &#8222;b\u00f3g&#8221; czy &#8222;boski&#8221;. U\u017cywa jednoznacznego terminu\u00a0<strong>&#8222;Theos&#8221; (\u0398\u03b5\u03cc\u03c2)<\/strong>, tego samego, kt\u00f3ry okre\u015bla Jedynego Boga Izraela w Starym Testamencie (LXX) i w Prologu tej samej Ewangelii:\u00a0<em>&#8222;Na pocz\u0105tku by\u0142o S\u0142owo, a S\u0142owo by\u0142o u Boga, i Bogiem by\u0142o S\u0142owo&#8221;<\/em>\u00a0(J 1,1). Nazywaj\u0105c Jezusa\u00a0<strong>&#8222;Theos&#8221;<\/strong>, Tomasz pod natchnieniem Ducha \u015awi\u0119tego og\u0142asza pe\u0142ne B\u00f3stwo Jezusa Chrystusa. To nie wywy\u017cszony prorok czy pot\u0119\u017cny anio\u0142 &#8211; to sam B\u00f3g, kt\u00f3ry sta\u0142 si\u0119 cz\u0142owiekiem, teraz zmartwychwsta\u0142y i obecny.<\/li>\n\n\n\n<li><strong>Zaimki dzier\u017cawcze &#8222;m\u00f3j&#8221;:<\/strong>\u00a0To nie abstrakcyjne stwierdzenie. To osobiste, intymne, ca\u0142kowite oddanie:\u00a0<em>&#8222;Pan m\u00f3j i B\u00f3g m\u00f3j!&#8221;<\/em>. To odpowied\u017a serca, kt\u00f3re poddaje si\u0119 przed oczywisto\u015bci\u0105 Wcielonej Mi\u0142o\u015bci zwyci\u0119\u017caj\u0105cej \u015bmier\u0107.<\/li>\n<\/ol>\n\n\n\n<h3 class=\"wp-block-heading\"><strong>III. Jezus jest Bogiem: Kamie\u0144 w\u0119gielny Wiary<\/strong><\/h3>\n\n\n\n<ul class=\"wp-block-list\">\n<li><strong>Przeciw arianizmowi i herezjom:<\/strong>\u00a0Ten werset by\u0142 kluczowy w zwalczaniu herezji takich jak arianizm (zaprzeczaj\u0105cy pe\u0142nemu B\u00f3stwu Chrystusa). Ojcowie Ko\u015bcio\u0142a (\u015bw. Atanazy, \u015bw. Grzegorz z Nazjanzu, \u015bw. Augustyn) nieustannie go cytowali.<\/li>\n\n\n\n<li><strong>Wype\u0142nienie Objawienia:<\/strong>\u00a0Jan konstruuje Ewangeli\u0119, by stopniowo ods\u0142ania\u0107 to\u017csamo\u015b\u0107 Jezusa, co kulminuje w tym wyra\u017anym wyznaniu Tomasza.<\/li>\n\n\n\n<li><strong>Tr\u00f3jca w dzia\u0142aniu:<\/strong>\u00a0Nazywaj\u0105c Jezusa &#8222;Bogiem&#8221;, Tomasz wyznaje drug\u0105 Osob\u0119 Tr\u00f3jcy \u015awi\u0119tej.<\/li>\n\n\n\n<li><strong>Katechizm potwierdza:<\/strong>\u00a0&#8222;Ko\u015bci\u00f3\u0142 nazywa Wyznaniem wiary Tomasza 'Pan m\u00f3j i B\u00f3g m\u00f3j!&#8217; paschalnym og\u0142oszeniem wiary&#8221; (Kompendium Katechizmu, nr 129).<\/li>\n<\/ul>\n\n\n\n<h3 class=\"wp-block-heading\"><strong>IV. Dlaczego to aktualne DZI\u015a? Pokonuj\u0105c &#8222;Boga na miar\u0119&#8221;<\/strong><\/h3>\n\n\n\n<p>W kulturze relatywizmu i powierzchownej duchowo\u015bci J 20,28 to pot\u0119\u017cne przypomnienie:<\/p>\n\n\n\n<ol start=\"1\" class=\"wp-block-list\">\n<li>Przeciw redukcjonizmom pomniejszaj\u0105cym Jezusa<\/li>\n\n\n\n<li>Podstawa prawdziwej adoracji<\/li>\n\n\n\n<li>Nadzieja przeciw z\u0142u i \u015bmierci<\/li>\n\n\n\n<li>Odpowied\u017a na wsp\u00f3\u0142czesny sceptycyzm<\/li>\n<\/ol>\n\n\n\n<h3 class=\"wp-block-heading\"><strong>V. Praktyczny przewodnik: \u017bycie &#8222;Pan m\u00f3j i B\u00f3g m\u00f3j!&#8221; w XXI wieku<\/strong><\/h3>\n\n\n\n<h4 class=\"wp-block-heading\"><strong>1. Pog\u0142\u0119biaj zdumienie (Medytacja)<\/strong><\/h4>\n\n\n\n<ul class=\"wp-block-list\">\n<li>Rozwa\u017caj J 20<\/li>\n\n\n\n<li>Kontempluj rany Chrystusa<\/li>\n\n\n\n<li>Uczy\u0144 z wyznania Tomasza cz\u0119st\u0105 modlitw\u0119<\/li>\n<\/ul>\n\n\n\n<h4 class=\"wp-block-heading\"><strong>2. Umacniaj wiar\u0119 (Formacja)<\/strong><\/h4>\n\n\n\n<ul class=\"wp-block-list\">\n<li>Studiuj doktrynalne podstawy<\/li>\n\n\n\n<li>Konfrontuj w\u0105tpliwo\u015bci powa\u017cn\u0105 lektur\u0105<\/li>\n\n\n\n<li>\u017byj liturgi\u0105 \u015bwiadomie<\/li>\n<\/ul>\n\n\n\n<h4 class=\"wp-block-heading\"><strong>3. Wprowadzaj w czyn (\u015awiadectwo)<\/strong><\/h4>\n\n\n\n<ul class=\"wp-block-list\">\n<li>Uznaj Jezusa za Pana wszystkich sfer \u017cycia<\/li>\n\n\n\n<li>Kultywuj adoracj\u0119 eucharystyczn\u0105<\/li>\n\n\n\n<li>\u015awiadcz odwa\u017cnie we wsp\u00f3\u0142czesnym \u015bwiecie<\/li>\n\n\n\n<li>Zaufaj jak ukochane dziecko<\/li>\n<\/ul>\n\n\n\n<h3 class=\"wp-block-heading\"><strong>Zako\u0144czenie: &#8222;B\u0142ogos\u0142awieni, kt\u00f3rzy nie widzieli, a uwierzyli&#8221;<\/strong><\/h3>\n\n\n\n<p>Jezus o\u015bwiadcza:&nbsp;<em>&#8222;Uwierzy\u0142e\u015b dlatego, poniewa\u017c Mnie ujrza\u0142e\u015b? B\u0142ogos\u0142awieni, kt\u00f3rzy nie widzieli, a uwierzyli&#8221;<\/em>&nbsp;(J 20,29). My jeste\u015bmy tymi b\u0142ogos\u0142awionymi. J 20,28 to nie werset przesz\u0142o\u015bci &#8211; to wieczne wezwanie do tera\u017aniejszo\u015bci, zaproszenie by ca\u0142ym \u017cyciem wyznawa\u0107:<\/p>\n\n\n\n<p><strong>&#8222;PAN M\u00d3J I B\u00d3G M\u00d3J!&#8221;<\/strong><\/p>\n\n\n\n<p>Niech to wyznanie b\u0119dzie naszym fundamentem, \u015bwiat\u0142em w ciemno\u015bciach, si\u0142\u0105 w s\u0142abo\u015bci i niez\u0142omn\u0105 nadziej\u0105 na pielgrzymce do Ojczyzny Niebieskiej. Amen.<\/p>\n","protected":false},"excerpt":{"rendered":"<p>Wprowadzenie: Okrzyk rozbrzmiewaj\u0105cy przez wieki Wyobra\u017a sobie t\u0119 scen\u0119: zamkni\u0119ta wieczernikowa izba, atmosfera przesycona strachem i zam\u0119tem. Dziesi\u0119ciu uczni\u00f3w w ukryciu, ich serca wci\u0105\u017c poruszone groz\u0105 Krzy\u017ca i zdumieniem pustego grobu. Nagle zmartwychwsta\u0142y Jezus staje po\u015br\u00f3d nich. Pok\u00f3j. Niewys\u0142owiona rado\u015b\u0107. Brakuje jednak jednego: Tomasza, zwanego Didymos (Bli\u017aniak), praktycznego realisty, kt\u00f3ry potrzebowa\u0142 zobaczy\u0107, by uwierzy\u0107. Tydzie\u0144 &hellip;<\/p>\n","protected":false},"author":3,"featured_media":4604,"comment_status":"open","ping_status":"open","sticky":false,"template":"","format":"standard","meta":{"_seopress_robots_primary_cat":"","_seopress_titles_title":"","_seopress_titles_desc":"","_seopress_robots_index":"","footnotes":""},"categories":[37,45],"tags":[1496,1495],"class_list":["post-4603","post","type-post","status-publish","format-standard","has-post-thumbnail","","category-doktryna-i-wiara","category-pismo-swiete","tag-j-20","tag-tomasz"],"_links":{"self":[{"href":"https:\/\/catholicus.eu\/pl\/wp-json\/wp\/v2\/posts\/4603","targetHints":{"allow":["GET"]}}],"collection":[{"href":"https:\/\/catholicus.eu\/pl\/wp-json\/wp\/v2\/posts"}],"about":[{"href":"https:\/\/catholicus.eu\/pl\/wp-json\/wp\/v2\/types\/post"}],"author":[{"embeddable":true,"href":"https:\/\/catholicus.eu\/pl\/wp-json\/wp\/v2\/users\/3"}],"replies":[{"embeddable":true,"href":"https:\/\/catholicus.eu\/pl\/wp-json\/wp\/v2\/comments?post=4603"}],"version-history":[{"count":1,"href":"https:\/\/catholicus.eu\/pl\/wp-json\/wp\/v2\/posts\/4603\/revisions"}],"predecessor-version":[{"id":4605,"href":"https:\/\/catholicus.eu\/pl\/wp-json\/wp\/v2\/posts\/4603\/revisions\/4605"}],"wp:featuredmedia":[{"embeddable":true,"href":"https:\/\/catholicus.eu\/pl\/wp-json\/wp\/v2\/media\/4604"}],"wp:attachment":[{"href":"https:\/\/catholicus.eu\/pl\/wp-json\/wp\/v2\/media?parent=4603"}],"wp:term":[{"taxonomy":"category","embeddable":true,"href":"https:\/\/catholicus.eu\/pl\/wp-json\/wp\/v2\/categories?post=4603"},{"taxonomy":"post_tag","embeddable":true,"href":"https:\/\/catholicus.eu\/pl\/wp-json\/wp\/v2\/tags?post=4603"}],"curies":[{"name":"wp","href":"https:\/\/api.w.org\/{rel}","templated":true}]}}