{"id":4528,"date":"2025-07-16T22:53:04","date_gmt":"2025-07-16T20:53:04","guid":{"rendered":"https:\/\/catholicus.eu\/pl\/?p=4528"},"modified":"2025-07-16T22:53:05","modified_gmt":"2025-07-16T20:53:05","slug":"przywilej-sobotni-co-obiecala-maryja-tym-ktorzy-umieraja-w-noszeniu-szkaplerza","status":"publish","type":"post","link":"https:\/\/catholicus.eu\/pl\/przywilej-sobotni-co-obiecala-maryja-tym-ktorzy-umieraja-w-noszeniu-szkaplerza\/","title":{"rendered":"Przywilej Sobotni: Co obieca\u0142a Maryja tym, kt\u00f3rzy umieraj\u0105 w noszeniu Szkaplerza?"},"content":{"rendered":"\n<p><em>Przewodnik duchowy, historyczny i teologiczny dla czcicieli Matki Bo\u017cej z G\u00f3ry Karmel<\/em><\/p>\n\n\n\n<hr class=\"wp-block-separator has-alpha-channel-opacity\"\/>\n\n\n\n<h3 class=\"wp-block-heading\"><strong>Wprowadzenie<\/strong><\/h3>\n\n\n\n<p>W sercu nabo\u017ce\u0144stwa maryjnego, spo\u015br\u00f3d licznych praktyk pobo\u017cnych, kt\u00f3re towarzyszy\u0142y wiernym przez wieki, ja\u015bnieje obietnica, kt\u00f3ra rozbudzi\u0142a nadziej\u0119 w niezliczonych duszach: <em>przywilej sobotni<\/em>. Nierozerwalnie powi\u0105zany z noszeniem br\u0105zowego Szkaplerza Matki Bo\u017cej karmelita\u0144skiej, ten przywilej to o wiele wi\u0119cej ni\u017c staro\u017cytna tradycja \u2013 to wezwanie do \u017cycia nawr\u00f3cenia, modlitwy i zaufania w or\u0119downictwo Matki Bo\u017cej.<\/p>\n\n\n\n<p>W tym artykule zg\u0142\u0119bimy, czym jest przywilej sobotni, jakie ma pochodzenie historyczne, jakie ma podstawy teologiczne oraz jak dzi\u015b mo\u017cna go autentycznie i g\u0142\u0119boko prze\u017cywa\u0107 w duchu wierno\u015bci nauczaniu Ko\u015bcio\u0142a. Szkaplerz to nie amulet, ale widoczny znak \u017cycia po\u015bwi\u0119conego Maryi; a przywilej sobotni to obietnica wymagaj\u0105ca konkretnej odpowiedzi w wierze, pokucie i mi\u0142o\u015bci.<\/p>\n\n\n\n<hr class=\"wp-block-separator has-alpha-channel-opacity\"\/>\n\n\n\n<h3 class=\"wp-block-heading\"><strong>1. Czym jest Szkaplerz Matki Bo\u017cej z G\u00f3ry Karmel?<\/strong><\/h3>\n\n\n\n<p>Zanim przejdziemy do przywileju sobotniego, zrozummy najpierw znaczenie Szkaplerza. Br\u0105zowy Szkaplerz to sakramental \u2013 praktyka ludowa Ko\u015bcio\u0142a katolickiego, kt\u00f3ra narodzi\u0142a si\u0119 w XIII wieku za przyczyn\u0105 zakonu karmelit\u00f3w, kt\u00f3rzy osiedlili si\u0119 na G\u00f3rze Karmel w Ziemi \u015awi\u0119tej, a potem rozszerzyli si\u0119 na Europ\u0119.<\/p>\n\n\n\n<p>Wed\u0142ug tradycji, 16 lipca 1251 roku Maryja ukaza\u0142a si\u0119 \u015bw. Szymonowi Stockowi, genera\u0142owi zakonu karmelit\u00f3w, i przekaza\u0142a mu Szkaplerz m\u00f3wi\u0105c:<\/p>\n\n\n\n<blockquote class=\"wp-block-quote is-layout-flow wp-block-quote-is-layout-flow\">\n<p>\u201e<em>Odbierz, umi\u0142owany synu, ten Szkaplerz twego Zakonu jako znak mojej braterskiej wi\u0119zi; kto umrze w nim ubrany, nie zazna ognia wiecznego.<\/em>\u201d<\/p>\n<\/blockquote>\n\n\n\n<p>To jest tzw. \u201ewielki przywilej\u201d lub obietnica Szkaplerza, kt\u00f3ra obiecuje opiek\u0119 duchow\u0105 i zbawienie tym, kt\u00f3rzy umieraj\u0105 w stanie \u0142aski, nosz\u0105c Szkaplerz z pobo\u017cno\u015bci\u0105, jako znak przynale\u017cno\u015bci do Maryi.<\/p>\n\n\n\n<hr class=\"wp-block-separator has-alpha-channel-opacity\"\/>\n\n\n\n<h3 class=\"wp-block-heading\"><strong>2. Czym jest przywilej sobotni?<\/strong><\/h3>\n\n\n\n<p><em>Przywilej sobotni<\/em> to druga maryjna obietnica powi\u0105zana ze Szkaplerzem, wywodz\u0105ca si\u0119 z prywatnego objawienia Matki Bo\u017cej papie\u017cowi Janowi XXII w XIV wieku. Wed\u0142ug tej tradycji Maryja obieca\u0142a:<\/p>\n\n\n\n<blockquote class=\"wp-block-quote is-layout-flow wp-block-quote-is-layout-flow\">\n<p>\u201e<em>Ja, Matka Mi\u0142osierdzia, zst\u0105pi\u0119 w sobot\u0119 po ich \u015bmierci do czy\u015b\u0107ca i wyzwol\u0119 tych, kt\u00f3rych tam znajd\u0119, kt\u00f3rzy za \u017cycia nosili Szkaplerz, zachowywali czysto\u015b\u0107 wed\u0142ug swego stanu \u017cycia i odmawiali Ma\u0142y Oficjum Matki Bo\u017cej albo, je\u015bli tego nie mogli, odmawiali modlitwy zatwierdzone przez ko\u015bci\u00f3\u0142.<\/em>\u201d<\/p>\n<\/blockquote>\n\n\n\n<p>Ten przywilej, nazywany \u201esobotni\u201d, poniewa\u017c odnosi si\u0119 do soboty \u2013 dnia szczeg\u00f3lnie po\u015bwi\u0119conego Maryi \u2013 obiecuje wybawienie duszy z czy\u015b\u0107ca w pierwsz\u0105 sobot\u0119 po \u015bmierci dla tych, kt\u00f3rzy spe\u0142nili okre\u015blone warunki zwi\u0105zane z noszeniem Szkaplerza.<\/p>\n\n\n\n<hr class=\"wp-block-separator has-alpha-channel-opacity\"\/>\n\n\n\n<h3 class=\"wp-block-heading\"><strong>3. Warunki przywileju sobotniego<\/strong><\/h3>\n\n\n\n<p>Obietnica Maryi nie dzia\u0142a automatycznie ani magicznie. Tak jak wszystko w \u017cyciu chrze\u015bcija\u0144skim, opiera si\u0119 ona na dyspozycji duszy, wierno\u015bci Bogu i \u017cyciu w cnocie. Tradycyjne warunki, aby skorzysta\u0107 z przywileju sobotniego, to:<\/p>\n\n\n\n<ol class=\"wp-block-list\">\n<li><strong>Pobo\u017cne noszenie br\u0105zowego Szkaplerza Matki Bo\u017cej Karmelita\u0144skiej<\/strong><br>\u2013 nie jako ozdoba, lecz jako oznaka przynale\u017cno\u015bci do Maryi i zobowi\u0105zania wobec Chrystusa.<\/li>\n\n\n\n<li><strong>Zachowanie czysto\u015bci odpowiadaj\u0105cej stanowi \u017cycia<\/strong><br>\u2013 zgodnie z nauk\u0105 moraln\u0105 Ko\u015bcio\u0142a w kwestiach seksualno\u015bci, zar\u00f3wno w ma\u0142\u017ce\u0144stwie, jak i \u017cyciu konsekrowanym lub celibacie.<\/li>\n\n\n\n<li><strong>Codzienna modlitwa Ma\u0142ego Oficjum Matki Bo\u017cej<\/strong><br>\u2013 to skr\u00f3cona forma brewiarza, jednak mo\u017cna te\u017c \u2013 je\u015bli codzienna modlitwa nie jest mo\u017cliwa \u2013 spe\u0142nia\u0107 inne uczynki pobo\u017cne zalecane przez spowiednika (np. R\u00f3\u017caniec, cz\u0119ste przyjmowanie Komunii \u015bw. itd.).<\/li>\n<\/ol>\n\n\n\n<p>Te warunki nie s\u0105 trudne do spe\u0142nienia, ale wymagaj\u0105 \u017cycia zgodnego z Ewangeli\u0105, pe\u0142nego \u0142aski, w jedno\u015bci z Maryj\u0105 i w zaufaniu do Bo\u017cego mi\u0142osierdzia.<\/p>\n\n\n\n<hr class=\"wp-block-separator has-alpha-channel-opacity\"\/>\n\n\n\n<h3 class=\"wp-block-heading\"><strong>4. Teologiczne i ko\u015bcielne podstawy przywileju<\/strong><\/h3>\n\n\n\n<p>Pod wzgl\u0119dem teologicznym Ko\u015bci\u00f3\u0142 ostro\u017cnie podchodzi do objawie\u0144 prywatnych. <em>Przywilej sobotni<\/em> nie jest dogmatem i Stolica Apostolska zawsze prosi\u0142a o umiar i ortodoksyjn\u0105 interpretacj\u0119. Niemniej jednak <strong>Ko\u015bci\u00f3\u0142 zatwierdzi\u0142 Szkaplerz jako sakramental<\/strong>, wzbogaci\u0142 go odpustami, po\u015bwi\u0119ci\u0142 i uhonorowa\u0142 liturgicznie, zw\u0142aszcza w \u015bwi\u0119to Matki Bo\u017cej z G\u00f3ry Karmel (16 lipca).<\/p>\n\n\n\n<p>Popek Pawe\u0142 V (XVII wiek) pozwoli\u0142 wiernym \u201epobo\u017cnie wierzy\u0107\u201d w szczeg\u00f3ln\u0105 pomoc Maryi w sobot\u0119 oraz \u017ce \u201eci, kt\u00f3rzy nosz\u0105 Szkaplerz z oddaniem, mog\u0105 liczy\u0107 na Jej matczyn\u0105 pomoc\u201d.<\/p>\n\n\n\n<p>Teologicznie przywilej wi\u0105\u017ce si\u0119 z widzeniem Maryi jako <strong>Matki Mi\u0142osierdzia<\/strong>, pot\u0119\u017cnej Po\u015bredniczki i \u201enaszej Adwokatki\u201d (tak jak j\u0105 wzywamy w \u201eSalve Regina\u201d). Jak Jean\u2013Vaticanum II g\u0142osi:<\/p>\n\n\n\n<blockquote class=\"wp-block-quote is-layout-flow wp-block-quote-is-layout-flow\">\n<p>\u201eB\u0142ogos\u0142awiona Dziewica by\u0142a od pocz\u0119cia wybrana przez wieczny plan Boga na Matk\u0119 Zbawiciela i by\u0142a w szczeg\u00f3lny spos\u00f3b zwi\u0105zana z Jego dzie\u0142em odkupienia.\u201d (<em>Lumen Gentium<\/em>, 61)<\/p>\n<\/blockquote>\n\n\n\n<p>Matczyna mediacja Maryi nie zast\u0119puje jedynej mediacji Chrystusa, ale uczestniczy w niej w spos\u00f3b zale\u017cny i skuteczny. Przywilej sobotni wpisuje si\u0119 w Bo\u017cy plan zbawczy jako akt niezwyk\u0142ego mi\u0142osierdzia Maryi wzgl\u0119dem wiernych dzieci.<\/p>\n\n\n\n<hr class=\"wp-block-separator has-alpha-channel-opacity\"\/>\n\n\n\n<h3 class=\"wp-block-heading\"><strong>5. Co m\u00f3wi Pismo \u015awi\u0119te?<\/strong><\/h3>\n\n\n\n<p>Cho\u0107 przywilej sobotni nie figuruje bezpo\u015brednio w Pi\u015bmie \u015awi\u0119tym (jak wiele innych nabo\u017ce\u0144stw), to jego fundament tkwi w tajemnicy maryjnej i wsp\u00f3lnocie \u015bwi\u0119tych. \u015aw. Pawe\u0142 napisa\u0142:<\/p>\n\n\n\n<blockquote class=\"wp-block-quote is-layout-flow wp-block-quote-is-layout-flow\">\n<p>\u201eB\u00f3g pragnie, aby wszyscy ludzie zostali zbawieni i doszli do poznania prawdy.\u201d (1 Tymoteusza 2,4)<\/p>\n<\/blockquote>\n\n\n\n<p>A Jezus na krzy\u017cu powo\u0142a\u0142 nasz\u0105 Matk\u0119:<\/p>\n\n\n\n<blockquote class=\"wp-block-quote is-layout-flow wp-block-quote-is-layout-flow\">\n<p>\u201eNiewiasto, oto syn Tw\u00f3j&#8230; Oto Matka twoja.\u201d (J 19,26\u201327)<\/p>\n<\/blockquote>\n\n\n\n<p>Od tej chwili Maryja pe\u0142ni duchow\u0105 macierzy\u0144sk\u0105 funkcj\u0119 wobec wiernych, towarzyszy im, or\u0119duje za nimi \u2013 tak\u017ce po \u015bmierci, jak wskazuje doktryna o czy\u015b\u0107cu.<\/p>\n\n\n\n<hr class=\"wp-block-separator has-alpha-channel-opacity\"\/>\n\n\n\n<h3 class=\"wp-block-heading\"><strong>6. Praktyczne zastosowanie: \u017cycie ze Szkaplerzem dzi\u015b<\/strong><\/h3>\n\n\n\n<p>W \u015bwiecie pe\u0142nym po\u015bpiechu, relatywizmu moralnego i zapomnienia o wieczno\u015bci, Szkaplerz i przywilej sobotni s\u0105 <strong>znakiem nadziei chrze\u015bcija\u0144skiej<\/strong> i potrzeby \u017cycia w \u0142asce. Nie wystarczy \u201enosi\u0107 Szkaplerz\u201d \u2013 trzeba <strong>\u017cy\u0107 jak dzieci Maryi<\/strong>:<\/p>\n\n\n\n<ul class=\"wp-block-list\">\n<li><strong>Regularnie odmawia\u0107 R\u00f3\u017caniec<\/strong> \u2013 znak przynale\u017cno\u015bci do Matki.<\/li>\n\n\n\n<li><strong>\u017by\u0107 w \u0142asce, cz\u0119sto si\u0119 spowiadaj\u0105c<\/strong>.<\/li>\n\n\n\n<li><strong>Aktywnie uczestniczy\u0107 w Mszy \u015bw. i przyjmowa\u0107 Komuni\u0119 \u015bw.<\/strong><\/li>\n\n\n\n<li><strong>Czyni\u0107 dzie\u0142a mi\u0142osierdzia, pokuty i pokory<\/strong>, zgodne z powo\u0142aniem.<\/li>\n\n\n\n<li><strong>Wzmacnia\u0107 nabo\u017ce\u0144stwo maryjne w rodzinie<\/strong>, szczeg\u00f3lnie w\u015br\u00f3d dzieci i m\u0142odzie\u017cy.<\/li>\n<\/ul>\n\n\n\n<p>Obietnica Maryi daje pocieszenie, ale te\u017c zobowi\u0105zuje \u2013 zaprasza nas do drogi w kierunku Chrystusa, by\u015bmy umarli w Jej r\u0119kach i mieli nadziej\u0119 na Jej pomoc zar\u00f3wno w \u017cyciu jak i w \u015bmierci.<\/p>\n\n\n\n<hr class=\"wp-block-separator has-alpha-channel-opacity\"\/>\n\n\n\n<h3 class=\"wp-block-heading\"><strong>7. Jaki sens ma dzi\u015b przywilej sobotni?<\/strong><\/h3>\n\n\n\n<p>Dzi\u015b mo\u017ce si\u0119 wydawa\u0107, \u017ce przywilej sobotni to echa \u015bredniowiecznej pobo\u017cno\u015bci, ale niesie znaczenie niezwykle aktualne: <strong>Maryja nigdy nie opuszcza swoich dzieci<\/strong>, nawet po ich \u015bmierci. W czasach niepewno\u015bci, duchowej bitwy i zam\u0119tu doktrynalnego, Maryja jawi si\u0119 jako <strong>bezpieczny port<\/strong>, pot\u0119\u017cna Or\u0119downiczka i Matka, kt\u00f3ra nigdy nie zapomina o swych wiernych dzieciach.<\/p>\n\n\n\n<p>Sobota duchowo jest dniem milczenia i ufnej oczekiwania na Zmartwychwstanie. To, \u017ce Maryja przyjdzie \u201ew sobot\u0119 po naszej \u015bmierci\u201d, oznacza, \u017ce b\u0119dzie nas wspiera\u0107 a\u017c poza granice \u015bmierci \u2013 <strong>jej duchowe wstawiennictwo si\u0119ga tak\u017ce dusz w czy\u015b\u0107cu<\/strong>.<\/p>\n\n\n\n<hr class=\"wp-block-separator has-alpha-channel-opacity\"\/>\n\n\n\n<h3 class=\"wp-block-heading\"><strong>Podsumowanie: Co Maryja nam obieca\u0142a? Odpowied\u017a mi\u0142o\u015bci<\/strong><\/h3>\n\n\n\n<p>Przywilej sobotni \u2013 jak ka\u017cde autentczne nabo\u017ce\u0144stwo \u2013 nie jest \u201eskr\u00f3tow\u0105 drog\u0105\u201d, lecz pi\u0119kn\u0105 drog\u0105 mi\u0142o\u015bci. Nie zast\u0119puje Ewangelii, ale j\u0105 uciele\u015bnia w sercach tych, kt\u00f3rzy ufaj\u0105 Maryi bezgranicznie.<\/p>\n\n\n\n<blockquote class=\"wp-block-quote is-layout-flow wp-block-quote-is-layout-flow\">\n<p>\u201eKto was przyjmuje, ten przyjmuje mnie, a kto mnie przyjmuje, przyjmuje Tego, kt\u00f3ry mnie pos\u0142a\u0142.\u201d (Mt 10,40)<\/p>\n<\/blockquote>\n\n\n\n<p>Udzieli\u0107 Maryi miejsca w naszym \u017cyciu, nosi\u0107 jej Szkaplerz i wiernie spe\u0142nia\u0107 warunki przywileju sobotniego to realny spos\u00f3b przynale\u017cenia g\u0142\u0119biej do Chrystusa. Niech dotkni\u0119cie Szkaplerza przypomina nam o Jej obietnicach i odnowi nasz\u0105 nadziej\u0119 na \u017cycie wieczne, wiedz\u0105c, \u017ce <strong>jako prawdziwa Matka \u2013 nigdy nas nie opu\u015bci.<\/strong><\/p>\n\n\n\n<hr class=\"wp-block-separator has-alpha-channel-opacity\"\/>\n\n\n\n<p><strong>Nasza Pani z G\u00f3ry Karmel, m\u00f3dl si\u0119 za nami.<\/strong><br><strong>Matko Karmelu, prowad\u017a nasze serca ku niebu.<\/strong><br><strong>Maryjo, Kr\u00f3lowo Czy\u015b\u0107ca, wybaw nas przez Twoje or\u0119downictwo.<\/strong><\/p>\n","protected":false},"excerpt":{"rendered":"<p>Przewodnik duchowy, historyczny i teologiczny dla czcicieli Matki Bo\u017cej z G\u00f3ry Karmel Wprowadzenie W sercu nabo\u017ce\u0144stwa maryjnego, spo\u015br\u00f3d licznych praktyk pobo\u017cnych, kt\u00f3re towarzyszy\u0142y wiernym przez wieki, ja\u015bnieje obietnica, kt\u00f3ra rozbudzi\u0142a nadziej\u0119 w niezliczonych duszach: przywilej sobotni. Nierozerwalnie powi\u0105zany z noszeniem br\u0105zowego Szkaplerza Matki Bo\u017cej karmelita\u0144skiej, ten przywilej to o wiele wi\u0119cej ni\u017c staro\u017cytna tradycja \u2013 &hellip;<\/p>\n","protected":false},"author":3,"featured_media":4529,"comment_status":"open","ping_status":"open","sticky":false,"template":"","format":"standard","meta":{"_seopress_robots_primary_cat":"","_seopress_titles_title":"","_seopress_titles_desc":"","_seopress_robots_index":"","footnotes":""},"categories":[40,62],"tags":[1469],"class_list":["post-4528","post","type-post","status-publish","format-standard","has-post-thumbnail","","category-modlitwa-i-duchowosc","category-sakramentalia-i-pielgrzymki","tag-przywilej-sobotni"],"_links":{"self":[{"href":"https:\/\/catholicus.eu\/pl\/wp-json\/wp\/v2\/posts\/4528","targetHints":{"allow":["GET"]}}],"collection":[{"href":"https:\/\/catholicus.eu\/pl\/wp-json\/wp\/v2\/posts"}],"about":[{"href":"https:\/\/catholicus.eu\/pl\/wp-json\/wp\/v2\/types\/post"}],"author":[{"embeddable":true,"href":"https:\/\/catholicus.eu\/pl\/wp-json\/wp\/v2\/users\/3"}],"replies":[{"embeddable":true,"href":"https:\/\/catholicus.eu\/pl\/wp-json\/wp\/v2\/comments?post=4528"}],"version-history":[{"count":1,"href":"https:\/\/catholicus.eu\/pl\/wp-json\/wp\/v2\/posts\/4528\/revisions"}],"predecessor-version":[{"id":4530,"href":"https:\/\/catholicus.eu\/pl\/wp-json\/wp\/v2\/posts\/4528\/revisions\/4530"}],"wp:featuredmedia":[{"embeddable":true,"href":"https:\/\/catholicus.eu\/pl\/wp-json\/wp\/v2\/media\/4529"}],"wp:attachment":[{"href":"https:\/\/catholicus.eu\/pl\/wp-json\/wp\/v2\/media?parent=4528"}],"wp:term":[{"taxonomy":"category","embeddable":true,"href":"https:\/\/catholicus.eu\/pl\/wp-json\/wp\/v2\/categories?post=4528"},{"taxonomy":"post_tag","embeddable":true,"href":"https:\/\/catholicus.eu\/pl\/wp-json\/wp\/v2\/tags?post=4528"}],"curies":[{"name":"wp","href":"https:\/\/api.w.org\/{rel}","templated":true}]}}