{"id":4525,"date":"2025-07-16T22:28:01","date_gmt":"2025-07-16T20:28:01","guid":{"rendered":"https:\/\/catholicus.eu\/pl\/?p=4525"},"modified":"2025-07-16T22:28:02","modified_gmt":"2025-07-16T20:28:02","slug":"regula-karmelu-droga-ascezy-i-calkowitego-oddania-sie-bogu","status":"publish","type":"post","link":"https:\/\/catholicus.eu\/pl\/regula-karmelu-droga-ascezy-i-calkowitego-oddania-sie-bogu\/","title":{"rendered":"Regu\u0142a Karmelu: Droga ascezy i ca\u0142kowitego oddania si\u0119 Bogu"},"content":{"rendered":"\n<p><em>\u201eB\u0105d\u017acie wi\u0119c na\u015bladowcami Boga, jako dzieci umi\u0142owane, i post\u0119pujcie drog\u0105 mi\u0142o\u015bci, bo i Chrystus nas umi\u0142owa\u0142 i samego siebie wyda\u0142 za nas\u201d<\/em> (Ef 5,1\u20132)<\/p>\n\n\n\n<hr class=\"wp-block-separator has-alpha-channel-opacity\"\/>\n\n\n\n<h3 class=\"wp-block-heading\">Wprowadzenie<\/h3>\n\n\n\n<p>W epoce ha\u0142asu, nadaktywno\u015bci i nieustannego d\u0105\u017cenia do natychmiastowego zaspokojenia potrzeb, m\u00f3wienie o \u017cyciu surowym, ukrytym i ca\u0142kowicie oddanym Bogu mo\u017ce si\u0119 wydawa\u0107 anachroniczne, a nawet niezrozumia\u0142e. A jednak ludzkie serce wci\u0105\u017c t\u0119skni za wieczno\u015bci\u0105, za absolutem, za tym, co nadaje istnieniu prawdziwy sens. W tym kontek\u015bcie <strong>Regu\u0142a Karmelu<\/strong>, zrodzona w milczeniu g\u00f3r XIII wieku i wci\u0105\u017c \u017cywa w sercach tych, kt\u00f3rzy j\u0105 przyjmuj\u0105, jawi si\u0119 jako latarnia duchowego \u015bwiat\u0142a \u2014 jako przewodnik dla ka\u017cdego, kto pragnie kroczy\u0107 drog\u0105 \u015bwi\u0119to\u015bci.<\/p>\n\n\n\n<p>Celem tego artyku\u0142u jest ukazanie <strong>Regu\u0142y Karmelu<\/strong> nie jako prostego dokumentu zakonnego, lecz jako autentycznej drogi \u017cycia, g\u0142\u0119boko zakorzenionej w Ewangelii i w pe\u0142ni aktualnej tak\u017ce dla wsp\u00f3\u0142czesnych chrze\u015bcijan. Przyjrzymy si\u0119 jej historii, teologii, duchowo\u015bci, a przede wszystkim \u2014 mo\u017cliwo\u015bci wcielania jej ducha w codziennym \u017cyciu.<\/p>\n\n\n\n<hr class=\"wp-block-separator has-alpha-channel-opacity\"\/>\n\n\n\n<h3 class=\"wp-block-heading\">1. Historyczne \u017ar\u00f3d\u0142o: Na g\u00f3rze Pana<\/h3>\n\n\n\n<p>Regu\u0142a Karmelu powsta\u0142a na pocz\u0105tku XIII wieku \u2014 w czasach wypraw krzy\u017cowych, reform i duchowych niepokoj\u00f3w. Grupa pustelnik\u00f3w \u2014 prawdopodobnie by\u0142ych krzy\u017cowc\u00f3w \u2014 osiedli\u0142a si\u0119 na <strong>G\u00f3rze Karmel<\/strong> w Ziemi \u015awi\u0119tej, w pobli\u017cu \u017ar\u00f3d\u0142a proroka Eliasza. Pragn\u0119li oni prowadzi\u0107 \u017cycie nieustannej modlitwy, pokuty i radykalnego ub\u00f3stwa, inspirowani przyk\u0142adem proroka, kt\u00f3ry w ciszy g\u00f3ry us\u0142ysza\u0142 g\u0142os Boga jako \u201e\u0142agodny powiew\u201d (1 Krl 19,12).<\/p>\n\n\n\n<p>Na pro\u015bb\u0119 tych m\u0119\u017cczyzn <strong>\u015bw. Albert z Jerozolimy<\/strong>, \u0142aci\u0144ski patriarcha Jerozolimy, przekaza\u0142 im w latach 1206\u20131214 kr\u00f3tk\u0105, lecz g\u0142\u0119boko ewangeliczn\u0105 regu\u0142\u0119 \u017cycia. Tak powsta\u0142a <strong>Regu\u0142a Karmelu<\/strong>, kt\u00f3ra p\u00f3\u017aniej zosta\u0142a zatwierdzona przez Ko\u015bci\u00f3\u0142 i sta\u0142a si\u0119 fundamentem Zakonu Karmelita\u0144skiego \u2014 zar\u00f3wno w jego m\u0119skiej, jak i \u017ce\u0144skiej ga\u0142\u0119zi.<\/p>\n\n\n\n<hr class=\"wp-block-separator has-alpha-channel-opacity\"\/>\n\n\n\n<h3 class=\"wp-block-heading\">2. Struktura i tre\u015b\u0107 Regu\u0142y<\/h3>\n\n\n\n<p>Regu\u0142a Karmelu jest zaskakuj\u0105co kr\u00f3tka (ok. 20 rozdzia\u0142\u00f3w), ale jej duchowa g\u0142\u0119bia jest ogromna. W przeciwie\u0144stwie do wielu innych bardziej prawnych regu\u0142 zakonnych, ta karmelita\u0144ska jest g\u0142\u0119boko biblijna i duchowa.<\/p>\n\n\n\n<p>Najwa\u017cniejsze elementy Regu\u0142y to:<\/p>\n\n\n\n<ul class=\"wp-block-list\">\n<li><strong>\u017bycie w pos\u0142usze\u0144stwie Jezusowi Chrystusowi<\/strong>: \u017bycie karmelita\u0144skie to egzystencja \u201ew pos\u0142usze\u0144stwie Jezusowi Chrystusowi\u201d, czyli radykalne na\u015bladowanie Mistrza a\u017c po krzy\u017c.<\/li>\n\n\n\n<li><strong>Nieustanna modlitwa<\/strong>: Ca\u0142e \u017cycie jest ukierunkowane na wytrwa\u0142\u0105 medytacj\u0119 nad S\u0142owem Bo\u017cym i modlitw\u0119 bez przerwy. Regu\u0142a nakazuje \u201erozwa\u017ca\u0107 dniem i noc\u0105 prawo Pana\u201d.<\/li>\n\n\n\n<li><strong>\u017bycie wsp\u00f3lnotowe w mi\u0142o\u015bci<\/strong>: Cho\u0107 pocz\u0105tkowo pustelnicze, \u017cycie karmelita\u0144skie koncentruje si\u0119 na braterskiej wsp\u00f3lnocie, pod przewodnictwem przeora i z mi\u0142o\u015bci\u0105 wzajemn\u0105 jako zasad\u0105.<\/li>\n\n\n\n<li><strong>Praca r\u0119czna i milczenie<\/strong>: Praca jest \u015brodkiem u\u015bwi\u0119cenia, a milczenie sprzyja s\u0142uchaniu Boga.<\/li>\n\n\n\n<li><strong>Ub\u00f3stwo i surowo\u015b\u0107<\/strong>: Regu\u0142a wymaga radykalnego wyrzeczenia si\u0119 w\u0142asno\u015bci prywatnej i \u017cycia w prostocie.<\/li>\n\n\n\n<li><strong>Post i pokuta<\/strong>: Post to nie tylko umartwienie, ale przede wszystkim gotowo\u015b\u0107 serca na spotkanie z Bogiem.<\/li>\n<\/ul>\n\n\n\n<p>Wszystko to sk\u0142ada si\u0119 na idea\u0142 \u017cycia skoncentrowanego na <strong>samym Bogu<\/strong> (\u201e<em>solus cum Solo<\/em>\u201d \u2013 sam na sam z Jedynym), jak mawia\u0142 \u015bw. Jan od Krzy\u017ca.<\/p>\n\n\n\n<hr class=\"wp-block-separator has-alpha-channel-opacity\"\/>\n\n\n\n<h3 class=\"wp-block-heading\">3. Teologia duchowo\u015bci Regu\u0142y Karmelu<\/h3>\n\n\n\n<h4 class=\"wp-block-heading\">a) <strong>Radykalny chrystocentryzm<\/strong><\/h4>\n\n\n\n<p>Duchowo\u015b\u0107 karmelita\u0144ska koncentruje si\u0119 na Jezusie Chrystusie \u2014 Bogu, kt\u00f3ry sta\u0142 si\u0119 cz\u0142owiekiem i kt\u00f3ry umi\u0142owa\u0142 nas a\u017c do ko\u0144ca. Regu\u0142a proponuje upodobnienie si\u0119 do Chrystusa ukrzy\u017cowanego i uwielbionego. Ka\u017cdy karmelita \u2014 a przez to ka\u017cdy chrze\u015bcijanin \u2014 jest wezwany, by \u201ebra\u0107 sw\u00f3j krzy\u017c ka\u017cdego dnia i i\u015b\u0107 za Nim\u201d (por. \u0141k 9,23), przyjmuj\u0105c wewn\u0119trzne oczyszczenie, jakie niesie mi\u0142o\u015b\u0107 niepodzielna.<\/p>\n\n\n\n<h4 class=\"wp-block-heading\">b) <strong>Wn\u0119trze i modlitwa<\/strong><\/h4>\n\n\n\n<p>Jednym z najbardziej charakterystycznych element\u00f3w jest nacisk na \u017cycie wewn\u0119trzne. Karmel by\u0142 kolebk\u0105 wielkich mistyk\u00f3w: <strong>\u015bw. Teresy od Jezusa<\/strong>, <strong>\u015bw. Jana od Krzy\u017ca<\/strong>, <strong>\u015bw. Teresy od Dzieci\u0105tka Jezus<\/strong>, <strong>\u015bw. El\u017cbiety od Tr\u00f3jcy \u015awi\u0119tej<\/strong>. Wszyscy oni czerpali z tego \u017ar\u00f3d\u0142a: dusza staje si\u0119 mieszkaniem Boga, a w tej wewn\u0119trznej przestrzeni dokonuje si\u0119 przemiana mistyczna.<\/p>\n\n\n\n<h4 class=\"wp-block-heading\">c) <strong>Naj\u015bwi\u0119tsza Maryja Panna jako wz\u00f3r<\/strong><\/h4>\n\n\n\n<p>Karmel to przede wszystkim <strong>Zakon Naj\u015bwi\u0119tszej Maryi Panny<\/strong>, a jego Regu\u0142a zak\u0142ada ca\u0142kowite oddanie si\u0119 Maryi \u2014 Dziewicy milczenia, s\u0142uchania i gotowo\u015bci. Maryja jawi si\u0119 jako wz\u00f3r kontemplacji i pewna przewodniczka do Chrystusa. Szkaplerz karmelita\u0144ski jest widzialnym znakiem tego duchowego przymierza.<\/p>\n\n\n\n<h4 class=\"wp-block-heading\">d) <strong>Prorocko\u015b\u0107 i misja<\/strong><\/h4>\n\n\n\n<p>Zainspirowani prorokiem Eliaszem, karmelici s\u0105 powo\u0142ani do \u017cycia b\u0119d\u0105cego prorockim znakiem: ub\u00f3stwo w \u015bwiecie konsumpcji, cisza w ha\u0142asie, modlitwa w rozproszeniu, wierno\u015b\u0107 w chaosie. To \u017cycie surowe i ukryte ma ogromn\u0105 moc ewangelizacyjn\u0105.<\/p>\n\n\n\n<hr class=\"wp-block-separator has-alpha-channel-opacity\"\/>\n\n\n\n<h3 class=\"wp-block-heading\">4. Aktualno\u015b\u0107 dla wsp\u00f3\u0142czesnego \u015bwiata<\/h3>\n\n\n\n<p>Regu\u0142a Karmelu nie jest przeznaczona wy\u0142\u0105cznie dla zakonnik\u00f3w klauzurowych. Przeciwnie \u2014 oferuje <strong>drog\u0119 duchowo\u015bci dost\u0119pn\u0105 dla wszystkich<\/strong> wierz\u0105cych, kt\u00f3rzy pragn\u0105 g\u0142\u0119biej prze\u017cywa\u0107 swoje powo\u0142anie chrzcielne. W \u015bwiecie pe\u0142nym podzia\u0142\u00f3w duchowo\u015b\u0107 karmelita\u0144ska proponuje:<\/p>\n\n\n\n<ul class=\"wp-block-list\">\n<li><strong>Drog\u0119 do jedno\u015bci wewn\u0119trznej<\/strong><br>Dzi\u0119ki ciszy i modlitwie dusza odzyskuje swoje centrum \u2014 Boga. To szczeg\u00f3lnie wa\u017cne dzisiaj, gdy stres, l\u0119k i rozproszenie wewn\u0119trzne dotykaj\u0105 tak wielu ludzi.<\/li>\n\n\n\n<li><strong>Przeciwwag\u0119 dla materializmu<\/strong><br>\u017bycie surowe nie oznacza pogardy dla rzeczy, ale w\u0142a\u015bciwe ich uporz\u0105dkowanie. \u017bycie w prostocie, bez zniewolenia konsumpcj\u0105, jest dzi\u015b bardziej potrzebne ni\u017c kiedykolwiek.<\/li>\n\n\n\n<li><strong>Styl \u017cycia skoncentrowany na tym, co istotne<\/strong><br>W obliczu nadmiaru bod\u017ac\u00f3w, Regu\u0142a zach\u0119ca do \u201e\u017cycia tym, co konieczne\u201d, do szukania Boga w codzienno\u015bci i ofiarowania swego serca jako mieszkania Bo\u017cego.<\/li>\n\n\n\n<li><strong>Prorockie \u015bwiadectwo w \u015bwiecie<\/strong><br>Bycie chrze\u015bcijaninem dzi\u015b oznacza bycie prorokiem: \u015bwiadczy\u0107 swoim \u017cyciem, \u017ce B\u00f3g wystarcza. \u015awiadectwo duszy \u017cyj\u0105cej w ciszy, pokoju i ofiarowaniu ma ogromn\u0105 warto\u015b\u0107 misyjn\u0105.<\/li>\n<\/ul>\n\n\n\n<hr class=\"wp-block-separator has-alpha-channel-opacity\"\/>\n\n\n\n<h3 class=\"wp-block-heading\">5. Praktyczne zastosowania w codziennym \u017cyciu<\/h3>\n\n\n\n<p>Jak mo\u017cemy \u2014 jako zwykli chrze\u015bcijanie \u2014 \u017cy\u0107 duchem Regu\u0142y Karmelu?<\/p>\n\n\n\n<h4 class=\"wp-block-heading\">a) <strong>Kultywowa\u0107 wewn\u0119trzn\u0105 cisz\u0119<\/strong><\/h4>\n\n\n\n<p>Codziennie znajd\u017a chwil\u0119 ciszy \u2014 bez telefonu, bez rozprosze\u0144 \u2014 tylko po to, by by\u0107 z Bogiem. Mo\u017ce to by\u0107 rano, wieczorem lub w \u015brodku dnia.<\/p>\n\n\n\n<h4 class=\"wp-block-heading\">b) <strong>Medytowa\u0107 S\u0142owo Bo\u017ce<\/strong><\/h4>\n\n\n\n<p>Codziennie przeczytaj fragment Ewangelii i rozwa\u017caj go w sercu przez ca\u0142y dzie\u0144: \u201eRozwa\u017ca\u0107 prawo Pana dniem i noc\u0105\u201d to prosta, lecz przemieniaj\u0105ca praktyka.<\/p>\n\n\n\n<h4 class=\"wp-block-heading\">c) <strong>Upro\u015bci\u0107 swoje \u017cycie<\/strong><\/h4>\n\n\n\n<p>Przyjrzyj si\u0119 swoim nawykom konsumpcyjnym, sposobowi sp\u0119dzania czasu, przywi\u0105zaniom\u2026 Czego naprawd\u0119 potrzebuj\u0119? Co mog\u0119 ofiarowa\u0107? Prostota nie zuba\u017ca \u2014 ubogaca dusz\u0119.<\/p>\n\n\n\n<h4 class=\"wp-block-heading\">d) <strong>Sk\u0142ada\u0107 ma\u0142e ofiary<\/strong><\/h4>\n\n\n\n<p>Po\u015bci\u0107, zrezygnowa\u0107 z zachcianki, przyj\u0105\u0107 przykro\u015b\u0107 bez narzekania, uczyni\u0107 ukryty gest mi\u0142o\u015bci \u2014 to codzienne sposoby prze\u017cywania ofiary z siebie.<\/p>\n\n\n\n<h4 class=\"wp-block-heading\">e) <strong>Czcij Matk\u0119 Bo\u017c\u0105 z G\u00f3ry Karmel<\/strong><\/h4>\n\n\n\n<p>No\u015b szkaplerz, powierz si\u0119 Maryi, codziennie pro\u015b J\u0105 o wstawiennictwo \u2014 to wej\u015bcie do szko\u0142y mi\u0142o\u015bci maryjnej, kt\u00f3ra prowadzi bezpo\u015brednio do Chrystusa.<\/p>\n\n\n\n<hr class=\"wp-block-separator has-alpha-channel-opacity\"\/>\n\n\n\n<h3 class=\"wp-block-heading\">Zako\u0144czenie: Ukryta droga ku \u015bwiat\u0142u<\/h3>\n\n\n\n<p>Regu\u0142a Karmelu to nie zbi\u00f3r sztywnych przepis\u00f3w, lecz <strong>droga wolno\u015bci w Bogu<\/strong>, spos\u00f3b \u017cycia wed\u0142ug Ducha, wezwanie do postawienia Chrystusa w centrum istnienia. Jej pi\u0119kno tkwi w wymaganiu, owszem \u2014 ale jeszcze bardziej w wyzwalaj\u0105cej mocy: kto oddaje Bogu ca\u0142e serce, otrzymuje wszystko.<\/p>\n\n\n\n<p>Jak przypomina Ewangelia: <em>\u201eKto straci swe \u017cycie z mego powodu i dla Ewangelii, ten je zachowa\u201d<\/em> (Mk 8,35). \u017bycie karmelita\u0144skie \u2014 cho\u0107 ukryte \u2014 jest \u017cywym \u015bwiadectwem tej prawdy. Dzi\u015b bardziej ni\u017c kiedykolwiek potrzebujemy dusz, kt\u00f3re \u2014 jak Maryja i Eliasz \u2014 \u201e\u017cyj\u0105 w obecno\u015bci Boga \u017cywego\u201d (1 Krl 17,1).<\/p>\n\n\n\n<p><strong>A ty? Odwa\u017cysz si\u0119 wej\u015b\u0107 na t\u0119 drog\u0119 ciszy, ascezy i ca\u0142kowitej mi\u0142o\u015bci?<\/strong><\/p>\n","protected":false},"excerpt":{"rendered":"<p>\u201eB\u0105d\u017acie wi\u0119c na\u015bladowcami Boga, jako dzieci umi\u0142owane, i post\u0119pujcie drog\u0105 mi\u0142o\u015bci, bo i Chrystus nas umi\u0142owa\u0142 i samego siebie wyda\u0142 za nas\u201d (Ef 5,1\u20132) Wprowadzenie W epoce ha\u0142asu, nadaktywno\u015bci i nieustannego d\u0105\u017cenia do natychmiastowego zaspokojenia potrzeb, m\u00f3wienie o \u017cyciu surowym, ukrytym i ca\u0142kowicie oddanym Bogu mo\u017ce si\u0119 wydawa\u0107 anachroniczne, a nawet niezrozumia\u0142e. A jednak ludzkie &hellip;<\/p>\n","protected":false},"author":3,"featured_media":4526,"comment_status":"open","ping_status":"open","sticky":false,"template":"","format":"standard","meta":{"_seopress_robots_primary_cat":"","_seopress_titles_title":"","_seopress_titles_desc":"","_seopress_robots_index":"","footnotes":""},"categories":[38,48],"tags":[1468],"class_list":["post-4525","post","type-post","status-publish","format-standard","has-post-thumbnail","","category-historia-i-tradycja","category-historia-kosciola","tag-regula-karmelu"],"_links":{"self":[{"href":"https:\/\/catholicus.eu\/pl\/wp-json\/wp\/v2\/posts\/4525","targetHints":{"allow":["GET"]}}],"collection":[{"href":"https:\/\/catholicus.eu\/pl\/wp-json\/wp\/v2\/posts"}],"about":[{"href":"https:\/\/catholicus.eu\/pl\/wp-json\/wp\/v2\/types\/post"}],"author":[{"embeddable":true,"href":"https:\/\/catholicus.eu\/pl\/wp-json\/wp\/v2\/users\/3"}],"replies":[{"embeddable":true,"href":"https:\/\/catholicus.eu\/pl\/wp-json\/wp\/v2\/comments?post=4525"}],"version-history":[{"count":1,"href":"https:\/\/catholicus.eu\/pl\/wp-json\/wp\/v2\/posts\/4525\/revisions"}],"predecessor-version":[{"id":4527,"href":"https:\/\/catholicus.eu\/pl\/wp-json\/wp\/v2\/posts\/4525\/revisions\/4527"}],"wp:featuredmedia":[{"embeddable":true,"href":"https:\/\/catholicus.eu\/pl\/wp-json\/wp\/v2\/media\/4526"}],"wp:attachment":[{"href":"https:\/\/catholicus.eu\/pl\/wp-json\/wp\/v2\/media?parent=4525"}],"wp:term":[{"taxonomy":"category","embeddable":true,"href":"https:\/\/catholicus.eu\/pl\/wp-json\/wp\/v2\/categories?post=4525"},{"taxonomy":"post_tag","embeddable":true,"href":"https:\/\/catholicus.eu\/pl\/wp-json\/wp\/v2\/tags?post=4525"}],"curies":[{"name":"wp","href":"https:\/\/api.w.org\/{rel}","templated":true}]}}