{"id":4498,"date":"2025-07-13T23:22:28","date_gmt":"2025-07-13T21:22:28","guid":{"rendered":"https:\/\/catholicus.eu\/pl\/?p=4498"},"modified":"2025-07-13T23:22:28","modified_gmt":"2025-07-13T21:22:28","slug":"siedem-darow-ducha-swietego-teologiczno-pasterski-przewodnik-na-co-dzien","status":"publish","type":"post","link":"https:\/\/catholicus.eu\/pl\/siedem-darow-ducha-swietego-teologiczno-pasterski-przewodnik-na-co-dzien\/","title":{"rendered":"Siedem Dar\u00f3w Ducha \u015awi\u0119tego: teologiczno-pasterski przewodnik na co dzie\u0144"},"content":{"rendered":"\n<h3 class=\"wp-block-heading\">Wst\u0119p: Duch, kt\u00f3ry przemienia serce<\/h3>\n\n\n\n<p>W \u015bwiecie wstrz\u0105sanym niepewno\u015bci\u0105, wewn\u0119trznym chaosem i og\u0142uszaj\u0105cym ha\u0142asem my, chrze\u015bcijanie, jeste\u015bmy wezwani do powrotu do sedna Ewangelii: do Ducha, kt\u00f3ry daje \u017cycie i u\u015bwi\u0119ca. Duch \u015awi\u0119ty, obiecany przez Chrystusa i wylany w dniu Pi\u0119\u0107dziesi\u0105tnicy, nie jest bezosobow\u0105 si\u0142\u0105 ani prostym symbolem. Jest trzeci\u0105 Osob\u0105 Tr\u00f3jcy \u015awi\u0119tej, samym Bogiem, kt\u00f3ry dzia\u0142a w g\u0142\u0119bi duszy ludzkiej, aby j\u0105 upodobni\u0107 do Chrystusa.<\/p>\n\n\n\n<p>Jednym z najbardziej wznios\u0142ych sposob\u00f3w, w jaki Duch \u015awi\u0119ty przemienia nasze \u017cycie, s\u0105 <strong>siedem dar\u00f3w<\/strong>, czyli nadprzyrodzone poruszenia, kt\u00f3re umo\u017cliwiaj\u0105 nam \u017cycie jako dzieci Bo\u017ce i ch\u0119tne wype\u0142nianie Jego woli.<\/p>\n\n\n\n<p>Ale czym dok\u0142adnie s\u0105 siedem dar\u00f3w Ducha \u015awi\u0119tego? Sk\u0105d pochodz\u0105? Jak dzia\u0142aj\u0105 konkretnie w \u017cyciu wierz\u0105cego? W tym artykule przyjrzymy si\u0119 ich <strong>biblijnym korzeniom<\/strong>, <strong>teologicznemu rozwojowi<\/strong>, <strong>zastosowaniu duchowemu<\/strong> i temu, jak \u2013 dzi\u015b bardziej ni\u017c kiedykolwiek \u2013 jeste\u015bmy wezwani, by je przyj\u0105\u0107, nimi \u017cy\u0107 i da\u0107 si\u0119 przez nie prowadzi\u0107 w codzienno\u015bci.<\/p>\n\n\n\n<hr class=\"wp-block-separator has-alpha-channel-opacity\"\/>\n\n\n\n<h2 class=\"wp-block-heading\">I. Biblijne i patrystyczne podstawy: prorocki korze\u0144 dar\u00f3w<\/h2>\n\n\n\n<p>Biblijne \u017ar\u00f3d\u0142o siedmiu dar\u00f3w znajduje si\u0119 w Ksi\u0119dze proroka Izajasza:<\/p>\n\n\n\n<blockquote class=\"wp-block-quote is-layout-flow wp-block-quote-is-layout-flow\">\n<p>\u201eI spocznie na Nim Duch Pana: Duch m\u0105dro\u015bci i rozumu, Duch rady i m\u0119stwa, Duch wiedzy i boja\u017ani Pa\u0144skiej.\u201d<br><em>(Iz 11,2-3)<\/em><\/p>\n<\/blockquote>\n\n\n\n<p>Ten fragment, pierwotnie odnosz\u0105cy si\u0119 do oczekiwanego Mesjasza, od najdawniejszych wiek\u00f3w by\u0142 interpretowany przez Ko\u015bci\u00f3\u0142 jako opis dzia\u0142ania Ducha \u015awi\u0119tego w pe\u0142ni Chrystusa, a wi\u0119c tak\u017ce w ka\u017cdym ochrzczonym, kt\u00f3ry staje si\u0119 uczestnikiem \u017cycia Bo\u017cego.<\/p>\n\n\n\n<p><strong>Ojcowie Ko\u015bcio\u0142a<\/strong> \u2013 od \u015bw. Ambro\u017cego, przez \u015bw. Augustyna, a\u017c po \u015bw. Grzegorza Wielkiego \u2013 g\u0142\u0119boko rozwa\u017cali ten tekst, widz\u0105c w siedmiu darach uzupe\u0142nienie cn\u00f3t teologalnych i kardynalnych. \u015aw. Tomasz z Akwinu w swojej <em>Summa Theologiae<\/em> usystematyzowa\u0142 teologicznie dary jako niezb\u0119dne elementy \u017cycia chrze\u015bcija\u0144skiego. Bez nich \u2013 pisa\u0142 \u2013 dusza nie mo\u017ce w pe\u0142ni pod\u0105\u017ca\u0107 za poruszeniami Ducha.<\/p>\n\n\n\n<hr class=\"wp-block-separator has-alpha-channel-opacity\"\/>\n\n\n\n<h2 class=\"wp-block-heading\">II. Czym s\u0105 siedem dar\u00f3w Ducha \u015awi\u0119tego?<\/h2>\n\n\n\n<p><strong>Siedem dar\u00f3w Ducha \u015awi\u0119tego<\/strong> to trwa\u0142e dyspozycje, kt\u00f3re czyni\u0105 dusz\u0119 podatn\u0105 na natchnienia Ducha. Nie s\u0105 to zwyk\u0142e cechy moralne ani naturalne predyspozycje, lecz <strong>\u0142aski nadprzyrodzone<\/strong>, kt\u00f3re podnosz\u0105 nas ponad nasze ludzkie mo\u017cliwo\u015bci, czyni\u0105c nas zdolnymi do dzia\u0142ania jako przybrane dzieci Bo\u017ce.<\/p>\n\n\n\n<p>Dary te udoskonalaj\u0105 nasze zdolno\u015bci duchowe i moralne, kieruj\u0105c je ku prawdzie i dobru Bo\u017cemu. Nie rozwijaj\u0105 si\u0119 jak nabyte umiej\u0119tno\u015bci, lecz wzrastaj\u0105 w miar\u0119, jak otwieramy si\u0119 na Ducha poprzez modlitw\u0119, \u017cycie sakramentalne i codzienne s\u0142uchanie Jego g\u0142osu.<\/p>\n\n\n\n<p>Siedem dar\u00f3w to:<\/p>\n\n\n\n<ol class=\"wp-block-list\">\n<li><strong>M\u0105dro\u015b\u0107<\/strong><\/li>\n\n\n\n<li><strong>Rozum<\/strong><\/li>\n\n\n\n<li><strong>Rada<\/strong><\/li>\n\n\n\n<li><strong>M\u0119stwo<\/strong><\/li>\n\n\n\n<li><strong>Umiej\u0119tno\u015b\u0107<\/strong><\/li>\n\n\n\n<li><strong>Pobo\u017cno\u015b\u0107<\/strong><\/li>\n\n\n\n<li><strong>Boja\u017a\u0144 Bo\u017ca<\/strong><\/li>\n<\/ol>\n\n\n\n<p>Przyjrzyjmy si\u0119 im teraz dok\u0142adniej.<\/p>\n\n\n\n<hr class=\"wp-block-separator has-alpha-channel-opacity\"\/>\n\n\n\n<h2 class=\"wp-block-heading\">III. Dary w szczeg\u00f3\u0142ach: teologia i przewodnik duchowy<\/h2>\n\n\n\n<h3 class=\"wp-block-heading\">1. <strong>M\u0105dro\u015b\u0107<\/strong><\/h3>\n\n\n\n<p><strong>Teologia<\/strong>: Najwy\u017cszy z dar\u00f3w. Daje smak rzeczy Bo\u017cych. Nie chodzi tylko o wiedz\u0119, ale o \u201eskosztowanie Boga\u201d, widzenie \u015bwiata Jego oczami.<\/p>\n\n\n\n<p><strong>Duchowo\u015b\u0107<\/strong>: Cz\u0142owiek m\u0105dry to nie ten, kto du\u017co wie, ale ten, kto <strong>porz\u0105dkuje swoje \u017cycie wed\u0142ug Boga<\/strong>. Matka, kt\u00f3ra ufa mimo cierpienia, starzec, kt\u00f3ry z pokojem przyjmuje \u015bmier\u0107, m\u0142ody cz\u0142owiek, kt\u00f3ry ofiaruje Bogu swoj\u0105 czysto\u015b\u0107 \u2013 to prawdziwi m\u0119drcy wed\u0142ug Ducha.<\/p>\n\n\n\n<p><strong>Jak go rozwija\u0107<\/strong>: Codzienna adoracja w ciszy, medytacja nad S\u0142owem, cz\u0119sta Eucharystia. M\u0105dro\u015b\u0107 ro\u015bnie w ciszy, modlitwie, zawierzeniu.<\/p>\n\n\n\n<hr class=\"wp-block-separator has-alpha-channel-opacity\"\/>\n\n\n\n<h3 class=\"wp-block-heading\">2. <strong>Rozum<\/strong><\/h3>\n\n\n\n<p><strong>Teologia<\/strong>: Daje wewn\u0119trzne \u015bwiat\u0142o do g\u0142\u0119bokiego rozumienia prawd objawionych. To nie rozumienie intelektualne, ale spojrzenie, kt\u00f3re \u201eprzenika\u201d tajemnic\u0119.<\/p>\n\n\n\n<p><strong>Duchowo\u015b\u0107<\/strong>: Ten dar pozwala nam zrozumie\u0107, \u017ce Krzy\u017c nie jest kar\u0105, ale tajemnic\u0105 mi\u0142o\u015bci; \u017ce przebaczenie to nie s\u0142abo\u015b\u0107, ale przemieniaj\u0105ca si\u0142a.<\/p>\n\n\n\n<p><strong>Jak go rozwija\u0107<\/strong>: \u0141\u0105czy\u0107 wiar\u0119 z poznaniem \u2013 czyta\u0107 Katechizm, zg\u0142\u0119bia\u0107 teologi\u0119, rozwa\u017ca\u0107 tajemnice wiary.<\/p>\n\n\n\n<hr class=\"wp-block-separator has-alpha-channel-opacity\"\/>\n\n\n\n<h3 class=\"wp-block-heading\">3. <strong>Rada<\/strong><\/h3>\n\n\n\n<p><strong>Teologia<\/strong>: To zdolno\u015b\u0107 dokonywania s\u0142usznych wybor\u00f3w w trudnych momentach, z nadprzyrodzon\u0105 jasno\u015bci\u0105. Pomaga rozezna\u0107 to, co podoba si\u0119 Bogu.<\/p>\n\n\n\n<p><strong>Duchowo\u015b\u0107<\/strong>: Rodzice wychowuj\u0105cy z m\u0105dro\u015bci\u0105, spowiednicy towarzysz\u0105cy wiernym, m\u0142odzi rozeznaj\u0105cy powo\u0142anie \u2013 wszyscy potrzebuj\u0105 daru rady.<\/p>\n\n\n\n<p><strong>Jak go rozwija\u0107<\/strong>: Modli\u0107 si\u0119 przed ka\u017cd\u0105 decyzj\u0105, szuka\u0107 rady u ludzi m\u0105drych i \u015bwi\u0119tych, korzysta\u0107 z kierownictwa duchowego.<\/p>\n\n\n\n<hr class=\"wp-block-separator has-alpha-channel-opacity\"\/>\n\n\n\n<h3 class=\"wp-block-heading\">4. <strong>M\u0119stwo<\/strong><\/h3>\n\n\n\n<p><strong>Teologia<\/strong>: Daje nadprzyrodzon\u0105 odwag\u0119 do przezwyci\u0119\u017cania strachu, opierania si\u0119 pokusom i wytrwania w dobru. To nie brawura, lecz wewn\u0119trzna si\u0142a.<\/p>\n\n\n\n<p><strong>Duchowo\u015b\u0107<\/strong>: W \u015bwiecie, kt\u00f3ry wy\u015bmiewa wiar\u0119, banalizuje czysto\u015b\u0107 i odrzuca prawd\u0119, m\u0119stwo czyni nas <strong>odwa\u017cnymi \u015bwiadkami Ewangelii<\/strong>.<\/p>\n\n\n\n<p><strong>Jak go rozwija\u0107<\/strong>: Nie ulega\u0107 presji spo\u0142ecznej, g\u0142osi\u0107 prawd\u0119 z mi\u0142o\u015bci\u0105, jednoczy\u0107 swoje cierpienia z cierpieniami Chrystusa.<\/p>\n\n\n\n<blockquote class=\"wp-block-quote is-layout-flow wp-block-quote-is-layout-flow\">\n<p>\u201eNie da\u0142 nam bowiem B\u00f3g ducha boja\u017ani, ale mocy, mi\u0142o\u015bci i trze\u017awego my\u015blenia.\u201d<br><em>(2 Tm 1,7)<\/em><\/p>\n<\/blockquote>\n\n\n\n<hr class=\"wp-block-separator has-alpha-channel-opacity\"\/>\n\n\n\n<h3 class=\"wp-block-heading\">5. <strong>Umiej\u0119tno\u015b\u0107 (Wiedza)<\/strong><\/h3>\n\n\n\n<p><strong>Teologia<\/strong>: To zdolno\u015b\u0107 widzenia stworzenia w odniesieniu do Boga. Nie chodzi o wiedz\u0119 naukow\u0105, ale duchowe spojrzenie: wszystko pochodzi od Boga i ku Niemu zmierza.<\/p>\n\n\n\n<p><strong>Duchowo\u015b\u0107<\/strong>: Uznawa\u0107 pi\u0119kno stworzenia jako \u015blad Stw\u00f3rcy, nie przywi\u0105zywa\u0107 si\u0119 do rzeczy, posiada\u0107 bez przyw\u0142aszczenia.<\/p>\n\n\n\n<p><strong>Jak go rozwija\u0107<\/strong>: U\u017cywa\u0107 rzeczy stworzonych z wdzi\u0119czno\u015bci\u0105, praktykowa\u0107 chrze\u015bcija\u0144sk\u0105 wstrzemi\u0119\u017aliwo\u015b\u0107, kocha\u0107 przyrod\u0119 jako dzie\u0142o odkupione.<\/p>\n\n\n\n<hr class=\"wp-block-separator has-alpha-channel-opacity\"\/>\n\n\n\n<h3 class=\"wp-block-heading\">6. <strong>Pobo\u017cno\u015b\u0107<\/strong><\/h3>\n\n\n\n<p><strong>Teologia<\/strong>: To nie sentymentalizm, lecz synowska mi\u0142o\u015b\u0107 do Boga i braterska wobec ludzi. Pozwala nam czu\u0107 si\u0119 kochanymi dzie\u0107mi i bra\u0107mi dla innych.<\/p>\n\n\n\n<p><strong>Duchowo\u015b\u0107<\/strong>: Dusza czu\u0142a wobec \u015bwi\u0119to\u015bci \u2013 mi\u0142o\u015b\u0107 do liturgii, Maryi, ubogich, modlitwy.<\/p>\n\n\n\n<p><strong>Jak go rozwija\u0107<\/strong>: Uczestniczy\u0107 pobo\u017cnie we Mszy, odmawia\u0107 R\u00f3\u017caniec, pe\u0142ni\u0107 uczynki mi\u0142osierdzia zakorzenione w modlitwie.<\/p>\n\n\n\n<hr class=\"wp-block-separator has-alpha-channel-opacity\"\/>\n\n\n\n<h3 class=\"wp-block-heading\">7. <strong>Boja\u017a\u0144 Bo\u017ca<\/strong><\/h3>\n\n\n\n<p><strong>Teologia<\/strong>: To nie l\u0119k s\u0142u\u017cebny, lecz synowski respekt. Odstr\u0119cza nas od grzechu nie z powodu kary, lecz z mi\u0142o\u015bci do Ojca.<\/p>\n\n\n\n<p><strong>Duchowo\u015b\u0107<\/strong>: W kulturze, kt\u00f3ra bagatelizuje z\u0142o, boja\u017a\u0144 Bo\u017ca przypomina nam o naszej ma\u0142o\u015bci i potrzebie nawr\u00f3cenia.<\/p>\n\n\n\n<p><strong>Jak go rozwija\u0107<\/strong>: Regularna spowied\u017a, rachunek sumienia, strze\u017cenie serca jako \u015bwi\u0105tyni Ducha \u015awi\u0119tego.<\/p>\n\n\n\n<hr class=\"wp-block-separator has-alpha-channel-opacity\"\/>\n\n\n\n<h2 class=\"wp-block-heading\">IV. Aktualno\u015b\u0107 przes\u0142ania: dlaczego dary s\u0105 dzi\u015b bardziej potrzebne ni\u017c kiedykolwiek<\/h2>\n\n\n\n<p>M\u00f3wienie dzi\u015b o siedmiu darach Ducha \u015awi\u0119tego to nie teologiczna ciekawostka, lecz pilna potrzeba duszpasterska. \u017byjemy w pokoleniu spragnionym sensu, g\u0142odnym autentyczno\u015bci, cz\u0119sto zagubionym.<\/p>\n\n\n\n<p>Dary Ducha:<\/p>\n\n\n\n<ul class=\"wp-block-list\">\n<li>Daj\u0105 <strong>rozeznanie<\/strong> w moralnym chaosie.<\/li>\n\n\n\n<li>Obdarzaj\u0105 <strong>odwag\u0105<\/strong> w \u015bwiecie milcz\u0105cym o wierze.<\/li>\n\n\n\n<li>Przynosz\u0105 <strong>m\u0105dro\u015b\u0107<\/strong> w obliczu medialnego ha\u0142asu.<\/li>\n\n\n\n<li>Odnawiaj\u0105 <strong>boja\u017a\u0144 Bo\u017c\u0105<\/strong> w epoce dumnej autosuficjencji.<\/li>\n<\/ul>\n\n\n\n<p>Jak powiedzia\u0142 \u015bw. Jan Pawe\u0142 II:<\/p>\n\n\n\n<blockquote class=\"wp-block-quote is-layout-flow wp-block-quote-is-layout-flow\">\n<p>\u201eNowa ewangelizacja potrzebuje chrze\u015bcijan, kt\u00f3rzy radykalnie \u017cyj\u0105 darami Ducha \u2013 \u015bwiat\u0142em po\u015br\u00f3d ciemno\u015bci.\u201d<\/p>\n<\/blockquote>\n\n\n\n<hr class=\"wp-block-separator has-alpha-channel-opacity\"\/>\n\n\n\n<h2 class=\"wp-block-heading\">V. Jak przyjmowa\u0107 i rozwija\u0107 dary<\/h2>\n\n\n\n<p>Dary Ducha \u015awi\u0119tego otrzymujemy na chrzcie, a s\u0105 umacniane w bierzmowaniu. Ale nie wystarczy je przyj\u0105\u0107 \u2013 trzeba <strong>aktywnie je rozwija\u0107<\/strong>.<\/p>\n\n\n\n<p><strong>Wskaz\u00f3wki duszpasterskie, jak je rozwija\u0107:<\/strong><\/p>\n\n\n\n<ul class=\"wp-block-list\">\n<li><strong>Codzienna modlitwa<\/strong>, szczeg\u00f3lnie do Ducha \u015awi\u0119tego.<\/li>\n\n\n\n<li><strong>Lektura duchowa<\/strong>: Katechizm, Ojcowie Ko\u015bcio\u0142a, doktorzy wiary.<\/li>\n\n\n\n<li><strong>Intensywne \u017cycie sakramentalne<\/strong>: cz\u0119sta spowied\u017a, Eucharystia.<\/li>\n\n\n\n<li><strong>Konkretne dzie\u0142a mi\u0142osierdzia<\/strong>, zakorzenione w modlitwie.<\/li>\n\n\n\n<li><strong>Codzienny rachunek sumienia<\/strong>, by wyostrzy\u0107 duchow\u0105 wra\u017cliwo\u015b\u0107.<\/li>\n<\/ul>\n\n\n\n<hr class=\"wp-block-separator has-alpha-channel-opacity\"\/>\n\n\n\n<h2 class=\"wp-block-heading\">Zako\u0144czenie: \u017cy\u0107 w Duchu to \u017cy\u0107 w pe\u0142ni<\/h2>\n\n\n\n<p>Siedem dar\u00f3w Ducha \u015awi\u0119tego to nie ciekawostka teologiczna, ale konkretny szlak do \u015bwi\u0119to\u015bci. To Bo\u017ca pedagogika, kt\u00f3ra czyni dusz\u0119 p\u0142odn\u0105, uleg\u0142\u0105, gorliw\u0105.<\/p>\n\n\n\n<p>W \u015bwiecie, kt\u00f3ry potrzebuje wiarygodnych \u015bwiadk\u00f3w \u2013 \u015bwi\u0119tych codzienno\u015bci, m\u0142odych i starszych, rodzic\u00f3w, konsekrowanych i \u015bwieckich \u2013 <strong>dary Ducha \u015awi\u0119tego s\u0105 dusz\u0105 dojrza\u0142ego, radosnego i owocnego \u017cycia chrze\u015bcija\u0144skiego<\/strong>.<\/p>\n\n\n\n<p>M\u00f3dlmy si\u0119 ka\u017cdego dnia:<\/p>\n\n\n\n<blockquote class=\"wp-block-quote is-layout-flow wp-block-quote-is-layout-flow\">\n<p>\u201ePrzyjd\u017a, Duchu \u015awi\u0119ty, nape\u0142nij serca swoich wiernych i zapal w nich ogie\u0144 Twojej mi\u0142o\u015bci.\u201d<\/p>\n<\/blockquote>\n","protected":false},"excerpt":{"rendered":"<p>Wst\u0119p: Duch, kt\u00f3ry przemienia serce W \u015bwiecie wstrz\u0105sanym niepewno\u015bci\u0105, wewn\u0119trznym chaosem i og\u0142uszaj\u0105cym ha\u0142asem my, chrze\u015bcijanie, jeste\u015bmy wezwani do powrotu do sedna Ewangelii: do Ducha, kt\u00f3ry daje \u017cycie i u\u015bwi\u0119ca. Duch \u015awi\u0119ty, obiecany przez Chrystusa i wylany w dniu Pi\u0119\u0107dziesi\u0105tnicy, nie jest bezosobow\u0105 si\u0142\u0105 ani prostym symbolem. Jest trzeci\u0105 Osob\u0105 Tr\u00f3jcy \u015awi\u0119tej, samym Bogiem, kt\u00f3ry &hellip;<\/p>\n","protected":false},"author":3,"featured_media":4499,"comment_status":"open","ping_status":"open","sticky":false,"template":"","format":"standard","meta":{"_seopress_robots_primary_cat":"","_seopress_titles_title":"","_seopress_titles_desc":"","_seopress_robots_index":"","footnotes":""},"categories":[37,43],"tags":[1455],"class_list":["post-4498","post","type-post","status-publish","format-standard","has-post-thumbnail","","category-doktryna-i-wiara","category-katechizm-kosciola-katolickiego","tag-siedem-darow-ducha-swietego"],"_links":{"self":[{"href":"https:\/\/catholicus.eu\/pl\/wp-json\/wp\/v2\/posts\/4498","targetHints":{"allow":["GET"]}}],"collection":[{"href":"https:\/\/catholicus.eu\/pl\/wp-json\/wp\/v2\/posts"}],"about":[{"href":"https:\/\/catholicus.eu\/pl\/wp-json\/wp\/v2\/types\/post"}],"author":[{"embeddable":true,"href":"https:\/\/catholicus.eu\/pl\/wp-json\/wp\/v2\/users\/3"}],"replies":[{"embeddable":true,"href":"https:\/\/catholicus.eu\/pl\/wp-json\/wp\/v2\/comments?post=4498"}],"version-history":[{"count":1,"href":"https:\/\/catholicus.eu\/pl\/wp-json\/wp\/v2\/posts\/4498\/revisions"}],"predecessor-version":[{"id":4500,"href":"https:\/\/catholicus.eu\/pl\/wp-json\/wp\/v2\/posts\/4498\/revisions\/4500"}],"wp:featuredmedia":[{"embeddable":true,"href":"https:\/\/catholicus.eu\/pl\/wp-json\/wp\/v2\/media\/4499"}],"wp:attachment":[{"href":"https:\/\/catholicus.eu\/pl\/wp-json\/wp\/v2\/media?parent=4498"}],"wp:term":[{"taxonomy":"category","embeddable":true,"href":"https:\/\/catholicus.eu\/pl\/wp-json\/wp\/v2\/categories?post=4498"},{"taxonomy":"post_tag","embeddable":true,"href":"https:\/\/catholicus.eu\/pl\/wp-json\/wp\/v2\/tags?post=4498"}],"curies":[{"name":"wp","href":"https:\/\/api.w.org\/{rel}","templated":true}]}}