{"id":4431,"date":"2025-07-08T16:44:28","date_gmt":"2025-07-08T14:44:28","guid":{"rendered":"https:\/\/catholicus.eu\/pl\/?p=4431"},"modified":"2025-07-08T16:44:28","modified_gmt":"2025-07-08T14:44:28","slug":"aseitas-boza-dlaczego-bog-niczego-nie-potrzebuje-a-ty-tak","status":"publish","type":"post","link":"https:\/\/catholicus.eu\/pl\/aseitas-boza-dlaczego-bog-niczego-nie-potrzebuje-a-ty-tak\/","title":{"rendered":"Aseitas Bo\u017ca: Dlaczego B\u00f3g niczego nie potrzebuje (a ty tak)"},"content":{"rendered":"\n<p><em>Teologiczno-pastoralna podr\u00f3\u017c do serca Bo\u017cej samowystarczalno\u015bci i naszej radykalnej zale\u017cno\u015bci od Niego<\/em><\/p>\n\n\n\n<hr class=\"wp-block-separator has-alpha-channel-opacity\"\/>\n\n\n\n<h3 class=\"wp-block-heading\">Wprowadzenie: B\u00f3g, kt\u00f3ry niczego nie potrzebuje\u2026 ale kocha<\/h3>\n\n\n\n<p>W \u015bwiecie naznaczonym potrzebami \u2014 mi\u0142o\u015bci, bezpiecze\u0144stwa, pieni\u0119dzy, uznania \u2014 stwierdzenie, \u017ce istnieje Istota, kt\u00f3ra <strong>nie potrzebuje absolutnie niczego<\/strong>, wydaje si\u0119 prowokacyjne, a nawet szokuj\u0105ce. A jednak to jedna z najg\u0142\u0119bszych, najbardziej wyzwalaj\u0105cych i zarazem wymagaj\u0105cych prawd chrze\u015bcija\u0144skiej wiary: B\u00f3g jest <strong>czyst\u0105 aseitas<\/strong>. Oznacza to, \u017ce <strong>On istnieje sam przez siebie, jest bytem samym w sobie i nie potrzebuje niczego ani nikogo, by istnie\u0107<\/strong>.<\/p>\n\n\n\n<p>Ty i ja, istoty sko\u0144czone i kruche, ka\u017cdego dnia zale\u017cymy od tysi\u0119cy rzeczy: od tlenu, kt\u00f3ry wdychamy, od mi\u0142o\u015bci, kt\u00f3r\u0105 otrzymujemy, od chleba, kt\u00f3ry jemy. Co zatem znaczy, \u017ce B\u00f3g jest czyst\u0105 aseitas? I jakie to ma znaczenie dla naszego codziennego \u017cycia? Jak ta staro\u017cytna doktryna mo\u017ce nas dzisiaj prowadzi\u0107 \u2014 po\u015br\u00f3d ha\u0142asu, l\u0119ku i wewn\u0119trznej pustki?<\/p>\n\n\n\n<p>Ten artyku\u0142 pragnie zbudowa\u0107 most pomi\u0119dzy szczytami tradycyjnej teologii a g\u0142\u0119bi\u0105 naszych codziennych pyta\u0144. Poniewa\u017c poznanie Boga takim, jakim naprawd\u0119 jest \u2014 samowystarczalnym, wiecznym, pe\u0142nym \u2014 uczy nas r\u00f3wnie\u017c, kim naprawd\u0119 jeste\u015bmy: <strong>istotami potrzebuj\u0105cymi<\/strong>, powo\u0142anymi do \u017cycia w <strong>pokorze, ufno\u015bci i uwielbieniu<\/strong>.<\/p>\n\n\n\n<hr class=\"wp-block-separator has-alpha-channel-opacity\"\/>\n\n\n\n<h3 class=\"wp-block-heading\">I. Czym jest aseitas Bo\u017ca?<\/h3>\n\n\n\n<h4 class=\"wp-block-heading\">Etymologia i definicja<\/h4>\n\n\n\n<p>S\u0142owo \u201easeitas\u201d pochodzi z \u0142aciny <em>a se<\/em>, czyli \u201ez siebie\u201d. W teologii oznacza <strong>ontologiczn\u0105 samowystarczalno\u015b\u0107 Boga<\/strong>: B\u00f3g <strong>nie otrzymuje istnienia od nikogo, nie zale\u017cy od niczego zewn\u0119trznego i nie potrzebuje niczego, by istnie\u0107<\/strong>. Jest jedyn\u0105 Istot\u0105, kt\u00f3rej istot\u0105 jest <em>samo istnienie<\/em>, co objawia si\u0119 w Jego imieniu przekazanym Moj\u017ceszowi:<\/p>\n\n\n\n<blockquote class=\"wp-block-quote is-layout-flow wp-block-quote-is-layout-flow\">\n<p>\u00abJESTEM, KT\u00d3RY JESTEM\u00bb (<em>Ehjeh Aszer Ehjeh<\/em>) \u2014 Wj 3,14.<\/p>\n<\/blockquote>\n\n\n\n<p>B\u00f3g istnieje <strong>koniecznie<\/strong>, nieprzypadkowo. Wszystko, co stworzone, istnieje, poniewa\u017c zosta\u0142o powo\u0142ane do istnienia przez Kogo\u015b innego. Ale <strong>B\u00f3g nie zosta\u0142 stworzony, nie mia\u0142 pocz\u0105tku, nie zosta\u0142 spowodowany<\/strong>. Jak m\u00f3wi \u015bw. Tomasz z Akwinu:<\/p>\n\n\n\n<blockquote class=\"wp-block-quote is-layout-flow wp-block-quote-is-layout-flow\">\n<p>\u201eB\u00f3g jest samym istnieniem\u201d (<em>ipsum esse subsistens<\/em>) \u2014 <em>Summa Theologiae<\/em>, I, q.3, a.4.<\/p>\n<\/blockquote>\n\n\n\n<p>Oznacza to, \u017ce <strong>w Bogu nie ma r\u00f3\u017cnicy mi\u0119dzy istot\u0105 a istnieniem<\/strong>, co czyni Go radykalnie r\u00f3\u017cnym od ka\u017cdej stworzonej rzeczy. Ty <strong>masz<\/strong> \u017cycie. B\u00f3g <strong>jest<\/strong> \u017byciem. Ty <strong>masz<\/strong> mi\u0142o\u015b\u0107. B\u00f3g <strong>jest<\/strong> Mi\u0142o\u015bci\u0105 (1 J 4,8). On nie <em>posiada<\/em> niczego \u2014 <strong>On jest<\/strong>.<\/p>\n\n\n\n<hr class=\"wp-block-separator has-alpha-channel-opacity\"\/>\n\n\n\n<h3 class=\"wp-block-heading\">II. Historia poj\u0119cia: od filozofii do dogmatu<\/h3>\n\n\n\n<p>Cho\u0107 poj\u0119cie aseitas jasno wy\u0142ania si\u0119 z Objawienia, to spotkanie z klasyczn\u0105 filozofi\u0105 \u2014 zw\u0142aszcza z greck\u0105 metafizyk\u0105 \u2014 nada\u0142o mu precyzyjny i techniczny charakter. Ojcowie Ko\u015bcio\u0142a, \u015bredniowieczni scholastycy i wielcy doktorzy Ko\u015bcio\u0142a uczynili je jednym z fundament\u00f3w my\u015bli chrze\u015bcija\u0144skiej.<\/p>\n\n\n\n<h4 class=\"wp-block-heading\">U Ojc\u00f3w Ko\u015bcio\u0142a<\/h4>\n\n\n\n<p>\u015aw. Augustyn, poszukuj\u0105c Prawdy i Istnienia, zrozumia\u0142, \u017ce tylko w Bogu znajduje si\u0119 trwa\u0142o\u015b\u0107 i pe\u0142nia, kt\u00f3rej \u015bwiat da\u0107 nie mo\u017ce:<\/p>\n\n\n\n<blockquote class=\"wp-block-quote is-layout-flow wp-block-quote-is-layout-flow\">\n<p>\u201eStworzy\u0142e\u015b nas, Panie, dla siebie, i niespokojne jest serce nasze, dop\u00f3ki nie spocznie w Tobie\u201d \u2014 <em>Wyznania<\/em>, I,1.<\/p>\n<\/blockquote>\n\n\n\n<h4 class=\"wp-block-heading\">W scholastyce<\/h4>\n\n\n\n<p>\u015aw. Tomasz z Akwinu uczyni\u0142 z aseitas fundament ca\u0142ej teologii naturalnej. Dowodz\u0105c, \u017ce B\u00f3g jest <em>czystym aktem<\/em> (<em>actus purus<\/em>), pozbawionym potencjalno\u015bci i braku, wskazywa\u0142, \u017ce:<\/p>\n\n\n\n<ul class=\"wp-block-list\">\n<li><strong>B\u00f3g jest swoj\u0105 w\u0142asn\u0105 przyczyn\u0105<\/strong>, ale sam nie jest spowodowany.<\/li>\n\n\n\n<li><strong>B\u00f3g nie potrzebuje \u015bwiata<\/strong>, by by\u0107 doskona\u0142ym lub szcz\u0119\u015bliwym.<\/li>\n\n\n\n<li>Ka\u017cda zale\u017cno\u015b\u0107 oznacza <strong>niedoskona\u0142o\u015b\u0107<\/strong>, a B\u00f3g jest doskona\u0142y absolutnie.<\/li>\n<\/ul>\n\n\n\n<h4 class=\"wp-block-heading\">W Reformacji i katolickiej teologii pokoncyliacyjnej<\/h4>\n\n\n\n<p>Zar\u00f3wno reformatorzy, jak i katoliccy teologowie po Soborze Trydenckim, uznawali t\u0119 doktryn\u0119 za kluczow\u0105. Jej odrzucenie oznacza\u0142oby redukcj\u0119 Boga do jednego z byt\u00f3w we wszech\u015bwiecie \u2014 \u201ewielkiego ducha\u201d, ale nie <strong>prawdziwego Boga<\/strong>, kt\u00f3ry wszystko przekracza i wszystko podtrzymuje (por. Hbr 1,3).<\/p>\n\n\n\n<hr class=\"wp-block-separator has-alpha-channel-opacity\"\/>\n\n\n\n<h3 class=\"wp-block-heading\">III. Dlaczego aseitas Bo\u017ca jest dzi\u015b wa\u017cna?<\/h3>\n\n\n\n<p>\u017byjemy w epoce g\u0142\u0119boko przesi\u0105kni\u0119tej <strong>iluzj\u0105 samowystarczalno\u015bci<\/strong>. Uczy si\u0119 nas, by \u201enie potrzebowa\u0107 nikogo\u201d, \u201eda\u0107 sobie rad\u0119 samemu\u201d, \u201eby\u0107 w\u0142asnym bogiem\u201d. Ale ta samowystarczalno\u015b\u0107 to <strong>egzystencjalne k\u0142amstwo<\/strong>, kt\u00f3re pr\u0119dzej czy p\u00f3\u017aniej si\u0119 rozpada. Ludzka dusza <strong>nie zosta\u0142a stworzona do absolutnej niezale\u017cno\u015bci<\/strong>, lecz do <strong>wsp\u00f3lnoty, otwarto\u015bci i uwielbienia<\/strong>.<\/p>\n\n\n\n<p>W tym kontek\u015bcie przypomnienie, \u017ce <strong>tylko B\u00f3g jest aseitas<\/strong>, a my <strong>potrzebujemy Go we wszystkim<\/strong>, nie jest zagro\u017ceniem, lecz <strong>wyzwoleniem<\/strong>. Nie musisz by\u0107 swoim w\u0142asnym zbawc\u0105. Nie musisz mie\u0107 wszystkiego pod kontrol\u0105. Nie jeste\u015b Bogiem \u2014 i to jest <strong>Dobra Nowina<\/strong>.<\/p>\n\n\n\n<hr class=\"wp-block-separator has-alpha-channel-opacity\"\/>\n\n\n\n<h3 class=\"wp-block-heading\">IV. Zastosowanie praktyczne: co aseitas m\u00f3wi o tobie<\/h3>\n\n\n\n<h4 class=\"wp-block-heading\">1. <strong>B\u00f3g ci\u0119 nie potrzebuje \u2014 ale ci\u0119 kocha<\/strong><\/h4>\n\n\n\n<p>To kluczowy punkt. Skoro B\u00f3g niczego nie potrzebuje, to znaczy, \u017ce <strong>nie potrzebuje ciebie<\/strong>. Ale dlaczego ci\u0119 stworzy\u0142? Dlaczego ci\u0119 odkupi\u0142? <strong>Z darmowej mi\u0142o\u015bci<\/strong>. Z czystej dobroci.<\/p>\n\n\n\n<blockquote class=\"wp-block-quote is-layout-flow wp-block-quote-is-layout-flow\">\n<p>\u201eZanim ukszta\u0142towa\u0142em ci\u0119 w \u0142onie matki, zna\u0142em ci\u0119\u201d \u2014 Jr 1,5.<\/p>\n<\/blockquote>\n\n\n\n<p>Twoje istnienie <strong>nie jest konieczne dla Boga<\/strong>, ale wynika z Jego wolnej woli. To oznacza, \u017ce <strong>nie mo\u017cesz \u201ekupi\u0107\u201d Jego mi\u0142o\u015bci<\/strong>, ani \u201ezas\u0142u\u017cy\u0107\u201d na Jego uwag\u0119. On ci\u0119 kocha, <strong>bo chce<\/strong>. I to wystarczy.<\/p>\n\n\n\n<h4 class=\"wp-block-heading\">2. <strong>Twoja zale\u017cno\u015b\u0107 to nie s\u0142abo\u015b\u0107, lecz droga<\/strong><\/h4>\n\n\n\n<p>\u015awiat uto\u017csamia potrzeb\u0119 z pora\u017ck\u0105. Ale w \u017cyciu chrze\u015bcija\u0144skim <strong>uznanie swojej zale\u017cno\u015bci to m\u0105dro\u015b\u0107<\/strong>. Gdy m\u00f3wisz: \u201ePanie, sam nie dam rady\u201d, otwierasz si\u0119 na \u0142ask\u0119.<\/p>\n\n\n\n<blockquote class=\"wp-block-quote is-layout-flow wp-block-quote-is-layout-flow\">\n<p>\u201eBeze Mnie nic nie mo\u017cecie uczyni\u0107\u201d \u2014 J 15,5.<\/p>\n<\/blockquote>\n\n\n\n<p>\u017bycie duchowe rozkwita, gdy przestajemy udawa\u0107, \u017ce jeste\u015bmy bogami, i zaczynamy \u017cy\u0107 jako to, czym jeste\u015bmy naprawd\u0119: <strong>istoty, kt\u00f3re we wszystkim potrzebuj\u0105 Boga<\/strong>.<\/p>\n\n\n\n<h4 class=\"wp-block-heading\">3. <strong>Modlitwa rodzi si\u0119 z zale\u017cno\u015bci<\/strong><\/h4>\n\n\n\n<p>Je\u015bli nikogo nie potrzebujesz \u2014 po co si\u0119 modli\u0107? Ale je\u015bli uznajesz, \u017ce <strong>zale\u017cy ci na Bogu<\/strong>, modlitwa przestaje by\u0107 ci\u0119\u017ckim obowi\u0105zkiem i staje si\u0119 <strong>konieczno\u015bci\u0105 istnienia<\/strong>, jak powietrze do oddychania. Aseitas Boga nie czyni modlitwy zb\u0119dn\u0105 \u2014 czyni j\u0105 <strong>bardziej prawdziw\u0105<\/strong>, bo rozmawiasz nie z kim\u015b potrzebuj\u0105cym, ale z Ojcem, kt\u00f3ry s\u0142ucha <strong>z mi\u0142o\u015bci<\/strong>.<\/p>\n\n\n\n<h4 class=\"wp-block-heading\">4. <strong>Uwielbienie nabiera sensu<\/strong><\/h4>\n\n\n\n<p>Je\u015bli B\u00f3g nie potrzebuje twojej chwa\u0142y\u2026 po co Go uwielbia\u0107? Bo <strong>uwielbienie nie jest dla Boga<\/strong>, lecz <strong>dla ciebie<\/strong>. W nim uznajesz prawd\u0119: \u017ce <strong>nie jeste\u015b centrum wszech\u015bwiata<\/strong>. \u017be jest Kto\u015b, kto wszystko podtrzymuje i <strong>godzien jest wszelkiej chwa\u0142y<\/strong>.<\/p>\n\n\n\n<blockquote class=\"wp-block-quote is-layout-flow wp-block-quote-is-layout-flow\">\n<p>\u201eJemu chwa\u0142a na wieki. Amen\u201d \u2014 Rz 11,36.<\/p>\n<\/blockquote>\n\n\n\n<hr class=\"wp-block-separator has-alpha-channel-opacity\"\/>\n\n\n\n<h3 class=\"wp-block-heading\">V. Aseitas i zranione serce wsp\u00f3\u0142czesnego cz\u0142owieka<\/h3>\n\n\n\n<p>\u017byjemy w epoce <em>wypalenia<\/em>, chronicznego l\u0119ku, nieustannego por\u00f3wnywania si\u0119. Staramy si\u0119 by\u0107 idealni, samowystarczalni, produktywni, niezale\u017cni\u2026 i ko\u0144czymy <strong>rozbici wewn\u0119trznie<\/strong>. Nauka o aseitas to <strong>duchowe lekarstwo<\/strong>: <strong>nie jeste\u015b Bogiem \u2014 i nie musisz nim by\u0107<\/strong>.<\/p>\n\n\n\n<p>Odpoczynek w Bogu, kt\u00f3ry si\u0119 nie zmienia, nie zale\u017cy od niczego, niczego nie potrzebuje \u2014 <strong>to najwi\u0119ksza pociecha<\/strong>. To znaczy, \u017ce istnieje Miejsce \u2014 a w\u0142a\u015bciwie Istnienie \u2014 na kt\u00f3rym mo\u017cesz si\u0119 <strong>bezpiecznie oprze\u0107<\/strong>.<\/p>\n\n\n\n<hr class=\"wp-block-separator has-alpha-channel-opacity\"\/>\n\n\n\n<h3 class=\"wp-block-heading\">VI. Zako\u0144czenie: B\u00f3g pe\u0142ni chce nape\u0142ni\u0107 ciebie<\/h3>\n\n\n\n<p>Aseitas Bo\u017ca to nie filozoficzna abstrakcja. To \u017cywa prawda, kt\u00f3ra dotyka duszy: <strong>B\u00f3g niczego nie potrzebuje\u2026 a ty potrzebujesz wszystkiego od Niego.<\/strong> I to jest dobre. To pokora, ub\u00f3stwo duchowe \u2014 pocz\u0105tek prawdziwego \u017cycia chrze\u015bcija\u0144skiego.<\/p>\n\n\n\n<p>Na drodze wiary nie chodzi o to, by by\u0107 coraz bardziej niezale\u017cnym, ale <strong>coraz bardziej zale\u017cnym od Boga<\/strong>. Nie chodzi o \u201eradzenie sobie samemu\u201d, ale o <strong>ca\u0142kowite powierzenie si\u0119 Jemu<\/strong>, jak dziecko, kt\u00f3re zasypia w ramionach matki.<\/p>\n\n\n\n<blockquote class=\"wp-block-quote is-layout-flow wp-block-quote-is-layout-flow\">\n<p>\u201eUciszy\u0142em i uspokoi\u0142em moj\u0105 dusz\u0119; jak niemowl\u0119 u swej matki, jak niemowl\u0119 \u2014 tak we mnie moja dusza\u201d \u2014 Ps 131,2.<\/p>\n<\/blockquote>\n\n\n\n<p>B\u00f3g, b\u0119d\u0105c aseitas, <strong>nie potrzebuje nas<\/strong>. Ale <strong>zechcia\u0142<\/strong> nas potrzebowa\u0107 z mi\u0142o\u015bci, czyni\u0105c nas uczestnikami swojego \u017bycia. I w\u0142a\u015bnie w tym tkwi najwi\u0119ksza tajemnica: B\u00f3g samowystarczalny sta\u0142 si\u0119 w Chrystusie s\u0142aby dla nas, aby\u015bmy my, w naszej potrzebie, <strong>\u017cyli przez Niego i z Nim na wieki<\/strong>.<\/p>\n\n\n\n<hr class=\"wp-block-separator has-alpha-channel-opacity\"\/>\n\n\n\n<h3 class=\"wp-block-heading\">Modlitwa ko\u0144cowa<\/h3>\n\n\n\n<blockquote class=\"wp-block-quote is-layout-flow wp-block-quote-is-layout-flow\">\n<p>Panie, Bo\u017ce wieczny,<br>Ty, kt\u00f3ry jeste\u015b samym Istnieniem i niczego nie potrzebujesz,<br>naucz mnie uznawa\u0107 Ci\u0119 za moje Wszystko.<br>Pom\u00f3\u017c mi \u017cy\u0107 w pokorze,<br>zale\u017cny od Ciebie bez l\u0119ku,<br>odpoczywa\u0107 w Twojej pe\u0142ni.<br>Ty, kt\u00f3ry nie potrzebujesz niczego,<br>zechcia\u0142e\u015b mnie potrzebowa\u0107 z mi\u0142o\u015bci.<br>Nie pozw\u00f3l mi nigdy zapomnie\u0107,<br>\u017ce jestem stworzeniem,<br>a Ty, m\u00f3j Stw\u00f3rco,<br>jeste\u015b Wszystkim.<br>Amen.<\/p>\n<\/blockquote>\n","protected":false},"excerpt":{"rendered":"<p>Teologiczno-pastoralna podr\u00f3\u017c do serca Bo\u017cej samowystarczalno\u015bci i naszej radykalnej zale\u017cno\u015bci od Niego Wprowadzenie: B\u00f3g, kt\u00f3ry niczego nie potrzebuje\u2026 ale kocha W \u015bwiecie naznaczonym potrzebami \u2014 mi\u0142o\u015bci, bezpiecze\u0144stwa, pieni\u0119dzy, uznania \u2014 stwierdzenie, \u017ce istnieje Istota, kt\u00f3ra nie potrzebuje absolutnie niczego, wydaje si\u0119 prowokacyjne, a nawet szokuj\u0105ce. A jednak to jedna z najg\u0142\u0119bszych, najbardziej wyzwalaj\u0105cych i zarazem &hellip;<\/p>\n","protected":false},"author":3,"featured_media":4432,"comment_status":"open","ping_status":"open","sticky":false,"template":"","format":"standard","meta":{"_seopress_robots_primary_cat":"","_seopress_titles_title":"","_seopress_titles_desc":"","_seopress_robots_index":"","footnotes":""},"categories":[44,37],"tags":[1428],"class_list":["post-4431","post","type-post","status-publish","format-standard","has-post-thumbnail","","category-dogmaty-wiary","category-doktryna-i-wiara","tag-aseitas"],"_links":{"self":[{"href":"https:\/\/catholicus.eu\/pl\/wp-json\/wp\/v2\/posts\/4431","targetHints":{"allow":["GET"]}}],"collection":[{"href":"https:\/\/catholicus.eu\/pl\/wp-json\/wp\/v2\/posts"}],"about":[{"href":"https:\/\/catholicus.eu\/pl\/wp-json\/wp\/v2\/types\/post"}],"author":[{"embeddable":true,"href":"https:\/\/catholicus.eu\/pl\/wp-json\/wp\/v2\/users\/3"}],"replies":[{"embeddable":true,"href":"https:\/\/catholicus.eu\/pl\/wp-json\/wp\/v2\/comments?post=4431"}],"version-history":[{"count":1,"href":"https:\/\/catholicus.eu\/pl\/wp-json\/wp\/v2\/posts\/4431\/revisions"}],"predecessor-version":[{"id":4433,"href":"https:\/\/catholicus.eu\/pl\/wp-json\/wp\/v2\/posts\/4431\/revisions\/4433"}],"wp:featuredmedia":[{"embeddable":true,"href":"https:\/\/catholicus.eu\/pl\/wp-json\/wp\/v2\/media\/4432"}],"wp:attachment":[{"href":"https:\/\/catholicus.eu\/pl\/wp-json\/wp\/v2\/media?parent=4431"}],"wp:term":[{"taxonomy":"category","embeddable":true,"href":"https:\/\/catholicus.eu\/pl\/wp-json\/wp\/v2\/categories?post=4431"},{"taxonomy":"post_tag","embeddable":true,"href":"https:\/\/catholicus.eu\/pl\/wp-json\/wp\/v2\/tags?post=4431"}],"curies":[{"name":"wp","href":"https:\/\/api.w.org\/{rel}","templated":true}]}}