{"id":4413,"date":"2025-07-07T23:11:39","date_gmt":"2025-07-07T21:11:39","guid":{"rendered":"https:\/\/catholicus.eu\/pl\/?p=4413"},"modified":"2025-07-07T23:11:39","modified_gmt":"2025-07-07T21:11:39","slug":"tradycja-apostolska-gdzie-konczy-sie-biblia-a-gdzie-zaczyna-tradycja","status":"publish","type":"post","link":"https:\/\/catholicus.eu\/pl\/tradycja-apostolska-gdzie-konczy-sie-biblia-a-gdzie-zaczyna-tradycja\/","title":{"rendered":"Tradycja apostolska: Gdzie ko\u0144czy si\u0119 Biblia, a gdzie zaczyna Tradycja?"},"content":{"rendered":"\n<p><em>Duchowy przewodnik po \u017cywym \u017ar\u00f3dle wiary katolickiej<\/em><\/p>\n\n\n\n<hr class=\"wp-block-separator has-alpha-channel-opacity\"\/>\n\n\n\n<h3 class=\"wp-block-heading\">Wst\u0119p: Pytanie fundamentalne<\/h3>\n\n\n\n<p>W \u017cyciu ka\u017cdego wierz\u0105cego przychodzi moment, kiedy pojawiaj\u0105 si\u0119 pytania zasadnicze: Na czym naprawd\u0119 opiera si\u0119 nasza wiara? Czy wszystko, w co wierzymy, znajduje si\u0119 w Biblii? Jakie miejsce zajmuje Tradycja apostolska? Czy jest ona ludzkim dodatkiem, czy te\u017c stanowi fundamentaln\u0105 cz\u0119\u015b\u0107 depozytu wiary? Te pytania nie s\u0105 nowe, ale dzi\u015b, w \u015bwiecie zdominowanym przez has\u0142o \u201etylko Biblia\u201d (<em>sola Scriptura<\/em>), staj\u0105 si\u0119 szczeg\u00f3lnie pal\u0105ce.<\/p>\n\n\n\n<p>Ten artyku\u0142 ma by\u0107 pomostem mi\u0119dzy sercem wsp\u00f3\u0142czesnego wierz\u0105cego a tysi\u0105cletnimi korzeniami wiary katolickiej. Nie tylko wyja\u015bnimy, czym jest Tradycja apostolska, ale tak\u017ce poka\u017cemy, \u017ce jest ona cz\u0119\u015bci\u0105 Bo\u017cego Objawienia, jakie ma relacje z Pismem \u015awi\u0119tym i jak mo\u017ce przemienia\u0107 nasze codzienne \u017cycie duchowe. Tradycja nie jest ci\u0119\u017carem przesz\u0142o\u015bci, ale \u017cywym nurtem, kt\u00f3ry prowadzi nas bezpo\u015brednio do Chrystusa.<\/p>\n\n\n\n<hr class=\"wp-block-separator has-alpha-channel-opacity\"\/>\n\n\n\n<h3 class=\"wp-block-heading\">I. Czym jest Tradycja apostolska?<\/h3>\n\n\n\n<p><strong>Tradycja apostolska<\/strong> to zbi\u00f3r nauk, praktyk, modlitw, celebracji i struktur przekazanych przez aposto\u0142\u00f3w pod natchnieniem Ducha \u015awi\u0119tego i wiernie strze\u017conych przez Ko\u015bci\u00f3\u0142. Nie jest to kolejna ludzka tradycja ani kulturowy zwyczaj, lecz integralna cz\u0119\u015b\u0107 <strong>Bo\u017cego Objawienia<\/strong>, razem z Pismem \u015awi\u0119tym.<\/p>\n\n\n\n<blockquote class=\"wp-block-quote is-layout-flow wp-block-quote-is-layout-flow\">\n<p>\u201ePrzeto, bracia, trwajcie niezachwianie i trzymajcie si\u0119 tradycji, kt\u00f3rych was nauczono, czy to ustnie, czy listownie od nas.\u201d<br><em>\u20142 Tes 2,15<\/em><\/p>\n<\/blockquote>\n\n\n\n<p>Ten werset jest kluczowy: \u015bw. Pawe\u0142 nie przeciwstawia tradycji ustnej tradycji pisemnej, lecz ukazuje je jako <strong>wzajemnie uzupe\u0142niaj\u0105ce si\u0119<\/strong>. Aposto\u0142 nie uwa\u017ca\u0142, \u017ce wszystko musi by\u0107 natychmiast spisane; przeciwnie, wiele nauk by\u0142o przekazywanych ustnie i prze\u017cywanych we wsp\u00f3lnocie, zanim zosta\u0142y zapisane.<\/p>\n\n\n\n<hr class=\"wp-block-separator has-alpha-channel-opacity\"\/>\n\n\n\n<h3 class=\"wp-block-heading\">II. Biblia i Tradycja: rywalki czy towarzyszki?<\/h3>\n\n\n\n<p>Pismo \u015awi\u0119te i Tradycja nie s\u0105 dwiema oddzielnymi \u017ar\u00f3d\u0142ami, jakby ka\u017cda zawiera\u0142a \u201ecz\u0119\u015b\u0107\u201d prawdy. Tworz\u0105 raczej <strong>jedno \u017ar\u00f3d\u0142o Bo\u017cego Objawienia<\/strong>, jak naucza Sob\u00f3r Watyka\u0144ski II w konstytucji <em>Dei Verbum<\/em>:<\/p>\n\n\n\n<blockquote class=\"wp-block-quote is-layout-flow wp-block-quote-is-layout-flow\">\n<p>\u201e\u015awi\u0119ta Tradycja i Pismo \u015awi\u0119te stanowi\u0105 jeden \u015bwi\u0119ty depozyt s\u0142owa Bo\u017cego powierzony Ko\u015bcio\u0142owi.\u201d<br>(<em>Dei Verbum<\/em>, 10)<\/p>\n<\/blockquote>\n\n\n\n<p>Biblia <strong>zrodzi\u0142a si\u0119 w \u017cywej Tradycji<\/strong> Ko\u015bcio\u0142a. Nowy Testament zosta\u0142 spisany dopiero dziesi\u0105tki lat po Zmartwychwstaniu Chrystusa \u2014 w wsp\u00f3lnotach, kt\u00f3re ju\u017c celebrowa\u0142y Eucharysti\u0119, posiada\u0142y episkopat, chrzci\u0142y i g\u0142osi\u0142y Ewangeli\u0119.<\/p>\n\n\n\n<p>Zatem, <strong>gdzie ko\u0144czy si\u0119 Biblia, a gdzie zaczyna Tradycja?<\/strong> Pytanie to, cho\u0107 zrozumia\u0142e, opiera si\u0119 na fa\u0142szywej dychotomii. Nie ma tu wyra\u017anej \u201egranicy\u201d: oba elementy przeplataj\u0105 si\u0119, wzajemnie si\u0119 o\u015bwiecaj\u0105 i interpretuj\u0105. B\u0142\u0119dem wsp\u00f3\u0142czesno\u015bci by\u0142o ich rozdzielenie, jakby Tradycja by\u0142a zb\u0119dna lub podejrzana.<\/p>\n\n\n\n<hr class=\"wp-block-separator has-alpha-channel-opacity\"\/>\n\n\n\n<h3 class=\"wp-block-heading\">III. Tradycja w historii Ko\u015bcio\u0142a<\/h3>\n\n\n\n<p>Od I wieku Ko\u015bci\u00f3\u0142 \u017cy\u0142 w Tradycji. Oto kilka przyk\u0142ad\u00f3w:<\/p>\n\n\n\n<ul class=\"wp-block-list\">\n<li><strong>Struktura hierarchiczna Ko\u015bcio\u0142a<\/strong> (biskupi, prezbiterzy, diakoni) istnia\u0142a jeszcze zanim spisano Ewangeli\u0119 \u015bw. Jana.<\/li>\n\n\n\n<li><strong>Kanon biblijny<\/strong>, czyli spis ksi\u0105g nale\u017c\u0105cych do Biblii, zosta\u0142 rozpoznany przez Ko\u015bci\u00f3\u0142 na drodze Tradycji i ostatecznie zatwierdzony dopiero pod koniec IV wieku.<\/li>\n\n\n\n<li><strong>Nauka o Tr\u00f3jcy \u015awi\u0119tej<\/strong>, dogmaty maryjne, kult \u015bwi\u0119tych, formu\u0142y liturgiczne chrztu i Mszy \u015bwi\u0119tej \u2014 wszystko to rozwija\u0142o si\u0119 pod wp\u0142ywem Tradycji prowadzonej przez Ducha \u015awi\u0119tego.<\/li>\n<\/ul>\n\n\n\n<p>Kiedy kto\u015b m\u00f3wi: \u201eWierz\u0119 tylko w to, co jest napisane w Biblii\u201d, nie zauwa\u017ca, \u017ce nawet sama Biblia zosta\u0142a <strong>stworzona, zachowana i przekazana<\/strong> przez Ko\u015bci\u00f3\u0142, kt\u00f3ry ju\u017c \u017cy\u0142 Tradycj\u0105 apostolsk\u0105.<\/p>\n\n\n\n<hr class=\"wp-block-separator has-alpha-channel-opacity\"\/>\n\n\n\n<h3 class=\"wp-block-heading\">IV. Tradycja i Magisterium: trzy nieroz\u0142\u0105czne filary<\/h3>\n\n\n\n<p>Ko\u015bci\u00f3\u0142 naucza, \u017ce Bo\u017ce Objawienie opiera si\u0119 na trzech filarach:<\/p>\n\n\n\n<ol class=\"wp-block-list\">\n<li><strong>Pismo \u015awi\u0119te<\/strong> \u2013 spisane S\u0142owo Bo\u017ce.<\/li>\n\n\n\n<li><strong>Tradycja apostolska<\/strong> \u2013 ustnie przekazane i prze\u017cywane S\u0142owo Bo\u017ce.<\/li>\n\n\n\n<li><strong>Magisterium<\/strong> \u2013 \u017cywa w\u0142adza nauczaj\u0105ca Ko\u015bcio\u0142a, kt\u00f3ra wiernie interpretuje to S\u0142owo.<\/li>\n<\/ol>\n\n\n\n<blockquote class=\"wp-block-quote is-layout-flow wp-block-quote-is-layout-flow\">\n<p>\u201eUrz\u0105d nauczycielski nie stoi ponad s\u0142owem Bo\u017cym, lecz mu s\u0142u\u017cy, nauczaj\u0105c tylko tego, co zosta\u0142o przekazane.\u201d<br>(<em>Dei Verbum<\/em>, 10)<\/p>\n<\/blockquote>\n\n\n\n<p>Dlatego <strong>Tradycji nie mo\u017cna odczytywa\u0107 ani rozumie\u0107 poza Magisterium Ko\u015bcio\u0142a<\/strong>, kt\u00f3re gwarantuje jej wierno\u015b\u0107 Chrystusowi. Nie ka\u017cdy dawny zwyczaj to Tradycja apostolska. Tylko te nauki, kt\u00f3re pochodz\u0105 ze \u015bwiadectwa apostolskiego i zosta\u0142y uznane przez Ko\u015bci\u00f3\u0142 powszechny pod przewodnictwem Papie\u017ca i biskup\u00f3w w jedno\u015bci z nim, nale\u017c\u0105 do tej Tradycji.<\/p>\n\n\n\n<hr class=\"wp-block-separator has-alpha-channel-opacity\"\/>\n\n\n\n<h3 class=\"wp-block-heading\">V. Tradycja dzisiaj: \u017cywy przewodnik na czasy niepewno\u015bci<\/h3>\n\n\n\n<p>W \u015bwiecie, kt\u00f3ry zmienia si\u0119 w zawrotnym tempie, wielu szuka pewno\u015bci. Niekt\u00f3rzy, nawet wewn\u0105trz Ko\u015bcio\u0142a, mog\u0105 b\u0142\u0119dnie s\u0105dzi\u0107, \u017ce wystarczy sama Biblia, by odpowiedzie\u0107 na wyzwania wsp\u00f3\u0142czesno\u015bci. Tymczasem Tradycja to <strong>pewna busola<\/strong>. Nie jest ci\u0119\u017carem, ale \u017cyw\u0105 pami\u0119ci\u0105 Ludu Bo\u017cego.<\/p>\n\n\n\n<p>Dzi\u0119ki Tradycji, na przyk\u0142ad:<\/p>\n\n\n\n<ul class=\"wp-block-list\">\n<li>Wiemy, jak celebrowa\u0107 Eucharysti\u0119 z nale\u017cn\u0105 czci\u0105.<\/li>\n\n\n\n<li>Zachowujemy moraln\u0105 nauk\u0119 Ko\u015bcio\u0142a na temat \u017cycia, seksualno\u015bci i ma\u0142\u017ce\u0144stwa.<\/li>\n\n\n\n<li>Mamy dost\u0119p do duchowego bogactwa Ojc\u00f3w Ko\u015bcio\u0142a, \u015bwi\u0119tych i sobor\u00f3w.<\/li>\n\n\n\n<li>Mo\u017cemy rozpoznawa\u0107 herezje i modne trendy doktrynalne, kt\u00f3re pojawiaj\u0105 si\u0119 w ka\u017cdej epoce.<\/li>\n<\/ul>\n\n\n\n<p>Tradycja czyni nas <strong>prawdziwie katolikami<\/strong>: nie wyznawcami jednej ksi\u0119gi, lecz cz\u0142onkami historii, mistycznego Cia\u0142a, \u017cywej wsp\u00f3lnoty trwaj\u0105cej przez wieki.<\/p>\n\n\n\n<hr class=\"wp-block-separator has-alpha-channel-opacity\"\/>\n\n\n\n<h3 class=\"wp-block-heading\">VI. Praktyczne zastosowania dla wsp\u00f3\u0142czesnego wierz\u0105cego<\/h3>\n\n\n\n<p>Jak dzi\u015b \u017cy\u0107 Tradycj\u0105 apostolsk\u0105, nie popadaj\u0105c w ja\u0142owy tradycjonalizm ani w powierzchowne nowinki?<\/p>\n\n\n\n<ol class=\"wp-block-list\">\n<li><strong>Zg\u0142\u0119biaj pisma Ojc\u00f3w Ko\u015bcio\u0142a<\/strong>: Czytaj \u015bw. Ireneusza, \u015bw. Augustyna, \u015bw. Jana Chryzostoma. To latarnie roz\u015bwietlaj\u0105ce pierwotn\u0105 wiar\u0119.<\/li>\n\n\n\n<li><strong>Pokochaj tradycyjn\u0105 liturgi\u0119<\/strong>: Uczestnicz we Mszy \u015awi\u0119tej z nale\u017cn\u0105 czci\u0105, poznaj dawne ryty, doce\u0144 \u0142acin\u0119, chora\u0142 gregoria\u0144ski, symbolik\u0119 sakraln\u0105.<\/li>\n\n\n\n<li><strong>Kszta\u0142tuj sumienie wed\u0142ug niezmiennej nauki<\/strong>: Nie daj si\u0119 zwie\u015b\u0107 modom. Studiuj Katechizm, sobory, encykliki papieskie.<\/li>\n\n\n\n<li><strong>\u017byj wiar\u0105 we wsp\u00f3lnocie Ko\u015bcio\u0142a<\/strong>: Tradycja nie jest indywidualistyczna. Przekazywana jest we wsp\u00f3lnocie \u2014 w rodzinie, parafii, w wierno\u015bci Papie\u017cowi.<\/li>\n\n\n\n<li><strong>M\u00f3dl si\u0119 staro\u017cytnymi modlitwami<\/strong>: R\u00f3\u017caniec, litanie, Liturgia Godzin\u2026 to skarby, kt\u00f3re \u0142\u0105cz\u0105 ci\u0119 z wiekami nieprzerwanej modlitwy.<\/li>\n<\/ol>\n\n\n\n<hr class=\"wp-block-separator has-alpha-channel-opacity\"\/>\n\n\n\n<h3 class=\"wp-block-heading\">VII. \u015awiadek wierno\u015bci: Maryja, nosicielka Tradycji<\/h3>\n\n\n\n<p>Naj\u015bwi\u0119tsza Maryja Panna nie napisa\u0142a ani jednej strony Biblii. A jednak jest <strong>\u017cyw\u0105 stra\u017cniczk\u0105 S\u0142owa Bo\u017cego<\/strong>. Jej <em>fiat<\/em>, milcz\u0105ca kontemplacja, nieustanna obecno\u015b\u0107 w \u017cyciu Chrystusa i Ko\u015bcio\u0142a czyni\u0105 z niej doskona\u0142y wz\u00f3r tej, kt\u00f3ra <strong>przyjmuje, przekazuje i \u017cyje Tradycj\u0105<\/strong>.<\/p>\n\n\n\n<blockquote class=\"wp-block-quote is-layout-flow wp-block-quote-is-layout-flow\">\n<p>\u201eMaryja zachowywa\u0142a wszystkie te sprawy i rozwa\u017ca\u0142a je w swoim sercu.\u201d<br><em>\u2014\u0141k 2,19<\/em><\/p>\n<\/blockquote>\n\n\n\n<p>R\u00f3wnie\u017c my jeste\u015bmy wezwani, by przyjmowa\u0107 to, co zosta\u0142o nam przekazane, nie jako martw\u0105 liter\u0119, ale jako \u017cywe S\u0142owo, kt\u00f3re nas przemienia.<\/p>\n\n\n\n<hr class=\"wp-block-separator has-alpha-channel-opacity\"\/>\n\n\n\n<h3 class=\"wp-block-heading\">Zako\u0144czenie: Rzeka, kt\u00f3ra nie przestaje p\u0142yn\u0105\u0107<\/h3>\n\n\n\n<p>Tradycja apostolska nie jest stoj\u0105cym jeziorem, lecz rzek\u0105, kt\u00f3ra wyp\u0142ywa z przebitego boku Chrystusa i dociera do nas przez Ko\u015bci\u00f3\u0142. Nie rywalizuje z Pismem \u015awi\u0119tym \u2014 towarzyszy mu, interpretuje je i o\u017cywia.<\/p>\n\n\n\n<p>W czasach zam\u0119tu, zw\u0105tpienia i relatywizmu, Tradycja jest <strong>gwarancj\u0105 autentyczno\u015bci<\/strong>, \u015bwi\u0119tym dziedzictwem i wezwaniem do \u017cycia wiar\u0105 z g\u0142\u0119bi\u0105, pi\u0119knem i wierno\u015bci\u0105.<\/p>\n\n\n\n<p>Powr\u00f3t do Tradycji to nie regres. To <strong>powr\u00f3t do \u017ar\u00f3de\u0142<\/strong>, by pi\u0107 wod\u0119 \u017cyw\u0105, kt\u00f3ra wyp\u0142ywa z samego serca Boga.<\/p>\n\n\n\n<hr class=\"wp-block-separator has-alpha-channel-opacity\"\/>\n\n\n\n<p><strong>\u201eNie dajcie si\u0119 zwie\u015b\u0107 r\u00f3\u017cnym i obcym naukom. Jezus Chrystus \u2013 ten sam wczoraj, dzi\u015b i na wieki.\u201d<\/strong><br><em>\u2014Hbr 13,8<\/em><\/p>\n","protected":false},"excerpt":{"rendered":"<p>Duchowy przewodnik po \u017cywym \u017ar\u00f3dle wiary katolickiej Wst\u0119p: Pytanie fundamentalne W \u017cyciu ka\u017cdego wierz\u0105cego przychodzi moment, kiedy pojawiaj\u0105 si\u0119 pytania zasadnicze: Na czym naprawd\u0119 opiera si\u0119 nasza wiara? Czy wszystko, w co wierzymy, znajduje si\u0119 w Biblii? Jakie miejsce zajmuje Tradycja apostolska? Czy jest ona ludzkim dodatkiem, czy te\u017c stanowi fundamentaln\u0105 cz\u0119\u015b\u0107 depozytu wiary? Te &hellip;<\/p>\n","protected":false},"author":3,"featured_media":4414,"comment_status":"open","ping_status":"open","sticky":false,"template":"","format":"standard","meta":{"_seopress_robots_primary_cat":"","_seopress_titles_title":"","_seopress_titles_desc":"","_seopress_robots_index":"","footnotes":""},"categories":[38,51],"tags":[590],"class_list":["post-4413","post","type-post","status-publish","format-standard","has-post-thumbnail","","category-historia-i-tradycja","category-magisterium-kosciola","tag-tradycja-apostolska"],"_links":{"self":[{"href":"https:\/\/catholicus.eu\/pl\/wp-json\/wp\/v2\/posts\/4413","targetHints":{"allow":["GET"]}}],"collection":[{"href":"https:\/\/catholicus.eu\/pl\/wp-json\/wp\/v2\/posts"}],"about":[{"href":"https:\/\/catholicus.eu\/pl\/wp-json\/wp\/v2\/types\/post"}],"author":[{"embeddable":true,"href":"https:\/\/catholicus.eu\/pl\/wp-json\/wp\/v2\/users\/3"}],"replies":[{"embeddable":true,"href":"https:\/\/catholicus.eu\/pl\/wp-json\/wp\/v2\/comments?post=4413"}],"version-history":[{"count":1,"href":"https:\/\/catholicus.eu\/pl\/wp-json\/wp\/v2\/posts\/4413\/revisions"}],"predecessor-version":[{"id":4415,"href":"https:\/\/catholicus.eu\/pl\/wp-json\/wp\/v2\/posts\/4413\/revisions\/4415"}],"wp:featuredmedia":[{"embeddable":true,"href":"https:\/\/catholicus.eu\/pl\/wp-json\/wp\/v2\/media\/4414"}],"wp:attachment":[{"href":"https:\/\/catholicus.eu\/pl\/wp-json\/wp\/v2\/media?parent=4413"}],"wp:term":[{"taxonomy":"category","embeddable":true,"href":"https:\/\/catholicus.eu\/pl\/wp-json\/wp\/v2\/categories?post=4413"},{"taxonomy":"post_tag","embeddable":true,"href":"https:\/\/catholicus.eu\/pl\/wp-json\/wp\/v2\/tags?post=4413"}],"curies":[{"name":"wp","href":"https:\/\/api.w.org\/{rel}","templated":true}]}}