{"id":4410,"date":"2025-07-07T22:55:21","date_gmt":"2025-07-07T20:55:21","guid":{"rendered":"https:\/\/catholicus.eu\/pl\/?p=4410"},"modified":"2025-07-07T22:55:22","modified_gmt":"2025-07-07T20:55:22","slug":"apokatastaza-czy-naprawde-wszyscy-zostana-zbawieni-kontrowersyjna-idea-orygenesa","status":"publish","type":"post","link":"https:\/\/catholicus.eu\/pl\/apokatastaza-czy-naprawde-wszyscy-zostana-zbawieni-kontrowersyjna-idea-orygenesa\/","title":{"rendered":"Apokatastaza: czy naprawd\u0119 wszyscy zostan\u0105 zbawieni? Kontrowersyjna idea Orygenesa"},"content":{"rendered":"\n<p><em>Teologiczne i pastoralne spojrzenie na jeden z najbardziej delikatnych debat w historii chrze\u015bcija\u0144stwa<\/em><\/p>\n\n\n\n<hr class=\"wp-block-separator has-alpha-channel-opacity\"\/>\n\n\n\n<p><strong>Wst\u0119p: Nadzieja, kt\u00f3ra niepokoi<\/strong><\/p>\n\n\n\n<p>Czy mo\u017cliwe jest, \u017ce na ko\u0144cu czas\u00f3w absolutnie wszyscy \u2014 dobrzy i \u017ali, \u015bwi\u0119ci i grzesznicy, a nawet szatan i jego upadli anio\u0142owie \u2014 zostan\u0105 zbawieni i pojednani z Bogiem? To w\u0142a\u015bnie kryje si\u0119, w uproszczeniu, za greckim terminem <em>apokatastaza<\/em> (\u1f00\u03c0\u03bf\u03ba\u03b1\u03c4\u03ac\u03c3\u03c4\u03b1\u03c3\u03b9\u03c2), poj\u0119ciem, kt\u00f3re we wsp\u00f3\u0142czesnym \u015bwiecie, spragnionym mi\u0142osierdzia, brzmi s\u0142odko i pokrzepiaj\u0105co, ale kt\u00f3re na przestrzeni wiek\u00f3w wywo\u0142ywa\u0142o gwa\u0142towne spory, pot\u0119pienia doktrynalne i g\u0142\u0119bokie rozeznania teologiczne.<\/p>\n\n\n\n<p>Przypisywana przede wszystkim wielkiemu aleksandryjskiemu teologowi Orygenesowi (III w.), <em>apokatastaza<\/em> by\u0142a postrzegana przez niekt\u00f3rych jako niebezpieczna herezja neguj\u0105ca sens Bo\u017cego s\u0105du, a przez innych jako odwa\u017cna intuicja o niesko\u0144czonym mi\u0142osierdziu Boga. W tym artykule prze\u015bledzimy jej histori\u0119, kontekst teologiczny, stanowisko Magisterium i zastanowimy si\u0119, czy \u2014 pomimo kontrowersji \u2014 doktryna ta mo\u017ce dzi\u015b wnie\u015b\u0107 co\u015b warto\u015bciowego do chrze\u015bcija\u0144skiego rozeznania.<\/p>\n\n\n\n<hr class=\"wp-block-separator has-alpha-channel-opacity\"\/>\n\n\n\n<h3 class=\"wp-block-heading\">1. Czym jest apokatastaza?<\/h3>\n\n\n\n<p>S\u0142owo <em>apokatastaza<\/em> oznacza dos\u0142ownie \u201eprzywr\u00f3cenie\u201d, \u201eodtworzenie\u201d, \u201epowr\u00f3t do pierwotnego stanu\u201d. W Biblii pojawia si\u0119 tylko raz, w Dziejach Apostolskich 3,21, gdzie \u015bw. Piotr, m\u00f3wi\u0105c o Jezusie Chrystusie, m\u00f3wi:<\/p>\n\n\n\n<blockquote class=\"wp-block-quote is-layout-flow wp-block-quote-is-layout-flow\">\n<p>\u00abMusi On pozosta\u0107 w niebie a\u017c do czasu <em>odnowienia (apokatastaza)<\/em> wszystkiego, o czym B\u00f3g od wiek\u00f3w m\u00f3wi\u0142 przez usta swoich \u015bwi\u0119tych prorok\u00f3w\u00bb.<\/p>\n<\/blockquote>\n\n\n\n<p>W kontek\u015bcie biblijnym to \u201eodnowienie\u201d rozumiane jest przez tradycj\u0119 jako eschatologiczne odnowienie kosmosu, wype\u0142nienie obietnic mesja\u0144skich, pe\u0142nia Kr\u00f3lestwa Bo\u017cego. Orygenes jednak poszed\u0142 znacznie dalej.<\/p>\n\n\n\n<hr class=\"wp-block-separator has-alpha-channel-opacity\"\/>\n\n\n\n<h3 class=\"wp-block-heading\">2. Orygenes z Aleksandrii i apokatastaza powszechna<\/h3>\n\n\n\n<p>Orygenes (ok. 185\u2013253 r. po Chr.), jeden z naj\u015bwietniejszych umys\u0142\u00f3w epoki patrystycznej, rozwin\u0105\u0142 bardzo spekulatywn\u0105 teologi\u0119, g\u0142\u0119boko inspirowan\u0105 platonizmem. W swoim dziele <em>De Principiis<\/em> (<em>O zasadach<\/em>) sugerowa\u0142, \u017ce na ko\u0144cu czas\u00f3w wszystkie stworzenia rozumne \u2014 nawet demony i sam szatan \u2014 zostan\u0105 oczyszczone przez d\u0142ugotrwa\u0142y proces oczyszczenia i ostatecznie pojednane z Bogiem.<\/p>\n\n\n\n<p>To powszechne przywr\u00f3cenie, wed\u0142ug niego, nie neguje istnienia piek\u0142a, ale pojmuje je jako tymczasowe i lecznicze. <em>Apokatastaza<\/em> nie jest wi\u0119c dla Orygenesa zaprzeczeniem kary, ale nadziej\u0105, \u017ce mi\u0142o\u015b\u0107 Boga ostatecznie pokona wszelki op\u00f3r grzechu.<\/p>\n\n\n\n<p><strong>Co motywowa\u0142o t\u0119 radykaln\u0105 nadziej\u0119?<\/strong><\/p>\n\n\n\n<ul class=\"wp-block-list\">\n<li>Przekonanie o absolutnej dobroci Boga.<\/li>\n\n\n\n<li>Wolno\u015b\u0107 istot rozumnych jako wezwanie do dobrowolnego powrotu do Boga.<\/li>\n\n\n\n<li>Niezgodno\u015b\u0107 kary wiecznej z Bogiem, kt\u00f3ry jest niesko\u0144czon\u0105 mi\u0142o\u015bci\u0105.<\/li>\n<\/ul>\n\n\n\n<p>Jednak jego propozycja spotka\u0142a si\u0119 z du\u017c\u0105 nieufno\u015bci\u0105 Ko\u015bcio\u0142a.<\/p>\n\n\n\n<hr class=\"wp-block-separator has-alpha-channel-opacity\"\/>\n\n\n\n<h3 class=\"wp-block-heading\">3. Pot\u0119pienie apokatastazy: II Sob\u00f3r Konstantynopolita\u0144ski<\/h3>\n\n\n\n<p>W VI wieku <em>Drugi Sob\u00f3r Konstantynopolita\u0144ski<\/em> (553 r. po Chr.), cho\u0107 w spos\u00f3b nieco niejednoznaczny, pot\u0119pi\u0142 niekt\u00f3re pogl\u0105dy Orygenesa. W\u015br\u00f3d \u201eanathem\u201d przypisywanych temu soborowi, znajdujemy:<\/p>\n\n\n\n<blockquote class=\"wp-block-quote is-layout-flow wp-block-quote-is-layout-flow\">\n<p>\u00abJe\u015bli kto\u015b m\u00f3wi lub s\u0105dzi, \u017ce kara demon\u00f3w i ludzi bezbo\u017cnych jest tymczasowa i \u017ce b\u0119dzie mia\u0142a koniec, i \u017ce nast\u0105pi ostateczne przywr\u00f3cenie (apokatastaza) demon\u00f3w i bezbo\u017cnych \u2014 niech b\u0119dzie wykl\u0119ty\u00bb.<\/p>\n<\/blockquote>\n\n\n\n<p>W ten spos\u00f3b doktryna <em>apokatastazy powszechnej<\/em> zosta\u0142a wykluczona z nauki ortodoksyjnej. Ko\u015bci\u00f3\u0142 potwierdzi\u0142 w ten spos\u00f3b doktryn\u0119 ostatecznego s\u0105du, realn\u0105 mo\u017cliwo\u015b\u0107 wiecznego piek\u0142a i powag\u0119 grzechu wybranego w spos\u00f3b wolny przeciwko Bogu.<\/p>\n\n\n\n<hr class=\"wp-block-separator has-alpha-channel-opacity\"\/>\n\n\n\n<h3 class=\"wp-block-heading\">4. Co m\u00f3wi Katechizm Ko\u015bcio\u0142a Katolickiego?<\/h3>\n\n\n\n<p><strong>Katechizm Ko\u015bcio\u0142a Katolickiego<\/strong> (KKK), m\u00f3wi\u0105c o s\u0105dzie ostatecznym i wiecznym przeznaczeniu dusz, jest jednoznaczny:<\/p>\n\n\n\n<blockquote class=\"wp-block-quote is-layout-flow wp-block-quote-is-layout-flow\">\n<p>\u00abUmrze\u0107 w grzechu \u015bmiertelnym, bez okazania skruchy i bez przyj\u0119cia mi\u0142osiernej mi\u0142o\u015bci Boga, oznacza pozostanie na zawsze oddzielonym od Niego przez w\u0142asny, dobrowolny wyb\u00f3r. Ten stan ostatecznego samowykluczenia z komunii z Bogiem i b\u0142ogos\u0142awionymi nazywa si\u0119 \u201cpiek\u0142em\u201d\u00bb (KKK 1033).<\/p>\n<\/blockquote>\n\n\n\n<p>Je\u015bli chodzi o mo\u017cliwo\u015b\u0107 ostatecznego przywr\u00f3cenia wszystkich, Katechizm milczy. Innymi s\u0142owy, nie wypowiada si\u0119, czy <em>wszyscy<\/em> b\u0119d\u0105 zbawieni \u2014 ale stwierdza, \u017ce <strong>wieczne pot\u0119pienie jest mo\u017cliwe<\/strong> i \u017ce wynika ono z wolnego wyboru cz\u0142owieka, a nie z Bo\u017cego kaprysu.<\/p>\n\n\n\n<hr class=\"wp-block-separator has-alpha-channel-opacity\"\/>\n\n\n\n<h3 class=\"wp-block-heading\">5. Napi\u0119cie teologiczne: sprawiedliwo\u015b\u0107 i mi\u0142osierdzie<\/h3>\n\n\n\n<p>Kontrowersja wok\u00f3\u0142 <em>apokatastazy<\/em> dotyka sedna wielkiego dylematu teologicznego: jak pogodzi\u0107 sprawiedliwo\u015b\u0107 Bo\u017c\u0105 z Jego niesko\u0144czonym mi\u0142osierdziem?<\/p>\n\n\n\n<p><strong>Z jednej strony:<\/strong><\/p>\n\n\n\n<ul class=\"wp-block-list\">\n<li>B\u00f3g szanuje nasz\u0105 wolno\u015b\u0107 w spos\u00f3b radykalny.<\/li>\n\n\n\n<li>S\u0105 ludzie, kt\u00f3rzy umieraj\u0105, odrzucaj\u0105c \u0142ask\u0119, przebaczenie, nawr\u00f3cenie.<\/li>\n\n\n\n<li>S\u0105d jest rzeczywisty i ostateczny.<\/li>\n<\/ul>\n\n\n\n<p><strong>Z drugiej strony:<\/strong><\/p>\n\n\n\n<ul class=\"wp-block-list\">\n<li>B\u00f3g \u00abpragnie, aby wszyscy ludzie zostali zbawieni i doszli do poznania prawdy\u00bb (1 Tm 2,4).<\/li>\n\n\n\n<li>Chrystus umar\u0142 \u00abza wszystkich\u00bb (2 Kor 5,15).<\/li>\n\n\n\n<li>Mi\u0142osierdzie Boga jest niezg\u0142\u0119bione i przekracza nasze kategorie.<\/li>\n<\/ul>\n\n\n\n<p>Czy niesko\u0144czona mi\u0142o\u015b\u0107 mo\u017ce dopu\u015bci\u0107 niesko\u0144czone pot\u0119pienie? Czy te\u017c nadejdzie dzie\u0144, gdy \u00abB\u00f3g b\u0119dzie wszystkim we wszystkich\u00bb (1 Kor 15,28)? Na to napi\u0119cie pr\u00f3buje odpowiedzie\u0107 <em>apokatastaza<\/em>\u2026 by\u0107 mo\u017ce zbyt pochopnie.<\/p>\n\n\n\n<hr class=\"wp-block-separator has-alpha-channel-opacity\"\/>\n\n\n\n<h3 class=\"wp-block-heading\">6. Perspektywa duszpasterska: jak dzi\u015b m\u00f3wi\u0107 o apokatastazie?<\/h3>\n\n\n\n<p>W \u015bwiecie zranionym przez nihilizm, rozpacz i utrat\u0119 sensu, idea powszechnego zbawienia brzmi pocieszaj\u0105co. Ale trzeba si\u0119 zapyta\u0107, czy ta nadzieja \u2014 \u017ale rozumiana \u2014 nie usypia potrzeby nawr\u00f3cenia.<\/p>\n\n\n\n<p>Jak powiedzia\u0142 Benedykt XVI:<\/p>\n\n\n\n<blockquote class=\"wp-block-quote is-layout-flow wp-block-quote-is-layout-flow\">\n<p>\u00abMi\u0142osierdzie nie jest tani\u0105 \u0142ask\u0105. Nie znosi wymogu sprawiedliwo\u015bci, lecz przemienia j\u0105 od wewn\u0105trz\u00bb.<\/p>\n<\/blockquote>\n\n\n\n<p>Z <strong>pastoralnego punktu widzenia<\/strong> mo\u017cna wyr\u00f3\u017cni\u0107 trzy roztropne postawy:<\/p>\n\n\n\n<ol class=\"wp-block-list\">\n<li><strong>Nie rozpacza\u0107 o nikim.<\/strong> Nigdy nie wolno og\u0142asza\u0107 kogo\u015b pot\u0119pionym. Ko\u015bci\u00f3\u0142 kanonizuje \u015bwi\u0119tych, ale nie pot\u0119pia nikogo imiennie. To pozostawia przestrze\u0144 dla nadziei.<\/li>\n\n\n\n<li><strong>Nie banalizowa\u0107 grzechu.<\/strong> Zbyt \u0142agodna wizja piek\u0142a mo\u017ce prowadzi\u0107 do umniejszania powagi z\u0142a, potrzeby nawr\u00f3cenia i powagi naszych wybor\u00f3w.<\/li>\n\n\n\n<li><strong>Mie\u0107 nadziej\u0119 z ufno\u015bci\u0105, modli\u0107 si\u0119 z pokor\u0105.<\/strong> Mo\u017cemy mie\u0107 nadziej\u0119, \u017ce wielu \u2014 by\u0107 mo\u017ce wszyscy \u2014 zostan\u0105 zbawieni, ale bez zarozumia\u0142o\u015bci i dogmatyzmu. Nie mo\u017cemy naucza\u0107 jako pewno\u015bci tego, co nie zosta\u0142o objawione.<\/li>\n<\/ol>\n\n\n\n<hr class=\"wp-block-separator has-alpha-channel-opacity\"\/>\n\n\n\n<h3 class=\"wp-block-heading\">7. Apokatastaza i \u017cycie chrze\u015bcija\u0144skie: co z t\u0105 ide\u0105 zrobi\u0107?<\/h3>\n\n\n\n<p>Chocia\u017c <em>apokatastaza<\/em> jako doktryna powszechna zosta\u0142a odrzucona przez Ko\u015bci\u00f3\u0142, jej propozycja zach\u0119ca nas do odnowienia niekt\u00f3rych postaw w \u017cyciu duchowym:<\/p>\n\n\n\n<ul class=\"wp-block-list\">\n<li><strong>G\u0142\u0119boki szacunek dla tajemnicy Boga.<\/strong> Nie wszystko zosta\u0142o nam objawione. S\u0105d nale\u017cy do Pana.<\/li>\n\n\n\n<li><strong>Mi\u0142o\u015b\u0107 i modlitwa za grzesznik\u00f3w.<\/strong> Na wz\u00f3r Chrystusa powinni\u015bmy pragn\u0105\u0107 zbawienia wszystkich, nawet tych, kt\u00f3rzy wydaj\u0105 si\u0119 straceni.<\/li>\n\n\n\n<li><strong>Ci\u0105g\u0142e nawr\u00f3cenie.<\/strong> \u017byjmy tak, jakby dzi\u015b by\u0142 nasz ostatni dzie\u0144 \u2014 nie w l\u0119ku, ale w gor\u0105cej mi\u0142o\u015bci.<\/li>\n\n\n\n<li><strong>Absolutne zaufanie do mi\u0142osierdzia.<\/strong> Nawet je\u015bli jest s\u0105d, serce Boga jest wi\u0119ksze ni\u017c nasz grzech.<\/li>\n<\/ul>\n\n\n\n<hr class=\"wp-block-separator has-alpha-channel-opacity\"\/>\n\n\n\n<h3 class=\"wp-block-heading\">8. Zako\u0144czenie: nadzieja, kt\u00f3ra nie wyklucza prawdy<\/h3>\n\n\n\n<p><em>Apokatastaza<\/em>, w formie zaproponowanej przez Orygenesa, nie jest zgodna z nauczaniem katolickim. Niemniej jednak, zawarta w niej intuicja \u2014 \u017ce B\u00f3g nie porzuca nikogo bez uprzedniego wyczerpania wszystkich zasob\u00f3w swojej mi\u0142o\u015bci \u2014 mo\u017ce zosta\u0107 przyj\u0119ta z pokor\u0105 i otwarto\u015bci\u0105.<\/p>\n\n\n\n<p>\u015awi\u0119ty Jan Pawe\u0142 II powiedzia\u0142:<\/p>\n\n\n\n<blockquote class=\"wp-block-quote is-layout-flow wp-block-quote-is-layout-flow\">\n<p>\u00abPiek\u0142o nie jest puste, ale nie wiemy, kto si\u0119 w nim znajduje\u00bb.<\/p>\n<\/blockquote>\n\n\n\n<p>A papie\u017c Benedykt XVI, w jednej ze swoich homilii, doda\u0142:<\/p>\n\n\n\n<blockquote class=\"wp-block-quote is-layout-flow wp-block-quote-is-layout-flow\">\n<p>\u00abSprawiedliwo\u015b\u0107 i mi\u0142osierdzie nie s\u0105 przeciwie\u0144stwami, lecz pulsuj\u0105cym sercem tej samej Bo\u017cej mi\u0142o\u015bci\u00bb.<\/p>\n<\/blockquote>\n\n\n\n<p>Nasza nadzieja nie opiera si\u0119 wi\u0119c na spekulatywnej teorii, lecz na Chrystusie \u2014 S\u0119dzi i Zbawicielu, kt\u00f3ry odda\u0142 \u017cycie za wszystkich. \u017byjmy wi\u0119c jako dzieci \u015bwiat\u0142o\u015bci, \u015bwiadomi, \u017ce ka\u017cda dusza warta jest Krwi Boga\u2026 i \u017ce s\u0105d b\u0119dzie tylko objawieniem naszej mi\u0142o\u015bci lub naszego odrzucenia tego niesko\u0144czonego daru.<\/p>\n\n\n\n<hr class=\"wp-block-separator has-alpha-channel-opacity\"\/>\n\n\n\n<p><strong>\u00abNie l\u0119kajcie si\u0119! Ja jestem z wami przez wszystkie dni, a\u017c do sko\u0144czenia \u015bwiata\u00bb (Mt 28,20).<\/strong><br>Oto prawdziwa <em>apokatastaza<\/em>: nie automatyczne zbawienie wszystkich, ale mi\u0142o\u015b\u0107, kt\u00f3ra nigdy nie przestaje szuka\u0107, zaprasza\u0107, czeka\u0107\u2026 a\u017c do ostatniego tchnienia.<\/p>\n","protected":false},"excerpt":{"rendered":"<p>Teologiczne i pastoralne spojrzenie na jeden z najbardziej delikatnych debat w historii chrze\u015bcija\u0144stwa Wst\u0119p: Nadzieja, kt\u00f3ra niepokoi Czy mo\u017cliwe jest, \u017ce na ko\u0144cu czas\u00f3w absolutnie wszyscy \u2014 dobrzy i \u017ali, \u015bwi\u0119ci i grzesznicy, a nawet szatan i jego upadli anio\u0142owie \u2014 zostan\u0105 zbawieni i pojednani z Bogiem? To w\u0142a\u015bnie kryje si\u0119, w uproszczeniu, za greckim &hellip;<\/p>\n","protected":false},"author":3,"featured_media":4411,"comment_status":"open","ping_status":"open","sticky":false,"template":"","format":"standard","meta":{"_seopress_robots_primary_cat":"","_seopress_titles_title":"","_seopress_titles_desc":"","_seopress_robots_index":"","footnotes":""},"categories":[63,41],"tags":[479],"class_list":["post-4410","post","type-post","status-publish","format-standard","has-post-thumbnail","","category-filozofia-i-wiara","category-wiara-i-kultura","tag-apokatastaza"],"_links":{"self":[{"href":"https:\/\/catholicus.eu\/pl\/wp-json\/wp\/v2\/posts\/4410","targetHints":{"allow":["GET"]}}],"collection":[{"href":"https:\/\/catholicus.eu\/pl\/wp-json\/wp\/v2\/posts"}],"about":[{"href":"https:\/\/catholicus.eu\/pl\/wp-json\/wp\/v2\/types\/post"}],"author":[{"embeddable":true,"href":"https:\/\/catholicus.eu\/pl\/wp-json\/wp\/v2\/users\/3"}],"replies":[{"embeddable":true,"href":"https:\/\/catholicus.eu\/pl\/wp-json\/wp\/v2\/comments?post=4410"}],"version-history":[{"count":1,"href":"https:\/\/catholicus.eu\/pl\/wp-json\/wp\/v2\/posts\/4410\/revisions"}],"predecessor-version":[{"id":4412,"href":"https:\/\/catholicus.eu\/pl\/wp-json\/wp\/v2\/posts\/4410\/revisions\/4412"}],"wp:featuredmedia":[{"embeddable":true,"href":"https:\/\/catholicus.eu\/pl\/wp-json\/wp\/v2\/media\/4411"}],"wp:attachment":[{"href":"https:\/\/catholicus.eu\/pl\/wp-json\/wp\/v2\/media?parent=4410"}],"wp:term":[{"taxonomy":"category","embeddable":true,"href":"https:\/\/catholicus.eu\/pl\/wp-json\/wp\/v2\/categories?post=4410"},{"taxonomy":"post_tag","embeddable":true,"href":"https:\/\/catholicus.eu\/pl\/wp-json\/wp\/v2\/tags?post=4410"}],"curies":[{"name":"wp","href":"https:\/\/api.w.org\/{rel}","templated":true}]}}