{"id":4407,"date":"2025-07-07T22:00:40","date_gmt":"2025-07-07T20:00:40","guid":{"rendered":"https:\/\/catholicus.eu\/pl\/?p=4407"},"modified":"2025-07-07T22:00:41","modified_gmt":"2025-07-07T20:00:41","slug":"acedia-leniwa-ktora-potepil-kosciol-i-dlaczego-ma-to-znaczenie-dzisiaj","status":"publish","type":"post","link":"https:\/\/catholicus.eu\/pl\/acedia-leniwa-ktora-potepil-kosciol-i-dlaczego-ma-to-znaczenie-dzisiaj\/","title":{"rendered":"Acedia: \u201eleniwa\u201d, kt\u00f3r\u0105 pot\u0119pi\u0142 Ko\u015bci\u00f3\u0142 (i dlaczego ma to znaczenie dzisiaj)"},"content":{"rendered":"\n<p><em>Wsp\u00f3\u0142czesne spojrzenie na jedno z najbardziej zapomnianych \u2013 i najniebezpieczniejszych \u2013 rozregulowa\u0144 duszy<\/em><\/p>\n\n\n\n<hr class=\"wp-block-separator has-alpha-channel-opacity\"\/>\n\n\n\n<h3 class=\"wp-block-heading\">Wprowadzenie: co tak naprawd\u0119 z\u0142ego jest w braku motywacji?<\/h3>\n\n\n\n<p>\u017byjemy w epoce wyczerpania. Szybkie tempo wsp\u00f3\u0142czesnego \u017cycia, nieustanne bycie online, prze\u0142adowanie informacji oraz presja wydajno\u015bci doprowadzi\u0142y wielu do poczucia g\u0142\u0119bokiego zm\u0119czenia duszy. Czasem nazywamy to \u201enud\u0105\u201d, innym razem \u201ebrakiem motywacji\u201d, \u201ewypaleniem\u201d albo po prostu \u201eapatia\u201d. Ale za tymi nowoczesnymi oznakami skrywa si\u0119 staro\u017cytny demon dobrze znany chrze\u015bcija\u0144skiej tradycji: <strong>acedia<\/strong>.<\/p>\n\n\n\n<p>Ta wiekowa choroba duchowa, kiedy\u015b budz\u0105ca groz\u0119 w pustelnikach i wpisana na list\u0119 <strong>grzech\u00f3w g\u0142\u00f3wnych<\/strong>, dzi\u015b niemal ca\u0142kowicie zapomniana. Mimo to \u017cyje i dzia\u0142a \u2013 nawet w sercach najbardziej pobo\u017cnych. Dlatego dzi\u015b bardziej ni\u017c kiedykolwiek potrzebujemy zrozumie\u0107, czym jest acedia, dlaczego Ko\u015bci\u00f3\u0142 j\u0105 pot\u0119pi\u0142 i jak jej przeciwdzia\u0142a\u0107 tu i teraz.<\/p>\n\n\n\n<hr class=\"wp-block-separator has-alpha-channel-opacity\"\/>\n\n\n\n<h2 class=\"wp-block-heading\">1. Co to jest acedia? Grzech o zapomnianej nazwie<\/h2>\n\n\n\n<p>Samo s\u0142owo <strong>acedia<\/strong> pochodzi z greki <em>ak\u0113d\u00eda<\/em> (\u1f00\u03ba\u03b7\u03b4\u03af\u03b1), oznaczaj\u0105cego \u201ebeztrosk\u0119\u201d, \u201eoboj\u0119tno\u015b\u0107\u201d, \u201eog\u0142ad\u201d? \u201enieczu\u0142o\u015b\u0107\u201d. W tradycji chrze\u015bcija\u0144skiej, szczeg\u00f3lnie u Ojc\u00f3w Pustyni (jak Ewagriusz z Pontu i p\u00f3\u017aniejszy Jan Kasjan), acedia by\u0142a jednym z o\u015bmiu <em>z\u0142ych my\u015bli<\/em> (logismoi), kt\u00f3re mnisi musieli zwalcza\u0107. \u015awi\u0119ty Tomasz z Akwinu podziela t\u0119 tradycj\u0119, zaliczaj\u0105c j\u0105 do <strong>grzech\u00f3w g\u0142\u00f3wnych<\/strong> \u2013 \u017ar\u00f3d\u0142owych dla wielu innych.<\/p>\n\n\n\n<p>Jednak acedia to nie fizyczne lenistwo. To nie jest po prostu zm\u0119czenie czy potrzeba odpoczynku. To g\u0142\u0119bia \u2013 to <strong>leniwo\u015b\u0107 duchowa<\/strong>, choroba duszy, kt\u00f3ra traci smak i rado\u015b\u0107 \u017cycia duchowego, arystokracja i ucieczka przed trudami mi\u0142o\u015bci.<\/p>\n\n\n\n<blockquote class=\"wp-block-quote is-layout-flow wp-block-quote-is-layout-flow\">\n<p>\u201eAcedia to smutek wobec dobra duchowego, odraza wobec dobra bo\u017cego, bo jest trudne i wymagaj\u0105ce.\u201d<br>\u2014 <em>\u015aw. Tomasz z Akwinu, Summa Theologiae II-II, q.35<\/em><\/p>\n<\/blockquote>\n\n\n\n<p>To uczucie pustki, bezsensu, kt\u00f3re parali\u017cuje \u017cycie wewn\u0119trzne. Smutek wobec dobra duchowego \u2013 odpychanie modlitwy, mi\u0142o\u015bci, wytrwa\u0142o\u015bci w s\u0142owie Bo\u017cym. To przygniataj\u0105cy stan serca, kt\u00f3re utraci\u0142o sw\u00f3j ogie\u0144.<\/p>\n\n\n\n<hr class=\"wp-block-separator has-alpha-channel-opacity\"\/>\n\n\n\n<h2 class=\"wp-block-heading\">2. Historia: od pustyni po czasy wsp\u00f3\u0142czesne<\/h2>\n\n\n\n<p>Pierwszymi, kt\u00f3rzy opisali acedi\u0119, byli <strong>Ojcowie Pustyni<\/strong>, szczeg\u00f3lnie w Egipcie w IV\u2013V wieku. Ewagriusz z Pontu nazwa\u0142 j\u0105 \u201edemona po\u0142udnia\u201d \u2013 z\u0142o, kt\u00f3re atakuje mnicha, gdy s\u0142o\u0144ce jest wysoko i dzie\u0144 ci\u0105gnie si\u0119 bez ko\u0144ca. Dotkni\u0119ty acedi\u0105 mnich nerwowo spogl\u0105da w stron\u0119 zegara s\u0142onecznego, porzuca cel\u0119, traci zainteresowanie modlitw\u0105, prac\u0105 fizyczn\u0105 i wsp\u00f3lnot\u0105.<\/p>\n\n\n\n<p>Jan Kasjan opisa\u0142 j\u0105 jako \u201elenistwo duszy\u201d, wewn\u0119trzne znu\u017cenie prowadz\u0105ce do pogardy nawet dla zobowi\u0105za\u0144 duchowych. P\u00f3\u017aniej papie\u017c \u015bw. Grzegorz Wielki w\u0142\u0105czy\u0142 acedi\u0119 do grzech\u00f3w g\u0142\u00f3wnych, \u0142\u0105cz\u0105c j\u0105 z lenistwem (<em>pigritia<\/em>), pozostawiaj\u0105c jednak jej wymiar duchowy.<\/p>\n\n\n\n<p>W <strong>\u015bredniowieczu<\/strong> \u015bw. Tomasz z Akwinu okre\u015bli\u0142 j\u0105 jako \u201esmutek wobec dobra duchowego\u201d i uzna\u0142 za grzech, bo odrzuca mi\u0142o\u015b\u0107, kt\u00f3ra jednoczy dusz\u0119 z Bogiem. To rodzaj powolnego zab\u00f3jstwa w\u0142asnej duszy.<\/p>\n\n\n\n<p>Dzi\u015b s\u0142owo to znikn\u0119\u0142o ze zwyczajnego u\u017cycia, ale jego skutki s\u0105 wszechobecne \u2013 chyba bardziej ni\u017c kiedykolwiek.<\/p>\n\n\n\n<hr class=\"wp-block-separator has-alpha-channel-opacity\"\/>\n\n\n\n<h2 class=\"wp-block-heading\">3. Znaczenie teologiczne: dlaczego acedia jest tak niebezpieczna?<\/h2>\n\n\n\n<p>Acedia to nie jedynie brak modlitwy ani \u201eniech\u0119\u0107 do p\u00f3j\u015bcia na Msz\u0119\u201d. Jej teologiczna waga wynika z faktu, \u017ce <strong>uderza w cnot\u0119 mi\u0142o\u015bci (caritas)<\/strong> \u2013 mi\u0142o\u015bci Bo\u017cej w nas.<\/p>\n\n\n\n<p><strong>Co to znaczy?<\/strong><\/p>\n\n\n\n<ul class=\"wp-block-list\">\n<li>Acedia, cho\u0107 pozornie bierna, oznacza <strong>odrzucenie Bo\u017cej mi\u0142o\u015bci<\/strong>.<\/li>\n\n\n\n<li>To duchowy trucizna, kt\u00f3ra zaciera sens \u017cycia wiecznego.<\/li>\n\n\n\n<li>Sprawia, \u017ce si\u0119 och\u0142adza, rezygnuje, traci rado\u015b\u0107 w dawaniu siebie z mi\u0142o\u015bci.<\/li>\n<\/ul>\n\n\n\n<blockquote class=\"wp-block-quote is-layout-flow wp-block-quote-is-layout-flow\">\n<p>\u201eWiem, \u017ce twoje uczynki: nie jeste\u015b ani zimny, ani gor\u0105cy&#8230; A poniewa\u017c jeste\u015b letni&#8230; zwymiotuj\u0119 ci\u0119 z moich ust.\u201d<br>\u2014 <em>Apokalipsa 3,15\u201316<\/em><\/p>\n<\/blockquote>\n\n\n\n<p>To grzech duszy, kt\u00f3ra zadowala si\u0119 przeci\u0119tno\u015bci\u0105, nie oczekuje ju\u017c niczego, zaprzesta\u0142a walki. To z\u0142o, kt\u00f3re maskuje si\u0119 pod zm\u0119czeniem, rozumowaniem lub oboj\u0119tno\u015bci\u0105, ale w istocie jest <strong>cichym buntem przeciw Bogu<\/strong>.<\/p>\n\n\n\n<hr class=\"wp-block-separator has-alpha-channel-opacity\"\/>\n\n\n\n<h2 class=\"wp-block-heading\">4. Jak objawia si\u0119 acedia dzisiaj?<\/h2>\n\n\n\n<p>Cho\u0107 ju\u017c jej nie nazywamy po imieniu, <strong>acedia jest obecna wsz\u0119dzie<\/strong>:<\/p>\n\n\n\n<ul class=\"wp-block-list\">\n<li>U katolika, kt\u00f3ry chodzi na Msz\u0119 z rutyny, mimo \u017ce serce ma zimne.<\/li>\n\n\n\n<li>U osoby, kt\u00f3ra porzuci\u0142a modlitw\u0119, bo \u201enic nie czuje\u201d.<\/li>\n\n\n\n<li>U m\u0142odego, kt\u00f3ry ucieka w rozrywki, bo boi si\u0119 ciszy.<\/li>\n\n\n\n<li>U pracownika, kt\u00f3ry \u017cyje na autopilocie, bez sensu i celu.<\/li>\n\n\n\n<li>U rodzica, kt\u00f3ry straci\u0142 zapa\u0142 do wychowania dzieci w wierze.<\/li>\n\n\n\n<li>U kap\u0142ana lub konsekrowanego, kt\u00f3ry do\u015bwiadcza zniech\u0119cenia i wygody.<\/li>\n<\/ul>\n\n\n\n<p>Objawia si\u0119 tak\u017ce przez:<\/p>\n\n\n\n<ul class=\"wp-block-list\">\n<li><strong>pusty aktywizm<\/strong>: zape\u0142nianie \u017cycia ha\u0142asem, by nie czu\u0107 pustki.<\/li>\n\n\n\n<li><strong>parali\u017cuj\u0105cy perfekcjonizm<\/strong>: \u201eje\u015bli nie zrobi\u0119 idealnie, nie zrobi\u0119 wcale\u201d.<\/li>\n\n\n\n<li><strong>hedonizm<\/strong>: szukanie przyjemno\u015bci, by zag\u0142uszy\u0107 duchow\u0105 nud\u0119.<\/li>\n\n\n\n<li><strong>rozczarowanie udaj\u0105ce dojrza\u0142o\u015b\u0107<\/strong>: \u201enie oczekuj\u0119 niczego nowego od Boga\u201d.<\/li>\n<\/ul>\n\n\n\n<hr class=\"wp-block-separator has-alpha-channel-opacity\"\/>\n\n\n\n<h2 class=\"wp-block-heading\">5. Praktyczny i pastoralny przewodnik: jak walczy\u0107 z acedi\u0105?<\/h2>\n\n\n\n<h3 class=\"wp-block-heading\">A. <strong>Rozpoznaj j\u0105 bez l\u0119ku<\/strong><\/h3>\n\n\n\n<p>Acedia lubi si\u0119 ukrywa\u0107. Pierwszym krokiem jest <strong>nazwanie jej<\/strong>, wyci\u0105gni\u0119cie w \u015bwiat\u0142o. Je\u015bli czujesz duchow\u0105 apati\u0119 \u2013 nie usprawiedliwiaj jej. Inklino si\u0119 przed Bogiem i uznaj swoj\u0105 duchow\u0105 bied\u0119. Prawda to pocz\u0105tek wolno\u015bci.<\/p>\n\n\n\n<blockquote class=\"wp-block-quote is-layout-flow wp-block-quote-is-layout-flow\">\n<p>\u201ePrawda was wyzwoli.\u201d<br>\u2014 <em>Jana 8,32<\/em><\/p>\n<\/blockquote>\n\n\n\n<h3 class=\"wp-block-heading\">B. <strong>Przywr\u00f3\u0107 sens duchowego zmagania<\/strong><\/h3>\n\n\n\n<p>Dusza chrze\u015bcija\u0144ska powo\u0142ana jest do <strong>militia Christi<\/strong> (2 Tm 2,3) \u2013 walki. Nie jeste\u015b sam: B\u00f3g walczy u twego boku. Acedia m\u00f3wi, \u017ce si\u0119 nie op\u0142aca walczy\u0107. Nie s\u0142uchaj jej. M\u00f3dl si\u0119, cho\u0107 nie masz si\u0142. Kochaj, cho\u0107 to trudne. Trwaj. Najwa\u017cniejsza jest <strong>wierna wytrwa\u0142o\u015b\u0107 w codziennych, drobnych czynach<\/strong> \u2013 i to j\u0105 niszczy.<\/p>\n\n\n\n<h3 class=\"wp-block-heading\">C. <strong>Wr\u00f3\u0107 do ciszy i modlitwy<\/strong><\/h3>\n\n\n\n<p>Acedia ucieka od ciszy, bo boi si\u0119 w\u0142asnej duszy. To tam dzia\u0142a B\u00f3g. Odkryj na nowo moc prostej, pokornej modlitwy. Nie szukaj uczu\u0107 \u2013 szukaj mi\u0142o\u015bci. Czytaj psalmy. M\u00f3w kr\u00f3tkie modlitwy (jak jaculatorie). Odm\u00f3w r\u00f3\u017caniec. Zaufaj Bogu jak dziecko matce.<\/p>\n\n\n\n<h3 class=\"wp-block-heading\">D. <strong>Przyjmuj sakramenty<\/strong><\/h3>\n\n\n\n<ul class=\"wp-block-list\">\n<li><strong>Spowied\u017a<\/strong> \u2013 oczyszcza dusz\u0119 z trucizny parali\u017cu.<\/li>\n\n\n\n<li><strong>Eucharystia<\/strong> \u2013 wzmacnia i karmi w drodze.<\/li>\n\n\n\n<li><strong>Duchowe towarzyszenie<\/strong> \u2013 pomaga nie i\u015b\u0107 samemu.<\/li>\n<\/ul>\n\n\n\n<h3 class=\"wp-block-heading\">E. <strong>Odkryj na nowo pi\u0119kno duchowego \u017cycia<\/strong><\/h3>\n\n\n\n<p>Acedia przyciemnia dusz\u0119 i odbiera zdolno\u015b\u0107 do zachwytu. Czytaj \u017cywoty \u015bwi\u0119tych. S\u0142uchaj muzyki sakralnej. Kontempluj krzy\u017c. Spotykaj si\u0119 z innymi wierz\u0105cymi. \u015awi\u0119\u0107 ma\u0142e akty mi\u0142o\u015bci. Pi\u0119kno dobra pokonuje md\u0142o\u015bci duszy.<\/p>\n\n\n\n<h3 class=\"wp-block-heading\">F. <strong>Ustal systematyczny rytm duchowy<\/strong><\/h3>\n\n\n\n<p>Nie czekaj, a\u017c \u201eprzyjdzie wena\u201d. \u015awi\u0119ci dzia\u0142ali nie z uczu\u0107, lecz z mi\u0142o\u015bci. Ustal rutyn\u0119 modlitwy, duchowego czytania i codziennego rachunku sumienia. Dusza bez porz\u0105dku to doskona\u0142e gniazdo acedii.<\/p>\n\n\n\n<hr class=\"wp-block-separator has-alpha-channel-opacity\"\/>\n\n\n\n<h2 class=\"wp-block-heading\">6. Acedia i nadzieja: czy jest wyj\u015bcie?<\/h2>\n\n\n\n<p>Dobra wiadomo\u015b\u0107: <strong>acedia to nie wyrok \u015bmierci<\/strong>. To ciemna noc duszy, z kt\u00f3rej mo\u017ce zaja\u015bnie\u0107 nowy \u015bwit. B\u00f3g nie opuszcza tego, kto walczy, nawet je\u015bli upada \u2013 tysi\u0105c razy.<\/p>\n\n\n\n<p>\u015aw. Benedykt, w swojej Regule, zaleca\u0142 zwalczanie acedii przez <strong>prac\u0119 fizyczn\u0105, duchowe czytanie i wytrwa\u0142\u0105 modlitw\u0119<\/strong>. \u015aw. Teresa od Jezusa, kt\u00f3ra te\u017c tego do\u015bwiadczy\u0142a, m\u00f3wi\u0142a o \u201ezdecydowanym determinizmie\u201d: nigdy nie rezygnowa\u0107 z modlitwy, cho\u0107by przysz\u0142a cena by\u0142a wysoka.<\/p>\n\n\n\n<p>Sam Chrystus w Ogrodzie Oliwnym pokona\u0142 zm\u0119czenie duchowe, przyjmuj\u0105c wol\u0119 Ojca. W Nim mamy si\u0142\u0119.<\/p>\n\n\n\n<hr class=\"wp-block-separator has-alpha-channel-opacity\"\/>\n\n\n\n<h2 class=\"wp-block-heading\">Zako\u0144czenie: dlaczego wa\u017cne dzi\u015b m\u00f3wi\u0107 o acedii?<\/h2>\n\n\n\n<p>Bo \u017cyjemy otoczeni duszami smutnymi, ot\u0119pionymi, duchowo za\u015bni\u0119tymi. Wiele serc \u017cyje bez nadziei, bez kierunku, bez g\u0142\u0119bi. Wsp\u00f3\u0142czesno\u015b\u0107 zatopi\u0142a j\u0119zyk duszy, a ta potrzebuje ognia \u017cywej wiary.<\/p>\n\n\n\n<p><strong>Acedia nie wyleczy si\u0119 przez wi\u0119ksz\u0105 ilo\u015b\u0107 bod\u017ac\u00f3w<\/strong>, lecz przez g\u0142\u0119bi\u0119. Musimy odzyska\u0107 pi\u0119kno ciszy, ofiary, uporczywej modlitwy i \u017cycia oddanego z mi\u0142o\u015bci.<\/p>\n\n\n\n<p>Acedia jest realna \u2013 <strong>ale \u0142aska jest jeszcze bardziej realna<\/strong>. Duch \u015awi\u0119ty mo\u017ce rozpali\u0107 na nowo ogie\u0144, kt\u00f3ry zgasi\u0142 czas.<\/p>\n\n\n\n<blockquote class=\"wp-block-quote is-layout-flow wp-block-quote-is-layout-flow\">\n<p>\u201eNie b\u0105d\u017acie leniwi w zapa\u0142u, b\u0105d\u017acie gorliwi duchem, s\u0142u\u017ccie Panu.\u201d<br>\u2014 <em>Rz 12,11<\/em><\/p>\n<\/blockquote>\n\n\n\n<hr class=\"wp-block-separator has-alpha-channel-opacity\"\/>\n\n\n\n<h3 class=\"wp-block-heading\">Do refleksji i dzielenia si\u0119:<\/h3>\n\n\n\n<ul class=\"wp-block-list\">\n<li>Czy dostrzegasz w sobie znaki acedii?<\/li>\n\n\n\n<li>Kiedy ostatnio modli\u0142e\u015b\/a\u015b si\u0119 mimo braku si\u0142 i ochoty?<\/li>\n\n\n\n<li>Jakie ma\u0142e duchowe postanowienia mo\u017cesz dzi\u015b podj\u0105\u0107?<\/li>\n<\/ul>\n\n\n\n<hr class=\"wp-block-separator has-alpha-channel-opacity\"\/>\n\n\n\n<p>Je\u015bli artyku\u0142 poruszy\u0142 twoje serce \u2013 <strong>nie ignoruj tego<\/strong>. Acedi\u0119 przezwyci\u0119\u017ca si\u0119 przez <strong>pokor\u0119, modlitw\u0119 i wytrwa\u0142o\u015b\u0107<\/strong>. <strong>Nie jeste\u015b sam\/a!<\/strong> Chrystus kroczy przy tobie \u2013 nawet gdy Go nie czujesz.<\/p>\n\n\n\n<p><strong>Wsta\u0144, m\u00f3dl si\u0119. Nawet bez ochoty. Tam zaczyna si\u0119 zmartwychwstanie.<\/strong><\/p>\n","protected":false},"excerpt":{"rendered":"<p>Wsp\u00f3\u0142czesne spojrzenie na jedno z najbardziej zapomnianych \u2013 i najniebezpieczniejszych \u2013 rozregulowa\u0144 duszy Wprowadzenie: co tak naprawd\u0119 z\u0142ego jest w braku motywacji? \u017byjemy w epoce wyczerpania. Szybkie tempo wsp\u00f3\u0142czesnego \u017cycia, nieustanne bycie online, prze\u0142adowanie informacji oraz presja wydajno\u015bci doprowadzi\u0142y wielu do poczucia g\u0142\u0119bokiego zm\u0119czenia duszy. Czasem nazywamy to \u201enud\u0105\u201d, innym razem \u201ebrakiem motywacji\u201d, \u201ewypaleniem\u201d albo &hellip;<\/p>\n","protected":false},"author":3,"featured_media":4408,"comment_status":"open","ping_status":"open","sticky":false,"template":"","format":"standard","meta":{"_seopress_robots_primary_cat":"","_seopress_titles_title":"","_seopress_titles_desc":"","_seopress_robots_index":"","footnotes":""},"categories":[66,41],"tags":[1422],"class_list":["post-4407","post","type-post","status-publish","format-standard","has-post-thumbnail","","category-kultura-popularna-i-katolicyzm","category-wiara-i-kultura","tag-acedia"],"_links":{"self":[{"href":"https:\/\/catholicus.eu\/pl\/wp-json\/wp\/v2\/posts\/4407","targetHints":{"allow":["GET"]}}],"collection":[{"href":"https:\/\/catholicus.eu\/pl\/wp-json\/wp\/v2\/posts"}],"about":[{"href":"https:\/\/catholicus.eu\/pl\/wp-json\/wp\/v2\/types\/post"}],"author":[{"embeddable":true,"href":"https:\/\/catholicus.eu\/pl\/wp-json\/wp\/v2\/users\/3"}],"replies":[{"embeddable":true,"href":"https:\/\/catholicus.eu\/pl\/wp-json\/wp\/v2\/comments?post=4407"}],"version-history":[{"count":1,"href":"https:\/\/catholicus.eu\/pl\/wp-json\/wp\/v2\/posts\/4407\/revisions"}],"predecessor-version":[{"id":4409,"href":"https:\/\/catholicus.eu\/pl\/wp-json\/wp\/v2\/posts\/4407\/revisions\/4409"}],"wp:featuredmedia":[{"embeddable":true,"href":"https:\/\/catholicus.eu\/pl\/wp-json\/wp\/v2\/media\/4408"}],"wp:attachment":[{"href":"https:\/\/catholicus.eu\/pl\/wp-json\/wp\/v2\/media?parent=4407"}],"wp:term":[{"taxonomy":"category","embeddable":true,"href":"https:\/\/catholicus.eu\/pl\/wp-json\/wp\/v2\/categories?post=4407"},{"taxonomy":"post_tag","embeddable":true,"href":"https:\/\/catholicus.eu\/pl\/wp-json\/wp\/v2\/tags?post=4407"}],"curies":[{"name":"wp","href":"https:\/\/api.w.org\/{rel}","templated":true}]}}