{"id":4404,"date":"2025-07-07T17:37:57","date_gmt":"2025-07-07T15:37:57","guid":{"rendered":"https:\/\/catholicus.eu\/pl\/?p=4404"},"modified":"2025-07-07T17:37:57","modified_gmt":"2025-07-07T15:37:57","slug":"sublapsarianizm-spor-teologiczny-ktory-podzielil-swietych","status":"publish","type":"post","link":"https:\/\/catholicus.eu\/pl\/sublapsarianizm-spor-teologiczny-ktory-podzielil-swietych\/","title":{"rendered":"Sublapsarianizm: Sp\u00f3r teologiczny, kt\u00f3ry podzieli\u0142 \u015bwi\u0119tych"},"content":{"rendered":"\n<p><em>Duchowy, przyst\u0119pny i g\u0142\u0119boki przewodnik po centralnym dylemacie w historii my\u015bli chrze\u015bcija\u0144skiej<\/em><\/p>\n\n\n\n<hr class=\"wp-block-separator has-alpha-channel-opacity\"\/>\n\n\n\n<h3 class=\"wp-block-heading\">Wprowadzenie: Dlaczego dawna debata teologiczna wci\u0105\u017c jest aktualna?<\/h3>\n\n\n\n<p>Niekt\u00f3re debaty teologiczne wydaj\u0105 si\u0119 nale\u017ce\u0107 wy\u0142\u0105cznie do seminaryjnych auli lub dawnych sobor\u00f3w. A jednak niekt\u00f3re z nich wp\u0142ywaj\u0105 bezpo\u015brednio na nasze rozumienie Boga, nasz\u0105 relacj\u0119 z Nim i spos\u00f3b, w jaki prze\u017cywamy wiar\u0119. Jednym z takich spor\u00f3w \u2014 ma\u0142o znanym, lecz g\u0142\u0119boko znacz\u0105cym \u2014 jest <strong>sublapsarianizm<\/strong>: kontrowersja, kt\u00f3ra, cho\u0107 narodzi\u0142a si\u0119 w \u015brodowisku reformowanym, dotyka kluczowych kwestii teologii chrze\u015bcija\u0144skiej: \u0142aski, predestynacji, wolno\u015bci cz\u0142owieka i Bo\u017cego mi\u0142osierdzia.<\/p>\n\n\n\n<p>M\u00f3wi\u0107 dzi\u015b o sublapsarianizmie to nie tylko odkurza\u0107 intelektualny sp\u00f3r. To otworzy\u0107 serce na pytanie, kt\u00f3re pr\u0119dzej czy p\u00f3\u017aniej zadaje sobie ka\u017cdy wierz\u0105cy: <em>Jakie jest serce Boga wobec upad\u0142ego cz\u0142owieka?<\/em> Ten artyku\u0142 ma by\u0107 jasnym, dog\u0142\u0119bnym i duszpasterskim przewodnikiem, kt\u00f3ry pomo\u017ce zrozumie\u0107 to poj\u0119cie, jego histori\u0119, znaczenie teologiczne, a przede wszystkim \u2014 praktyczne zastosowanie w codziennym \u017cyciu duchowym.<\/p>\n\n\n\n<hr class=\"wp-block-separator has-alpha-channel-opacity\"\/>\n\n\n\n<h3 class=\"wp-block-heading\">I. Pocz\u0105tek sporu: Czym jest sublapsarianizm?<\/h3>\n\n\n\n<p>S\u0142owo <strong>sublapsarianizm<\/strong> pochodzi z \u0142aciny (<em>sub lapsu<\/em>), co oznacza \u201epo upadku\u201d. Jest to nurt teologiczny, kt\u00f3ry pr\u00f3buje uporz\u0105dkowa\u0107 logicznie wieczne dekrety Boga dotycz\u0105ce stworzenia, upadku cz\u0142owieka i predestynacji.<\/p>\n\n\n\n<p>Poj\u0119cie to narodzi\u0142o si\u0119 w <strong>kalwinizmie poreformacyjnym<\/strong> jako odpowied\u017a na pytanie: <em>W jakiej logicznej \u2014 nie czasowej \u2014 kolejno\u015bci B\u00f3g ustanowi\u0142 swoje odwieczne dekrety dotycz\u0105ce ludzko\u015bci?<\/em><\/p>\n\n\n\n<p><strong>Sublapsarianizm<\/strong> g\u0142osi, \u017ce B\u00f3g w swoim wiecznym planie:<\/p>\n\n\n\n<ol class=\"wp-block-list\">\n<li>Postanowi\u0142 stworzy\u0107 cz\u0142owieka.<\/li>\n\n\n\n<li>Postanowi\u0142 dopu\u015bci\u0107 upadek (grzech pierworodny).<\/li>\n\n\n\n<li>Postanowi\u0142 wybra\u0107 niekt\u00f3rych do zbawienia (wybranych), a innych dopu\u015bci\u0107 do pot\u0119pienia z powodu ich grzech\u00f3w.<\/li>\n\n\n\n<li>Postanowi\u0142 pos\u0142a\u0107 Chrystusa jako Odkupiciela wybranych.<\/li>\n\n\n\n<li>Postanowi\u0142 pos\u0142a\u0107 Ducha \u015awi\u0119tego, by zastosowa\u0107 dzie\u0142o odkupienia.<\/li>\n<\/ol>\n\n\n\n<p>Trzeba podkre\u015bli\u0107, \u017ce chodzi tu o <strong>kolejno\u015b\u0107 logiczn\u0105<\/strong>, a nie czasow\u0105. Nikt nie twierdzi, \u017ce B\u00f3g \u201ezmienia zdanie\u201d lub \u201eczeka, a\u017c co\u015b si\u0119 wydarzy\u201d, by dzia\u0142a\u0107. Teologia m\u00f3wi o odwiecznych dekretach, kt\u00f3re zawsze istnia\u0142y w Bogu. Ich uporz\u0105dkowanie logiczne pomaga nam jednak lepiej zrozumie\u0107, <em>w jaki spos\u00f3b<\/em> B\u00f3g dzia\u0142a wed\u0142ug swojej sprawiedliwo\u015bci, m\u0105dro\u015bci i mi\u0142osierdzia.<\/p>\n\n\n\n<hr class=\"wp-block-separator has-alpha-channel-opacity\"\/>\n\n\n\n<h3 class=\"wp-block-heading\">II. Supralapsarianizm: druga strona sporu<\/h3>\n\n\n\n<p>Aby dobrze zrozumie\u0107 sublapsarianizm, trzeba pozna\u0107 jego przeciwie\u0144stwo: <strong>supralapsarianizm<\/strong> (z \u0142ac. <em>supra lapsum<\/em>, \u201eprzed upadkiem\u201d).<\/p>\n\n\n\n<p>Ten pogl\u0105d twierdzi, \u017ce w logicznym porz\u0105dku dekret\u00f3w Bo\u017cych:<\/p>\n\n\n\n<ol class=\"wp-block-list\">\n<li>B\u00f3g postanowi\u0142 wybra\u0107 niekt\u00f3rych do chwa\u0142y, a innych odrzuci\u0107 na pot\u0119pienie.<\/li>\n\n\n\n<li>Nast\u0119pnie postanowi\u0142 stworzy\u0107 wszystkich ludzi.<\/li>\n\n\n\n<li>Postanowi\u0142 dopu\u015bci\u0107 ich upadek.<\/li>\n\n\n\n<li>Postanowi\u0142 odkupi\u0107 wybranych przez Chrystusa.<\/li>\n\n\n\n<li>Postanowi\u0142 zastosowa\u0107 to odkupienie.<\/li>\n<\/ol>\n\n\n\n<p>Wed\u0142ug tej wizji B\u00f3g zaplanowa\u0142 wyb\u00f3r i odrzucenie <em>przed<\/em> stworzeniem i upadkiem. Rysuje to obraz Boga skupionego na absolutnej suwerenno\u015bci, ale \u2014 zdaniem wielu \u2014 trudniejszy do pogodzenia z Jego mi\u0142osierdziem i uniwersaln\u0105 mi\u0142o\u015bci\u0105.<\/p>\n\n\n\n<hr class=\"wp-block-separator has-alpha-channel-opacity\"\/>\n\n\n\n<h3 class=\"wp-block-heading\">III. Sp\u00f3r mi\u0119dzy \u015bwi\u0119tymi: Debata, kt\u00f3ra podzieli\u0142a wierz\u0105cych<\/h3>\n\n\n\n<p>Chocia\u017c ten sp\u00f3r toczy\u0142 si\u0119 przede wszystkim w \u015brodowisku reformowanym, kwestia kolejno\u015bci Bo\u017cych dekret\u00f3w by\u0142a omawiana \u2014 cho\u0107 z innymi akcentami \u2014 tak\u017ce w tradycji katolickiej. Jednak to w\u0142a\u015bnie w protestantyzmie konflikt mi\u0119dzy <strong>sublapsarianami<\/strong> a <strong>supralapsarianami<\/strong> by\u0142 tak gor\u0105cy, \u017ce nawet \u015bwi\u0119ci, pastorzy i pobo\u017cni teologowie jasno opowiadali si\u0119 po jednej ze stron.<\/p>\n\n\n\n<p>Na przyk\u0142ad <strong>Teodor Beza<\/strong>, nast\u0119pca Kalwina w Genewie, sk\u0142ania\u0142 si\u0119 ku supralapsarianizmowi. Inni reformatorzy, tacy jak <strong>Fran\u00e7ois Turretin<\/strong> oraz wielu holenderskich pastor\u00f3w podczas Synodu w Dordrecht (1618\u20131619), opowiadali si\u0119 za sublapsarianizmem.<\/p>\n\n\n\n<p>Dlaczego wok\u00f3\u0142 tak technicznego problemu rozp\u0119ta\u0142a si\u0119 tak gor\u0105ca dyskusja? Bo tak naprawd\u0119 chodzi\u0142o nie tylko o logik\u0119. Chodzi\u0142o o <strong>obraz Boga<\/strong>, jaki by\u0142 przekazywany wiernym. Czy B\u00f3g to istota, kt\u00f3ra decyduje o czyim\u015b pot\u0119pieniu, zanim jeszcze dopu\u015bci grzech? A mo\u017ce to Ojciec, kt\u00f3ry widz\u0105c n\u0119dz\u0119 upad\u0142ych dzieci, wybiera, by niekt\u00f3rych zbawi\u0107 z niewyobra\u017calnym mi\u0142osierdziem?<\/p>\n\n\n\n<hr class=\"wp-block-separator has-alpha-channel-opacity\"\/>\n\n\n\n<h3 class=\"wp-block-heading\">IV. Perspektywa katolicka: \u0142aska, wolno\u015b\u0107 i misterium<\/h3>\n\n\n\n<p>Ko\u015bci\u00f3\u0142 katolicki nigdy nie og\u0142osi\u0142 \u017cadnego z tych pogl\u0105d\u00f3w jako dogmatu. Niemniej jednak \u2014 szczeg\u00f3lnie od czas\u00f3w Soboru Trydenckiego \u2014 intensywnie rozwa\u017ca\u0142 te zagadnienia, zw\u0142aszcza w kontek\u015bcie relacji mi\u0119dzy \u0142ask\u0105 a wolno\u015bci\u0105 ludzk\u0105 w odpowiedzi na b\u0142\u0119dy protestanckie.<\/p>\n\n\n\n<p>W tradycji katolickiej wyra\u017anie naucza si\u0119, \u017ce:<\/p>\n\n\n\n<ul class=\"wp-block-list\">\n<li><strong>B\u00f3g pragnie, aby wszyscy ludzie zostali zbawieni<\/strong> (1 Tm 2,4).<\/li>\n\n\n\n<li><strong>Predestynacja istnieje<\/strong>, ale zawsze w odniesieniu do zas\u0142ug Chrystusa i bez wykluczenia wolno\u015bci cz\u0142owieka.<\/li>\n\n\n\n<li><strong>Misterium z\u0142a i grzechu nie mo\u017ce by\u0107 przypisane bezpo\u015brednio Bogu<\/strong>, poniewa\u017c On jest niesko\u0144czenie dobry i nie chce grzechu.<\/li>\n<\/ul>\n\n\n\n<p>Dlatego wielu katolickich teolog\u00f3w przyj\u0119\u0142o stanowisko <strong>zbli\u017cone do sublapsarianizmu<\/strong>, uznaj\u0105c, \u017ce B\u00f3g dopuszcza upadek, ale go nie powoduje, a Jego predestynacja jest mi\u0142osiern\u0105 odpowiedzi\u0105 na \u015bwiat zraniony przez grzech, a nie arbitralnym pot\u0119pieniem.<\/p>\n\n\n\n<p>\u015aw. Tomasz z Akwinu, cho\u0107 nie u\u017cywa tych poj\u0119\u0107, przedstawia zr\u00f3wnowa\u017con\u0105 wizj\u0119: dla niego B\u00f3g kieruje wszystkim z suwerenno\u015bci\u0105, nie znosz\u0105c jednak wolno\u015bci cz\u0142owieka ani jego odpowiedzialno\u015bci moralnej.<\/p>\n\n\n\n<hr class=\"wp-block-separator has-alpha-channel-opacity\"\/>\n\n\n\n<h3 class=\"wp-block-heading\">V. Duchowe konsekwencje: Co to znaczy dla mojego \u017cycia?<\/h3>\n\n\n\n<p>Mo\u017ce si\u0119 wydawa\u0107, \u017ce to problem zarezerwowany dla specjalist\u00f3w. Ale to nieprawda. To, co wierzymy o Bogu i Jego relacji do grzechu, g\u0142\u0119boko wp\u0142ywa na spos\u00f3b, w jaki prze\u017cywamy nasz\u0105 wiar\u0119.<\/p>\n\n\n\n<h4 class=\"wp-block-heading\">1. <strong>B\u00f3g nie jest kosmicznym katem<\/strong><\/h4>\n\n\n\n<p>Je\u015bli kto\u015b wierzy, \u017ce B\u00f3g skaza\u0142 niekt\u00f3rych na pot\u0119pienie od wieczno\u015bci, bez \u017cadnych dodatkowych powod\u00f3w, mo\u017ce to prowadzi\u0107 do duchowo\u015bci opartej na strachu, fatalizmie lub wr\u0119cz urazie wobec Boga.<\/p>\n\n\n\n<p>Sublapsarianizm \u2014 a tym bardziej katolicka teologia \u2014 przypomina nam, \u017ce <strong>B\u00f3g jest sprawiedliwy, ale tak\u017ce mi\u0142osierny<\/strong>. Nie cieszy si\u0119 z pot\u0119pienia grzesznika. Jak m\u00f3wi prorok Ezechiel:<\/p>\n\n\n\n<blockquote class=\"wp-block-quote is-layout-flow wp-block-quote-is-layout-flow\">\n<p>\u201eCzy\u017c ja mam upodobanie w \u015bmierci wyst\u0119pnego \u2014 wyrocznia Pana Boga \u2014 a nie raczej w tym, by si\u0119 nawr\u00f3ci\u0142 i \u017cy\u0142?\u201d (Ez 18,23)<\/p>\n<\/blockquote>\n\n\n\n<h4 class=\"wp-block-heading\">2. <strong>Grzech jest rzeczywisty, ale nie ma ostatniego s\u0142owa<\/strong><\/h4>\n\n\n\n<p>To, \u017ce B\u00f3g zaplanowa\u0142 zbawienie <em>po<\/em> dopuszczeniu upadku, pokazuje, \u017ce <strong>z\u0142o nie zaskakuje Boga<\/strong>. On potrafi wyprowadza\u0107 dobro ze z\u0142a. Sublapsarianizm k\u0142adzie nacisk na <strong>zbawienie jako mi\u0142osiern\u0105 odpowied\u017a<\/strong> na ludzki grzech, a nie na Bo\u017cy kaprys.<\/p>\n\n\n\n<p>To zach\u0119ca nas, by\u015bmy \u017cyli z ufno\u015bci\u0105: <strong>nie ma takiego upadku, z kt\u00f3rego B\u00f3g nie m\u00f3g\u0142by nas podnie\u015b\u0107<\/strong>.<\/p>\n\n\n\n<h4 class=\"wp-block-heading\">3. <strong>\u0141aska nie znosi wolno\u015bci: ona j\u0105 udoskonala<\/strong><\/h4>\n\n\n\n<p>B\u00f3g wybiera, tak. Ale tak\u017ce oczekuje naszej wolnej odpowiedzi. Predestynacja, dobrze rozumiana, to nie determinizm, lecz pewno\u015b\u0107, \u017ce <strong>\u0142aska poprzedza, podtrzymuje i dope\u0142nia ca\u0142e nasze chrze\u015bcija\u0144skie \u017cycie<\/strong>.<\/p>\n\n\n\n<p>Dlatego \u015bw. Pawe\u0142 napomina:<\/p>\n\n\n\n<blockquote class=\"wp-block-quote is-layout-flow wp-block-quote-is-layout-flow\">\n<p>\u201eZ boja\u017ani\u0105 i dr\u017ceniem zabiegajcie o w\u0142asne zbawienie. Albowiem to B\u00f3g jest w was sprawc\u0105 i chcenia, i dzia\u0142ania zgodnie z Jego wol\u0105.\u201d (Flp 2,12-13)<\/p>\n<\/blockquote>\n\n\n\n<p>Zbawienie nie jest z g\u00f3ry ustalonym scenariuszem, lecz drog\u0105 wsp\u00f3\u0142pracy mi\u0119dzy Bogiem a dusz\u0105.<\/p>\n\n\n\n<hr class=\"wp-block-separator has-alpha-channel-opacity\"\/>\n\n\n\n<h3 class=\"wp-block-heading\">VI. Wezwanie do teologicznej pokory<\/h3>\n\n\n\n<p>Debaty takie jak ta o sublapsarianizmie ucz\u0105 nas r\u00f3wnie\u017c wielkiej cnoty: <strong>pokory<\/strong>. Ludzki umys\u0142 mo\u017ce wiele rozwa\u017ca\u0107, ale <strong>tajemnica Boga przewy\u017csza nasze kategorie<\/strong>.<\/p>\n\n\n\n<p>Najwa\u017cniejsze nie jest to, by rozwi\u0105za\u0107 wszystkie dylematy, ale <strong>ufa\u0107, \u017ce B\u00f3g jest mi\u0142o\u015bci\u0105<\/strong>, jak objawi\u0142 si\u0119 nam w Jezusie Chrystusie. Jak pisze \u015bw. Pawe\u0142:<\/p>\n\n\n\n<blockquote class=\"wp-block-quote is-layout-flow wp-block-quote-is-layout-flow\">\n<p>\u201eO g\u0142\u0119boko\u015bci bogactw, m\u0105dro\u015bci i wiedzy Boga! Jak\u017ce niezbadane s\u0105 Jego wyroki i nie do wy\u015bledzenia Jego drogi!\u201d (Rz 11,33)<\/p>\n<\/blockquote>\n\n\n\n<hr class=\"wp-block-separator has-alpha-channel-opacity\"\/>\n\n\n\n<h3 class=\"wp-block-heading\">Zako\u0144czenie: Odkry\u0107 na nowo oblicze Boga, kt\u00f3ry zbawia<\/h3>\n\n\n\n<p>Sublapsarianizm to nie tylko etykieta teologiczna \u2014 to zaproszenie do g\u0142\u0119bszego i pe\u0142nego wiary spojrzenia na tajemnic\u0119 zbawienia. Przypomina nam, \u017ce <strong>B\u00f3g nie jest oboj\u0119tny na nasze cierpienie<\/strong>, \u017ce <strong>grzech nie nale\u017cy do Jego pierwotnego planu<\/strong>, ale <strong>zbawienie \u2014 tak<\/strong>.<\/p>\n\n\n\n<p>Ten dawny sp\u00f3r zach\u0119ca nas, by\u015bmy \u017cyli z wi\u0119ksz\u0105 nadziej\u0105, bardziej ufali Bo\u017cemu mi\u0142osierdziu i wsp\u00f3\u0142pracowali z Jego \u0142ask\u0105 w naszej osobistej historii zbawienia. Nie jeste\u015bmy przeznaczeni do przegranej: jeste\u015bmy <strong>powo\u0142ani do \u015bwi\u0119to\u015bci<\/strong>.<\/p>\n\n\n\n<p>Niech ta wiedza nie pozostanie tylko teori\u0105, ale wp\u0142ynie na twoj\u0105 modlitw\u0119, tw\u00f3j wewn\u0119trzny trud i tw\u00f3j spos\u00f3b patrzenia na innych. Bo w Chrystusie ka\u017cdy, kto upad\u0142, mo\u017ce zosta\u0107 podniesiony. A <strong>serce Boga jest wi\u0119ksze ni\u017c wszelka teologiczna formu\u0142a<\/strong>.<\/p>\n\n\n\n<hr class=\"wp-block-separator has-alpha-channel-opacity\"\/>\n\n\n\n<p><strong>\u201eNie potrzebuj\u0105 lekarza zdrowi, lecz ci, kt\u00f3rzy si\u0119 \u017ale maj\u0105. Nie przyszed\u0142em, aby powo\u0142a\u0107 sprawiedliwych, ale grzesznik\u00f3w.\u201d<\/strong><br><em>(Mk 2,17)<\/em><\/p>\n","protected":false},"excerpt":{"rendered":"<p>Duchowy, przyst\u0119pny i g\u0142\u0119boki przewodnik po centralnym dylemacie w historii my\u015bli chrze\u015bcija\u0144skiej Wprowadzenie: Dlaczego dawna debata teologiczna wci\u0105\u017c jest aktualna? Niekt\u00f3re debaty teologiczne wydaj\u0105 si\u0119 nale\u017ce\u0107 wy\u0142\u0105cznie do seminaryjnych auli lub dawnych sobor\u00f3w. A jednak niekt\u00f3re z nich wp\u0142ywaj\u0105 bezpo\u015brednio na nasze rozumienie Boga, nasz\u0105 relacj\u0119 z Nim i spos\u00f3b, w jaki prze\u017cywamy wiar\u0119. Jednym &hellip;<\/p>\n","protected":false},"author":3,"featured_media":4405,"comment_status":"open","ping_status":"open","sticky":false,"template":"","format":"standard","meta":{"_seopress_robots_primary_cat":"","_seopress_titles_title":"","_seopress_titles_desc":"","_seopress_robots_index":"","footnotes":""},"categories":[63,41],"tags":[1421],"class_list":["post-4404","post","type-post","status-publish","format-standard","has-post-thumbnail","","category-filozofia-i-wiara","category-wiara-i-kultura","tag-sublapsarianizm"],"_links":{"self":[{"href":"https:\/\/catholicus.eu\/pl\/wp-json\/wp\/v2\/posts\/4404","targetHints":{"allow":["GET"]}}],"collection":[{"href":"https:\/\/catholicus.eu\/pl\/wp-json\/wp\/v2\/posts"}],"about":[{"href":"https:\/\/catholicus.eu\/pl\/wp-json\/wp\/v2\/types\/post"}],"author":[{"embeddable":true,"href":"https:\/\/catholicus.eu\/pl\/wp-json\/wp\/v2\/users\/3"}],"replies":[{"embeddable":true,"href":"https:\/\/catholicus.eu\/pl\/wp-json\/wp\/v2\/comments?post=4404"}],"version-history":[{"count":1,"href":"https:\/\/catholicus.eu\/pl\/wp-json\/wp\/v2\/posts\/4404\/revisions"}],"predecessor-version":[{"id":4406,"href":"https:\/\/catholicus.eu\/pl\/wp-json\/wp\/v2\/posts\/4404\/revisions\/4406"}],"wp:featuredmedia":[{"embeddable":true,"href":"https:\/\/catholicus.eu\/pl\/wp-json\/wp\/v2\/media\/4405"}],"wp:attachment":[{"href":"https:\/\/catholicus.eu\/pl\/wp-json\/wp\/v2\/media?parent=4404"}],"wp:term":[{"taxonomy":"category","embeddable":true,"href":"https:\/\/catholicus.eu\/pl\/wp-json\/wp\/v2\/categories?post=4404"},{"taxonomy":"post_tag","embeddable":true,"href":"https:\/\/catholicus.eu\/pl\/wp-json\/wp\/v2\/tags?post=4404"}],"curies":[{"name":"wp","href":"https:\/\/api.w.org\/{rel}","templated":true}]}}