{"id":4374,"date":"2025-07-03T00:04:38","date_gmt":"2025-07-02T22:04:38","guid":{"rendered":"https:\/\/catholicus.eu\/pl\/?p=4374"},"modified":"2025-07-03T00:04:39","modified_gmt":"2025-07-02T22:04:39","slug":"grzech-zaniechania-kiedy-nicnierobienie-staje-sie-wina-kkk-1853","status":"publish","type":"post","link":"https:\/\/catholicus.eu\/pl\/grzech-zaniechania-kiedy-nicnierobienie-staje-sie-wina-kkk-1853\/","title":{"rendered":"\u201eGrzech zaniechania\u201d: kiedy nicnierobienie staje si\u0119 win\u0105 (KKK 1853)"},"content":{"rendered":"\n<p><em>Teologiczny i pastoralny przewodnik po chrze\u015bcija\u0144skiej odpowiedzialno\u015bci za \u201eczynienie dobra\u201d<\/em><\/p>\n\n\n\n<hr class=\"wp-block-separator has-alpha-channel-opacity\"\/>\n\n\n\n<h3 class=\"wp-block-heading\">Wprowadzenie<\/h3>\n\n\n\n<p>Gdy m\u00f3wimy o grzechu, wi\u0119kszo\u015b\u0107 wiernych my\u015bli od razu o z\u0142ych czynach: k\u0142amstwie, kradzie\u017cy, cudzo\u0142\u00f3stwie, opuszczeniu Mszy \u015awi\u0119tej itd. Ko\u015bci\u00f3\u0142 jednak naucza, \u017ce istnieje r\u00f3wnie\u017c inny rodzaj grzechu, r\u00f3wnie powa\u017cny, cho\u0107 cz\u0119sto znacznie bardziej milcz\u0105cy: <strong>grzech zaniechania<\/strong>. Polega on na <strong>niewykonaniu dobra, do kt\u00f3rego jeste\u015bmy zobowi\u0105zani<\/strong>. Innymi s\u0142owy, grzechem nie jest tylko czynione z\u0142o, ale r\u00f3wnie\u017c <strong>dobro, kt\u00f3rego nie czynimy<\/strong>.<\/p>\n\n\n\n<p>W <strong>Katechizmie Ko\u015bcio\u0142a Katolickiego<\/strong>, artyku\u0142 1853 m\u00f3wi jasno:<\/p>\n\n\n\n<blockquote class=\"wp-block-quote is-layout-flow wp-block-quote-is-layout-flow\">\n<p>\u201eKorze\u0144 grzechu le\u017cy w sercu cz\u0142owieka [\u2026]. Grzech mo\u017cna r\u00f3wnie\u017c rozumie\u0107 jako czyn, s\u0142owo lub <strong>pragnienie sprzeczne z Prawem wiecznym<\/strong>. Grzechem jest r\u00f3wnie\u017c <strong>zaniechanie<\/strong> tego, co Prawo wieczne nakazuje.\u201d<\/p>\n<\/blockquote>\n\n\n\n<p>W \u015bwiecie naznaczonym oboj\u0119tno\u015bci\u0105, moraln\u0105 bierno\u015bci\u0105 i wygodnictwem, odkrycie na nowo powagi grzechu zaniechania jest pilnym wezwaniem do <strong>przebudzenia chrze\u015bcija\u0144skiego sumienia<\/strong>. Artyku\u0142 ten pomo\u017ce Ci zrozumie\u0107 jego sens, histori\u0119 teologiczn\u0105, aktualno\u015b\u0107 oraz jak \u017cy\u0107 wiar\u0105 aktywnie, odpowiedzialnie i przemieniaj\u0105co.<\/p>\n\n\n\n<hr class=\"wp-block-separator has-alpha-channel-opacity\"\/>\n\n\n\n<h3 class=\"wp-block-heading\">I. Czym jest grzech zaniechania?<\/h3>\n\n\n\n<p>Grzech zaniechania polega na <strong>niewykonaniu moralnie dobrego i obowi\u0105zkowego czynu<\/strong>, mimo \u017ce si\u0119 wie, \u017ce powinno si\u0119 go wykona\u0107. Nie chodzi o zwyk\u0142e zaniedbanie, ale o <strong>powa\u017cn\u0105 win\u0119<\/strong>, gdy spe\u0142nione s\u0105 trzy warunki:<\/p>\n\n\n\n<ol class=\"wp-block-list\">\n<li><strong>Wiem, \u017ce powinienem uczyni\u0107 dobro<\/strong> (\u015bwiadomo\u015b\u0107);<\/li>\n\n\n\n<li><strong>Jestem w stanie je uczyni\u0107<\/strong> (wolno\u015b\u0107 i mo\u017cliwo\u015b\u0107);<\/li>\n\n\n\n<li><strong>Dobrowolnie decyduj\u0119 si\u0119 tego nie czyni\u0107<\/strong> (wola).<\/li>\n<\/ol>\n\n\n\n<p>Przyk\u0142ady:<\/p>\n\n\n\n<ul class=\"wp-block-list\">\n<li>Ojciec, kt\u00f3ry nie wychowuje dzieci w wierze.<\/li>\n\n\n\n<li>Chrze\u015bcijanin, kt\u00f3ry jest \u015bwiadkiem niesprawiedliwo\u015bci i milczy, mimo \u017ce m\u00f3g\u0142by zareagowa\u0107.<\/li>\n\n\n\n<li>Kto\u015b, kto mija g\u0142odnego biedaka, nie pomagaj\u0105c mu, cho\u0107 m\u00f3g\u0142by.<\/li>\n<\/ul>\n\n\n\n<p><strong>Przypowie\u015b\u0107 o s\u0105dzie ostatecznym<\/strong> z Ewangelii \u015bw. Mateusza 25 jest najbardziej wymownym przyk\u0142adem. Jezus nie gani pot\u0119pionych za pope\u0142nione z\u0142o, ale za <strong>dobro, kt\u00f3rego nie uczynili<\/strong>:<\/p>\n\n\n\n<blockquote class=\"wp-block-quote is-layout-flow wp-block-quote-is-layout-flow\">\n<p>\u201eBo by\u0142em g\u0142odny, a nie dali\u015bcie Mi je\u015b\u0107; by\u0142em spragniony, a nie dali\u015bcie Mi pi\u0107; by\u0142em przybyszem, a nie przyj\u0119li\u015bcie Mnie\u201d (Mt 25,42-43).<\/p>\n<\/blockquote>\n\n\n\n<p>Jezus pokazuje, \u017ce <strong>droga do pot\u0119pienia nie zawsze jest wybrukowana jawnym z\u0142em, ale r\u00f3wnie\u017c win\u0105 milczenia, wygodn\u0105 oboj\u0119tno\u015bci\u0105 i biernymi sercami<\/strong>.<\/p>\n\n\n\n<hr class=\"wp-block-separator has-alpha-channel-opacity\"\/>\n\n\n\n<h3 class=\"wp-block-heading\">II. Historia i rozw\u00f3j teologiczny poj\u0119cia<\/h3>\n\n\n\n<p>Ju\u017c w pierwszych wiekach Ko\u015bci\u00f3\u0142 rozumia\u0142, \u017ce grzech to nie tylko z\u0142e czyny, ale r\u00f3wnie\u017c <strong>zaniechanie czynienia dobra<\/strong>. Ojcowie Ko\u015bcio\u0142a, tacy jak \u015bw. Augustyn, nauczali:<\/p>\n\n\n\n<blockquote class=\"wp-block-quote is-layout-flow wp-block-quote-is-layout-flow\">\n<p>\u201eNie wystarczy nie czyni\u0107 z\u0142a; trzeba r\u00f3wnie\u017c czyni\u0107 dobro.\u201d (<em>Sermo 43,4<\/em>)<\/p>\n<\/blockquote>\n\n\n\n<p>Zasada ta opiera si\u0119 na <strong>prawie naturalnym i boskim<\/strong>, kt\u00f3re nakazuje nie tylko unikanie z\u0142a, ale r\u00f3wnie\u017c dzia\u0142anie na rzecz dobra, sprawiedliwo\u015bci i mi\u0142o\u015bci. \u015aw. Tomasz z Akwinu wyja\u015bnia to w <em>Summa Theologiae<\/em> (I-II, q. 79, a. 3), gdzie stwierdza, \u017ce grzech zaniechania ma miejsce, gdy <strong>pomija si\u0119 czyn, kt\u00f3ry rozum uznaje za konieczny<\/strong>.<\/p>\n\n\n\n<p>Sob\u00f3r Trydencki, m\u00f3wi\u0105c o grzechu \u015bmiertelnym, uznaje, \u017ce mo\u017cna go pope\u0142ni\u0107 \u201emy\u015bl\u0105, mow\u0105, uczynkiem i zaniedbaniem\u201d. Tradycja katolicka zawsze zachowywa\u0142a t\u0119 wizj\u0119, przypominaj\u0105c, \u017ce <strong>\u015bwi\u0119to\u015b\u0107 nie polega tylko na \u201enieczynieniu z\u0142a\u201d, ale na aktywnej mi\u0142o\u015bci<\/strong>.<\/p>\n\n\n\n<hr class=\"wp-block-separator has-alpha-channel-opacity\"\/>\n\n\n\n<h3 class=\"wp-block-heading\">III. Grzech zaniechania we wsp\u00f3\u0142czesnym kontek\u015bcie<\/h3>\n\n\n\n<p>\u017byjemy w kulturze przesi\u0105kni\u0119tej <strong>indywidualizmem<\/strong>, my\u015bleniem \u201enajpierw ja\u201d i traktowaniem komfortu jako idea\u0142u \u017cycia. To rodzi chrze\u015bcija\u0144stwo letnie i bierne, kt\u00f3re woli si\u0119 nie anga\u017cowa\u0107. Wobec niesprawiedliwo\u015bci, ub\u00f3stwa, aborcji, samotno\u015bci wielu decyduje si\u0119 <strong>nic nie m\u00f3wi\u0107, nic nie robi\u0107, nie reagowa\u0107<\/strong>.<\/p>\n\n\n\n<p>To podej\u015bcie jest g\u0142\u0119boko sprzeczne z Ewangeli\u0105. Jezus nie by\u0142 jedynie \u201eobserwatorem dobra\u201d, ale <strong>chodzi\u0142, czyni\u0105c dobrze<\/strong> (por. Dz 10,38) i wezwa\u0142 nas do tego samego: \u201eB\u0105d\u017acie wi\u0119c doskonali, jak doskona\u0142y jest Ojciec wasz niebieski\u201d (Mt 5,48).<\/p>\n\n\n\n<p>W dzisiejszych czasach grzech zaniechania mo\u017ce mie\u0107 powa\u017cne skutki:<\/p>\n\n\n\n<ul class=\"wp-block-list\">\n<li><strong>Milczenie wobec z\u0142a<\/strong>, w mediach spo\u0142eczno\u015bciowych lub w realnym \u017cyciu;<\/li>\n\n\n\n<li><strong>Brak chrze\u015bcija\u0144skiego \u015bwiadectwa<\/strong>, z powodu l\u0119ku lub wygody;<\/li>\n\n\n\n<li><strong>Oboj\u0119tno\u015b\u0107 wobec cierpienia innych<\/strong>, nawet w rodzinie lub parafii;<\/li>\n\n\n\n<li><strong>Zaniedbanie prawdy<\/strong>, przez co k\u0142amstwo si\u0119 szerzy.<\/li>\n<\/ul>\n\n\n\n<hr class=\"wp-block-separator has-alpha-channel-opacity\"\/>\n\n\n\n<h3 class=\"wp-block-heading\">IV. Kryteria teologiczne i pastoralne rozeznania<\/h3>\n\n\n\n<h4 class=\"wp-block-heading\">1. <strong>Czy mam moralny obowi\u0105zek dzia\u0142a\u0107?<\/strong><\/h4>\n\n\n\n<p>Nie ka\u017cde dobro, kt\u00f3rego nie czynimy, jest grzechem. Musi istnie\u0107 <strong>realny obowi\u0105zek moralny<\/strong>. Przyk\u0142ad: nieudzielenie ja\u0142mu\u017cny z powodu braku \u015brodk\u00f3w to co\u015b innego ni\u017c zignorowanie zagubionej osoby z oboj\u0119tno\u015bci.<\/p>\n\n\n\n<h4 class=\"wp-block-heading\">2. <strong>Czy wiedzia\u0142em, \u017ce powinienem to uczyni\u0107?<\/strong><\/h4>\n\n\n\n<p>Grzech zaniechania zak\u0142ada \u015bwiadomo\u015b\u0107. Je\u015bli kto\u015b nie zna swojego obowi\u0105zku z powodu niepokonalnej niewiedzy (nie z w\u0142asnej winy), grzechu nie ma. Ale w wi\u0119kszo\u015bci przypadk\u00f3w <strong>dobrze wiemy, co powinni\u015bmy zrobi\u0107<\/strong> \u2013 i tego nie robimy.<\/p>\n\n\n\n<h4 class=\"wp-block-heading\">3. <strong>Czy naprawd\u0119 mog\u0142em dzia\u0142a\u0107?<\/strong><\/h4>\n\n\n\n<p>Je\u015bli kto\u015b jest fizycznie lub psychicznie niezdolny, nie ma winy. Grzech pojawia si\u0119 wtedy, gdy <strong>mog\u0119 co\u015b zrobi\u0107, ale \u015bwiadomie decyduj\u0119 si\u0119 nie dzia\u0142a\u0107<\/strong>.<\/p>\n\n\n\n<hr class=\"wp-block-separator has-alpha-channel-opacity\"\/>\n\n\n\n<h3 class=\"wp-block-heading\">V. Zastosowania praktyczne w \u017cyciu chrze\u015bcija\u0144skim<\/h3>\n\n\n\n<h4 class=\"wp-block-heading\">1. <strong>Zbadaj swoje codzienne \u017cycie<\/strong><\/h4>\n\n\n\n<p>R\u00f3b rachunek sumienia nie tylko z tego, co zrobi\u0142e\u015b \u017ale, ale r\u00f3wnie\u017c z <strong>dobra, kt\u00f3rego nie uczyni\u0142e\u015b<\/strong>. Komu nie pomog\u0142e\u015b? Kt\u00f3ry obowi\u0105zek chrze\u015bcija\u0144ski zignorowa\u0142e\u015b?<\/p>\n\n\n\n<h4 class=\"wp-block-heading\">2. <strong>Dzia\u0142aj w konkretnej mi\u0142o\u015bci<\/strong><\/h4>\n\n\n\n<p>Nie wystarczy \u201edobrze my\u015ble\u0107\u201d. Mi\u0142o\u015b\u0107 chrze\u015bcija\u0144ska jest <strong>aktywna i skuteczna<\/strong>. Odwiedzaj chorych, pocieszaj smutnych, karm g\u0142odnych, bro\u0144 bezbronnych.<\/p>\n\n\n\n<h4 class=\"wp-block-heading\">3. <strong>Nie b\u0105d\u017a wsp\u00f3lnikiem z\u0142a przez milczenie<\/strong><\/h4>\n\n\n\n<p>Milczenie wobec niesprawiedliwo\u015bci czy grzechu mo\u017ce oznacza\u0107 wsp\u00f3\u0142win\u0119. Nie chodzi o pot\u0119pianie, lecz o <strong>odwa\u017cne i pe\u0142ne mi\u0142o\u015bci bronienie prawdy i dobra<\/strong>.<\/p>\n\n\n\n<h4 class=\"wp-block-heading\">4. <strong>Kszta\u0142\u0107 swoje sumienie<\/strong><\/h4>\n\n\n\n<p>Dobrze ukszta\u0142towane sumienie pozwala unikn\u0105\u0107 wielu grzech\u00f3w zaniechania. Studiuj Ewangeli\u0119, Katechizm, dokumenty Magisterium. Dowiedz si\u0119, czego B\u00f3g od ciebie oczekuje, by\u015b m\u00f3g\u0142 odpowiada\u0107 z hojno\u015bci\u0105.<\/p>\n\n\n\n<h4 class=\"wp-block-heading\">5. <strong>Prze\u017cywaj liturgi\u0119 jako szko\u0142\u0119 dobra<\/strong><\/h4>\n\n\n\n<p>Msza \u015awi\u0119ta i sakramenty to nie tylko obrz\u0119dy \u2013 one <strong>kszta\u0142tuj\u0105 nas do mi\u0142o\u015bci czynnej<\/strong>. \u201eId\u017acie w pokoju Chrystusa\u201d na zako\u0144czenie liturgii to <strong>misyjny nakaz<\/strong>: \u201eId\u017acie i czy\u0144cie dobro w \u015bwiecie!\u201d<\/p>\n\n\n\n<h4 class=\"wp-block-heading\">6. <strong>Wyznawaj r\u00f3wnie\u017c swoje zaniechania<\/strong><\/h4>\n\n\n\n<p>Nie zapominaj, by w spowiedzi m\u00f3wi\u0107 tak\u017ce o aktach mi\u0142o\u015bci, sprawiedliwo\u015bci i prawdy, kt\u00f3re zaniedba\u0142e\u015b. Uznanie zaniecha\u0144 pozwala duszy wzrasta\u0107 w pokorze i odpowiedzialno\u015bci.<\/p>\n\n\n\n<hr class=\"wp-block-separator has-alpha-channel-opacity\"\/>\n\n\n\n<h3 class=\"wp-block-heading\">VI. Duchowo\u015b\u0107 \u201eczynienia dobra\u201d<\/h3>\n\n\n\n<p>Chrze\u015bcijanin nie jest powo\u0142any tylko do \u201enieczynienia z\u0142a\u201d, ale do bycia <strong>\u015bwiat\u0142em, sol\u0105 i zaczynem<\/strong> (por. Mt 5,13\u201316). To oznacza dzia\u0142anie, ofiarno\u015b\u0107, decyzj\u0119. \u015aw. Pawe\u0142 pisa\u0142:<\/p>\n\n\n\n<blockquote class=\"wp-block-quote is-layout-flow wp-block-quote-is-layout-flow\">\n<p>\u201eNie daj si\u0119 zwyci\u0119\u017cy\u0107 z\u0142u, ale z\u0142o dobrem zwyci\u0119\u017caj\u201d (Rz 12,21).<\/p>\n<\/blockquote>\n\n\n\n<p>Codziennie mamy okazje, by czyni\u0107 dobro. Niewykorzystywanie ich to ju\u017c zaniedbanie wierno\u015bci Chrystusowi. \u015awi\u0119to\u015b\u0107 nie jest utopi\u0105 dla nielicznych \u2013 to konkretne, aktywne i codzienne powo\u0142anie: <strong>kocha\u0107 czynem<\/strong>.<\/p>\n\n\n\n<hr class=\"wp-block-separator has-alpha-channel-opacity\"\/>\n\n\n\n<h3 class=\"wp-block-heading\">Zako\u0144czenie<\/h3>\n\n\n\n<p>Grzech zaniechania to jedno z najbardziej podst\u0119pnych zjawisk naszych czas\u00f3w. Nie szokuje, nie rzuca si\u0119 w oczy, nie robi ha\u0142asu\u2026 ale <strong>powoli zabija mi\u0142o\u015b\u0107, ozi\u0119bia wiar\u0119 i gasi nadziej\u0119<\/strong>. Autentyczne \u017cycie chrze\u015bcija\u0144skie polega na czujno\u015bci wobec sytuacji, w kt\u00f3rych Pan nas wzywa do dzia\u0142ania, zaanga\u017cowania, s\u0142u\u017cby i mi\u0142o\u015bci.<\/p>\n\n\n\n<p>Nie wystarczy m\u00f3wi\u0107 \u201ejestem dobrym cz\u0142owiekiem\u201d; s\u0105d ostateczny \u2013 jak m\u00f3wi Jezus \u2013 nie b\u0119dzie oparty na tym, czego unikali\u015bmy, lecz <strong>na tym, co uczynili\u015bmy najmniejszym<\/strong> (por. Mt 25).<\/p>\n\n\n\n<hr class=\"wp-block-separator has-alpha-channel-opacity\"\/>\n\n\n\n<h3 class=\"wp-block-heading\">Modlitwa ko\u0144cowa<\/h3>\n\n\n\n<blockquote class=\"wp-block-quote is-layout-flow wp-block-quote-is-layout-flow\">\n<p><strong>Panie, przebacz mi dobro, kt\u00f3rego nie uczyni\u0142em.<br>Za chwile, gdy mog\u0142em pocieszy\u0107, a tego nie zrobi\u0142em,<br>za s\u0142owa, kt\u00f3rych nie wypowiedzia\u0142em,<br>za momenty, gdy widzia\u0142em b\u00f3l i odwr\u00f3ci\u0142em wzrok.<br>Daj mi odwa\u017cne serce, \u017cyw\u0105 wiar\u0119,<br>hojno\u015b\u0107, kt\u00f3ra nie m\u0119czy si\u0119 czynieniem dobra.<br>Nie pozw\u00f3l mi ukrywa\u0107 si\u0119 w oboj\u0119tno\u015bci ani w lenistwie.<br>Uczy\u0144 mnie codziennie narz\u0119dziem Twojego dobra. Amen.<\/strong><\/p>\n<\/blockquote>\n","protected":false},"excerpt":{"rendered":"<p>Teologiczny i pastoralny przewodnik po chrze\u015bcija\u0144skiej odpowiedzialno\u015bci za \u201eczynienie dobra\u201d Wprowadzenie Gdy m\u00f3wimy o grzechu, wi\u0119kszo\u015b\u0107 wiernych my\u015bli od razu o z\u0142ych czynach: k\u0142amstwie, kradzie\u017cy, cudzo\u0142\u00f3stwie, opuszczeniu Mszy \u015awi\u0119tej itd. Ko\u015bci\u00f3\u0142 jednak naucza, \u017ce istnieje r\u00f3wnie\u017c inny rodzaj grzechu, r\u00f3wnie powa\u017cny, cho\u0107 cz\u0119sto znacznie bardziej milcz\u0105cy: grzech zaniechania. Polega on na niewykonaniu dobra, do kt\u00f3rego &hellip;<\/p>\n","protected":false},"author":3,"featured_media":4375,"comment_status":"open","ping_status":"open","sticky":false,"template":"","format":"standard","meta":{"_seopress_robots_primary_cat":"","_seopress_titles_title":"","_seopress_titles_desc":"","_seopress_robots_index":"","footnotes":""},"categories":[37,43],"tags":[1413],"class_list":["post-4374","post","type-post","status-publish","format-standard","has-post-thumbnail","","category-doktryna-i-wiara","category-katechizm-kosciola-katolickiego","tag-grzech-zaniechania"],"_links":{"self":[{"href":"https:\/\/catholicus.eu\/pl\/wp-json\/wp\/v2\/posts\/4374","targetHints":{"allow":["GET"]}}],"collection":[{"href":"https:\/\/catholicus.eu\/pl\/wp-json\/wp\/v2\/posts"}],"about":[{"href":"https:\/\/catholicus.eu\/pl\/wp-json\/wp\/v2\/types\/post"}],"author":[{"embeddable":true,"href":"https:\/\/catholicus.eu\/pl\/wp-json\/wp\/v2\/users\/3"}],"replies":[{"embeddable":true,"href":"https:\/\/catholicus.eu\/pl\/wp-json\/wp\/v2\/comments?post=4374"}],"version-history":[{"count":1,"href":"https:\/\/catholicus.eu\/pl\/wp-json\/wp\/v2\/posts\/4374\/revisions"}],"predecessor-version":[{"id":4376,"href":"https:\/\/catholicus.eu\/pl\/wp-json\/wp\/v2\/posts\/4374\/revisions\/4376"}],"wp:featuredmedia":[{"embeddable":true,"href":"https:\/\/catholicus.eu\/pl\/wp-json\/wp\/v2\/media\/4375"}],"wp:attachment":[{"href":"https:\/\/catholicus.eu\/pl\/wp-json\/wp\/v2\/media?parent=4374"}],"wp:term":[{"taxonomy":"category","embeddable":true,"href":"https:\/\/catholicus.eu\/pl\/wp-json\/wp\/v2\/categories?post=4374"},{"taxonomy":"post_tag","embeddable":true,"href":"https:\/\/catholicus.eu\/pl\/wp-json\/wp\/v2\/tags?post=4374"}],"curies":[{"name":"wp","href":"https:\/\/api.w.org\/{rel}","templated":true}]}}