{"id":4241,"date":"2025-06-12T23:57:36","date_gmt":"2025-06-12T21:57:36","guid":{"rendered":"https:\/\/catholicus.eu\/pl\/?p=4241"},"modified":"2025-06-12T23:57:37","modified_gmt":"2025-06-12T21:57:37","slug":"wychowywac-dzieci-pod-prad-podrecznik-przetrwania-dla-tradycyjnych-rodzicow","status":"publish","type":"post","link":"https:\/\/catholicus.eu\/pl\/wychowywac-dzieci-pod-prad-podrecznik-przetrwania-dla-tradycyjnych-rodzicow\/","title":{"rendered":"Wychowywa\u0107 dzieci pod pr\u0105d: podr\u0119cznik przetrwania dla tradycyjnych rodzic\u00f3w"},"content":{"rendered":"\n<h3 class=\"wp-block-heading\"><strong>Wprowadzenie: Rodzice pod pr\u0105d \u2013 czy jeste\u015bcie sami?<\/strong><\/h3>\n\n\n\n<p>Wychowywanie dzieci w dzisiejszych czasach to dla wielu tradycyjnych katolickich rodzic\u00f3w prawdziwa heroiczna misja. W \u015bwiecie, kt\u00f3ry wy\u015bmiewa cnot\u0119, promuje moralny relatywizm i otwarcie atakuje fundamenty chrze\u015bcija\u0144skiej wiary, wychowanie dzieci na \u015bwi\u0119tych, silnych i wiernych ludzi wydaje si\u0119 niemal niemo\u017cliwe. A jednak \u2013 jest to mo\u017cliwe.<\/p>\n\n\n\n<p>Ten artyku\u0142 to nie tylko refleksja \u2013 to <strong>podr\u0119cznik przetrwania<\/strong>. Bo walka jest rzeczywista. To walka kulturowa, duchowa i moralna. Ale jest to walka, kt\u00f3r\u0105 mo\u017cna wygra\u0107 \u2013 je\u015bli stanie si\u0119 do niej z wiar\u0105, m\u0105dro\u015bci\u0105, wytrwa\u0142o\u015bci\u0105\u2026 i wsp\u00f3lnot\u0105.<\/p>\n\n\n\n<blockquote class=\"wp-block-quote is-layout-flow wp-block-quote-is-layout-flow\">\n<p><em>\u201eNie upodabniajcie si\u0119 do tego \u015bwiata, lecz przemieniajcie si\u0119 przez odnawianie umys\u0142u, aby\u015bcie mogli rozezna\u0107, jaka jest wola Bo\u017ca: co jest dobre, co Bogu przyjemne i co doskona\u0142e.\u201d<\/em> (Rz 12,2)<\/p>\n<\/blockquote>\n\n\n\n<hr class=\"wp-block-separator has-alpha-channel-opacity\"\/>\n\n\n\n<h2 class=\"wp-block-heading\"><strong>I. Zrozumie\u0107 pole bitwy: z jakim \u015bwiatem mamy do czynienia?<\/strong><\/h2>\n\n\n\n<h3 class=\"wp-block-heading\">1.1. Wr\u00f3g nie jest nowy<\/h3>\n\n\n\n<p>To nie jest sytuacja bez precedensu. Ju\u017c w pierwszych wiekach chrze\u015bcija\u0144stwa rodzice musieli wychowywa\u0107 swoje dzieci w zdeprawowanym, zmys\u0142owym i nieprzyjaznym wobec Krzy\u017ca Imperium Rzymskim. \u015aw. Jan Chryzostom ostrzega\u0142: \u201eWychowanie dzieci to nie b\u0142ahostka: to zadanie wa\u017cniejsze ni\u017c rz\u0105dzenie miastem\u201d.<\/p>\n\n\n\n<p>Dzi\u015b, jak i wtedy, chrze\u015bcijanie \u017cyj\u0105 w kulturze, kt\u00f3ra <strong>nie podziela ich warto\u015bci<\/strong>. R\u00f3\u017cnica polega na tym, \u017ce <strong>nowoczesne spo\u0142ecze\u0144stwo dysponuje znacznie pot\u0119\u017cniejszymi i ci\u0105g\u0142ymi megafonami<\/strong>: ekrany, media spo\u0142eczno\u015bciowe, zideologizowane tre\u015bci szkolne, nienaturalne prawo, toksyczna rozrywka\u2026<\/p>\n\n\n\n<h3 class=\"wp-block-heading\">1.2. Pi\u0119\u0107 wielkich zagro\u017ce\u0144<\/h3>\n\n\n\n<ul class=\"wp-block-list\">\n<li><strong>Relatywizm moralny<\/strong>: \u201eKa\u017cdy ma swoj\u0105 prawd\u0119\u201d \u2013 m\u00f3wi\u0105. W efekcie dobro i z\u0142o przestaj\u0105 by\u0107 przekazywane jasno i jednoznacznie.<\/li>\n\n\n\n<li><strong>Ideologia gender<\/strong>: Neguje si\u0119 rzeczywisto\u015b\u0107 biologiczn\u0105, narzucaj\u0105c ideologiczn\u0105 konstrukcj\u0119 bez podstaw naukowych czy antropologicznych.<\/li>\n\n\n\n<li><strong>Hiperseksualizacja<\/strong>: Od kresk\u00f3wek po podr\u0119czniki szkolne \u2013 dzieciom odbiera si\u0119 niewinno\u015b\u0107.<\/li>\n\n\n\n<li><strong>Praktyczny ateizm<\/strong>: \u017byje si\u0119 \u201etak, jakby Boga nie by\u0142o\u201d. Nawet w\u015br\u00f3d wierz\u0105cych wiara bywa pustym rytua\u0142em.<\/li>\n\n\n\n<li><strong>Rozpad rodziny<\/strong>: Ma\u0142\u017ce\u0144stwo bywa trywializowane, rozw\u00f3d staje si\u0119 norm\u0105, a macierzy\u0144stwo \u2013 wy\u015bmiewane.<\/li>\n<\/ul>\n\n\n\n<hr class=\"wp-block-separator has-alpha-channel-opacity\"\/>\n\n\n\n<h2 class=\"wp-block-heading\"><strong>II. Misja rodzic\u00f3w wed\u0142ug woli Bo\u017cej<\/strong><\/h2>\n\n\n\n<h3 class=\"wp-block-heading\">2.1. Powo\u0142anie, nie hobby<\/h3>\n\n\n\n<p>Wychowywanie dzieci to nie tylko projekt \u017cyciowy czy osobisty wyb\u00f3r. To <strong>Bo\u017ce powo\u0142anie<\/strong>. B\u00f3g powierza rodzicom <strong>nie\u015bmiertelne dusze<\/strong>. Nie chodzi tylko o karmienie, uczenie czy przygotowanie do zawodu. Chodzi o <strong>kszta\u0142towanie \u015bwi\u0119tych<\/strong>, obywateli Nieba.<\/p>\n\n\n\n<blockquote class=\"wp-block-quote is-layout-flow wp-block-quote-is-layout-flow\">\n<p><em>\u201eWdra\u017caj ch\u0142opca w prawid\u0142a jego drogi, a nie zejdzie z niej nawet w staro\u015bci.\u201d<\/em> (Prz 22,6)<\/p>\n<\/blockquote>\n\n\n\n<h3 class=\"wp-block-heading\">2.2. Rodzice: pierwsi katecheci<\/h3>\n\n\n\n<p>Ko\u015bci\u00f3\u0142 naucza, \u017ce to w\u0142a\u015bnie rodzice s\u0105 <strong>pierwszymi przekazicielami wiary<\/strong>. \u017badna szko\u0142a, ksi\u0105dz ani katecheta nie zast\u0105pi\u0105 chrze\u015bcija\u0144skiego domu. To w nim dziecko uczy si\u0119 modlitwy, rozeznawania, umi\u0142owania prawdy, \u017cycia sakramentalnego i ufno\u015bci wobec Boga.<\/p>\n\n\n\n<h3 class=\"wp-block-heading\">2.3. Autorytet jako s\u0142u\u017cba<\/h3>\n\n\n\n<p>Nie chodzi o bycie autorytarnym, ale o sprawowanie <strong>autorytetu pe\u0142nego mi\u0142o\u015bci, stanowczego i sp\u00f3jnego<\/strong>. Autorytet pochodzi od <em>auctoritas<\/em>, czyli zdolno\u015bci do wzrastania. Nie narzuca si\u0119 go \u2013 zdobywa si\u0119 go przyk\u0142adem.<\/p>\n\n\n\n<hr class=\"wp-block-separator has-alpha-channel-opacity\"\/>\n\n\n\n<h2 class=\"wp-block-heading\"><strong>III. Strategia przetrwania: praktyczny przewodnik dla tradycyjnych rodzic\u00f3w<\/strong><\/h2>\n\n\n\n<p>Oto <strong>pastoralno-teologiczna mapa<\/strong> dla rodzic\u00f3w, kt\u00f3rzy pragn\u0105 wychowywa\u0107 swoje dzieci w wierze \u2013 pod pr\u0105d.<\/p>\n\n\n\n<hr class=\"wp-block-separator has-alpha-channel-opacity\"\/>\n\n\n\n<h3 class=\"wp-block-heading\">\ud83d\udd39 <strong>1. Umacnia\u0107 ma\u0142\u017ce\u0144stwo: fundament wszystkiego<\/strong><\/h3>\n\n\n\n<ul class=\"wp-block-list\">\n<li><strong>Wsp\u00f3lna modlitwa<\/strong> ma\u0142\u017conk\u00f3w.<\/li>\n\n\n\n<li>Dba\u0142o\u015b\u0107 o <strong>jedno\u015b\u0107 i komunikacj\u0119<\/strong>: dzieci ucz\u0105 si\u0119 bardziej przez przyk\u0142ad ni\u017c s\u0142owa.<\/li>\n\n\n\n<li>Korzystanie z <strong>sakramentalnej \u0142aski ma\u0142\u017ce\u0144stwa<\/strong>: cz\u0119sta spowied\u017a i niedzielna Komunia.<\/li>\n\n\n\n<li><strong>Wsp\u00f3lna formacja<\/strong>: czytanie, rekolekcje, rozmowy o sprawach g\u0142\u0119bokich.<\/li>\n<\/ul>\n\n\n\n<blockquote class=\"wp-block-quote is-layout-flow wp-block-quote-is-layout-flow\">\n<p><em>\u201eDlatego opu\u015bci cz\u0142owiek ojca i matk\u0119 i z\u0142\u0105czy si\u0119 ze swoj\u0105 \u017con\u0105, i b\u0119d\u0105 dwoje jednym cia\u0142em.\u201d<\/em> (Ef 5,31)<\/p>\n<\/blockquote>\n\n\n\n<hr class=\"wp-block-separator has-alpha-channel-opacity\"\/>\n\n\n\n<h3 class=\"wp-block-heading\">\ud83d\udd39 <strong>2. Codzienna modlitwa rodzinna<\/strong><\/h3>\n\n\n\n<ul class=\"wp-block-list\">\n<li>R\u00f3\u017caniec (nawet podzielony na cz\u0119\u015bci).<\/li>\n\n\n\n<li>Czytanie Ewangelii z dzie\u0107mi.<\/li>\n\n\n\n<li>Modlitwa przed i po posi\u0142kach.<\/li>\n\n\n\n<li>Modlitwa wieczorna z rachunkiem sumienia i dzi\u0119kczynieniem.<\/li>\n<\/ul>\n\n\n\n<p>Nie chodzi o rytualizm, ale o <strong>postawienie Boga w centrum \u017cycia domowego<\/strong>.<\/p>\n\n\n\n<hr class=\"wp-block-separator has-alpha-channel-opacity\"\/>\n\n\n\n<h3 class=\"wp-block-heading\">\ud83d\udd39 <strong>3. Tworzy\u0107 \u017cywy katolicki dom<\/strong><\/h3>\n\n\n\n<ul class=\"wp-block-list\">\n<li><strong>Widoczne symbole<\/strong>: krzy\u017ce, obrazy \u015bwi\u0119tych, woda \u015bwi\u0119cona, \u015bwiece.<\/li>\n\n\n\n<li>Muzyka sakralna, buduj\u0105ce lektury, brak toksycznych tre\u015bci.<\/li>\n\n\n\n<li>Prze\u017cywanie roku liturgicznego: Adwent, Wielki Post, Wielkanoc, \u015bwi\u0119ta patron\u00f3w.<\/li>\n<\/ul>\n\n\n\n<p>Dziecko, kt\u00f3re dorasta w domu, gdzie <strong>wiar\u0105 si\u0119 oddycha<\/strong>, b\u0119dzie mniej podatne na sceptycyzm \u015bwiata.<\/p>\n\n\n\n<hr class=\"wp-block-separator has-alpha-channel-opacity\"\/>\n\n\n\n<h3 class=\"wp-block-heading\">\ud83d\udd39 <strong>4. Kszta\u0142towanie sumienia moralnego<\/strong><\/h3>\n\n\n\n<ul class=\"wp-block-list\">\n<li>Wyja\u015bnianie dobra i z\u0142a od najm\u0142odszych lat.<\/li>\n\n\n\n<li>Nauczanie przykaza\u0144, cn\u00f3t, uczynk\u00f3w mi\u0142osierdzia.<\/li>\n\n\n\n<li>Pokazywanie, \u017ce wolno\u015b\u0107 to nie \u201er\u00f3bta, co chceta\u201d, ale <strong>zdolno\u015b\u0107 do wyboru dobra<\/strong>.<\/li>\n<\/ul>\n\n\n\n<blockquote class=\"wp-block-quote is-layout-flow wp-block-quote-is-layout-flow\">\n<p><em>\u201ePoznacie prawd\u0119, a prawda was wyzwoli.\u201d<\/em> (J 8,32)<\/p>\n<\/blockquote>\n\n\n\n<hr class=\"wp-block-separator has-alpha-channel-opacity\"\/>\n\n\n\n<h3 class=\"wp-block-heading\">\ud83d\udd39 <strong>5. Przygotowanie na prze\u015bladowanie<\/strong><\/h3>\n\n\n\n<p>Tak, trzeba m\u00f3wi\u0107 o m\u0119cze\u0144stwie. Bez paniki, ale realistycznie. Dzieci powinny wiedzie\u0107, \u017ce <strong>p\u00f3j\u015bcie za Chrystusem kosztuje<\/strong>.<\/p>\n\n\n\n<ul class=\"wp-block-list\">\n<li>Opowie\u015bci o \u015bwi\u0119tych i m\u0119czennikach.<\/li>\n\n\n\n<li>Nauka odpowiadania z mi\u0142o\u015bci\u0105, ale stanowczo.<\/li>\n\n\n\n<li>Wprowadzenie do apologetyki: umiej\u0119tno\u015b\u0107 obrony wiary.<\/li>\n<\/ul>\n\n\n\n<blockquote class=\"wp-block-quote is-layout-flow wp-block-quote-is-layout-flow\">\n<p><em>\u201eB\u0142ogos\u0142awieni, kt\u00f3rzy cierpi\u0105 prze\u015bladowanie dla sprawiedliwo\u015bci, albowiem do nich nale\u017cy kr\u00f3lestwo niebieskie.\u201d<\/em> (Mt 5,10)<\/p>\n<\/blockquote>\n\n\n\n<hr class=\"wp-block-separator has-alpha-channel-opacity\"\/>\n\n\n\n<h3 class=\"wp-block-heading\">\ud83d\udd39 <strong>6. Czujno\u015b\u0107 wobec edukacji szkolnej<\/strong><\/h3>\n\n\n\n<ul class=\"wp-block-list\">\n<li>Je\u015bli to mo\u017cliwe: <strong>szko\u0142a naprawd\u0119 katolicka lub edukacja domowa<\/strong>.<\/li>\n\n\n\n<li>Je\u015bli nie: <strong>aktywne zaanga\u017cowanie<\/strong> \u2013 przegl\u0105d tre\u015bci, dialog, czujno\u015b\u0107.<\/li>\n\n\n\n<li>Reagowanie na tre\u015bci nie do przyj\u0119cia, wsp\u00f3lna modlitwa, poszukiwanie sprzymierze\u0144c\u00f3w.<\/li>\n<\/ul>\n\n\n\n<hr class=\"wp-block-separator has-alpha-channel-opacity\"\/>\n\n\n\n<h3 class=\"wp-block-heading\">\ud83d\udd39 <strong>7. Nauka w\u0142a\u015bciwego korzystania z medi\u00f3w i technologii<\/strong><\/h3>\n\n\n\n<ul class=\"wp-block-list\">\n<li>\u017badnego smartfona bez filtr\u00f3w i przygotowania.<\/li>\n\n\n\n<li>Korzystanie z internetu z rozeznaniem: jako narz\u0119dzia, nie bo\u017cka.<\/li>\n\n\n\n<li>Kultywowanie ciszy, czytania, rozm\u00f3w.<\/li>\n<\/ul>\n\n\n\n<p>Wsp\u00f3\u0142czesny demon cz\u0119sto wchodzi <strong>przez ekran<\/strong>.<\/p>\n\n\n\n<hr class=\"wp-block-separator has-alpha-channel-opacity\"\/>\n\n\n\n<h3 class=\"wp-block-heading\">\ud83d\udd39 <strong>8. Regularne \u017cycie sakramentalne<\/strong><\/h3>\n\n\n\n<ul class=\"wp-block-list\">\n<li>Niedzielna Msza <strong>z ca\u0142\u0105 rodzin\u0105<\/strong>.<\/li>\n\n\n\n<li>Spowied\u017a raz w miesi\u0105cu jako nawyk.<\/li>\n\n\n\n<li>Powa\u017cne przygotowanie do Pierwszej Komunii i Bierzmowania.<\/li>\n\n\n\n<li>Pokazywanie dzieciom, \u017ce Eucharystia to <strong>realne spotkanie<\/strong>, nie formalno\u015b\u0107.<\/li>\n<\/ul>\n\n\n\n<hr class=\"wp-block-separator has-alpha-channel-opacity\"\/>\n\n\n\n<h3 class=\"wp-block-heading\">\ud83d\udd39 <strong>9. Wychowywa\u0107 z mi\u0142o\u015bci\u0105 i dyscyplin\u0105<\/strong><\/h3>\n\n\n\n<ul class=\"wp-block-list\">\n<li>Jasne zasady, sprawiedliwe granice, proporcjonalne konsekwencje.<\/li>\n\n\n\n<li>Empatyczne s\u0142uchanie, ale bez uleg\u0142o\u015bci wobec manipulacji.<\/li>\n\n\n\n<li>Troskliwa korekta, docenianie dobra, prowadzenie z nadziej\u0105.<\/li>\n<\/ul>\n\n\n\n<hr class=\"wp-block-separator has-alpha-channel-opacity\"\/>\n\n\n\n<h3 class=\"wp-block-heading\">\ud83d\udd39 <strong>10. Dawanie przyk\u0142adu<\/strong><\/h3>\n\n\n\n<p>Dzieci wierz\u0105 w Boga, bo widz\u0105, \u017ce <strong>ich rodzice \u017cyj\u0105 wed\u0142ug Jego woli<\/strong>. Nie ma skuteczniejszej katechezy ni\u017c przyk\u0142ad \u017cycia.<\/p>\n\n\n\n<ul class=\"wp-block-list\">\n<li>Je\u015bli widz\u0105 ci\u0119 modl\u0105cego si\u0119 \u2013 uwierz\u0105 w modlitw\u0119.<\/li>\n\n\n\n<li>Je\u015bli widz\u0105 twoj\u0105 mi\u0142o\u015b\u0107 do bli\u017aniego \u2013 zrozumiej\u0105 Ewangeli\u0119.<\/li>\n\n\n\n<li>Je\u015bli widz\u0105 twoj\u0105 walk\u0119 z w\u0142asnym grzechem \u2013 naucz\u0105 si\u0119 walczy\u0107 z w\u0142asnym.<\/li>\n<\/ul>\n\n\n\n<hr class=\"wp-block-separator has-alpha-channel-opacity\"\/>\n\n\n\n<h2 class=\"wp-block-heading\"><strong>IV. Duchowo\u015b\u0107 rodzic\u00f3w na pierwszej linii frontu<\/strong><\/h2>\n\n\n\n<p>Wychowanie dzieci pod pr\u0105d to nie tylko walka zewn\u0119trzna. To r\u00f3wnie\u017c <strong>droga wewn\u0119trzna<\/strong>, prowadz\u0105ca do u\u015bwi\u0119cenia samych rodzic\u00f3w.<\/p>\n\n\n\n<ul class=\"wp-block-list\">\n<li>Przyjmowanie zm\u0119czenia jako ofiary z\u0142\u0105czonej z Krzy\u017cem.<\/li>\n\n\n\n<li>Niewpadanie w rozpacz z powodu b\u0142\u0119d\u00f3w: <strong>mi\u0142osierdzie Bo\u017ce jest wi\u0119ksze<\/strong>.<\/li>\n\n\n\n<li>Korzystanie z kierownictwa duchowego.<\/li>\n\n\n\n<li>\u017bycie w relacji z innymi rodzinami id\u0105cymi t\u0105 sam\u0105 drog\u0105.<\/li>\n<\/ul>\n\n\n\n<p>Wsp\u00f3lnota Ko\u015bcio\u0142a to nie \u201edodatek\u201d \u2013 to <strong>ratunek<\/strong>.<\/p>\n\n\n\n<hr class=\"wp-block-separator has-alpha-channel-opacity\"\/>\n\n\n\n<h2 class=\"wp-block-heading\"><strong>Zako\u0144czenie: Nie b\u00f3jcie si\u0119!<\/strong><\/h2>\n\n\n\n<p>To nie jest \u0142atwe. To nie jest wygodne. To nie jest szybkie. Ale <strong>to jest mo\u017cliwe<\/strong>, z Bo\u017c\u0105 \u0142ask\u0105 i ofiarnym zaanga\u017cowaniem.<\/p>\n\n\n\n<p>Tradycyjni katoliccy rodzice: <strong>nie jeste\u015bcie szaleni<\/strong>. Robicie to, co trzeba. Nawet je\u015bli nurt si\u0119 wzmaga, nawet je\u015bli \u015bwiat nazwie was \u201ezacofanymi\u201d, \u201enietolerancyjnymi\u201d czy \u201efanatykami\u201d \u2013 prawda <strong>nie starzeje si\u0119<\/strong>.<\/p>\n\n\n\n<blockquote class=\"wp-block-quote is-layout-flow wp-block-quote-is-layout-flow\">\n<p><em>\u201eLecz kto wytrwa do ko\u0144ca, ten b\u0119dzie zbawiony.\u201d<\/em> (Mt 24,13)<\/p>\n<\/blockquote>\n\n\n\n<p>Celem nie jest tylko wychowanie dobrych dzieci. Celem jest <strong>wychowanie \u015bwi\u0119tych<\/strong>. A to najwi\u0119ksze dziedzictwo, jakie mo\u017cna zostawi\u0107 \u015bwiatu.<\/p>\n","protected":false},"excerpt":{"rendered":"<p>Wprowadzenie: Rodzice pod pr\u0105d \u2013 czy jeste\u015bcie sami? Wychowywanie dzieci w dzisiejszych czasach to dla wielu tradycyjnych katolickich rodzic\u00f3w prawdziwa heroiczna misja. W \u015bwiecie, kt\u00f3ry wy\u015bmiewa cnot\u0119, promuje moralny relatywizm i otwarcie atakuje fundamenty chrze\u015bcija\u0144skiej wiary, wychowanie dzieci na \u015bwi\u0119tych, silnych i wiernych ludzi wydaje si\u0119 niemal niemo\u017cliwe. A jednak \u2013 jest to mo\u017cliwe. Ten &hellip;<\/p>\n","protected":false},"author":3,"featured_media":4242,"comment_status":"open","ping_status":"open","sticky":false,"template":"","format":"standard","meta":{"_seopress_robots_primary_cat":"","_seopress_titles_title":"","_seopress_titles_desc":"","_seopress_robots_index":"","footnotes":""},"categories":[39,55],"tags":[1370],"class_list":["post-4241","post","type-post","status-publish","format-standard","has-post-thumbnail","","category-moralnosc-i-zycie-chrzescijanskie","category-rodzina-i-malzenstwo","tag-tradycyjnych-rodzicow"],"_links":{"self":[{"href":"https:\/\/catholicus.eu\/pl\/wp-json\/wp\/v2\/posts\/4241","targetHints":{"allow":["GET"]}}],"collection":[{"href":"https:\/\/catholicus.eu\/pl\/wp-json\/wp\/v2\/posts"}],"about":[{"href":"https:\/\/catholicus.eu\/pl\/wp-json\/wp\/v2\/types\/post"}],"author":[{"embeddable":true,"href":"https:\/\/catholicus.eu\/pl\/wp-json\/wp\/v2\/users\/3"}],"replies":[{"embeddable":true,"href":"https:\/\/catholicus.eu\/pl\/wp-json\/wp\/v2\/comments?post=4241"}],"version-history":[{"count":1,"href":"https:\/\/catholicus.eu\/pl\/wp-json\/wp\/v2\/posts\/4241\/revisions"}],"predecessor-version":[{"id":4243,"href":"https:\/\/catholicus.eu\/pl\/wp-json\/wp\/v2\/posts\/4241\/revisions\/4243"}],"wp:featuredmedia":[{"embeddable":true,"href":"https:\/\/catholicus.eu\/pl\/wp-json\/wp\/v2\/media\/4242"}],"wp:attachment":[{"href":"https:\/\/catholicus.eu\/pl\/wp-json\/wp\/v2\/media?parent=4241"}],"wp:term":[{"taxonomy":"category","embeddable":true,"href":"https:\/\/catholicus.eu\/pl\/wp-json\/wp\/v2\/categories?post=4241"},{"taxonomy":"post_tag","embeddable":true,"href":"https:\/\/catholicus.eu\/pl\/wp-json\/wp\/v2\/tags?post=4241"}],"curies":[{"name":"wp","href":"https:\/\/api.w.org\/{rel}","templated":true}]}}