{"id":4235,"date":"2025-06-12T22:48:04","date_gmt":"2025-06-12T20:48:04","guid":{"rendered":"https:\/\/catholicus.eu\/pl\/?p=4235"},"modified":"2025-06-12T22:48:04","modified_gmt":"2025-06-12T20:48:04","slug":"katolicka-kobiecosc-odkrywanie-prawdziwej-roli-kobiety","status":"publish","type":"post","link":"https:\/\/catholicus.eu\/pl\/katolicka-kobiecosc-odkrywanie-prawdziwej-roli-kobiety\/","title":{"rendered":"Katolicka Kobieco\u015b\u0107: Odkrywanie Prawdziwej Roli Kobiety"},"content":{"rendered":"\n<p><em>Przewodnik duchowy, teologiczny i pastoralny, kt\u00f3ry zaprasza do ponownego odkrycia daru bycia kobiet\u0105 \u2013 zar\u00f3wno w sercu Ko\u015bcio\u0142a, jak i \u015bwiata<\/em><\/p>\n\n\n\n<hr class=\"wp-block-separator has-alpha-channel-opacity\"\/>\n\n\n\n<h3 class=\"wp-block-heading\">Wst\u0119p: Zapomniana prawda w \u015bwiecie pe\u0142nym zam\u0119tu<\/h3>\n\n\n\n<p>\u017byjemy w czasach ogromnego zamieszania dotycz\u0105cego tego, co to znaczy by\u0107 m\u0119\u017cczyzn\u0105 lub kobiet\u0105. Ideologia gender, presja kulturowa d\u0105\u017c\u0105ca do zatarcia r\u00f3\u017cnic mi\u0119dzy p\u0142ciami oraz fragmentaryczne lub wypaczone pojmowanie roli kobiety w Ko\u015bciele i spo\u0142ecze\u0144stwie sprawi\u0142y, \u017ce wiele katoliczek czuje si\u0119 zagubionych, zranionych lub niepewnych swojej to\u017csamo\u015bci.<\/p>\n\n\n\n<p>A jednak Ko\u015bci\u00f3\u0142 \u2013 jako Matka i Nauczycielka \u2013 zachowa\u0142 na przestrzeni wiek\u00f3w skarb m\u0105dro\u015bci na temat <strong>autentycznej kobieco\u015bci<\/strong>. Ten artyku\u0142 ma by\u0107 duchowym, teologicznym i pastoralnym kompasem, kt\u00f3ry prowadzi ku odkryciu pi\u0119kna kobiecej to\u017csamo\u015bci zgodnej z sercem Boga. Nie chodzi o nostalgiczny powr\u00f3t do przesz\u0142o\u015bci ani odrzucenie prawdziwego rozwoju kobiety w \u017cyciu publicznym, lecz raczej o powr\u00f3t do <strong>pe\u0142nej, g\u0142\u0119bokiej prawdy kobieco\u015bci<\/strong>, mieszcz\u0105cej si\u0119 w Bo\u017cym planie.<\/p>\n\n\n\n<blockquote class=\"wp-block-quote is-layout-flow wp-block-quote-is-layout-flow\">\n<p>\u201eI stworzy\u0142 B\u00f3g cz\u0142owieka na sw\u00f3j obraz; na obraz Bo\u017cy stworzy\u0142 go: stworzy\u0142 m\u0119\u017cczyzn\u0119 i niewiast\u0119\u201d (Rdz 1,27)<\/p>\n<\/blockquote>\n\n\n\n<hr class=\"wp-block-separator has-alpha-channel-opacity\"\/>\n\n\n\n<h3 class=\"wp-block-heading\">1. <strong>Kobieco\u015b\u0107 wed\u0142ug Bo\u017cego zamys\u0142u: dar, a nie konstrukcja<\/strong><\/h3>\n\n\n\n<p>Ju\u017c w pierwszym rozdziale Ksi\u0119gi Rodzaju objawia si\u0119 prawda, kt\u00f3ra rewolucjonizuje rozumienie: m\u0119\u017cczyzna i kobieta zostali stworzeni na obraz Boga \u2013 w relacji <strong>komplementarno\u015bci<\/strong>, a nie rywalizacji. Kobieta nie jest \u201einnym\u201d gorszego sortu, ani towarem kultury, lecz osob\u0105 obdarzon\u0105 unikaln\u0105 i niepowtarzaln\u0105 godno\u015bci\u0105 przez samego Boga.<\/p>\n\n\n\n<h4 class=\"wp-block-heading\">Katolicka perspektywa teologiczna: kobieta jako no\u015bniczka \u017cycia<\/h4>\n\n\n\n<p>Teologia katolicka podkre\u015bla wyj\u0105tkow\u0105 zdolno\u015b\u0107 kobiety: <strong>owocn\u0105 postaw\u0119 przyjmowania<\/strong>. Nie tylko na poziomie biologicznym (macierzy\u0144stwo naturalne), ale r\u00f3wnie\u017c duchowym. Kobieca dusza jest powo\u0142ana do <strong>przyjmowania, ochrony i przekazywania \u017cycia<\/strong> \u2013 zar\u00f3wno w ciele, jak i w sercu. Kobieta szczeg\u00f3lnie uciele\u015bnia to, co ludzkie: zdolno\u015b\u0107 powiedzenia \u201etak\u201d Bo\u017cemu darowi, jak uczyni\u0142a to Naj\u015bwi\u0119tsza Maryja Panna.<\/p>\n\n\n\n<p>Ta g\u0142\u0119boko duchowa rzeczywisto\u015b\u0107 w niczym nie umniejsza jej intelektowi ani aktywno\u015bci spo\u0142ecznej. Wr\u0119cz przeciwnie: kobieca p\u0142odno\u015b\u0107 \u2013 biologiczna, duchowa, relacyjna czy tw\u00f3rcza \u2013 okazuje si\u0119 by\u0107 <strong>niezb\u0119dna dla odnowienia zar\u00f3wno Ko\u015bcio\u0142a, jak i spo\u0142ecze\u0144stwa<\/strong>.<\/p>\n\n\n\n<h4 class=\"wp-block-heading\">Pastoralna perspektywa: uzdrawianie ran i odkrywanie prawdy<\/h4>\n\n\n\n<p>Wiele kobiet zosta\u0142o dzi\u015b zranionych przez kultur\u0119 wykluczenia, przez radykalny feminizm lekcewa\u017c\u0105cy macierzy\u0144stwo albo przez struktury ko\u015bcielne, kt\u00f3re nie doceni\u0142y g\u0142osu i obecno\u015bci kobiet. Ponowne odkrycie kobieco\u015bci wed\u0142ug Bo\u017cego planu jest tak\u017ce <strong>zadaniem duszpasterskim uzdrowienia<\/strong>. Ko\u015bci\u00f3\u0142 zosta\u0142 powo\u0142any, by formowa\u0107, towarzyszy\u0107 i docenia\u0107 kobiec\u0105 powo\u0142anie w jej r\u00f3\u017cnych wymiarach. Bo <strong>kobieta nie musi stawa\u0107 si\u0119 m\u0119\u017cczyzn\u0105, aby by\u0107 warto\u015bciowa<\/strong> \u2013 odkrywa bowiem w\u0142asne dary, kt\u00f3re przemieniaj\u0105 \u015bwiat od \u015brodka.<\/p>\n\n\n\n<hr class=\"wp-block-separator has-alpha-channel-opacity\"\/>\n\n\n\n<h3 class=\"wp-block-heading\">2. <strong>Naj\u015bwi\u0119tsza Maryja Panna: doskona\u0142a ikona kobieco\u015bci katolickiej<\/strong><\/h3>\n\n\n\n<p>Nikt nie zosta\u0142 tak wyniesiony jak Maryja, najczystsza Panna, a jednocze\u015bnie nikt nie wykaza\u0142 tak wielkiego oddania w pos\u0142usze\u0144stwie wobec woli Bo\u017cej. Jest ona wzorem kobieco\u015bci katolickiej: silna bez agresji, pos\u0142uszna bez uleg\u0142o\u015bci, wolna bez buntu, milcz\u0105ca bez bierno\u015bci.<\/p>\n\n\n\n<h4 class=\"wp-block-heading\">Maryja i teologia \u201etak\u201d: Fiat<\/h4>\n\n\n\n<p>Fiat Maryi \u2013 \u201eNiech mi si\u0119 stanie wed\u0142ug twego s\u0142owa\u201d (\u0141k 1,38) \u2013 to najwi\u0119kszy akt zaufania i otwarto\u015bci po ofierze Chrystusowej na Krzy\u017cu. W tym \u201etak\u201d odkrywa si\u0119 najpe\u0142niejsze znaczenie kobieco\u015bci: <strong>przyjmowa\u0107 \u017cycie Bo\u017ce, pozwoli\u0107 mu wzrosn\u0105\u0107 i ofiarowa\u0107 je \u015bwiatu<\/strong>.<\/p>\n\n\n\n<p>Maryja pokazuje, \u017ce bycie kobiet\u0105 nie jest rol\u0105 drugorz\u0119dn\u0105, lecz <strong>wynios\u0142ym powo\u0142aniem<\/strong> \u2013 aby wsp\u00f3\u0142dzia\u0142a\u0107 z Bogiem w dziele odkupienia. Jej milcz\u0105ca, ale kluczowa obecno\u015b\u0107 pod Krzy\u017cem ukazuje si\u0142\u0119 kobiecej mi\u0142o\u015bci, zjednoczonej z cierpieniem Chrystusa.<\/p>\n\n\n\n<hr class=\"wp-block-separator has-alpha-channel-opacity\"\/>\n\n\n\n<h3 class=\"wp-block-heading\">3. <strong>Historia: \u015bwiat\u0142a i cienie kobiecej roli w Ko\u015bciele<\/strong><\/h3>\n\n\n\n<p>Historia chrze\u015bcija\u0144stwa obfituje w wielkie kobiety: \u015bwi\u0119te, mistyczki, m\u0119czennice, Doktorki Ko\u015bcio\u0142a: \u015bw. Teresa z Avila, \u015bw. Katarzyna ze Sieny, \u015bw. Hildegarda z Bingen. Nie potrzebowa\u0142y ani tytu\u0142\u00f3w, ani hierarchicznych funkcji, by kszta\u0142towa\u0107 losy Ko\u015bcio\u0142a. Ich wp\u0142yw by\u0142 \u2013 i nadal jest \u2013 duchowy, intelektualny i moralny.<\/p>\n\n\n\n<p>Bywa\u0142y jednak czasy, gdy g\u0142os kobiety by\u0142 marginalizowany lub jej powo\u0142anie pomijane. W tym kontek\u015bcie konieczna staje si\u0119 <strong>uczciwa, a zarazem \u0142askawa refleksja<\/strong> \u2013 rozwa\u017canie cieni, bez wpadania w gorycz, oraz \u015bwiadome oddzielanie \u015bwiate\u0142 od idealizacji.<\/p>\n\n\n\n<p>Dzi\u015b bardziej ni\u017c kiedykolwiek potrzeba bohaterek, kt\u00f3re <strong>inspiruj\u0105 przez wiar\u0119<\/strong>, a nie przez ideologie. Nie chcemy \u201emaskulinizowanych\u201d kobiet, lecz <strong>\u015bwi\u0119tych, silnych, spe\u0142nionych i wolnych w Chrystusie kobiet<\/strong>.<\/p>\n\n\n\n<hr class=\"wp-block-separator has-alpha-channel-opacity\"\/>\n\n\n\n<h3 class=\"wp-block-heading\">4. <strong>Praktyczne zastosowania: jak \u017cy\u0107 kobieco\u015bci\u0105 katolick\u0105 dzi\u015b<\/strong><\/h3>\n\n\n\n<h4 class=\"wp-block-heading\">a) W codzienno\u015bci: emanuj\u0105c czu\u0142o\u015bci\u0105 i si\u0142\u0105<\/h4>\n\n\n\n<p>Kobieta na co dzie\u0144 jest wezwana do bycia \u017cywym \u015bwiadectwem mi\u0142o\u015bci Boga: wiernej, czu\u0142ej i wytrwa\u0142ej. Przejawia si\u0119 to w konkretnych gestach: wychowaniu dzieci, w pracy zawodowej, w s\u0142u\u017cbie, w relacjach. Kobieco\u015b\u0107 nie jest zamkni\u0119ta w czterech \u015bcianach domu, ale te\u017c go nie porzuca. Katoliczka mo\u017ce by\u0107 profesjonalistk\u0105, matk\u0105, siostr\u0105 zakonn\u0105, artystk\u0105, polityczk\u0105\u2026 <strong>ale nigdy nie mo\u017ce zapomnie\u0107 o swojej to\u017csamo\u015bci jako ukochanej c\u00f3rki Ojca<\/strong>, bo to nadaje sens wszystkiemu pozosta\u0142emu.<\/p>\n\n\n\n<h4 class=\"wp-block-heading\">b) W rodzinie: macierzy\u0144stwo biologiczne i duchowe<\/h4>\n\n\n\n<p>Macierzy\u0144stwo \u2013 to jedno z najwi\u0119kszych powo\u0142a\u0144 przekazanych kobiecie. A nawet kobiety bez dzieci biologicznych maj\u0105 powo\u0142anie do <strong>macierzy\u0144stwa duchowego<\/strong>: by towarzyszy\u0107, wspiera\u0107, karmi\u0107, edukowa\u0107, przyjmowa\u0107 \u2013 z serca. Bycie matk\u0105 to si\u0119ganie g\u0142\u0119biej ni\u017c samo urodzenie \u2013 to codzienne oddawanie \u017cycia.<\/p>\n\n\n\n<h4 class=\"wp-block-heading\">c) W Ko\u015bciele: wsp\u00f3\u0142odpowiedzialno\u015b\u0107 bez klerykalizmu<\/h4>\n\n\n\n<p>Kobieta odgrywa niezast\u0105pion\u0105 rol\u0119 w \u017cyciu Ko\u015bcio\u0142a. Nie musi by\u0107 kap\u0142ank\u0105, by by\u0107 jego aktywn\u0105 cz\u0119\u015bci\u0105. Jej wk\u0142ad jako katechetki, teologini, wychowawczyni, misjonarki, konsekrowanej, matki czy przewodniczki duchowej jest <strong>nieodzowny<\/strong>. Klucz stanowi zrozumienie, \u017ce <strong>wszyscy ochrzczeni s\u0105 powo\u0142ani do \u015bwi\u0119to\u015bci i misji, ale zgodnie ze swoj\u0105 to\u017csamo\u015bci\u0105<\/strong>, nie przez na\u015bladowanie innych charyzmat\u00f3w.<\/p>\n\n\n\n<hr class=\"wp-block-separator has-alpha-channel-opacity\"\/>\n\n\n\n<h3 class=\"wp-block-heading\">5. <strong>Zew dla kobiecego serca: \u015bwiat\u0142o w ciemno\u015bciach<\/strong><\/h3>\n\n\n\n<p>W \u015bwiecie, kt\u00f3ry banalizuje cia\u0142o, relatywizuje mi\u0142o\u015b\u0107 i rozdziera to\u017csamo\u015b\u0107, <strong>katolicka kobieco\u015b\u0107 wznosi si\u0119 jako latarnia pi\u0119kna, prawdy i prawdziwej mi\u0142o\u015bci<\/strong>. Nie jako wz\u00f3r \u015bwiatowego sukcesu, lecz jako powo\u0142anie do ofiarowania si\u0119, otwarto\u015bci i duchowej p\u0142odno\u015bci.<\/p>\n\n\n\n<p>Kobieta katolicka jest dzi\u015b wezwana, by <strong>leczy\u0107 rany, wychowywa\u0107 w mi\u0142o\u015bci, broni\u0107 \u017cycia, budowa\u0107 wsp\u00f3lnot\u0119 i nie\u015b\u0107 nadziej\u0119<\/strong>. Nie przez ha\u0142as, lecz g\u0142\u0119boko\u015b\u0107. Nie przez konfrontacj\u0119, lecz przez dar.<\/p>\n\n\n\n<blockquote class=\"wp-block-quote is-layout-flow wp-block-quote-is-layout-flow\">\n<p>\u201eRozwiera usta z m\u0105dro\u015bci\u0105, a na jej j\u0119zyku jest pouczenie \u017cyczliwe\u201d (Przyp 31,26)<\/p>\n<\/blockquote>\n\n\n\n<hr class=\"wp-block-separator has-alpha-channel-opacity\"\/>\n\n\n\n<h3 class=\"wp-block-heading\">Zako\u0144czenie: Rewolucja kobiecej mi\u0142o\u015bci<\/h3>\n\n\n\n<p>Prawdziwa rewolucja kobieco\u015bci nie dzieje si\u0119 na ulicy, lecz w sercach. Nie rodzi si\u0119 z urazy, ale z daru. Na nowo odkryta kobieco\u015b\u0107 katolicka to <strong>powr\u00f3t do Boga mi\u0142o\u015bci dla ka\u017cdej kobiety<\/strong> \u2013 do planu, kt\u00f3ry wyzwala, podnosi i realizuje.<\/p>\n\n\n\n<p>Do Ciebie, kobieto katolicka \u2013 m\u0142oda lub dojrza\u0142a, matko albo dziewico, konsekrowana albo zawodowo czynna:<br><strong>Jeste\u015b cenna. Jeste\u015b potrzebna. Jeste\u015b obrazem Boga. Twoja obecno\u015b\u0107 w Ko\u015bciele i \u015bwiecie jest niezast\u0105piona. Twoje \u017cycie \u2013 prze\u017cywane w wierze \u2013 mo\u017ce przemienia\u0107 pokolenia.<\/strong><\/p>\n\n\n\n<hr class=\"wp-block-separator has-alpha-channel-opacity\"\/>\n\n\n\n<p><strong>Chcesz g\u0142\u0119biej \u017cy\u0107 swoj\u0105 kobiec\u0105 to\u017csamo\u015bci\u0105? Oto konkretne kroki, kt\u00f3re mo\u017cesz rozpocz\u0105\u0107 ju\u017c dzi\u015b:<\/strong><\/p>\n\n\n\n<ol class=\"wp-block-list\">\n<li><strong>Codziennie rozwa\u017caj Fiat Maryi.<\/strong><\/li>\n\n\n\n<li><strong>Poznaj \u015bwi\u0119te kobiety jako wzory<\/strong> \u2013 czytaj ich \u017cyciorysy i inspiruj si\u0119 nimi.<\/li>\n\n\n\n<li><strong>Ofiaruj swoj\u0105 kobieco\u015b\u0107 Chrystusowi<\/strong> \u2013 z talentami, czu\u0142o\u015bci\u0105 i prawd\u0105.<\/li>\n\n\n\n<li><strong>Tw\u00f3rz wsp\u00f3lnot\u0119 z innymi katoliczkami<\/strong> \u2013 dziel si\u0119, m\u00f3dl, wzrastaj.<\/li>\n\n\n\n<li><strong>Pro\u015b Ducha \u015awi\u0119tego, aby pokaza\u0142 ci, jak by\u0107 \u201enow\u0105 kobiet\u0105\u201d na dzi\u015b.<\/strong><\/li>\n<\/ol>\n\n\n\n<hr class=\"wp-block-separator has-alpha-channel-opacity\"\/>\n\n\n\n<blockquote class=\"wp-block-quote is-layout-flow wp-block-quote-is-layout-flow\">\n<p>\u201eKobieta katolicka ma misj\u0119, kt\u00f3rej nikt inny nie mo\u017ce wype\u0142ni\u0107. Nigdy o tym nie zapomnij. Przysz\u0142o\u015b\u0107 wiary, kultury, a nawet ca\u0142ego \u017cycia mo\u017ce spoczywa\u0107 w jej r\u0119kach.\u201d \u2013 <em>(inspirowane my\u015bl\u0105 Edith Stein)<\/em><\/p>\n<\/blockquote>\n","protected":false},"excerpt":{"rendered":"<p>Przewodnik duchowy, teologiczny i pastoralny, kt\u00f3ry zaprasza do ponownego odkrycia daru bycia kobiet\u0105 \u2013 zar\u00f3wno w sercu Ko\u015bcio\u0142a, jak i \u015bwiata Wst\u0119p: Zapomniana prawda w \u015bwiecie pe\u0142nym zam\u0119tu \u017byjemy w czasach ogromnego zamieszania dotycz\u0105cego tego, co to znaczy by\u0107 m\u0119\u017cczyzn\u0105 lub kobiet\u0105. Ideologia gender, presja kulturowa d\u0105\u017c\u0105ca do zatarcia r\u00f3\u017cnic mi\u0119dzy p\u0142ciami oraz fragmentaryczne lub &hellip;<\/p>\n","protected":false},"author":3,"featured_media":4236,"comment_status":"open","ping_status":"open","sticky":false,"template":"","format":"standard","meta":{"_seopress_robots_primary_cat":"","_seopress_titles_title":"","_seopress_titles_desc":"","_seopress_robots_index":"","footnotes":""},"categories":[39,55],"tags":[1369],"class_list":["post-4235","post","type-post","status-publish","format-standard","has-post-thumbnail","","category-moralnosc-i-zycie-chrzescijanskie","category-rodzina-i-malzenstwo","tag-katolicka-kobiecosc"],"_links":{"self":[{"href":"https:\/\/catholicus.eu\/pl\/wp-json\/wp\/v2\/posts\/4235","targetHints":{"allow":["GET"]}}],"collection":[{"href":"https:\/\/catholicus.eu\/pl\/wp-json\/wp\/v2\/posts"}],"about":[{"href":"https:\/\/catholicus.eu\/pl\/wp-json\/wp\/v2\/types\/post"}],"author":[{"embeddable":true,"href":"https:\/\/catholicus.eu\/pl\/wp-json\/wp\/v2\/users\/3"}],"replies":[{"embeddable":true,"href":"https:\/\/catholicus.eu\/pl\/wp-json\/wp\/v2\/comments?post=4235"}],"version-history":[{"count":1,"href":"https:\/\/catholicus.eu\/pl\/wp-json\/wp\/v2\/posts\/4235\/revisions"}],"predecessor-version":[{"id":4237,"href":"https:\/\/catholicus.eu\/pl\/wp-json\/wp\/v2\/posts\/4235\/revisions\/4237"}],"wp:featuredmedia":[{"embeddable":true,"href":"https:\/\/catholicus.eu\/pl\/wp-json\/wp\/v2\/media\/4236"}],"wp:attachment":[{"href":"https:\/\/catholicus.eu\/pl\/wp-json\/wp\/v2\/media?parent=4235"}],"wp:term":[{"taxonomy":"category","embeddable":true,"href":"https:\/\/catholicus.eu\/pl\/wp-json\/wp\/v2\/categories?post=4235"},{"taxonomy":"post_tag","embeddable":true,"href":"https:\/\/catholicus.eu\/pl\/wp-json\/wp\/v2\/tags?post=4235"}],"curies":[{"name":"wp","href":"https:\/\/api.w.org\/{rel}","templated":true}]}}