{"id":4226,"date":"2025-06-10T23:24:26","date_gmt":"2025-06-10T21:24:26","guid":{"rendered":"https:\/\/catholicus.eu\/pl\/?p=4226"},"modified":"2025-06-10T23:24:27","modified_gmt":"2025-06-10T21:24:27","slug":"uwolnienie-pokoleniowe-przelamywanie-duchowych-okowow-z-wiara-katolicka","status":"publish","type":"post","link":"https:\/\/catholicus.eu\/pl\/uwolnienie-pokoleniowe-przelamywanie-duchowych-okowow-z-wiara-katolicka\/","title":{"rendered":"Uwolnienie Pokoleniowe: Prze\u0142amywanie Duchowych Okow\u00f3w z Wiar\u0105 Katolick\u0105"},"content":{"rendered":"\n<h2 class=\"wp-block-heading\"><strong>Wprowadzenie: Czym Jest Uwolnienie Pokoleniowe?<\/strong><\/h2>\n\n\n\n<p>W \u015bwiecie, gdzie wielu ludzi d\u017awiga niewyja\u015bnione rany, negatywne wzorce i uporczywe trudno\u015bci, Ko\u015bci\u00f3\u0142 Katolicki oferuje \u015bwiat\u0142o nadziei:&nbsp;<em>uwolnienie pokoleniowe<\/em>. Ta koncepcja, g\u0142\u0119boko zakorzeniona w Pi\u015bmie \u015awi\u0119tym i Tradycji, uczy nas, \u017ce pewne duchowe wi\u0119zy mog\u0105 by\u0107 przekazywane przez pokolenia \u2013 ale dzi\u0119ki \u0142asce Bo\u017cej mo\u017cemy zerwa\u0107 te kajdany i \u017cy\u0107 w pe\u0142nej wolno\u015bci dzieci Bo\u017cych.<\/p>\n\n\n\n<p>Czy kiedykolwiek zastanawia\u0142e\u015b si\u0119, dlaczego pewne grzechy, choroby czy pora\u017cki powtarzaj\u0105 si\u0119 w Twojej rodzinie? Dlaczego mimo wszelkich wysi\u0142k\u00f3w wydaje si\u0119, \u017ce &#8222;przekle\u0144stwo&#8221; prze\u015bladuje Twoich bliskich? Odpowied\u017a mo\u017ce tkwi\u0107 w tym, co teologia nazywa&nbsp;<em>grzechami pokoleniowymi i ich konsekwencjami<\/em>. Ale nie l\u0119kaj si\u0119, bo&nbsp;<strong>Chrystus przyszed\u0142 w\u0142a\u015bnie po to, by nas wyzwoli\u0107<\/strong>&nbsp;(\u0141k 4,18).<\/p>\n\n\n\n<h2 class=\"wp-block-heading\"><strong>Podstawy Biblijne: Co M\u00f3wi Pismo \u015awi\u0119te?<\/strong><\/h2>\n\n\n\n<p>Biblia porusza ten temat z jasno\u015bci\u0105. W&nbsp;<em>Ksi\u0119dze Wyj\u015bcia<\/em>&nbsp;B\u00f3g ostrzega:<\/p>\n\n\n\n<blockquote class=\"wp-block-quote is-layout-flow wp-block-quote-is-layout-flow\">\n<p><em>&#8222;Ja, Pan, tw\u00f3j B\u00f3g, jestem Bogiem zazdrosnym, kt\u00f3ry karze nieprawo\u015b\u0107 ojc\u00f3w na synach do trzeciego i czwartego pokolenia tych, kt\u00f3rzy Mnie nienawidz\u0105. Okazuj\u0119 za\u015b \u0142ask\u0119 a\u017c do tysi\u0105cznego pokolenia tym, kt\u00f3rzy Mnie mi\u0142uj\u0105 i przestrzegaj\u0105 moich przykaza\u0144.&#8221;<\/em>&nbsp;(Wj 20,5-6)<\/p>\n<\/blockquote>\n\n\n\n<p>Ten fragment nie oznacza, \u017ce B\u00f3g niesprawiedliwie karze potomk\u00f3w za grzechy przodk\u00f3w, ale \u017ce&nbsp;<em>konsekwencje grzechu<\/em>&nbsp;mog\u0105 wp\u0142ywa\u0107 na przysz\u0142e pokolenia. Grzech otwiera drzwi z\u0142u, a bez pokuty i nawr\u00f3cenia jego skutki trwaj\u0105.<\/p>\n\n\n\n<p>Jednak&nbsp;<em>mi\u0142osierdzie Bo\u017ce jest pot\u0119\u017cniejsze<\/em>. W&nbsp;<em>Ksi\u0119dze Ezechiela 18,20<\/em>&nbsp;czytamy:<\/p>\n\n\n\n<blockquote class=\"wp-block-quote is-layout-flow wp-block-quote-is-layout-flow\">\n<p><em>&#8222;Syn nie ponosi odpowiedzialno\u015bci za win\u0119 swego ojca, ani ojciec za win\u0119 swego syna.&#8221;<\/em><\/p>\n<\/blockquote>\n\n\n\n<p>To pokazuje, \u017ce cho\u0107 mog\u0105 istnie\u0107 konsekwencje pokoleniowe,&nbsp;<strong>B\u00f3g daje nam mo\u017cliwo\u015b\u0107 zerwania tych wi\u0119z\u00f3w przez wiar\u0119, pokut\u0119 i sakramenty<\/strong>.<\/p>\n\n\n\n<h2 class=\"wp-block-heading\"><strong>Historia i Teologia: Jak Ko\u015bci\u00f3\u0142 Rozumie To Zjawisko?<\/strong><\/h2>\n\n\n\n<p>Katolicka Tradycja zawsze uznawa\u0142a, \u017ce grzech ma wymiary zar\u00f3wno osobiste, jak i wsp\u00f3lnotowe. Ojcowie Ko\u015bcio\u0142a m\u00f3wili o&nbsp;<em>przekazie grzechu pierworodnego<\/em>, ale tak\u017ce o&nbsp;<em>wyzwoleniu w Chrystusie<\/em>.<\/p>\n\n\n\n<p>\u015aw. Augustyn naucza\u0142, \u017ce grzech pozostawia ran\u0119 w naturze ludzkiej, ale \u0142aska Bo\u017ca jest uzdrawiaj\u0105ca. Ko\u015bci\u00f3\u0142, jako matka i nauczycielka, oferuje nam narz\u0119dzia do leczenia tych ran:<\/p>\n\n\n\n<ol start=\"1\" class=\"wp-block-list\">\n<li><strong>Chrzest<\/strong>: Uwalnia nas od grzechu pierworodnego i czyni dzie\u0107mi Bo\u017cymi.<\/li>\n\n\n\n<li><strong>Spowied\u017a<\/strong>: Zrywa kajdany grzechu osobistego i odziedziczonego.<\/li>\n\n\n\n<li><strong>Eucharystia<\/strong>: Umacnia nas Cia\u0142em i Krwi\u0105 Chrystusa.<\/li>\n\n\n\n<li><strong>Modlitwy o uwolnienie<\/strong>: Zatwierdzone przez Ko\u015bci\u00f3\u0142, pomagaj\u0105 rozwi\u0105za\u0107 duchowe wi\u0119zy.<\/li>\n<\/ol>\n\n\n\n<p><em>Katechizm Ko\u015bcio\u0142a Katolickiego<\/em>&nbsp;(nr 409) stwierdza, \u017ce cho\u0107 diabe\u0142 dzia\u0142a w \u015bwiecie,&nbsp;<strong>Chrystus ju\u017c zwyci\u0119\u017cy\u0142 go na Krzy\u017cu<\/strong>. Dlatego uwolnienie pokoleniowe nie jest magi\u0105 ani zabobonem, ale aktem wiary w odkupie\u0144cz\u0105 moc Jezusa.<\/p>\n\n\n\n<h2 class=\"wp-block-heading\"><strong>Jak Rozpozna\u0107 Pokoleniowe Wi\u0119zy?<\/strong><\/h2>\n\n\n\n<p>Niekt\u00f3re oznaki mog\u0105 wskazywa\u0107 na obecno\u015b\u0107 tych kajdan:<\/p>\n\n\n\n<ul class=\"wp-block-list\">\n<li><strong>Powtarzaj\u0105ce si\u0119 wzorce<\/strong>: Na\u0142ogi, rozwody, aborcje, chroniczne ub\u00f3stwo, niewyja\u015bnione choroby dziedziczne.<\/li>\n\n\n\n<li><strong>Niewyt\u0142umaczalne konflikty rodzinne<\/strong>: Nienawi\u015b\u0107, podzia\u0142y, niezdolno\u015b\u0107 do wybaczenia.<\/li>\n\n\n\n<li><strong>Wp\u0142ywy okultystyczne w rodzinie<\/strong>: Spirytualizm, okultyzm, masoneria, czary.<\/li>\n<\/ul>\n\n\n\n<p>Ale&nbsp;<strong>nie ka\u017cdy problem jest duchowy<\/strong>. Wa\u017cne jest roztropne rozeznanie, a w razie w\u0105tpliwo\u015bci \u2013 konsultacja z kap\u0142anem lub autoryzowan\u0105 s\u0142u\u017cb\u0105 uwolnienia.<\/p>\n\n\n\n<h2 class=\"wp-block-heading\"><strong>Praktyczny Przewodnik: Kroki do Uwolnienia Pokoleniowego<\/strong><\/h2>\n\n\n\n<p>Z teologicznego i duszpasterskiego punktu widzenia zaleca si\u0119 nast\u0119puj\u0105ce kroki:<\/p>\n\n\n\n<h3 class=\"wp-block-heading\"><strong>1. Rachunek Sumienia i Pokuta<\/strong><\/h3>\n\n\n\n<ul class=\"wp-block-list\">\n<li>Pro\u015b Ducha \u015awi\u0119tego o ujawnienie grzech\u00f3w osobistych i rodzinnych.<\/li>\n\n\n\n<li>Zbadaj histori\u0119 rodziny: Czy by\u0142y ba\u0142wochwalstwo, okultyzm, przemoc, niesprawiedliwo\u015b\u0107?<\/li>\n\n\n\n<li>Wyznaj te grzechy, nawet je\u015bli ich nie pope\u0142ni\u0142e\u015b (jako akt zado\u015b\u0107uczynienia).<\/li>\n<\/ul>\n\n\n\n<h3 class=\"wp-block-heading\"><strong>2. Wyrzeczenie si\u0119 Dzie\u0142 Z\u0142a<\/strong><\/h3>\n\n\n\n<ul class=\"wp-block-list\">\n<li>W modlitwie s\u0142ownie wyrzeknij si\u0119 wszelkich negatywnych wp\u0142yw\u00f3w:<br><em>&#8222;W Imi\u0119 Jezusa wyrzekam si\u0119 wszelkich wi\u0119z\u00f3w ze z\u0142em w moim rodzie i o\u015bwiadczam, \u017ce nale\u017c\u0119 tylko do Chrystusa.&#8221;<\/em><\/li>\n<\/ul>\n\n\n\n<h3 class=\"wp-block-heading\"><strong>3. Modlitwa Uwolnienia i Ochrony<\/strong><\/h3>\n\n\n\n<ul class=\"wp-block-list\">\n<li>U\u017cyj\u00a0<em>Ojcze Nasz<\/em>,\u00a0<em>Wierz\u0119<\/em>\u00a0i\u00a0<em>Psalmu 91<\/em>\u00a0jako duchowej broni.<\/li>\n\n\n\n<li>Wzywaj Krwi Chrystusa nad swoj\u0105 rodzin\u0105:<br><em>&#8222;Jezu, os\u0142o\u0144 moj\u0105 rodzin\u0119 Twoj\u0105 Przenaj\u015bwi\u0119tsz\u0105 Krwi\u0105 i z\u0142am wszelkie kajdany przekle\u0144stwa.&#8221;<\/em><\/li>\n<\/ul>\n\n\n\n<h3 class=\"wp-block-heading\"><strong>4. \u017bycie Sakramentalne i Pobo\u017cno\u015b\u0107<\/strong><\/h3>\n\n\n\n<ul class=\"wp-block-list\">\n<li><strong>Cz\u0119sta spowied\u017a<\/strong>: \u0141amie moc grzechu.<\/li>\n\n\n\n<li><strong>Eucharystia<\/strong>: Przyjmuj Jezusa jako lekarstwo dla duszy.<\/li>\n\n\n\n<li><strong>Po\u015bwi\u0119cenie si\u0119 Maryi<\/strong>: Ona mia\u017cd\u017cy g\u0142ow\u0119 w\u0119\u017ca (Rdz 3,15).<\/li>\n<\/ul>\n\n\n\n<h3 class=\"wp-block-heading\"><strong>5. Zerwanie z Okultyzmem<\/strong><\/h3>\n\n\n\n<ul class=\"wp-block-list\">\n<li>Zniszcz przedmioty zwi\u0105zane z okultyzmem (amulet, horoskopy itp.).<\/li>\n\n\n\n<li>Po\u015bwi\u0119\u0107 dom wod\u0105 \u015bwi\u0119con\u0105.<\/li>\n<\/ul>\n\n\n\n<h3 class=\"wp-block-heading\"><strong>6. \u017bycie w \u0141asce i \u015awi\u0119to\u015bci<\/strong><\/h3>\n\n\n\n<ul class=\"wp-block-list\">\n<li>Najlepsz\u0105 ochron\u0105 jest\u00a0<strong>\u017cycie w \u0142asce<\/strong>.<\/li>\n\n\n\n<li>Praktykuj przebaczenie, mi\u0142osierdzie i nieustann\u0105 modlitw\u0119.<\/li>\n<\/ul>\n\n\n\n<h2 class=\"wp-block-heading\"><strong>Zako\u0144czenie: Zwyci\u0119stwo Chrystusa w Twojej Rodzinie<\/strong><\/h2>\n\n\n\n<p>Uwolnienie pokoleniowe nie jest magicznym rytua\u0142em, ale&nbsp;<strong>procesem nawr\u00f3cenia i wiary<\/strong>. Chrystus ju\u017c wygra\u0142 bitw\u0119, a my jako Ko\u015bci\u00f3\u0142 stosujemy to zwyci\u0119stwo w naszym \u017cyciu.<\/p>\n\n\n\n<p>Je\u015bli podejrzewasz wi\u0119zy w swojej rodzinie,&nbsp;<strong>nie l\u0119kaj si\u0119<\/strong>. B\u00f3g jest silniejszy ni\u017c jakiekolwiek przekle\u0144stwo. Jak m\u00f3wi \u015bw. Pawe\u0142:<\/p>\n\n\n\n<blockquote class=\"wp-block-quote is-layout-flow wp-block-quote-is-layout-flow\">\n<p><em>&#8222;Gdzie jednak wzm\u00f3g\u0142 si\u0119 grzech, tam jeszcze obficiej rozla\u0142a si\u0119 \u0142aska.&#8221;<\/em>&nbsp;(Rz 5,20)<\/p>\n<\/blockquote>\n\n\n\n<p><strong>Dzi\u015b jest dzie\u0144, by zerwa\u0107 kajdany i kroczy\u0107 w wolno\u015bci.<\/strong>&nbsp;Zaufaj Jezusowi, \u017cyj sakramentami i pozw\u00f3l Duchowi \u015awi\u0119temu odnowi\u0107 Tw\u00f3j r\u00f3d!<\/p>\n\n\n\n<p>Czy do\u015bwiadczy\u0142e\u015b ju\u017c tego uwolnienia? Podziel si\u0119 \u015bwiadectwem i rozsiewaj t\u0119 nadziej\u0119.&nbsp;<strong>\u0141aska Bo\u017ca jest pot\u0119\u017cniejsza ni\u017c jakiekolwiek dziedzictwo grzechu.<\/strong><\/p>\n\n\n\n[<strong>Jezus wyzwala Ci\u0119 teraz i na wieki!<\/strong>]\n","protected":false},"excerpt":{"rendered":"<p>Wprowadzenie: Czym Jest Uwolnienie Pokoleniowe? W \u015bwiecie, gdzie wielu ludzi d\u017awiga niewyja\u015bnione rany, negatywne wzorce i uporczywe trudno\u015bci, Ko\u015bci\u00f3\u0142 Katolicki oferuje \u015bwiat\u0142o nadziei:&nbsp;uwolnienie pokoleniowe. Ta koncepcja, g\u0142\u0119boko zakorzeniona w Pi\u015bmie \u015awi\u0119tym i Tradycji, uczy nas, \u017ce pewne duchowe wi\u0119zy mog\u0105 by\u0107 przekazywane przez pokolenia \u2013 ale dzi\u0119ki \u0142asce Bo\u017cej mo\u017cemy zerwa\u0107 te kajdany i \u017cy\u0107 &hellip;<\/p>\n","protected":false},"author":3,"featured_media":4227,"comment_status":"open","ping_status":"open","sticky":false,"template":"","format":"standard","meta":{"_seopress_robots_primary_cat":"","_seopress_titles_title":"","_seopress_titles_desc":"","_seopress_robots_index":"","footnotes":""},"categories":[39,55],"tags":[1366],"class_list":["post-4226","post","type-post","status-publish","format-standard","has-post-thumbnail","","category-moralnosc-i-zycie-chrzescijanskie","category-rodzina-i-malzenstwo","tag-uwolnienie-pokoleniowe"],"_links":{"self":[{"href":"https:\/\/catholicus.eu\/pl\/wp-json\/wp\/v2\/posts\/4226","targetHints":{"allow":["GET"]}}],"collection":[{"href":"https:\/\/catholicus.eu\/pl\/wp-json\/wp\/v2\/posts"}],"about":[{"href":"https:\/\/catholicus.eu\/pl\/wp-json\/wp\/v2\/types\/post"}],"author":[{"embeddable":true,"href":"https:\/\/catholicus.eu\/pl\/wp-json\/wp\/v2\/users\/3"}],"replies":[{"embeddable":true,"href":"https:\/\/catholicus.eu\/pl\/wp-json\/wp\/v2\/comments?post=4226"}],"version-history":[{"count":1,"href":"https:\/\/catholicus.eu\/pl\/wp-json\/wp\/v2\/posts\/4226\/revisions"}],"predecessor-version":[{"id":4228,"href":"https:\/\/catholicus.eu\/pl\/wp-json\/wp\/v2\/posts\/4226\/revisions\/4228"}],"wp:featuredmedia":[{"embeddable":true,"href":"https:\/\/catholicus.eu\/pl\/wp-json\/wp\/v2\/media\/4227"}],"wp:attachment":[{"href":"https:\/\/catholicus.eu\/pl\/wp-json\/wp\/v2\/media?parent=4226"}],"wp:term":[{"taxonomy":"category","embeddable":true,"href":"https:\/\/catholicus.eu\/pl\/wp-json\/wp\/v2\/categories?post=4226"},{"taxonomy":"post_tag","embeddable":true,"href":"https:\/\/catholicus.eu\/pl\/wp-json\/wp\/v2\/tags?post=4226"}],"curies":[{"name":"wp","href":"https:\/\/api.w.org\/{rel}","templated":true}]}}