{"id":4214,"date":"2025-06-09T22:10:55","date_gmt":"2025-06-09T20:10:55","guid":{"rendered":"https:\/\/catholicus.eu\/pl\/?p=4214"},"modified":"2025-06-09T22:10:55","modified_gmt":"2025-06-09T20:10:55","slug":"jeden-swiety-katolicki-i-apostolski-cztery-cechy-kosciola-ktore-moga-uratowac-twoje-zycie-tak-wlasnie-twoje","status":"publish","type":"post","link":"https:\/\/catholicus.eu\/pl\/jeden-swiety-katolicki-i-apostolski-cztery-cechy-kosciola-ktore-moga-uratowac-twoje-zycie-tak-wlasnie-twoje\/","title":{"rendered":"Jeden, \u015awi\u0119ty, Katolicki i Apostolski: Cztery Cechy Ko\u015bcio\u0142a, kt\u00f3re mog\u0105 uratowa\u0107 Twoje \u017cycie (Tak, w\u0142a\u015bnie Twoje!)"},"content":{"rendered":"\n<h3 class=\"wp-block-heading\">Wprowadzenie: Latarnia w ciemno\u015bciach XXI wieku<\/h3>\n\n\n\n<p>W \u015bwiecie pe\u0142nym zam\u0119tu, relatywizmu i nieufno\u015bci wobec prawdy wci\u0105\u017c istnieje duchowy kompas, kt\u00f3ry jasno wskazuje na Chrystusa: <strong>cztery cechy Ko\u015bcio\u0142a<\/strong>. Nie s\u0105 one teologiczn\u0105 relikwi\u0105 przesz\u0142o\u015bci, ale <strong>\u015bwietist\u0105 \u015bcie\u017ck\u0105<\/strong>, by dzi\u015b \u017cy\u0107 pe\u0142ni\u0105 wiary, sp\u00f3jnie i g\u0142\u0119boko wyzwalaj\u0105co.<\/p>\n\n\n\n<p><strong>Co oznacza stwierdzenie, \u017ce Ko\u015bci\u00f3\u0142 jest jeden, \u015bwi\u0119ty, katolicki i apostolski?<\/strong><br>Czy to tylko s\u0142owa z Credo, czy <strong>pilne wezwanie<\/strong> skierowane do Twojego \u017cycia?<br>Ten artyku\u0142 nie tylko wyja\u015bni te cechy jasno i dog\u0142\u0119bnie, ale r\u00f3wnie\u017c poka\u017ce Ci <strong>konkretnie<\/strong>, jak je \u017cy\u0107 <strong>na co dzie\u0144, w rodzinie, parafii i we w\u0142asnym sercu.<\/strong><\/p>\n\n\n\n<hr class=\"wp-block-separator has-alpha-channel-opacity\"\/>\n\n\n\n<h3 class=\"wp-block-heading\">I. Sk\u0105d pochodzi ta doktryna?<\/h3>\n\n\n\n<p>Cztery cechy Ko\u015bcio\u0142a s\u0105 uroczystym wyznaniem w <strong>Credo nicejsko-konstantynopolita\u0144skim<\/strong>, ustalonym na Soborach Nicejskim (325) i Konstantynopolia\u0144skim (381), kt\u00f3re odmawiamy ka\u017cdej niedzieli podczas Mszy:<\/p>\n\n\n\n<blockquote class=\"wp-block-quote is-layout-flow wp-block-quote-is-layout-flow\">\n<p>\u201eWierz\u0119 w jeden, \u015bwi\u0119ty, katolicki i apostolski Ko\u015bci\u00f3\u0142.\u201d<\/p>\n<\/blockquote>\n\n\n\n<p>Te cechy nie s\u0105 opcjonalnymi lub symboliczno-metaforycznymi atrybutami. To <strong>istotne w\u0142a\u015bciwo\u015bci<\/strong>, kt\u00f3re okre\u015blaj\u0105 prawdziwy Ko\u015bci\u00f3\u0142 za\u0142o\u017cony przez Jezusa Chrystusa, jak naucza Katechizm Ko\u015bcio\u0142a Katolickiego (\u00a7811\u2013870).<br>\u015aw. Cyryl z Jerozolimy w swoich katechezach m\u00f3wi\u0142:<\/p>\n\n\n\n<blockquote class=\"wp-block-quote is-layout-flow wp-block-quote-is-layout-flow\">\n<p>\u201eKo\u015bci\u00f3\u0142 nazywa si\u0119 katolickim, poniewa\u017c rozci\u0105ga si\u0119 na ca\u0142\u0105 ziemi\u0119 i uczy powszechnie i bezb\u0142\u0119dnie wszystkich prawd koniecznych dla zbawienia.\u201d<\/p>\n<\/blockquote>\n\n\n\n<hr class=\"wp-block-separator has-alpha-channel-opacity\"\/>\n\n\n\n<h3 class=\"wp-block-heading\">II. <strong>JEDEN: Bo jest tylko jeden Pan, jedna wiara, jeden chrzest<\/strong><\/h3>\n\n\n\n<h4 class=\"wp-block-heading\"><strong>Teologiczne fundamenty<\/strong><\/h4>\n\n\n\n<p>Jedno\u015b\u0107 Ko\u015bcio\u0142a ma swoje \u017ar\u00f3d\u0142o w jedno\u015bci Boga:<\/p>\n\n\n\n<blockquote class=\"wp-block-quote is-layout-flow wp-block-quote-is-layout-flow\">\n<p>\u201eJeden Cia\u0142o i jeden Duch, bo te\u017c zostali\u015bcie powo\u0142ani w jednej nadziei waszego powo\u0142ania [\u2026] jeden Pan, jedna wiara, jeden chrzest, jeden B\u00f3g i Ojciec wszystkich\u201d (Ef 4, 4\u20136).<\/p>\n<\/blockquote>\n\n\n\n<p>Ta jedno\u015b\u0107 przejawia si\u0119 na trzech poziomach:<\/p>\n\n\n\n<ol class=\"wp-block-list\">\n<li><strong>Jedno\u015b\u0107 wiary<\/strong>: Wszyscy cz\u0142onkowie Ko\u015bcio\u0142a wyznaj\u0105 to samo Credo oraz doktryn\u0119.<\/li>\n\n\n\n<li><strong>Jedno\u015b\u0107 sakrament\u00f3w<\/strong>: Zw\u0142aszcza w Eucharystii, b\u0119d\u0105cej centrum wsp\u00f3lnoty.<\/li>\n\n\n\n<li><strong>Jedno\u015b\u0107 w\u0142adzy<\/strong>: Papie\u017c, nast\u0119pca Piotra, i biskupi w jedno\u015bci z nim.<\/li>\n<\/ol>\n\n\n\n<h4 class=\"wp-block-heading\"><strong>Praktyczne zastosowanie<\/strong><\/h4>\n\n\n\n<p>Zadanie wiary dzisiaj oznacza:<\/p>\n\n\n\n<ul class=\"wp-block-list\">\n<li>Odrzucenie relatywizmu doktrynalnego. Nie istnieje \u201emoja prawda\u201d i \u201etwoja prawda\u201d, istnieje tylko <strong>Prawda<\/strong>, kt\u00f3r\u0105 jest Chrystus.<\/li>\n\n\n\n<li><strong>Budowanie jedno\u015bci w parafii<\/strong>, nie poprzez uniformizacj\u0119, lecz przez mi\u0142o\u015b\u0107.<\/li>\n\n\n\n<li>Unikanie podzia\u0142\u00f3w wewn\u0119trznych: krytyka, plotki czy konflikty niszcz\u0105 Cia\u0142o Chrystusa.<\/li>\n<\/ul>\n\n\n\n<hr class=\"wp-block-separator has-alpha-channel-opacity\"\/>\n\n\n\n<h3 class=\"wp-block-heading\">III. <strong>\u015aWI\u0118TY: Bo Jego Oblubieniec jest \u015awi\u0119ty i wzywa nas do \u015bwi\u0119to\u015bci<\/strong><\/h3>\n\n\n\n<h4 class=\"wp-block-heading\"><strong>Teologiczne fundamenty<\/strong><\/h4>\n\n\n\n<p>Ko\u015bci\u00f3\u0142 jest \u015bwi\u0119ty <strong>nie dlatego, \u017ce jego cz\u0142onkowie s\u0105 bez skazy<\/strong>, ale poniewa\u017c jego Za\u0142o\u017cyciel jest \u015bwi\u0119ty, jego doktryna jest \u015bwi\u0119ta, a on sam oferuje \u015brodki do \u015bwi\u0119to\u015bci:<\/p>\n\n\n\n<blockquote class=\"wp-block-quote is-layout-flow wp-block-quote-is-layout-flow\">\n<p>\u201eChrystus umi\u0142owa\u0142 Ko\u015bci\u00f3\u0142 i wyda\u0142 za niego samego siebie, aby go u\u015bwi\u0119ci\u0107\u201d (Ef 5, 25\u201326).<\/p>\n<\/blockquote>\n\n\n\n<p>Ta \u015bwi\u0119to\u015b\u0107 realizuje si\u0119 <strong>poprzez sakramenty, S\u0142owo Bo\u017ce i \u015bwiadectwo \u015bwi\u0119tych<\/strong>, kt\u00f3rzy s\u0105 \u017cyw\u0105 \u201ebiografi\u0105\u201d Ko\u015bcio\u0142a.<\/p>\n\n\n\n<h4 class=\"wp-block-heading\"><strong>Ale jak Ko\u015bci\u00f3\u0142 mo\u017ce by\u0107 \u015bwi\u0119ty mimo tylu skandali?<\/strong><\/h4>\n\n\n\n<p>To cz\u0119ste i bolesne pytanie. Odpowied\u017a jest jasna:<br><strong>\u015awi\u0119to\u015b\u0107 Ko\u015bcio\u0142a to dar Bo\u017cy, nie moralna statystyka.<\/strong><br>Grzechy jego cz\u0142onk\u00f3w s\u0105 zdrad\u0105 jego natury, nie jej definicj\u0105. Jak powiedzia\u0142 papie\u017c Benedykt XVI:<\/p>\n\n\n\n<blockquote class=\"wp-block-quote is-layout-flow wp-block-quote-is-layout-flow\">\n<p>\u201eKo\u015bci\u00f3\u0142 nie jest spo\u0142eczno\u015bci\u0105 doskona\u0142ych, lecz miejscem uzdrowienia.\u201d<\/p>\n<\/blockquote>\n\n\n\n<h4 class=\"wp-block-heading\"><strong>Praktyczne zastosowanie<\/strong><\/h4>\n\n\n\n<p>Ty te\u017c mo\u017cesz by\u0107 \u015bwi\u0119ty. Dzi\u015b. Dok\u0142adnie tam, gdzie jeste\u015b.<\/p>\n\n\n\n<ul class=\"wp-block-list\">\n<li>Regularnie przyst\u0119puj do sakramentu pojednania.<\/li>\n\n\n\n<li>Niech Eucharystia przemienia Twoje serce.<\/li>\n\n\n\n<li>Wzrastaj na wz\u00f3r \u015bwi\u0119tych, a nie zzi\u0119bni\u0119tych wiernych.<\/li>\n<\/ul>\n\n\n\n<hr class=\"wp-block-separator has-alpha-channel-opacity\"\/>\n\n\n\n<h3 class=\"wp-block-heading\">IV. <strong>KATOLICKI: Bo jest powszechny w przestrzeni, czasie i nauce<\/strong><\/h3>\n\n\n\n<h4 class=\"wp-block-heading\"><strong>Teologiczne fundamenty<\/strong><\/h4>\n\n\n\n<p>\u201eKatolicki\u201d znaczy <strong>powszechny<\/strong>. Ko\u015bci\u00f3\u0142 jest otwarty na wszystkich, g\u0142osi pe\u0142ni\u0119 prawdy i ofiaruje wszystkie \u015brodki dla zbawienia.<\/p>\n\n\n\n<blockquote class=\"wp-block-quote is-layout-flow wp-block-quote-is-layout-flow\">\n<p>\u201eId\u017acie na ca\u0142y \u015bwiat i g\u0142o\u015bcie Ewangeli\u0119 wszelkiemu stworzeniu\u201d (Mk 16, 15).<\/p>\n<\/blockquote>\n\n\n\n<p>To oznacza, \u017ce:<\/p>\n\n\n\n<ul class=\"wp-block-list\">\n<li>Ko\u015bci\u00f3\u0142 obecny jest w\u015br\u00f3d wszystkich narod\u00f3w.<\/li>\n\n\n\n<li>G\u0142osi pe\u0142ni\u0119 wiary, nie jedynie jej cz\u0119\u015b\u0107.<\/li>\n\n\n\n<li>Jest przeznaczony dla wszystkich ludzi \u2014 bez wyj\u0105tk\u00f3w.<\/li>\n<\/ul>\n\n\n\n<h4 class=\"wp-block-heading\"><strong>Katolicko\u015b\u0107 i misja<\/strong><\/h4>\n\n\n\n<p>Ko\u015bci\u00f3\u0142 to nie lokalna sekta ani nowoczesna organizacja. To <strong>uniwersalna rodzina<\/strong>, kt\u00f3ra obejmuje bogatych i biednych, m\u0105drych i prostych, \u015bwi\u0119tych oraz grzesznik\u00f3w w drodze.<br>I pozostaje <strong>na zawsze misyjny<\/strong>, nawet w trudnych czasach.<\/p>\n\n\n\n<h4 class=\"wp-block-heading\"><strong>Praktyczne zastosowanie<\/strong><\/h4>\n\n\n\n<p>Czy jeste\u015b \u201ekatolikiem z nazwy\u201d, czy katolikiem z <strong>uniwersalnym sercem<\/strong>?<\/p>\n\n\n\n<ul class=\"wp-block-list\">\n<li>Poznaj ca\u0142o\u015b\u0107 doktryny, nie tylko to, co jest dla Ciebie wygodne.<\/li>\n\n\n\n<li>W\u0142\u0105cz si\u0119 w \u017cycie Ko\u015bcio\u0142a r\u00f3wnie\u017c poza swoj\u0105 parafi\u0105.<\/li>\n\n\n\n<li>M\u00f3dl si\u0119 za prze\u015bladowanych chrze\u015bcijan, misjonarzy i za jedno\u015b\u0107 wszystkich narod\u00f3w.<\/li>\n<\/ul>\n\n\n\n<hr class=\"wp-block-separator has-alpha-channel-opacity\"\/>\n\n\n\n<h3 class=\"wp-block-heading\">V. <strong>APOSTOLSKI: Bo jest zakorzeniony w aposto\u0142ach i ich nauczaniu<\/strong><\/h3>\n\n\n\n<h4 class=\"wp-block-heading\"><strong>Teologiczne fundamenty<\/strong><\/h4>\n\n\n\n<p>Ko\u015bci\u00f3\u0142 jest apostolski, poniewa\u017c:<\/p>\n\n\n\n<ol class=\"wp-block-list\">\n<li>Zosta\u0142 zbudowany na fundamencie aposto\u0142\u00f3w (Ef 2, 20).<\/li>\n\n\n\n<li>Zachowuje wiernie ich nauk\u0119.<\/li>\n\n\n\n<li>Jest prowadzony przez ich nast\u0119pc\u00f3w: papie\u017ca i biskup\u00f3w.<\/li>\n<\/ol>\n\n\n\n<p>Ta sukcesja apostolska <strong>gwarantuje wierno\u015b\u0107<\/strong> Ewangelii. Nie idziemy za chrze\u015bcija\u0144stwem z XXI wieku, ale za wiar\u0105, kt\u00f3r\u0105 da\u0142 Chrystus Dwunastu.<\/p>\n\n\n\n<h4 class=\"wp-block-heading\"><strong>Praktyczne zastosowanie<\/strong><\/h4>\n\n\n\n<ul class=\"wp-block-list\">\n<li>Zaufaj Magisterium Ko\u015bcio\u0142a. Nie wszystko, co znajdziesz w internecie, jest zgodne z nauczaniem.<\/li>\n\n\n\n<li>M\u00f3dl si\u0119 za biskup\u00f3w, nawet je\u015bli nie zgadzasz si\u0119 z ich decyzjami.<\/li>\n\n\n\n<li>Studiuj swoj\u0105 wiar\u0119 powa\u017cnie. Nie kochasz tego, czego nie znasz.<\/li>\n<\/ul>\n\n\n\n<hr class=\"wp-block-separator has-alpha-channel-opacity\"\/>\n\n\n\n<h3 class=\"wp-block-heading\">VI. Dlaczego to jest wa\u017cne DZI\u015a?<\/h3>\n\n\n\n<p>Bo <strong>bez tych cech<\/strong> Ko\u015bci\u00f3\u0142 by\u0142by kolejn\u0105 organizacj\u0105 pozarz\u0105dow\u0105, przestarza\u0142\u0105 instytucj\u0105 lub jedn\u0105 z wielu grup duchowych.<br>Ale <strong>z tymi cechami<\/strong> jest Ark\u0105 Zbawienia, Mistycznym Cia\u0142em Chrystusa, Niewinn\u0105 Oblubienic\u0105 w drodze ku Kr\u00f3lestwu Bo\u017cemu.<\/p>\n\n\n\n<h3 class=\"wp-block-heading\">W czasach zamieszania\u2026<\/h3>\n\n\n\n<ul class=\"wp-block-list\">\n<li>Jedno\u015b\u0107 to antidotum na chaos.<\/li>\n\n\n\n<li>\u015awi\u0119to\u015b\u0107 to odpowied\u017a na grzech.<\/li>\n\n\n\n<li>Katolicko\u015b\u0107 to lekarstwo na tribalizm i ideologie.<\/li>\n\n\n\n<li>Apostolsko\u015b\u0107 to tarcza przeciw fa\u0142szywym naukom.<\/li>\n<\/ul>\n\n\n\n<hr class=\"wp-block-separator has-alpha-channel-opacity\"\/>\n\n\n\n<h3 class=\"wp-block-heading\">Zako\u0144czenie: A Ty? Czy odnajdujesz si\u0119 w tych cechach?<\/h3>\n\n\n\n<p>Nie wystarczy, \u017ce Ko\u015bci\u00f3\u0142 je posiada. <strong>I Ty musisz je realizowa\u0107<\/strong>:<\/p>\n\n\n\n<ul class=\"wp-block-list\">\n<li><strong>B\u0105d\u017a jednym ze swoimi bra\u0107mi, a nie dziel\u0105cym.<\/strong><\/li>\n\n\n\n<li><strong>Walcz o swoj\u0105 \u015bwi\u0119to\u015b\u0107 przez sakramenty.<\/strong><\/li>\n\n\n\n<li><strong>\u017byj ca\u0142\u0105 wiar\u0105, nie tylko jej wygodn\u0105 cz\u0119\u015bci\u0105.<\/strong><\/li>\n\n\n\n<li><strong>Pod\u0105\u017caj za aposto\u0142ami, nie za influencerami.<\/strong><\/li>\n<\/ul>\n\n\n\n<p>M\u00f3dl si\u0119 pokornie:<\/p>\n\n\n\n<blockquote class=\"wp-block-quote is-layout-flow wp-block-quote-is-layout-flow\">\n<p>\u201ePanie, dzi\u0119kuj\u0119 Ci za Tw\u00f3j jeden, \u015bwi\u0119ty, katolicki i apostolski Ko\u015bci\u00f3\u0142. Uczy\u0144 mnie godnym synem tej Matki. Niech b\u0119d\u0119 \u017cywym kamieniem Twojej \u015awi\u0105tyni, a przez moje \u017cycie niech inni zobacz\u0105 Twoj\u0105 twarz.\u201d<\/p>\n<\/blockquote>\n\n\n\n<hr class=\"wp-block-separator has-alpha-channel-opacity\"\/>\n\n\n\n<h3 class=\"wp-block-heading\">Jak zg\u0142\u0119bi\u0107 i si\u0119 modli\u0107:<\/h3>\n\n\n\n<ul class=\"wp-block-list\">\n<li><strong>Katechizm Ko\u015bcio\u0142a Katolickiego \u00a7\u00a7811\u2013870<\/strong><\/li>\n\n\n\n<li><strong>Ef 4, 1\u201316<\/strong><\/li>\n\n\n\n<li><strong>Dzieje Apostolskie<\/strong> (ca\u0142a ksi\u0119ga \u2013 \u017cywy przyk\u0142ad Ko\u015bcio\u0142a: jeden, \u015bwi\u0119ty, katolicki i apostolski)<\/li>\n<\/ul>\n\n\n\n<hr class=\"wp-block-separator has-alpha-channel-opacity\"\/>\n\n\n\n<p>Ten tekst poruszy\u0142 Twoje serce?<br>Udost\u0119pnij go. \u017byj nim. I pami\u0119taj: <strong>Ko\u015bci\u00f3\u0142 nie jest doskona\u0142y, bo Ty jeszcze nie jeste\u015b. Ale jest \u015bwi\u0119ty, bo Chrystus w nim \u017cyje.<\/strong><br>I w Chrystusie <strong>Ty r\u00f3wnie\u017c mo\u017cesz by\u0107 \u015bwiat\u0142em dla tego zranionego \u015bwiata<\/strong>.<\/p>\n","protected":false},"excerpt":{"rendered":"<p>Wprowadzenie: Latarnia w ciemno\u015bciach XXI wieku W \u015bwiecie pe\u0142nym zam\u0119tu, relatywizmu i nieufno\u015bci wobec prawdy wci\u0105\u017c istnieje duchowy kompas, kt\u00f3ry jasno wskazuje na Chrystusa: cztery cechy Ko\u015bcio\u0142a. Nie s\u0105 one teologiczn\u0105 relikwi\u0105 przesz\u0142o\u015bci, ale \u015bwietist\u0105 \u015bcie\u017ck\u0105, by dzi\u015b \u017cy\u0107 pe\u0142ni\u0105 wiary, sp\u00f3jnie i g\u0142\u0119boko wyzwalaj\u0105co. Co oznacza stwierdzenie, \u017ce Ko\u015bci\u00f3\u0142 jest jeden, \u015bwi\u0119ty, katolicki i &hellip;<\/p>\n","protected":false},"author":3,"featured_media":4215,"comment_status":"open","ping_status":"open","sticky":false,"template":"","format":"standard","meta":{"_seopress_robots_primary_cat":"","_seopress_titles_title":"","_seopress_titles_desc":"","_seopress_robots_index":"","footnotes":""},"categories":[37,43],"tags":[1362],"class_list":["post-4214","post","type-post","status-publish","format-standard","has-post-thumbnail","","category-doktryna-i-wiara","category-katechizm-kosciola-katolickiego","tag-cztery-cechy-kosciola"],"_links":{"self":[{"href":"https:\/\/catholicus.eu\/pl\/wp-json\/wp\/v2\/posts\/4214","targetHints":{"allow":["GET"]}}],"collection":[{"href":"https:\/\/catholicus.eu\/pl\/wp-json\/wp\/v2\/posts"}],"about":[{"href":"https:\/\/catholicus.eu\/pl\/wp-json\/wp\/v2\/types\/post"}],"author":[{"embeddable":true,"href":"https:\/\/catholicus.eu\/pl\/wp-json\/wp\/v2\/users\/3"}],"replies":[{"embeddable":true,"href":"https:\/\/catholicus.eu\/pl\/wp-json\/wp\/v2\/comments?post=4214"}],"version-history":[{"count":1,"href":"https:\/\/catholicus.eu\/pl\/wp-json\/wp\/v2\/posts\/4214\/revisions"}],"predecessor-version":[{"id":4216,"href":"https:\/\/catholicus.eu\/pl\/wp-json\/wp\/v2\/posts\/4214\/revisions\/4216"}],"wp:featuredmedia":[{"embeddable":true,"href":"https:\/\/catholicus.eu\/pl\/wp-json\/wp\/v2\/media\/4215"}],"wp:attachment":[{"href":"https:\/\/catholicus.eu\/pl\/wp-json\/wp\/v2\/media?parent=4214"}],"wp:term":[{"taxonomy":"category","embeddable":true,"href":"https:\/\/catholicus.eu\/pl\/wp-json\/wp\/v2\/categories?post=4214"},{"taxonomy":"post_tag","embeddable":true,"href":"https:\/\/catholicus.eu\/pl\/wp-json\/wp\/v2\/tags?post=4214"}],"curies":[{"name":"wp","href":"https:\/\/api.w.org\/{rel}","templated":true}]}}