{"id":4203,"date":"2025-06-09T00:05:07","date_gmt":"2025-06-08T22:05:07","guid":{"rendered":"https:\/\/catholicus.eu\/pl\/?p=4203"},"modified":"2025-06-09T00:05:07","modified_gmt":"2025-06-08T22:05:07","slug":"swiety-krzyk-wszechswiata-rozbrzmiewajacy-w-twojej-mszy-zjednoczeni-z-niebianskim-chorem","status":"publish","type":"post","link":"https:\/\/catholicus.eu\/pl\/swiety-krzyk-wszechswiata-rozbrzmiewajacy-w-twojej-mszy-zjednoczeni-z-niebianskim-chorem\/","title":{"rendered":"\u015awi\u0119ty! Krzyk wszech\u015bwiata rozbrzmiewaj\u0105cy w twojej Mszy: Zjednoczeni z niebia\u0144skim ch\u00f3rem"},"content":{"rendered":"\n<p><strong>Odkryj moc, histori\u0119 i niebo pulsuj\u0105ce w tej kluczowej pie\u015bni liturgicznej<\/strong><\/p>\n\n\n\n<p>Czy kiedykolwiek, w trakcie Mszy \u015awi\u0119tej, zaraz po tym, jak kap\u0142an wypowie s\u0142owa&nbsp;<em>\u201ePrzez Chrystusa, z Nim i w Nim&#8230;\u201d<\/em>, poczu\u0142e\u015b dreszcz, gdy ca\u0142e zgromadzenie wybucha pot\u0119\u017cn\u0105 pie\u015bni\u0105:&nbsp;<strong>\u201e\u015awi\u0119ty, \u015awi\u0119ty, \u015awi\u0119ty&#8230;\u201d<\/strong>? To nie jest zwyk\u0142y muzyczny przerywnik. To most rzucony mi\u0119dzy ziemi\u0105 a niebem, echo wieczno\u015bci rozbrzmiewaj\u0105ce w naszej tera\u017aniejszo\u015bci. Dzi\u015b, drogi bracie, droga siostro, zg\u0142\u0119bimy t\u0119 wznios\u0142\u0105 chwil\u0119:&nbsp;<strong>Pie\u015b\u0144 \u201e\u015awi\u0119ty\u201d (Sanctus)<\/strong>.<\/p>\n\n\n\n<p><strong>Nie \u015bpiewamy sami: Kosmiczna scena<\/strong><br>Wyobra\u017a sobie scen\u0119 opisan\u0105 przez proroka Izajasza, jedn\u0105 z najbardziej poruszaj\u0105cych wizji w Biblii:<\/p>\n\n\n\n<blockquote class=\"wp-block-quote is-layout-flow wp-block-quote-is-layout-flow\">\n<p><em>\u201eW roku \u015bmierci kr\u00f3la Ozjasza ujrza\u0142em Pana siedz\u0105cego na wysokim i wynios\u0142ym tronie, a tren Jego szaty wype\u0142nia\u0142 \u015bwi\u0105tyni\u0119. Serafiny sta\u0142y ponad Nim; ka\u017cdy z nich mia\u0142 po sze\u015b\u0107 skrzyde\u0142: dwoma okrywa\u0142 sw\u0105 twarz, dwoma okrywa\u0142 swe nogi, a dwoma lata\u0142. I wo\u0142a\u0142 jeden do drugiego:&nbsp;<strong>\u00ab\u015awi\u0119ty, \u015awi\u0119ty, \u015awi\u0119ty jest Pan Zast\u0119p\u00f3w! Ca\u0142a ziemia pe\u0142na jest Jego chwa\u0142y!\u00bb\u201d<\/strong><\/em>&nbsp;(Izajasz 6,1-3).<\/p>\n<\/blockquote>\n\n\n\n<p>To jest \u017ar\u00f3d\u0142o.&nbsp;<strong>Serafiny<\/strong>&nbsp;(anio\u0142y ognia oczyszczaj\u0105cego) nieustannie g\u0142osz\u0105 absolutn\u0105 \u015bwi\u0119to\u015b\u0107 Boga. \u015awi\u0119ty Jan w Apokalipsie ukazuje, \u017ce ta chwa\u0142a trwa wiecznie w niebie:<\/p>\n\n\n\n<blockquote class=\"wp-block-quote is-layout-flow wp-block-quote-is-layout-flow\">\n<p><em>\u201eCztery Zwierz\u0119ta [&#8230;]&nbsp;<strong>dniem i noc\u0105 bez wytchnienia wo\u0142aj\u0105: \u00ab\u015awi\u0119ty, \u015awi\u0119ty, \u015awi\u0119ty, Pan B\u00f3g wszechmog\u0105cy, Kt\u00f3ry by\u0142 i Kt\u00f3ry jest, i Kt\u00f3ry przychodzi\u00bb\u201d<\/strong><\/em>&nbsp;(Apokalipsa 4,8).<\/p>\n<\/blockquote>\n\n\n\n<p><strong>Co czynimy, gdy \u015bpiewamy \u201e\u015awi\u0119ty\u201d?<\/strong><br>Przy\u0142\u0105czamy si\u0119 do nich! W tej precyzyjnej chwili Mszy, podczas&nbsp;<strong>Modlitwy Eucharystycznej<\/strong>, liturgia pozwala nam dokona\u0107 czego\u015b zdumiewaj\u0105cego:&nbsp;<strong>przekroczy\u0107 bariery czasu i przestrzeni, by zjednoczy\u0107 nasze g\u0142osy z nieustannym ch\u00f3rem anio\u0142\u00f3w i \u015bwi\u0119tych adoruj\u0105cych Boga przed Jego niebia\u0144skim tronem.<\/strong>&nbsp;Nie jeste\u015bmy widzami. Jeste\u015bmy&nbsp;<strong>aktywnymi uczestnikami<\/strong>&nbsp;liturgii nieba. Ziemia i niebo staj\u0105 si\u0119 jednym g\u0142osem uwielbienia. \u201e\u015awi\u0119ty\u201d to okrzyk odkupionego Stworzenia rozpoznaj\u0105cego swego Stw\u00f3rc\u0119 i Odkupiciela.<\/p>\n\n\n\n<p><strong>Rozk\u0142adaj\u0105c tekst: S\u0142owo po s\u0142owie, okrzyk po okrzyku<\/strong><br>Tekst, kt\u00f3ry \u015bpiewamy lub recytujemy, jest pot\u0119\u017cn\u0105 syntez\u0105 tych biblijnych wizji:<\/p>\n\n\n\n<blockquote class=\"wp-block-quote is-layout-flow wp-block-quote-is-layout-flow\">\n<p><strong>\u015awi\u0119ty, \u015awi\u0119ty, \u015awi\u0119ty, Pan B\u00f3g zast\u0119p\u00f3w.<br>Pe\u0142ne s\u0105 niebiosa i ziemia chwa\u0142y Twojej.<br>Hosanna na wysoko\u015bci.<br>B\u0142ogos\u0142awiony, kt\u00f3ry idzie w imi\u0119 Pa\u0144skie.<br>Hosanna na wysoko\u015bci.<\/strong><\/p>\n<\/blockquote>\n\n\n\n<ul class=\"wp-block-list\">\n<li><strong>\u201e\u015awi\u0119ty, \u015awi\u0119ty, \u015awi\u0119ty\u201d (Sanctus, Sanctus, Sanctus):<\/strong>\u00a0Potr\u00f3jne powt\u00f3rzenie jest fundamentalne w tradycji judeochrze\u015bcija\u0144skiej. To nie tylko podkre\u015blenie. To\u00a0<strong>g\u0142\u0119boka aluzja do Przenaj\u015bwi\u0119tszej Tr\u00f3jcy<\/strong>\u00a0(Ojca, Syna i Ducha \u015awi\u0119tego). G\u0142osi absolutn\u0105, jedyn\u0105, transcendentn\u0105 i niewys\u0142owion\u0105 \u015bwi\u0119to\u015b\u0107 Boga. To okrzyk zachwytu wobec B\u00f3stwa.<\/li>\n\n\n\n<li><strong>\u201ePan B\u00f3g zast\u0119p\u00f3w\u201d (Dominus Deus Sabaoth):<\/strong>\u00a0\u201eSabaoth\u201d oznacza \u201ezast\u0119py\u201d lub \u201ewojska\u201d. To nie B\u00f3g wojny, lecz\u00a0<strong>Pan wszystkich niebia\u0144skich zast\u0119p\u00f3w (anio\u0142\u00f3w) i wszystkiego, co istnieje<\/strong>. To B\u00f3g suwerenny, Stw\u00f3rca i Podtrzymywacz wszechrzeczy. Uznajemy Jego ca\u0142kowite panowanie.<\/li>\n\n\n\n<li><strong>\u201ePe\u0142ne s\u0105 niebiosa i ziemia chwa\u0142y Twojej\u201d (Pleni sunt caeli et terra gloria tua):<\/strong>\u00a0Chwa\u0142a Boga (Jego pot\u0119\u017cna obecno\u015b\u0107, blask, objawiona \u015bwi\u0119to\u015b\u0107)\u00a0<strong>nie jest ograniczona do nieba<\/strong>. Przenika ca\u0142e stworzenie. Ziemia, tu i teraz, tak\u017ce jest miejscem Jego objawienia. Ten werset otwiera nam oczy, by\u015bmy dostrzegli \u015bwi\u0119to\u015b\u0107 w codzienno\u015bci.<\/li>\n\n\n\n<li><strong>\u201eHosanna na wysoko\u015bci!\u201d (Hosanna in excelsis):<\/strong>\u00a0\u201eHosanna!\u201d to hebrajski okrzyk znacz\u0105cy\u00a0<strong>\u201eWybaw, prosimy!\u201d lub \u201eRatuj teraz!\u201d<\/strong>, kt\u00f3ry ewoluowa\u0142 w\u00a0<strong>okrzyk rado\u015bci i uwielbienia<\/strong>, jak ten u\u017cywany przez t\u0142um w Niedziel\u0119 Palmow\u0105 podczas powitania Jezusa (Mateusz 21,9). Wo\u0142aj\u0105c \u201eHosanna na wysoko\u015bci!\u201d, jednoczymy nasz\u0105 rado\u015b\u0107 z rado\u015bci\u0105 anio\u0142\u00f3w i tamtego t\u0142umu, uwielbiaj\u0105c Zbawiciela\u00a0<em>tu<\/em>\u00a0i\u00a0<em>teraz<\/em>.<\/li>\n\n\n\n<li><strong>\u201eB\u0142ogos\u0142awiony, kt\u00f3ry idzie w imi\u0119 Pa\u0144skie\u201d (Benedictus qui venit in nomine Domini):<\/strong>\u00a0To\u00a0<strong>kulminacja prorocza i chrystologiczna.<\/strong>\u00a0Wzi\u0119te wprost z Psalmu 118(117),26, u\u017cywanego do witania pielgrzym\u00f3w i kr\u00f3l\u00f3w, Ko\u015bci\u00f3\u0142 stosuje je z pe\u0142n\u0105 moc\u0105 do\u00a0<strong>Jezusa Chrystusa.<\/strong>\u00a0Kim jest \u201eTen, kt\u00f3ry przychodzi\u201d? To Jezus! I przychodzi w spos\u00f3b jedyny i rzeczywisty w ka\u017cdej Mszy:\u00a0<strong>w Eucharystii.<\/strong>\u00a0To radosna aklamacja Chrystusa staj\u0105cego si\u0119 obecnym na o\u0142tarzu pod postaciami chleba i wina. To g\u0142oszenie, \u017ce oczekiwany Mesjasz\u00a0<em>przyszed\u0142<\/em>\u00a0i\u00a0<em>nadal przychodzi<\/em>\u00a0do nas.<\/li>\n\n\n\n<li><strong>Powt\u00f3rzenie \u201eHosanna na wysoko\u015bci!\u201d:<\/strong>\u00a0Rado\u015b\u0107 wybucha na nowo, wzmacniaj\u0105c uwielbienie Chrystusa, kt\u00f3ry przychodzi. To okrzyk zwyci\u0119stwa i nadziei.<\/li>\n<\/ul>\n\n\n\n<p><strong>Praktyczno-pasterski przewodnik: Jak prze\u017cywa\u0107 \u201e\u015awi\u0119ty\u201d w pe\u0142ni<\/strong><br>Ta pie\u015b\u0144 nie jest po to, by jej \u201es\u0142ucha\u0107\u201d. Jest po to, by&nbsp;<strong>J\u0104 \u017bY\u0106.<\/strong>&nbsp;Oferuj\u0119 ci ten przewodnik, by przekszta\u0142ci\u0107 ka\u017cde \u201e\u015awi\u0119ty\u201d w g\u0142\u0119bokie do\u015bwiadczenie duchowe:<\/p>\n\n\n\n<ol start=\"1\" class=\"wp-block-list\">\n<li><strong>Przygotuj chwil\u0119 (Podczas Prefacji):<\/strong>\u00a0Prefacja to modlitwa dzi\u0119kczynna, kt\u00f3ra ko\u0144czy si\u0119 zaproszeniem do z\u0142\u0105czenia z niebia\u0144skimi ch\u00f3rami. S\u0142uchaj jej aktywnie! Niech jej s\u0142owa nastawi\u0105 ci\u0119 na zachwyt. Ostatnie zdanie Prefacji (\u201e&#8230; \u015bpiewamy z ch\u00f3rami Anio\u0142\u00f3w pie\u015b\u0144 uwielbienia i wo\u0142amy: \u015awi\u0119ty, \u015awi\u0119ty, \u015awi\u0119ty&#8230;\u201d) to tw\u00f3j sygna\u0142: teraz!<\/li>\n\n\n\n<li><strong>Powsta\u0144 z intencj\u0105:<\/strong>\u00a0Postawa stoj\u0105ca to nie tylko formalno\u015b\u0107. To symbol\u00a0<strong>zmartwychwstania, szacunku i gotowo\u015bci do dzia\u0142ania.<\/strong>\u00a0Powsta\u0144 \u015bwiadomie, jak kto\u015b przygotowuj\u0105cy si\u0119 na spotkanie transcendentne.<\/li>\n\n\n\n<li><strong>Wznie\u015b serce i g\u0142os (\u015apiewaj!):<\/strong>\u00a0Je\u015bli mo\u017cesz,\u00a0<strong>\u015aPIEWAJ.<\/strong>\u00a0\u015apiew wyra\u017ca rado\u015b\u0107 duszy w spos\u00f3b jedyny. Je\u015bli nie mo\u017cesz \u015bpiewa\u0107,\u00a0<strong>WYWO\u0141UJ<\/strong>\u00a0lub\u00a0<strong>REYTUJ<\/strong>\u00a0z moc\u0105 i wewn\u0119trznym przekonaniem. Nie mamrocz. G\u0142o\u015b. Niech to b\u0119dzie jednog\u0142o\u015bny okrzyk wiary wsp\u00f3lnoty. Tw\u00f3j indywidualny g\u0142os \u0142\u0105czy si\u0119 z g\u0142osem Ko\u015bcio\u0142a.<\/li>\n\n\n\n<li><strong>Wizualizuj niebia\u0144sk\u0105 jedno\u015b\u0107:<\/strong>\u00a0Zamknij na chwil\u0119 oczy na pocz\u0105tku (je\u015bli ci to pomo\u017ce). Przypomnij sobie Izajasza, przypomnij sobie Apokalips\u0119.\u00a0<strong>Wyobra\u017a sobie oczami wiary anio\u0142y i \u015bwi\u0119tych obok siebie, \u015bpiewaj\u0105cych z tob\u0105.<\/strong>\u00a0Poczuj, jak ta pie\u015b\u0144 przenika sufit ko\u015bcio\u0142a i si\u0119ga tronu Boga. Nie jeste\u015b sam; jeste\u015b cz\u0119\u015bci\u0105 niezliczonej rzeszy.<\/li>\n\n\n\n<li><strong>Medytuj ka\u017cde s\u0142owo, gdy je wypowiadasz\/\u015bpiewasz:<\/strong>\u00a0Nie powtarzaj mechanicznie. Gdy m\u00f3wisz \u201e\u015awi\u0119ty, \u015awi\u0119ty, \u015awi\u0119ty\u201d, my\u015bl o Tr\u00f3jcy \u015awi\u0119tej. M\u00f3wi\u0105c \u201eBo\u017ce zast\u0119p\u00f3w\u201d, uznaj Jego w\u0142adz\u0119 nad twoim \u017cyciem i \u015bwiatem. Gdy g\u0142osisz \u201ePe\u0142ne s\u0105 niebiosa i ziemia&#8230;\u201d, otw\u00f3rz oczy swej duszy, by ujrze\u0107 Jego chwa\u0142\u0119 wok\u00f3\u0142 siebie. Gdy wo\u0142asz \u201eHosanna!\u201d, b\u0142agaj i raduj si\u0119 zbawieniem, kt\u00f3re przychodzi w Chrystusie. Gdy uwielbiasz \u201eB\u0142ogos\u0142awiony, kt\u00f3ry idzie&#8230;\u201d,\u00a0<strong>sp\u00f3jrz z wiar\u0105 na o\u0142tarz: To On! Jezus przychodzi do ciebie!<\/strong><\/li>\n\n\n\n<li><strong>Skup si\u0119 na Chrystusie, kt\u00f3ry przychodzi:<\/strong>\u00a0\u201eB\u0142ogos\u0142awiony, kt\u00f3ry idzie\u201d to centrum. Ca\u0142a trynitarna i anielska chwa\u0142a skupia si\u0119 na\u00a0<strong>Chrystusie Eucharystycznym.<\/strong>\u00a0Skieruj swe serce ku Niemu z intensywno\u015bci\u0105 w tej chwili. To bezpo\u015brednie przygotowanie do naj\u015bwi\u0119tszego momentu: Przeistoczenia.<\/li>\n\n\n\n<li><strong>Pozw\u00f3l, by wybrzmia\u0142o w tobie:<\/strong>\u00a0Po ko\u0144cowym \u201eAmen\u201d, zachowaj kr\u00f3tk\u0105 chwil\u0119 wewn\u0119trznej ciszy. Pozw\u00f3l, by wibracja uwielbienia i obecno\u015b\u0107 Chrystusa, przez ciebie i niebo wychwalanego, przenikn\u0119\u0142a twoj\u0105 istot\u0119. Nie przechod\u017a my\u015blami dalej od razu.<\/li>\n<\/ol>\n\n\n\n<p><strong>\u201e\u015awi\u0119ty\u201d w twoim codziennym \u017cyciu: Poza Msz\u0105<\/strong><br>Do\u015bwiadczenie \u201e\u015awi\u0119tego\u201d nie mo\u017ce pozosta\u0107 zamkni\u0119te w niedziele. To wzorzec twojego \u017cycia duchowego:<\/p>\n\n\n\n<ul class=\"wp-block-list\">\n<li><strong>Rozpoznawaj \u015bwi\u0119to\u015b\u0107 Boga:<\/strong>\u00a0Praktykuj zachwyt nad stworzeniem, nad dobrem, nad samym \u017cyciem jako odbiciem Jego chwa\u0142y. M\u00f3w cz\u0119sto: \u201e\u015awi\u0119ty jeste\u015b, Panie!\u201d<\/li>\n\n\n\n<li><strong>Jednocz si\u0119 ze wsp\u00f3lnot\u0105 \u015bwi\u0119tych:<\/strong>\u00a0\u017byj \u015bwiadomie, \u017ce twoja modlitwa, twoja walka, twoja rado\u015b\u0107, s\u0105 zjednoczone z Ko\u015bcio\u0142em wojuj\u0105cym (na ziemi), cierpi\u0105cym (w czy\u015b\u0107cu) i triumfuj\u0105cym (w niebie). Nie jeste\u015b sam na swej drodze wiary.<\/li>\n\n\n\n<li><strong>Uwielbiaj Chrystusa, kt\u00f3ry przychodzi:<\/strong>\u00a0Oczekuj Chrystusa nie tylko w Eucharystii, lecz w ka\u017cdym bracie, w codziennych wydarzeniach (radosnych i bolesnych), i w Jego chwalebnym przyj\u015bciu na ko\u0144cu czas\u00f3w. \u017byj z postaw\u0105 \u201eMaranatha! Przyjd\u017a, Panie Jezu!\u201d (Apokalipsa 22,20).<\/li>\n\n\n\n<li><strong>G\u0142o\u015b swoim \u017cyciem:<\/strong>\u00a0Niech ca\u0142e twoje \u017cycie b\u0119dzie nieustannym \u201eHosanna\u201d, radosnym \u015bwiadectwem zbawienia, kt\u00f3re otrzyma\u0142e\u015b, i nadziei, kt\u00f3ra ci\u0119 podtrzymuje. B\u0105d\u017a odbiciem chwa\u0142y wype\u0142niaj\u0105cej niebo i ziemi\u0119.<\/li>\n<\/ul>\n\n\n\n<p><strong>Zako\u0144czenie: Echo wieczno\u015bci w twoim \u201edzi\u015b\u201d<\/strong><br>W przysz\u0142\u0105 niedziel\u0119, gdy us\u0142yszysz pierwsze nuty lub s\u0142owa \u201e\u015awi\u0119tego\u201d, pami\u0119taj:&nbsp;<strong>Nie zaczynasz pie\u015bni \u2013 wchodzisz w t\u0119, kt\u00f3ra nigdy nie ustaje.<\/strong>&nbsp;Jednocisz sw\u00f3j s\u0142aby, lecz pe\u0142en wiary g\u0142os z pot\u0119\u017cnym strumieniem chwa\u0142y wyp\u0142ywaj\u0105cym z serca Serafin\u00f3w, \u015bwi\u0119tych, Ko\u015bcio\u0142a wszystkich czas\u00f3w. Rozpoznajesz Boga Trzykro\u0107 \u015awi\u0119tego, kt\u00f3rego chwa\u0142a zalewa kosmos. I uwielbiasz z rado\u015bci\u0105, kt\u00f3ra wstrz\u0105sa posadami codzienno\u015bci, Tego, kt\u00f3ry przychodzi:&nbsp;<strong>Jezusa Chrystusa, Zbawiciela, obecnego na o\u0142tarzu, obecnego w twoim bracie, obecnego w twoim \u017cyciu.<\/strong><\/p>\n\n\n\n<p>Niech to&nbsp;<strong>\u201e\u015awi\u0119ty!\u201d<\/strong>&nbsp;nie b\u0119dzie tylko s\u0142owem w ksi\u0105\u017cce, lecz krzykiem twej duszy spragnionej Boga. Niech to&nbsp;<strong>\u201eHosanna!\u201d<\/strong>&nbsp;b\u0119dzie twoim okrzykiem nadziei w\u015br\u00f3d codziennych bitew. I nade wszystko, gdy wypowiesz&nbsp;<strong>\u201eB\u0142ogos\u0142awiony, kt\u00f3ry idzie w imi\u0119 Pa\u0144skie!\u201d<\/strong>, czy\u0144 to z oczami serca szeroko otwartymi, by Go rozpozna\u0107 i przyj\u0105\u0107. Bo w tej chwili, bracie, siostro,&nbsp;<strong>niebo dotyka ziemi, a ty jeste\u015b w samym \u015brodku, zjednoczony z wiecznym ch\u00f3rem.<\/strong><\/p>\n\n\n\n<p><strong>\u015awi\u0119ty, \u015awi\u0119ty, \u015awi\u0119ty, Pan B\u00f3g zast\u0119p\u00f3w! Hosanna na wysoko\u015bci!<\/strong><\/p>\n","protected":false},"excerpt":{"rendered":"<p>Odkryj moc, histori\u0119 i niebo pulsuj\u0105ce w tej kluczowej pie\u015bni liturgicznej Czy kiedykolwiek, w trakcie Mszy \u015awi\u0119tej, zaraz po tym, jak kap\u0142an wypowie s\u0142owa&nbsp;\u201ePrzez Chrystusa, z Nim i w Nim&#8230;\u201d, poczu\u0142e\u015b dreszcz, gdy ca\u0142e zgromadzenie wybucha pot\u0119\u017cn\u0105 pie\u015bni\u0105:&nbsp;\u201e\u015awi\u0119ty, \u015awi\u0119ty, \u015awi\u0119ty&#8230;\u201d? To nie jest zwyk\u0142y muzyczny przerywnik. To most rzucony mi\u0119dzy ziemi\u0105 a niebem, echo wieczno\u015bci &hellip;<\/p>\n","protected":false},"author":3,"featured_media":4204,"comment_status":"open","ping_status":"open","sticky":false,"template":"","format":"standard","meta":{"_seopress_robots_primary_cat":"","_seopress_titles_title":"","_seopress_titles_desc":"","_seopress_robots_index":"","footnotes":""},"categories":[38,52],"tags":[1359,328],"class_list":["post-4203","post","type-post","status-publish","format-standard","has-post-thumbnail","","category-historia-i-tradycja","category-liturgia-i-rok-liturgiczny","tag-sanctus","tag-swiety"],"_links":{"self":[{"href":"https:\/\/catholicus.eu\/pl\/wp-json\/wp\/v2\/posts\/4203","targetHints":{"allow":["GET"]}}],"collection":[{"href":"https:\/\/catholicus.eu\/pl\/wp-json\/wp\/v2\/posts"}],"about":[{"href":"https:\/\/catholicus.eu\/pl\/wp-json\/wp\/v2\/types\/post"}],"author":[{"embeddable":true,"href":"https:\/\/catholicus.eu\/pl\/wp-json\/wp\/v2\/users\/3"}],"replies":[{"embeddable":true,"href":"https:\/\/catholicus.eu\/pl\/wp-json\/wp\/v2\/comments?post=4203"}],"version-history":[{"count":1,"href":"https:\/\/catholicus.eu\/pl\/wp-json\/wp\/v2\/posts\/4203\/revisions"}],"predecessor-version":[{"id":4205,"href":"https:\/\/catholicus.eu\/pl\/wp-json\/wp\/v2\/posts\/4203\/revisions\/4205"}],"wp:featuredmedia":[{"embeddable":true,"href":"https:\/\/catholicus.eu\/pl\/wp-json\/wp\/v2\/media\/4204"}],"wp:attachment":[{"href":"https:\/\/catholicus.eu\/pl\/wp-json\/wp\/v2\/media?parent=4203"}],"wp:term":[{"taxonomy":"category","embeddable":true,"href":"https:\/\/catholicus.eu\/pl\/wp-json\/wp\/v2\/categories?post=4203"},{"taxonomy":"post_tag","embeddable":true,"href":"https:\/\/catholicus.eu\/pl\/wp-json\/wp\/v2\/tags?post=4203"}],"curies":[{"name":"wp","href":"https:\/\/api.w.org\/{rel}","templated":true}]}}