{"id":4200,"date":"2025-06-08T20:44:55","date_gmt":"2025-06-08T18:44:55","guid":{"rendered":"https:\/\/catholicus.eu\/pl\/?p=4200"},"modified":"2025-06-08T20:44:55","modified_gmt":"2025-06-08T18:44:55","slug":"zeslanie-ducha-swietego-w-rzymie-platki-ognia-nad-oculusem-panteonu","status":"publish","type":"post","link":"https:\/\/catholicus.eu\/pl\/zeslanie-ducha-swietego-w-rzymie-platki-ognia-nad-oculusem-panteonu\/","title":{"rendered":"Zes\u0142anie Ducha \u015awi\u0119tego w Rzymie: P\u0142atki Ognia nad Oculusem Panteonu"},"content":{"rendered":"\n<h3 class=\"wp-block-heading\"><strong>Wprowadzenie: Gdy Niebo Zst\u0119puje w P\u0142atkach Ognia<\/strong><\/h3>\n\n\n\n<p>Co roku w sercu Rzymu dokonuje si\u0119 cud \u0142\u0105cz\u0105cy niebo i ziemi\u0119: podczas Mszy \u015awi\u0119tej Zes\u0142ania Ducha \u015awi\u0119tego tysi\u0105ce czerwonych p\u0142atk\u00f3w r\u00f3\u017c spada przez oculus Panteonu, symbolizuj\u0105c j\u0119zyki ognia, kt\u00f3re zst\u0105pi\u0142y na aposto\u0142\u00f3w. To \u015bwi\u0119te widowisko to nie tylko malownicza tradycja \u2013 to&nbsp;<em>teologia w ruchu<\/em>, namacalne przypomnienie, \u017ce Duch \u015awi\u0119ty jest wci\u0105\u017c \u017cywy i aktywny w Ko\u015bciele.<\/p>\n\n\n\n<p>W \u015bwiecie naznaczonym rozpacz\u0105, sekularyzacj\u0105 i podzia\u0142ami, Zes\u0142anie Ducha \u015awi\u0119tego jest boskim antidotum:&nbsp;<em>jedno\u015b\u0107 w r\u00f3\u017cnorodno\u015bci<\/em>, pok\u00f3j w chaosie, ogie\u0144, kt\u00f3ry nie niszczy, lecz oczyszcza. Jak mo\u017cemy dzi\u015b \u017cy\u0107 t\u0105 tajemnic\u0105?<\/p>\n\n\n\n<hr class=\"wp-block-separator has-alpha-channel-opacity\"\/>\n\n\n\n<h3 class=\"wp-block-heading\"><strong>I. Historia i Znaczenie: Od Wieczernika do Panteonu<\/strong><\/h3>\n\n\n\n<h4 class=\"wp-block-heading\"><strong>1. Pierwsze Zes\u0142anie Ducha \u015awi\u0119tego: Narodziny Ko\u015bcio\u0142a<\/strong><\/h4>\n\n\n\n<p>Dzieje Apostolskie (2,1-4) opisuj\u0105:<\/p>\n\n\n\n<blockquote class=\"wp-block-quote is-layout-flow wp-block-quote-is-layout-flow\">\n<p><em>&#8222;Gdy nadszed\u0142 dzie\u0144 Pi\u0119\u0107dziesi\u0105tnicy, znajdowali si\u0119 wszyscy razem na tym samym miejscu. Nagle da\u0142 si\u0119 s\u0142ysze\u0107 z nieba szum, jakby uderzenie gwa\u0142townego wichru, i nape\u0142ni\u0142 ca\u0142y dom, w kt\u00f3rym przebywali. Ukaza\u0142y si\u0119 im te\u017c j\u0119zyki jakby z ognia, kt\u00f3re si\u0119 rozdzieli\u0142y, i na ka\u017cdym z nich spocz\u0105\u0142 jeden. I wszyscy zostali nape\u0142nieni Duchem \u015awi\u0119tym.&#8221;<\/em><\/p>\n<\/blockquote>\n\n\n\n<p>To wydarzenie to nie tylko fakt historyczny \u2013 to&nbsp;<em>chrzest Ko\u015bcio\u0142a<\/em>, moment gdy przera\u017ceni uczniowie stali si\u0119 nieustraszonymi g\u0142osicielami.<\/p>\n\n\n\n<h4 class=\"wp-block-heading\"><strong>2. Panteon: Od Poga\u0144skiej \u015awi\u0105tyni do Chrze\u015bcija\u0144skiego Symbolu<\/strong><\/h4>\n\n\n\n<p>Panteon, zbudowany dla uczczenia poga\u0144skich bog\u00f3w, zosta\u0142 po\u015bwi\u0119cony w 609 roku jako&nbsp;<em>Santa Maria ad Martyres<\/em>, staj\u0105c si\u0119 symbolem zwyci\u0119stwa Chrystusa nad poga\u0144stwem. Deszcz p\u0142atk\u00f3w przez jego oculus (otwarty na niebo) przedstawia jak Duch \u015awi\u0119ty&nbsp;<em>wkracza w ludzki \u015bwiat<\/em>, by go u\u015bwi\u0119ci\u0107.<\/p>\n\n\n\n<hr class=\"wp-block-separator has-alpha-channel-opacity\"\/>\n\n\n\n<h3 class=\"wp-block-heading\"><strong>II. Teologia Zes\u0142ania Ducha \u015awi\u0119tego: Duch, Kt\u00f3ry Odnawia Oblicze Ziemi<\/strong><\/h3>\n\n\n\n<h4 class=\"wp-block-heading\"><strong>1. Duch \u015awi\u0119ty: Dusza Ko\u015bcio\u0142a<\/strong><\/h4>\n\n\n\n<p>Katechizm (KKK 797) naucza:<\/p>\n\n\n\n<blockquote class=\"wp-block-quote is-layout-flow wp-block-quote-is-layout-flow\">\n<p><em>&#8222;Ko\u015bci\u00f3\u0142 jest \u015awi\u0105tyni\u0105 Ducha \u015awi\u0119tego. Duch jest jakby dusz\u0105 Cia\u0142a Mistycznego, zasad\u0105 jego \u017cycia, jedno\u015bci w r\u00f3\u017cnorodno\u015bci i bogactwa jego dar\u00f3w.&#8221;<\/em><\/p>\n<\/blockquote>\n\n\n\n<p>Bez Ducha Ko\u015bci\u00f3\u0142 by\u0142by martw\u0105 instytucj\u0105; z Nim jest&nbsp;<em>\u017cyw\u0105 rodzin\u0105<\/em>, prowadzon\u0105 do ca\u0142ej prawdy (J 16,13).<\/p>\n\n\n\n<h4 class=\"wp-block-heading\"><strong>2. Siedem Dar\u00f3w Ducha \u015awi\u0119tego<\/strong><\/h4>\n\n\n\n<p>Izajasz 11,2-3 wymienia dary otrzymywane w bierzmowaniu:<\/p>\n\n\n\n<ul class=\"wp-block-list\">\n<li><em>M\u0105dro\u015b\u0107, Rozum, Rada, M\u0119stwo, Wiedza, Pobo\u017cno\u015b\u0107 i Boja\u017a\u0144 Pa\u0144ska.<\/em><br>To nie &#8222;duchowe ozdoby&#8221;, ale\u00a0<em>bro\u0144 na codzienn\u0105 walk\u0119<\/em>\u00a0z relatywizmem i oboj\u0119tno\u015bci\u0105.<\/li>\n<\/ul>\n\n\n\n<h4 class=\"wp-block-heading\"><strong>3. J\u0119zyki Ognia kontra Wie\u017ca Babel<\/strong><\/h4>\n\n\n\n<p>Zes\u0142anie Ducha \u015awi\u0119tego to&nbsp;<em>odwr\u00f3cenie Babel<\/em>: gdzie grzech podzieli\u0142, Duch jednoczy. Dzi\u015b, w spo\u0142ecze\u0144stwie podzielonym ideologiami, tylko On mo\u017ce przywr\u00f3ci\u0107&nbsp;<em>prawdziw\u0105 komuni\u0119<\/em>.<\/p>\n\n\n\n<hr class=\"wp-block-separator has-alpha-channel-opacity\"\/>\n\n\n\n<h3 class=\"wp-block-heading\"><strong>III. Praktyczny Przewodnik: Jak \u017by\u0107 Zes\u0142aniem Ducha \u015awi\u0119tego Dzi\u015b<\/strong><\/h3>\n\n\n\n<h4 class=\"wp-block-heading\"><strong>1. Przygotuj sw\u00f3j Wieczernik: Modlitwa w Oczekiwaniu<\/strong><\/h4>\n\n\n\n<p>Aposto\u0142owie przygotowywali si\u0119&nbsp;<em>na modlitwie z Maryj\u0105<\/em>&nbsp;(Dz 1,14). My te\u017c powinni\u015bmy:<\/p>\n\n\n\n<ul class=\"wp-block-list\">\n<li><strong>Znale\u017a\u0107 czas na cisz\u0119<\/strong>\u00a0(wy\u0142\u0105czy\u0107 ha\u0142as \u015bwiata)<\/li>\n\n\n\n<li><strong>Wzywa\u0107 Ducha \u015awi\u0119tego codziennie<\/strong>\u00a0(np. &#8222;Przyjd\u017a, Duchu \u015awi\u0119ty&#8221;)<\/li>\n\n\n\n<li><strong>Uczestniczy\u0107 we Mszy z otwartym sercem<\/strong><\/li>\n<\/ul>\n\n\n\n<h4 class=\"wp-block-heading\"><strong>2. Pozw\u00f3l, by Ogie\u0144 Ci\u0119 Oczy\u015bci\u0142<\/strong><\/h4>\n\n\n\n<p>Duch nie tylko pociesza \u2013&nbsp;<em>czasem spala<\/em>&nbsp;to, co oddala nas od Boga. Zadaj sobie pytania:<\/p>\n\n\n\n<ul class=\"wp-block-list\">\n<li>Jakie przywi\u0105zania, urazy czy grzechy musz\u0119 porzuci\u0107?<\/li>\n\n\n\n<li>Czy jestem got\u00f3w na\u00a0<em>przemian\u0119<\/em>, nawet je\u015bli boli?<\/li>\n<\/ul>\n\n\n\n<h4 class=\"wp-block-heading\"><strong>3. M\u00f3w J\u0119zykiem Mi\u0142o\u015bci<\/strong><\/h4>\n\n\n\n<p>&#8222;J\u0119zyki&#8221; Zes\u0142ania s\u0142u\u017cy\u0142y&nbsp;<em>g\u0142oszeniu Ewangelii<\/em>. Dzi\u015b oznacza to:<\/p>\n\n\n\n<ul class=\"wp-block-list\">\n<li><strong>\u015awiadczy\u0107 czynem<\/strong>\u00a0(konkretna mi\u0142o\u015b\u0107 bli\u017aniego)<\/li>\n\n\n\n<li><strong>Broni\u0107 prawdy z mi\u0142o\u015bci\u0105<\/strong>\u00a0(w rodzinie, mediach spo\u0142eczno\u015bciowych)<\/li>\n\n\n\n<li><strong>\u017by\u0107 jedno\u015bci\u0105 bez kompromis\u00f3w w wierze<\/strong><\/li>\n<\/ul>\n\n\n\n<h4 class=\"wp-block-heading\"><strong>4. P\u0142atki Panteonu: Symbol do Medytacji<\/strong><\/h4>\n\n\n\n<p>Je\u015bli masz \u0142ask\u0119 by\u0107 w Rzymie:<\/p>\n\n\n\n<ul class=\"wp-block-list\">\n<li><strong>Prze\u017cyj ten moment z skupieniem<\/strong>\u00a0(nie jako turysta, ale pielgrzym)<\/li>\n\n\n\n<li><strong>Medytuj<\/strong>:\u00a0<em>&#8222;Czy jestem otwarty, by Duch 'zst\u0105pi\u0142&#8217; na mnie jak te p\u0142atki?&#8221;<\/em><\/li>\n<\/ul>\n\n\n\n<p>Je\u015bli nie mo\u017cesz by\u0107:<\/p>\n\n\n\n<ul class=\"wp-block-list\">\n<li><strong>U\u017cyj czerwonej r\u00f3\u017cy w modlitwie<\/strong>\u00a0jako symbol oddania si\u0119 Duchowi<\/li>\n<\/ul>\n\n\n\n<hr class=\"wp-block-separator has-alpha-channel-opacity\"\/>\n\n\n\n<h3 class=\"wp-block-heading\"><strong>IV. Zes\u0142anie Ducha \u015awi\u0119tego w Czasach Kryzysu: Pilne Or\u0119dzie<\/strong><\/h3>\n\n\n\n<p>W epoce wojen, kryzys\u00f3w wiary i moralnego zam\u0119tu Duch \u015awi\u0119ty jest&nbsp;<em>naszym kompasem<\/em>. To nie &#8222;bezosobowa si\u0142a&#8221;, ale&nbsp;<em>sam B\u00f3g<\/em>, kt\u00f3ry:<\/p>\n\n\n\n<ul class=\"wp-block-list\">\n<li><strong>O\u015bwieca sumienia<\/strong>\u00a0(w z\u0142o\u017conych debatach etycznych)<\/li>\n\n\n\n<li><strong>Umacnia prze\u015bladowanych<\/strong>\u00a0(chrze\u015bcijan w wrogich krajach)<\/li>\n\n\n\n<li><strong>Inspiruje apostolsk\u0105 kreatywno\u015b\u0107<\/strong>\u00a0(nowe sposoby ewangelizacji)<\/li>\n<\/ul>\n\n\n\n<hr class=\"wp-block-separator has-alpha-channel-opacity\"\/>\n\n\n\n<h3 class=\"wp-block-heading\"><strong>Zako\u0144czenie: Czy Chcesz By\u0107 'P\u0142atkiem&#8217; Ducha w \u015awiecie?<\/strong><\/h3>\n\n\n\n<p>P\u0142atki spadaj\u0105ce w Panteonie to nie tylko przedmiot podziwu \u2013 to&nbsp;<em>wezwanie do dzia\u0142ania<\/em>. Ten sam ogie\u0144, kt\u00f3ry zst\u0105pi\u0142 na Maryj\u0119 i aposto\u0142\u00f3w, jest dost\u0119pny dla ciebie.<\/p>\n\n\n\n<p><strong>Modlitwa Ko\u0144cowa:<\/strong><br><em>&#8222;Przyjd\u017a, Duchu \u015awi\u0119ty, nape\u0142nij serca swoich wiernych i zapal w nich ogie\u0144 swojej mi\u0142o\u015bci. Ze\u015blij swojego Ducha, a wszystko zostanie stworzone na nowo, a Ty odn\u00f3w oblicze ziemi. Amen.&#8221;<\/em><\/p>\n\n\n\n<hr class=\"wp-block-separator has-alpha-channel-opacity\"\/>\n\n\n\n<p><strong>A Ty?<\/strong>&nbsp;Czy jeste\u015b got\u00f3w pozwoli\u0107, by Duch u\u017cy\u0142 ci\u0119 jako&nbsp;<em>narz\u0119dzia odnowy<\/em>&nbsp;w twoim domu, pracy i spo\u0142ecze\u0144stwie?&nbsp;<em>Zes\u0142anie Ducha \u015awi\u0119tego to nie wspomnienie&#8230; to \u017cywa rzeczywisto\u015b\u0107.<\/em>&nbsp;\u017byj ni\u0105!<\/p>\n","protected":false},"excerpt":{"rendered":"<p>Wprowadzenie: Gdy Niebo Zst\u0119puje w P\u0142atkach Ognia Co roku w sercu Rzymu dokonuje si\u0119 cud \u0142\u0105cz\u0105cy niebo i ziemi\u0119: podczas Mszy \u015awi\u0119tej Zes\u0142ania Ducha \u015awi\u0119tego tysi\u0105ce czerwonych p\u0142atk\u00f3w r\u00f3\u017c spada przez oculus Panteonu, symbolizuj\u0105c j\u0119zyki ognia, kt\u00f3re zst\u0105pi\u0142y na aposto\u0142\u00f3w. To \u015bwi\u0119te widowisko to nie tylko malownicza tradycja \u2013 to&nbsp;teologia w ruchu, namacalne przypomnienie, \u017ce &hellip;<\/p>\n","protected":false},"author":3,"featured_media":4201,"comment_status":"open","ping_status":"open","sticky":false,"template":"","format":"standard","meta":{"_seopress_robots_primary_cat":"","_seopress_titles_title":"","_seopress_titles_desc":"","_seopress_robots_index":"","footnotes":""},"categories":[38,52],"tags":[1358],"class_list":["post-4200","post","type-post","status-publish","format-standard","has-post-thumbnail","","category-historia-i-tradycja","category-liturgia-i-rok-liturgiczny","tag-zeslanie-ducha-swietego"],"_links":{"self":[{"href":"https:\/\/catholicus.eu\/pl\/wp-json\/wp\/v2\/posts\/4200","targetHints":{"allow":["GET"]}}],"collection":[{"href":"https:\/\/catholicus.eu\/pl\/wp-json\/wp\/v2\/posts"}],"about":[{"href":"https:\/\/catholicus.eu\/pl\/wp-json\/wp\/v2\/types\/post"}],"author":[{"embeddable":true,"href":"https:\/\/catholicus.eu\/pl\/wp-json\/wp\/v2\/users\/3"}],"replies":[{"embeddable":true,"href":"https:\/\/catholicus.eu\/pl\/wp-json\/wp\/v2\/comments?post=4200"}],"version-history":[{"count":1,"href":"https:\/\/catholicus.eu\/pl\/wp-json\/wp\/v2\/posts\/4200\/revisions"}],"predecessor-version":[{"id":4202,"href":"https:\/\/catholicus.eu\/pl\/wp-json\/wp\/v2\/posts\/4200\/revisions\/4202"}],"wp:featuredmedia":[{"embeddable":true,"href":"https:\/\/catholicus.eu\/pl\/wp-json\/wp\/v2\/media\/4201"}],"wp:attachment":[{"href":"https:\/\/catholicus.eu\/pl\/wp-json\/wp\/v2\/media?parent=4200"}],"wp:term":[{"taxonomy":"category","embeddable":true,"href":"https:\/\/catholicus.eu\/pl\/wp-json\/wp\/v2\/categories?post=4200"},{"taxonomy":"post_tag","embeddable":true,"href":"https:\/\/catholicus.eu\/pl\/wp-json\/wp\/v2\/tags?post=4200"}],"curies":[{"name":"wp","href":"https:\/\/api.w.org\/{rel}","templated":true}]}}