{"id":4191,"date":"2025-06-08T07:13:09","date_gmt":"2025-06-08T05:13:09","guid":{"rendered":"https:\/\/catholicus.eu\/pl\/?p=4191"},"modified":"2025-06-08T07:13:09","modified_gmt":"2025-06-08T05:13:09","slug":"czy-istnieja-blakajace-sie-dusze-katolicka-prawda-za-mitem-o-duchach","status":"publish","type":"post","link":"https:\/\/catholicus.eu\/pl\/czy-istnieja-blakajace-sie-dusze-katolicka-prawda-za-mitem-o-duchach\/","title":{"rendered":"Czy istniej\u0105 &#8222;b\u0142\u0105kaj\u0105ce si\u0119 dusze&#8221;? Katolicka prawda za mitem o duchach"},"content":{"rendered":"\n<p><strong>Pon\u0105d zjaw\u0105: Katolickie \u015bwiat\u0142o na temat &#8222;b\u0142\u0105kaj\u0105cych si\u0119 dusz&#8221; i prawdziwego przeznaczenia duszy<\/strong><\/p>\n\n\n\n<p>Drodzy Bracia i Siostry w wierze. W \u015bwiecie zafascynowanym zjawiskami paranormalnymi, gdzie seriale i filmy przedstawiaj\u0105 historie udr\u0119czonych duch\u00f3w b\u0142\u0105kaj\u0105cych si\u0119 po ziemi, naturalnie pojawia si\u0119 pytanie:&nbsp;<strong>Czy koncepcja &#8222;b\u0142\u0105kaj\u0105cych si\u0119 dusz&#8221; ma miejsce w solidnym fundamencie wiary katolickiej?<\/strong>&nbsp;Odpowied\u017a, o\u015bwietlona przez Objawienie i Tradycj\u0119, jest jasna, pe\u0142na nadziei i g\u0142\u0119boko r\u00f3\u017cna od ludowych wierze\u0144. Zapraszam w podr\u00f3\u017c wiary i rozumu, gdzie odkryjemy teologiczn\u0105 prawd\u0119 i jej znaczenie dla naszego duchowego \u017cycia dzi\u015b.<\/p>\n\n\n\n<h3 class=\"wp-block-heading\"><strong>Obalamy mit: Czego Ko\u015bci\u00f3\u0142 NIE naucza<\/strong><\/h3>\n\n\n\n<p>Zacznijmy od wyja\u015bnienia podstaw.&nbsp;<strong>Katolicka doktryna kategorycznie odrzuca ide\u0119 ludzkich dusz &#8222;b\u0142\u0105kaj\u0105cych si\u0119&#8221; lub &#8222;uwi\u0119zionych&#8221; wiecznie na ziemi po \u015bmierci.<\/strong>&nbsp;Cho\u0107 koncepcja ta jest popularna w wielu kulturach i legendach, sprzeciwia si\u0119 centralnemu nauczaniu Chrystusa o ostatecznym przeznaczeniu duszy. \u015amier\u0107 jest decyduj\u0105cym progiem, nie \u015blep\u0105 uliczk\u0105.<\/p>\n\n\n\n<p>Pismo \u015awi\u0119te jest w tej kwestii jasne i jednoznaczne:<\/p>\n\n\n\n<blockquote class=\"wp-block-quote is-layout-flow wp-block-quote-is-layout-flow\">\n<p><em>&#8222;Postanowione jest ludziom raz umrze\u0107, a potem s\u0105d.&#8221;<\/em>&nbsp;(Hbr 9,27)<\/p>\n<\/blockquote>\n\n\n\n<p>Ten werset jest fundamentalny. M\u00f3wi o&nbsp;<strong>jednej \u015bmierci<\/strong>, po kt\u00f3rej nast\u0119puje natychmiast&nbsp;<strong>s\u0105d szczeg\u00f3\u0142owy<\/strong>. Nie ma &#8222;potem&#8221; po\u015bredniego, gdzie dusza b\u0142\u0105ka si\u0119 bez celu lub jest uwi\u0119ziona przez ziemskie okoliczno\u015bci jak zemsta, sekrety czy miejsca. S\u0105d Bo\u017cy jest natychmiastowy, sprawiedliwy i ostateczny w chwili \u015bmierci.<\/p>\n\n\n\n<h3 class=\"wp-block-heading\"><strong>Stan po\u015bredni: Czy\u015bciec, nie &#8222;b\u0142\u0105kanie&#8221;<\/strong><\/h3>\n\n\n\n<p>Co zatem dzieje si\u0119 mi\u0119dzy \u015bmierci\u0105 jednostki a Zmartwychwstaniem i S\u0105dem Ostatecznym?&nbsp;<strong>Ko\u015bci\u00f3\u0142 naucza o istnieniu czy\u015b\u0107ca.<\/strong>&nbsp;Nie jest to miejsce bezcelowego b\u0142\u0105kania czy arbitralnej kary, ale&nbsp;<strong>stan ostatecznego oczyszczenia<\/strong>&nbsp;dla tych, kt\u00f3rzy umieraj\u0105 w \u0142asce i przyja\u017ani z Bogiem (czyli zbawieni), ale potrzebuj\u0105 jeszcze oczyszczenia z pozosta\u0142o\u015bci grzech\u00f3w powszednich lub doczesnej kary za ju\u017c odpuszczone grzechy.<\/p>\n\n\n\n<ul class=\"wp-block-list\">\n<li><strong>Nie jest wieczny:<\/strong>\u00a0Jest przej\u015bciowy, a\u017c dusza zostanie ca\u0142kowicie oczyszczona, by wej\u015b\u0107 do niebia\u0144skiej wizji Boga.<\/li>\n\n\n\n<li><strong>To nie &#8222;nawiedzanie&#8221;:<\/strong>\u00a0Dusza w czy\u015b\u0107cu nie jest zwi\u0105zana z konkretnymi ziemskimi miejscami czy osobami w spos\u00f3b opisany w legendach o duchach. Jej rzeczywisto\u015b\u0107 jest duchowa, a wzrok skierowany na Boga, nie na nierozwi\u0105zane ziemskie sprawy.<\/li>\n\n\n\n<li><strong>To akt Mi\u0142osierdzia:<\/strong>\u00a0Czy\u015bciec jest przejawem oczyszczaj\u0105cej mi\u0142o\u015bci Boga, przygotowuj\u0105cej nas do pe\u0142ni Nieba, gdzie &#8222;nie wejdzie nic nieczystego&#8221; (Ap 21,27).<\/li>\n<\/ul>\n\n\n\n<h3 class=\"wp-block-heading\"><strong>A co z objawieniami? Jak Ko\u015bci\u00f3\u0142 je wyja\u015bnia?<\/strong><\/h3>\n\n\n\n<p>Tutaj pojawiaj\u0105 si\u0119 najpilniejsze pytania. Je\u015bli nie ma b\u0142\u0105kaj\u0105cych si\u0119 dusz, jak wyja\u015bni\u0107 relacje o zjawieniach, o ukazuj\u0105cych si\u0119 obecno\u015bciach? Katolicka teologia, z roztropno\u015bci\u0105 i rozeznaniem, oferuje kilka ram interpretacyjnych,&nbsp;<strong>\u017cadne z nich nie potwierdzaj\u0105c mitu o uwi\u0119zionej, b\u0142\u0105kaj\u0105cej si\u0119 duszy:<\/strong><\/p>\n\n\n\n<ol start=\"1\" class=\"wp-block-list\">\n<li><strong>Objawienia \u015bwi\u0119tych lub Naj\u015bwi\u0119tszej Maryi Panny:<\/strong>\u00a0Ko\u015bci\u00f3\u0142 uznaje, \u017ce B\u00f3g w swej Opatrzno\u015bci mo\u017ce pozwoli\u0107 \u015bwi\u0119tym (w\u0142\u0105czaj\u0105c Maryj\u0119) czy nawet anio\u0142om ukaza\u0107 si\u0119 z konkretnym przes\u0142aniem &#8211; buduj\u0105cym, ostrzegawczym lub pocieszaj\u0105cym &#8211; dla pielgrzymuj\u0105cego Ko\u015bcio\u0142a (jak w Fatimie, Lourdes, Guadalupe).\u00a0<strong>Te dusze s\u0105 w Niebie, uwielbione, nie &#8222;b\u0142\u0105kaj\u0105 si\u0119&#8221;.<\/strong>\u00a0Przychodz\u0105 z Bo\u017cym celem i zawsze wskazuj\u0105 na Chrystusa i nawr\u00f3cenie.<\/li>\n\n\n\n<li><strong>Manifestacje demoniczne:<\/strong>\u00a0Ko\u015bci\u00f3\u0142 zawsze naucza\u0142 o rzeczywisto\u015bci z\u0142ego i jego upad\u0142ych anio\u0142\u00f3w.\u00a0<strong>Szatan jest &#8222;ojcem k\u0142amstwa&#8221; (J 8,44)<\/strong>\u00a0i ma moc zwodzi\u0107, symulowa\u0107 objawienia (nawet imituj\u0105c zmar\u0142ych) by sia\u0107 zam\u0119t, strach, rozpacz lub odci\u0105ga\u0107 ludzi od prawdziwej wiary i sakrament\u00f3w. Jest mistrzem iluzji i mo\u017ce wykorzysta\u0107 \u017ca\u0142ob\u0119 po zmar\u0142ych czy fascynacj\u0119 okultyzmem.<\/li>\n\n\n\n<li><strong>Zjawiska psychologiczne lub naturalne b\u0142\u0119dnie interpretowane:<\/strong>\u00a0\u017ba\u0142oba, trauma, uwarunkowania kulturowe, a nawet niecodzienne zjawiska fizyczne czy psychiczne mog\u0105 sk\u0142ania\u0107 ludzi do interpretowania subiektywnych do\u015bwiadcze\u0144 jako spotka\u0144 z &#8222;b\u0142\u0105kaj\u0105cymi si\u0119 duszami&#8221;.<\/li>\n\n\n\n<li><strong>Jedyny szczeg\u00f3lny przypadek: Zjawienia dusz czy\u015b\u0107cowych:<\/strong>\u00a0Pobo\u017cna tradycja (oparta na objawieniach prywatnych,\u00a0<strong>nie na dogmatach<\/strong>) m\u00f3wi o\u00a0<em>niezwykle rzadkich<\/em>\u00a0przypadkach, gdy B\u00f3g pozwala duszy w czy\u015b\u0107cu\u00a0<em>ukaza\u0107 si\u0119<\/em>\u00a0\u017cywym, niemal zawsze w bardzo konkretnym celu:\u00a0<strong>prosi\u0107 o modlitwy i ofiary dla ul\u017cenia jej oczyszczeniu i szybszego osi\u0105gni\u0119cia Nieba.<\/strong>\u00a0<strong>Kluczowe!<\/strong>\u00a0Te dusze\u00a0<em>nie<\/em>\u00a0&#8222;b\u0142\u0105kaj\u0105 si\u0119&#8221; ani nie s\u0105\u00a0<em>tu<\/em>\u00a0uwi\u0119zione. S\u0105 w stanie oczyszczenia (czy\u015b\u0107ca).\u00a0<em>Zezwala si\u0119<\/em>\u00a0im ukaza\u0107 jako rozpaczliwe b\u0142aganie o pomoc, nie dlatego \u017ce b\u0142\u0105dz\u0105. Ich ukazanie si\u0119 jest przelotne i skupione na potrzebie modlitw, nie na ziemskich sprawach. Klasyczne przyk\u0142ady obejmuj\u0105 pobo\u017cne legendy czy pisma \u015bwi\u0119tych jak Ojciec Pio.<\/li>\n<\/ol>\n\n\n\n<h3 class=\"wp-block-heading\"><strong>Praktyczny przewodnik teologiczno-duszpasterski: Rozeznanie i dzia\u0142anie w \u015bwietle wiary<\/strong><\/h3>\n\n\n\n<p>Wobec domniemanych zjawisk czy niepokoj\u00f3w o &#8222;b\u0142\u0105kaj\u0105ce si\u0119 dusze&#8221; lub objawienia, Ko\u015bci\u00f3\u0142 oferuje jasne i roztropne wskaz\u00f3wki:<\/p>\n\n\n\n<ol start=\"1\" class=\"wp-block-list\">\n<li><strong>Zakotwiczenie w dogmacie i Pi\u015bmie (Hbr 9,27):<\/strong>\u00a0Zawsze zaczynaj od objawionej prawdy: \u015amier\u0107 \u2192 S\u0105d szczeg\u00f3\u0142owy \u2192 Niebo, Czy\u015bciec lub Piek\u0142o. &#8222;Nawiedzanie&#8221; nie jest opcj\u0105 teologiczn\u0105.<\/li>\n\n\n\n<li><strong>Strze\u017c si\u0119 sensacji i strachu:<\/strong>\u00a0Opowie\u015bci o uwi\u0119zionych duszach cz\u0119sto budz\u0105 morbidaln\u0105 fascynacj\u0119 i przera\u017cenie, emocje, kt\u00f3re diabe\u0142 wykorzystuje. Prawdziwa wiara przynosi pok\u00f3j, nawet w tajemnicy.<\/li>\n\n\n\n<li><strong>Modlitwa i sakramenty: Centralna odpowied\u017a:<\/strong>\u00a0<strong>Na ka\u017cd\u0105 trosk\u0119 o zmar\u0142ych, katolick\u0105 odpowiedzi\u0105 jest zawsze: M\u00f3dl si\u0119 za nich!<\/strong>\u00a0Zam\u00f3w Msze (ofiara Chrystusa to najpot\u0119\u017cniejsza pomoc), odmawiaj R\u00f3\u017caniec, czy\u0144 uczynki mi\u0142osierdzia, ofiaruj cierpienia w zjednoczeniu z zas\u0142ugami Chrystusa. Dla\u00a0<em>w\u0142asnych<\/em>\u00a0niepokoj\u00f3w czy l\u0119k\u00f3w, si\u0119gnij po Spowied\u017a (by otrzyma\u0107 uzdrawiaj\u0105c\u0105 \u0142ask\u0119) i Eucharysti\u0119 (by umocni\u0107 si\u0119 w Chrystusie).<\/li>\n\n\n\n<li><strong>Staranne rozeznanie objawie\u0144:<\/strong>\u00a0Je\u015bli s\u0105dzisz, \u017ce do\u015bwiadczy\u0142e\u015b lub s\u0142ysza\u0142e\u015b o objawieniu:\n<ul class=\"wp-block-list\">\n<li><strong>Nie rozg\u0142aszaj pochopnie:<\/strong>\u00a0Unikaj podsycania pog\u0142osek.<\/li>\n\n\n\n<li><strong>Skonsultuj si\u0119 z dobrze uformowanym kap\u0142anem:<\/strong>\u00a0Opisz fakty prosto, bez dramatycznych dodatk\u00f3w. Kap\u0142an z solidnym przygotowaniem teologicznym i duszpasterskim to pierwsze sito.<\/li>\n\n\n\n<li><strong>Przedstaw spraw\u0119 w\u0142adzy ko\u015bcielnej:<\/strong>\u00a0Diecezje maj\u0105 procedury badania domniemanych objawie\u0144 czy nadzwyczajnych zjawisk.\u00a0<strong>Nigdy nie dzia\u0142aj<\/strong>\u00a0samodzielnie czy opieraj\u0105c si\u0119 tylko na uczuciach. Ko\u015bci\u00f3\u0142 bada ortodoksyjno\u015b\u0107 przes\u0142ania, owoce duchowe (nawr\u00f3cenie, wzrost modlitwy, mi\u0142osierdzia) i zdrowie psychiczne wizjoner\u00f3w.<\/li>\n\n\n\n<li><strong>Wyklucz przyczyny naturalne i demoniczne:<\/strong>\u00a0Ko\u015bci\u00f3\u0142 gruntownie bada naturalne czy psychologiczne wyja\u015bnienia. I zawsze bierze pod uwag\u0119 mo\u017cliwo\u015b\u0107 diabolicznego oszustwa, maj\u0105cego odci\u0105gn\u0105\u0107 uwag\u0119 od Chrystusa i sakrament\u00f3w ku sensacji czy przera\u017ceniu.<\/li>\n<\/ul>\n<\/li>\n\n\n\n<li><strong>\u017byj w \u0142asce i nadziei:<\/strong>\u00a0Najlepsze przygotowanie na \u015bmier\u0107 to \u015bwi\u0119te \u017cycie\u00a0<em>teraz<\/em>. Kultywuj \u017cycie modlitwy, mi\u0142osierdzia i cz\u0119stego przyjmowania sakrament\u00f3w. Chrze\u015bcija\u0144ska nadzieja nie le\u017cy w upiornej po\u015bmiertno\u015bci, ale w Zmartwychwstaniu cia\u0142 i \u017cyciu wiecznym w mi\u0142uj\u0105cej obecno\u015bci Boga.\u00a0<em>&#8222;Nasza bowiem ojczyzna jest w niebie. Stamt\u0105d te\u017c jako Zbawcy wyczekujemy Pana Jezusa Chrystusa, kt\u00f3ry przekszta\u0142ci nasze cia\u0142o poni\u017cone, na podobne do swego cia\u0142a chwalebnego.&#8221;<\/em>\u00a0(Flp 3,20-21)<\/li>\n\n\n\n<li><strong>Prawdziwa komunia: Obcowanie \u015bwi\u0119tych:<\/strong>\u00a0To g\u0142\u0119boka i pocieszaj\u0105ca rzeczywisto\u015b\u0107. \u015amier\u0107 nas nie rozdziela.\u00a0<strong>Wierni zmarli (w oczyszczeniu) potrzebuj\u0105 nas: m\u00f3dlmy si\u0119 za nich! \u015awi\u0119ci w Niebie (triumfuj\u0105cy) pomagaj\u0105 nam: wzywajmy ich wstawiennictwa! A my, pielgrzymi na ziemi (wojuj\u0105cy), jeste\u015bmy wspierani przez ich modlitwy i Bo\u017c\u0105 \u0142ask\u0119.<\/strong>\u00a0To pi\u0119kna sie\u0107 mi\u0142o\u015bci jednocz\u0105ca ca\u0142y Ko\u015bci\u00f3\u0142, widzialny i niewidzialny, w Chrystusie. To \u017cywa komunia mi\u0142o\u015bci i modlitwy, nie udr\u0119czonych zjaw.<\/li>\n<\/ol>\n\n\n\n<h3 class=\"wp-block-heading\"><strong>Aktualne znaczenie: W \u015bwiecie spragnionym duchowo\u015bci<\/strong><\/h3>\n\n\n\n<p>W naszej epoce, naznaczonej materializmem, ale i cz\u0119sto zdezorientowanymi poszukiwaniami duchowymi, jasno\u015b\u0107 katolickiej wiary o przeznaczeniu duszy jest latarni\u0105. Oferuje:<\/p>\n\n\n\n<ul class=\"wp-block-list\">\n<li><strong>Prawd\u0119 przeciw zabobonom:<\/strong>\u00a0Uwalnia od irracjonalnego l\u0119ku przed duchami i side\u0142 spirytyzmu (surowo pot\u0119pionego przez Ko\u015bci\u00f3\u0142 &#8211; KKK 2116-2117).<\/li>\n\n\n\n<li><strong>Ugruntowan\u0105 nadziej\u0119:<\/strong>\u00a0Upewnia nas, \u017ce nasi zmarli bliscy s\u0105 w mi\u0142osiernych r\u0119kach Boga, nie porzuceni niepewnemu czy strasznemu losowi.<\/li>\n\n\n\n<li><strong>Sens modlitwy:<\/strong>\u00a0Nadaje g\u0142\u0119bokie znaczenie naszym modlitwom za zmar\u0142ych jako konkretnym aktom mi\u0142osierdzia.<\/li>\n\n\n\n<li><strong>Odpowiedzialno\u015b\u0107 i pok\u00f3j:<\/strong>\u00a0Wzywa nas do \u015bwi\u0119tego \u017cycia\u00a0<em>teraz<\/em>, ufaj\u0105cych Bo\u017cemu mi\u0142osierdziu, \u015bwiadomych, \u017ce nasze wieczne przeznaczenie rozstrzyga si\u0119 w tym \u017cyciu, nie w po\u015bmiertnym b\u0142\u0105dz\u0105cym limbo.<\/li>\n<\/ul>\n\n\n\n<h3 class=\"wp-block-heading\"><strong>Zako\u0144czenie: Pok\u00f3j przewy\u017cszaj\u0105cy wszelkie zrozumienie<\/strong><\/h3>\n\n\n\n<p>Nie, drodzy Bracia i Siostry, nie ma &#8222;b\u0142\u0105kaj\u0105cych si\u0119 dusz&#8221; w sensie duch\u00f3w uwi\u0119zionych na ziemi. Katolicka wiara ukazuje drog\u0119 \u015bwiat\u0142a i nadziei: \u015bmier\u0107 jest przej\u015bciem do wieczno\u015bci, gdzie Sprawiedliwy S\u0105d Bo\u017cy otwiera bramy Nieba &#8211; po potrzebnym oczyszczeniu (czy\u015b\u0107cu) dla wymagaj\u0105cych &#8211; lub Piek\u0142a dla ostatecznie odrzucaj\u0105cych Jego mi\u0142o\u015b\u0107. Rzadkie zjawienia dusz czy\u015b\u0107cowych to b\u0142agania o modlitwy, nie dowody b\u0142\u0105kania.<\/p>\n\n\n\n<p><strong>Wobec tajemnicy \u015bmierci, nasz\u0105 odpowiedzi\u0105 nie jest strach przed zjawami, lecz ufno\u015b\u0107 w Chrystusa Zmartwychwsta\u0142ego, mi\u0142osierdzie modlitwy za zmar\u0142ych i mocna nadzieja na Zmartwychwstanie.<\/strong>&nbsp;Kultywujmy t\u0119 mocn\u0105 wiar\u0119. M\u00f3dlmy si\u0119 \u017carliwie za dusze w czy\u015b\u0107cu. \u017byjmy w \u0142asce. I spoczywajmy w pewno\u015bci, \u017ce dla umieraj\u0105cych w Chrystusie, \u015bmier\u0107 to nie bezcelowe b\u0142\u0105kanie, lecz brama do \u017bycia Wiecznego.<\/p>\n\n\n\n<p><em>&#8222;Bo Jego \u0142aska trwa na wieki.&#8221;<\/em>&nbsp;(Ps 136,1)<\/p>\n\n\n\n<p>Pok\u00f3j Chrystusa, kt\u00f3ry przewy\u017csza wszelkie zrozumienie, niech strze\u017ce waszych serc i my\u015bli w Nim. Amen.<\/p>\n","protected":false},"excerpt":{"rendered":"<p>Pon\u0105d zjaw\u0105: Katolickie \u015bwiat\u0142o na temat &#8222;b\u0142\u0105kaj\u0105cych si\u0119 dusz&#8221; i prawdziwego przeznaczenia duszy Drodzy Bracia i Siostry w wierze. W \u015bwiecie zafascynowanym zjawiskami paranormalnymi, gdzie seriale i filmy przedstawiaj\u0105 historie udr\u0119czonych duch\u00f3w b\u0142\u0105kaj\u0105cych si\u0119 po ziemi, naturalnie pojawia si\u0119 pytanie:&nbsp;Czy koncepcja &#8222;b\u0142\u0105kaj\u0105cych si\u0119 dusz&#8221; ma miejsce w solidnym fundamencie wiary katolickiej?&nbsp;Odpowied\u017a, o\u015bwietlona przez Objawienie i &hellip;<\/p>\n","protected":false},"author":3,"featured_media":4192,"comment_status":"open","ping_status":"open","sticky":false,"template":"","format":"standard","meta":{"_seopress_robots_primary_cat":"","_seopress_titles_title":"","_seopress_titles_desc":"","_seopress_robots_index":"","footnotes":""},"categories":[66,41],"tags":[1355],"class_list":["post-4191","post","type-post","status-publish","format-standard","has-post-thumbnail","","category-kultura-popularna-i-katolicyzm","category-wiara-i-kultura","tag-duchach"],"_links":{"self":[{"href":"https:\/\/catholicus.eu\/pl\/wp-json\/wp\/v2\/posts\/4191","targetHints":{"allow":["GET"]}}],"collection":[{"href":"https:\/\/catholicus.eu\/pl\/wp-json\/wp\/v2\/posts"}],"about":[{"href":"https:\/\/catholicus.eu\/pl\/wp-json\/wp\/v2\/types\/post"}],"author":[{"embeddable":true,"href":"https:\/\/catholicus.eu\/pl\/wp-json\/wp\/v2\/users\/3"}],"replies":[{"embeddable":true,"href":"https:\/\/catholicus.eu\/pl\/wp-json\/wp\/v2\/comments?post=4191"}],"version-history":[{"count":1,"href":"https:\/\/catholicus.eu\/pl\/wp-json\/wp\/v2\/posts\/4191\/revisions"}],"predecessor-version":[{"id":4193,"href":"https:\/\/catholicus.eu\/pl\/wp-json\/wp\/v2\/posts\/4191\/revisions\/4193"}],"wp:featuredmedia":[{"embeddable":true,"href":"https:\/\/catholicus.eu\/pl\/wp-json\/wp\/v2\/media\/4192"}],"wp:attachment":[{"href":"https:\/\/catholicus.eu\/pl\/wp-json\/wp\/v2\/media?parent=4191"}],"wp:term":[{"taxonomy":"category","embeddable":true,"href":"https:\/\/catholicus.eu\/pl\/wp-json\/wp\/v2\/categories?post=4191"},{"taxonomy":"post_tag","embeddable":true,"href":"https:\/\/catholicus.eu\/pl\/wp-json\/wp\/v2\/tags?post=4191"}],"curies":[{"name":"wp","href":"https:\/\/api.w.org\/{rel}","templated":true}]}}