{"id":4184,"date":"2025-06-07T23:28:35","date_gmt":"2025-06-07T21:28:35","guid":{"rendered":"https:\/\/catholicus.eu\/pl\/?p=4184"},"modified":"2025-06-07T23:28:35","modified_gmt":"2025-06-07T21:28:35","slug":"johannes-mentelin-bozy-drukarz-ktory-oswiecil-europe-przed-lutrem","status":"publish","type":"post","link":"https:\/\/catholicus.eu\/pl\/johannes-mentelin-bozy-drukarz-ktory-oswiecil-europe-przed-lutrem\/","title":{"rendered":"Johannes Mentelin: Bo\u017cy Drukarz, kt\u00f3ry O\u015bwieci\u0142 Europ\u0119 przed Lutrem"},"content":{"rendered":"\n<p><em>\u201e\u015awiat\u0142o \u015bwieci w ciemno\u015bci, a ciemno\u015b\u0107 go nie ogarn\u0119\u0142a\u201d<\/em>&nbsp;(J 1,5).<\/p>\n\n\n\n<p>W sercu \u015bredniowiecznej Europy, gdy wynalazek druku zaczyna\u0142 rewolucjonizowa\u0107 \u015bwiat, pokorny, lecz wizjonerski cz\u0142owiek \u2014&nbsp;<strong>Johannes Mentelin<\/strong>&nbsp;\u2014 sta\u0142 si\u0119 narz\u0119dziem Opatrzno\u015bci, nios\u0105cym S\u0142owo Bo\u017ce do ludu. Na d\u0142ugo przed tym, jak Marcin Luter przet\u0142umaczy\u0142 Bibli\u0119 na niemiecki (1522\u20131534), Mentelin, wierny katolik, wyda\u0142 ju\u017c&nbsp;<strong>pierwsze drukowane niemieckoj\u0119zyczne Pismo \u015awi\u0119te w 1466 roku<\/strong>. Jego historia to \u015bwiadectwo wiary, kultury i oddania szerzeniu objawionej prawdy.<\/p>\n\n\n\n<h3 class=\"wp-block-heading\"><strong>1. Johannes Mentelin: Cz\u0142owiek, kt\u00f3ry rzuci\u0142 wyzwanie ciemno\u015bciom<\/strong><\/h3>\n\n\n\n<p>Urodzony oko\u0142o 1410 r. w Schlettstadt (obecnie S\u00e9lestat we Francji), Mentelin by\u0142&nbsp;<strong>rzemie\u015blnikiem, kaligrafem i drukarzem<\/strong>&nbsp;dzia\u0142aj\u0105cym w Strasburgu \u2014 kluczowym mie\u015bcie dla rozwoju druku po Gutenbergu. Wbrew powszechnemu przekonaniu,&nbsp;<strong>to nie Luter jako pierwszy przet\u0142umaczy\u0142 Bibli\u0119 na niemiecki<\/strong>. Zas\u0142uga ta nale\u017cy do Mentelina, kt\u00f3ry prze\u0142o\u017cy\u0142 j\u0105 z&nbsp;<strong>Wulgaty \u0141aci\u0144skiej<\/strong>&nbsp;\u015bw. Hieronima, zachowuj\u0105c wierno\u015b\u0107 Magisterium Ko\u015bcio\u0142a.<\/p>\n\n\n\n<p>Jego dzie\u0142o, znane jako&nbsp;<strong>\u201eBiblia Mentelina\u201d<\/strong>, by\u0142o prze\u0142omem:<\/p>\n\n\n\n<ul class=\"wp-block-list\">\n<li><strong>Pierwsza drukowana Biblia po niemiecku<\/strong>\u00a0(1466).<\/li>\n\n\n\n<li>Oparta na\u00a0<strong>przedlutera\u0144skich \u015bredniowiecznych przek\u0142adach<\/strong>\u00a0ju\u017c kr\u0105\u017c\u0105cych w\u015br\u00f3d wiernych.<\/li>\n\n\n\n<li><strong>Arcydzie\u0142o typografii<\/strong>\u00a0\u2014 dow\u00f3d, \u017ce druk Pisma \u015awi\u0119tego nie sprzeciwia\u0142 si\u0119 wierze, lecz j\u0105 szerzy\u0142.<\/li>\n<\/ul>\n\n\n\n<p>Mentelin nie pragn\u0105\u0142 rewolucji, lecz&nbsp;<strong>o\u015bwiecenia dusz<\/strong>. Jego praca mia\u0142a charakter duszpasterski: udost\u0119pni\u0107 Bibli\u0119 w ramach Tradycji Ko\u015bcio\u0142a.<\/p>\n\n\n\n<h3 class=\"wp-block-heading\"><strong>2. Znaczenie teologiczne: S\u0142owo Bo\u017ce dost\u0119pne dla ludu<\/strong><\/h3>\n\n\n\n<p>W czasach, gdy niekt\u00f3rzy oskar\u017caj\u0105 \u015bredniowieczny Ko\u015bci\u00f3\u0142 o \u201eukrywanie\u201d Biblii, dzie\u0142o Mentelina&nbsp;<strong>obala ten mit<\/strong>. Ko\u015bci\u00f3\u0142 zawsze zach\u0119ca\u0142 do pobo\u017cnej lektury Pisma, lecz z&nbsp;<strong>przewodnictwem i rozeznaniem<\/strong>, by unikn\u0105\u0107 b\u0142\u0119dnych interpretacji (jak sta\u0142o si\u0119 p\u00f3\u017aniej w protestantyzmie).<\/p>\n\n\n\n<p><strong>Dlaczego Mentelin jest wa\u017cny dzi\u015b?<\/strong><\/p>\n\n\n\n<ul class=\"wp-block-list\">\n<li><strong>Dowodzi, \u017ce Ko\u015bci\u00f3\u0142 katolicki wspiera\u0142 t\u0142umaczenia Biblii<\/strong>\u00a0na d\u0142ugo przed Reformacj\u0105.<\/li>\n\n\n\n<li><strong>Jego praca ukazuje harmoni\u0119 mi\u0119dzy Pismem a Tradycj\u0105<\/strong>\u00a0\u2014 bez indywidualnej interpretacji.<\/li>\n\n\n\n<li><strong>To wz\u00f3r intelektualnego apostolatu<\/strong>: wykorzysta\u0142 technologi\u0119 swoich czas\u00f3w (druk) do ewangelizacji.<\/li>\n<\/ul>\n\n\n<div class=\"wp-block-image\">\n<figure class=\"aligncenter size-full\"><img loading=\"lazy\" decoding=\"async\" width=\"600\" height=\"360\" src=\"https:\/\/catholicus.eu\/pl\/wp-content\/uploads\/sites\/7\/2025\/06\/mentelin2.jpg\" alt=\"\" class=\"wp-image-4186\" srcset=\"https:\/\/catholicus.eu\/pl\/wp-content\/uploads\/sites\/7\/2025\/06\/mentelin2.jpg 600w, https:\/\/catholicus.eu\/pl\/wp-content\/uploads\/sites\/7\/2025\/06\/mentelin2-300x180.jpg 300w\" sizes=\"auto, (max-width: 600px) 100vw, 600px\" \/><\/figure>\n<\/div>\n\n\n<h3 class=\"wp-block-heading\"><strong>3. Praktyczny przewodnik: Jak na\u015bladowa\u0107 Mentelina na co dzie\u0144<\/strong><\/h3>\n\n\n\n<p><strong>Z teologicznego i duszpasterskiego punktu widzenia<\/strong>&nbsp;\u017cycie Mentelina uczy nas, jak \u017cy\u0107 wiar\u0105 z&nbsp;<strong>kreatywno\u015bci\u0105 i wierno\u015bci\u0105<\/strong>.<\/p>\n\n\n\n<h4 class=\"wp-block-heading\"><strong>A. Ceni\u0107 S\u0142owo Bo\u017ce<\/strong><\/h4>\n\n\n\n<p>Mentelin wydrukowa\u0142 Bibli\u0119 z mi\u0142o\u015bci do Boga, nie dla zysku.&nbsp;<strong>Jak go na\u015bladowa\u0107?<\/strong><\/p>\n\n\n\n<ul class=\"wp-block-list\">\n<li><strong>Czyta\u0107 Pismo \u015awi\u0119te z pobo\u017cno\u015bci\u0105<\/strong>, najlepiej w zatwierdzonym katolickim przek\u0142adzie.<\/li>\n\n\n\n<li><strong>Uczestniczy\u0107 w studiach biblijnych<\/strong>\u00a0prowadzonych przez Ko\u015bci\u00f3\u0142.<\/li>\n\n\n\n<li><strong>Rozwa\u017ca\u0107 S\u0142owo<\/strong>\u00a0na wz\u00f3r Ojc\u00f3w Ko\u015bcio\u0142a.<\/li>\n<\/ul>\n\n\n\n<p><em>\u201eWszelkie Pismo jest przez Boga natchnione i po\u017cyteczne do nauczania, do przekonywania, do poprawiania, do kszta\u0142cenia w sprawiedliwo\u015bci\u201d<\/em>&nbsp;(2 Tm 3,16).<\/p>\n\n\n\n<h4 class=\"wp-block-heading\"><strong>B. Wykorzystywa\u0107 nowoczesne narz\u0119dzia ewangelizacji<\/strong><\/h4>\n\n\n\n<p>Mentelin przyj\u0105\u0142 druk \u2014 \u201enowe medium\u201d swoich czas\u00f3w.&nbsp;<strong>Dzi\u015b jeste\u015bmy wezwani, by u\u017cywa\u0107:<\/strong><\/p>\n\n\n\n<ul class=\"wp-block-list\">\n<li><strong>Medi\u00f3w spo\u0142eczno\u015bciowych<\/strong>\u00a0do g\u0142oszenia Ewangelii.<\/li>\n\n\n\n<li><strong>Podcast\u00f3w, blog\u00f3w i film\u00f3w<\/strong>\u00a0z rzeteln\u0105 tre\u015bci\u0105 katolick\u0105.<\/li>\n\n\n\n<li><strong>Sztuki i kultury<\/strong>\u00a0do ukazywania pi\u0119kna wiary.<\/li>\n<\/ul>\n\n\n\n<h4 class=\"wp-block-heading\"><strong>C. Pozosta\u0107 wiernym Tradycji w czasach zam\u0119tu<\/strong><\/h4>\n\n\n\n<p>Mentelin przet\u0142umaczy\u0142 Bibli\u0119&nbsp;<strong>nie odrywaj\u0105c si\u0119 od Ko\u015bcio\u0142a<\/strong>. Dzi\u015b wielu manipuluje wiar\u0105 dla w\u0142asnych idei.&nbsp;<strong>Jak trwa\u0107 mocno?<\/strong><\/p>\n\n\n\n<ul class=\"wp-block-list\">\n<li><strong>Trzyma\u0107 si\u0119 Magisterium<\/strong>\u00a0(Katechizm, encykliki, nauczanie papie\u017cy).<\/li>\n\n\n\n<li><strong>Pog\u0142\u0119bia\u0107 znajomo\u015b\u0107 doktryny katolickiej<\/strong>, by unika\u0107 b\u0142\u0119d\u00f3w.<\/li>\n\n\n\n<li><strong>\u017by\u0107 sp\u00f3jnie<\/strong>, b\u0119d\u0105c \u015bwiadkami Chrystusa w ze\u015bwiecczonym \u015bwiecie.<\/li>\n<\/ul>\n\n\n\n<h3 class=\"wp-block-heading\"><strong>4. Zako\u0144czenie: Mentelin \u2014 \u015bwiat\u0142o dla naszych czas\u00f3w<\/strong><\/h3>\n\n\n\n<p>Johannes Mentelin to nie tylko posta\u0107 historyczna, ale&nbsp;<strong>wz\u00f3r dla wsp\u00f3\u0142czesnych katolik\u00f3w<\/strong>. W dobie kryzysu wiary jego przyk\u0142ad przypomina nam, \u017ce:<\/p>\n\n\n\n<ul class=\"wp-block-list\">\n<li><strong>Technologia musi s\u0142u\u017cy\u0107 prawdzie.<\/strong><\/li>\n\n\n\n<li><strong>Biblia to skarb, kt\u00f3ry Ko\u015bci\u00f3\u0142 strze\u017ce i dzieli si\u0119 nim.<\/strong><\/li>\n\n\n\n<li><strong>Wierno\u015b\u0107 Bogu wymaga kreatywno\u015bci i odwagi.<\/strong><\/li>\n<\/ul>\n\n\n\n<p>Niech jego wstawiennictwo pomo\u017ce nam by\u0107, jak on,&nbsp;<strong>drukarskimi narz\u0119dziami Boga w sercu \u015bwiata<\/strong>.<\/p>\n\n\n\n<p><strong>A Ty? Jak dzi\u015b zaniesiesz \u015bwiat\u0142o Chrystusa innym?<\/strong><\/p>\n\n\n\n<p><em>\u201eTak niech wasze \u015bwiat\u0142o \u015bwieci przed lud\u017ami, aby widzieli wasze dobre uczynki i chwalili Ojca waszego, kt\u00f3ry jest w niebie\u201d<\/em>&nbsp;(Mt 5,16).<\/p>\n\n\n\n<hr class=\"wp-block-separator has-alpha-channel-opacity\"\/>\n\n\n\n<p>Ten artyku\u0142 nie tylko wydobywa z zapomnienia wielkiego katolika, ale&nbsp;<strong>daje konkretne narz\u0119dzia do \u017cycia wiar\u0105 w XXI wieku<\/strong>. Johannes Mentelin zas\u0142uguje, by pami\u0119ta\u0107 o nim nie jako o przypisie, lecz jako o&nbsp;<strong>gigancie ewangelizacji<\/strong>.<\/p>\n","protected":false},"excerpt":{"rendered":"<p>\u201e\u015awiat\u0142o \u015bwieci w ciemno\u015bci, a ciemno\u015b\u0107 go nie ogarn\u0119\u0142a\u201d&nbsp;(J 1,5). W sercu \u015bredniowiecznej Europy, gdy wynalazek druku zaczyna\u0142 rewolucjonizowa\u0107 \u015bwiat, pokorny, lecz wizjonerski cz\u0142owiek \u2014&nbsp;Johannes Mentelin&nbsp;\u2014 sta\u0142 si\u0119 narz\u0119dziem Opatrzno\u015bci, nios\u0105cym S\u0142owo Bo\u017ce do ludu. Na d\u0142ugo przed tym, jak Marcin Luter przet\u0142umaczy\u0142 Bibli\u0119 na niemiecki (1522\u20131534), Mentelin, wierny katolik, wyda\u0142 ju\u017c&nbsp;pierwsze drukowane niemieckoj\u0119zyczne Pismo &hellip;<\/p>\n","protected":false},"author":3,"featured_media":4185,"comment_status":"open","ping_status":"open","sticky":false,"template":"","format":"standard","meta":{"_seopress_robots_primary_cat":"","_seopress_titles_title":"","_seopress_titles_desc":"","_seopress_robots_index":"","footnotes":""},"categories":[37,45],"tags":[1354],"class_list":["post-4184","post","type-post","status-publish","format-standard","has-post-thumbnail","","category-doktryna-i-wiara","category-pismo-swiete","tag-johannes-mentelin"],"_links":{"self":[{"href":"https:\/\/catholicus.eu\/pl\/wp-json\/wp\/v2\/posts\/4184","targetHints":{"allow":["GET"]}}],"collection":[{"href":"https:\/\/catholicus.eu\/pl\/wp-json\/wp\/v2\/posts"}],"about":[{"href":"https:\/\/catholicus.eu\/pl\/wp-json\/wp\/v2\/types\/post"}],"author":[{"embeddable":true,"href":"https:\/\/catholicus.eu\/pl\/wp-json\/wp\/v2\/users\/3"}],"replies":[{"embeddable":true,"href":"https:\/\/catholicus.eu\/pl\/wp-json\/wp\/v2\/comments?post=4184"}],"version-history":[{"count":1,"href":"https:\/\/catholicus.eu\/pl\/wp-json\/wp\/v2\/posts\/4184\/revisions"}],"predecessor-version":[{"id":4187,"href":"https:\/\/catholicus.eu\/pl\/wp-json\/wp\/v2\/posts\/4184\/revisions\/4187"}],"wp:featuredmedia":[{"embeddable":true,"href":"https:\/\/catholicus.eu\/pl\/wp-json\/wp\/v2\/media\/4185"}],"wp:attachment":[{"href":"https:\/\/catholicus.eu\/pl\/wp-json\/wp\/v2\/media?parent=4184"}],"wp:term":[{"taxonomy":"category","embeddable":true,"href":"https:\/\/catholicus.eu\/pl\/wp-json\/wp\/v2\/categories?post=4184"},{"taxonomy":"post_tag","embeddable":true,"href":"https:\/\/catholicus.eu\/pl\/wp-json\/wp\/v2\/tags?post=4184"}],"curies":[{"name":"wp","href":"https:\/\/api.w.org\/{rel}","templated":true}]}}