{"id":4120,"date":"2025-05-30T23:37:08","date_gmt":"2025-05-30T21:37:08","guid":{"rendered":"https:\/\/catholicus.eu\/pl\/?p=4120"},"modified":"2025-05-30T23:37:08","modified_gmt":"2025-05-30T21:37:08","slug":"wniebowstapienie-chrystus-krol-wstepuje-do-ojca-aby-przygotowac-nam-miejsce","status":"publish","type":"post","link":"https:\/\/catholicus.eu\/pl\/wniebowstapienie-chrystus-krol-wstepuje-do-ojca-aby-przygotowac-nam-miejsce\/","title":{"rendered":"Wniebowst\u0105pienie: Chrystus Kr\u00f3l wst\u0119puje do Ojca, aby przygotowa\u0107 nam miejsce"},"content":{"rendered":"\n<p><em>Duchowy, teologiczny i duszpasterski przewodnik po tajemnicy Wniebowst\u0105pienia w codziennym \u017cyciu<\/em><\/p>\n\n\n\n<hr class=\"wp-block-separator has-alpha-channel-opacity\"\/>\n\n\n\n<h3 class=\"wp-block-heading\"><strong>Wprowadzenie: Ponad chmury \u2013 \u017cywa obietnica<\/strong><\/h3>\n\n\n\n<p>Czterdzie\u015bci dni po radosnym uniesieniu Zmartwychwstania, Ko\u015bci\u00f3\u0142, \u017cyj\u0105c rytmem kalendarza liturgicznego, obchodzi jedno z najg\u0142\u0119bszych, cho\u0107 cz\u0119sto zapomnianych \u015bwi\u0105t: <strong>Wniebowst\u0105pienie Pa\u0144skie<\/strong>. Nie chodzi tu jedynie o przypomnienie spektakularnego momentu, w kt\u00f3rym Jezus \u201ewznosi si\u0119 do nieba\u201d; chodzi o co\u015b znacznie g\u0142\u0119bszego: <strong>Chrystus, uwielbiony Kr\u00f3l, powraca do Ojca, aby przygotowa\u0107 nam miejsce<\/strong>.<\/p>\n\n\n\n<p>Tajemnica ta m\u00f3wi o przeznaczeniu, nadziei i misji. Przypomina nam, \u017ce nie zostali\u015bmy stworzeni do tego, by utkn\u0105\u0107 w tym, co ziemskie, lecz zostali\u015bmy powo\u0142ani do \u017cycia wiecznego. Dzi\u015b, bardziej ni\u017c kiedykolwiek, w \u015bwiecie, kt\u00f3ry biegnie na o\u015blep i zapomina o sensie transcendencji, <strong>or\u0119dzie Wniebowst\u0105pienia jest or\u0119dziem sensu, obietnicy i przysz\u0142o\u015bci<\/strong>.<\/p>\n\n\n\n<hr class=\"wp-block-separator has-alpha-channel-opacity\"\/>\n\n\n\n<h3 class=\"wp-block-heading\"><strong>1. Biblijne fundamenty i \u015bwiadectwo historyczne<\/strong><\/h3>\n\n\n\n<p>Opis Wniebowst\u0105pienia znajdujemy przede wszystkim w dw\u00f3ch fragmentach Pisma \u015awi\u0119tego:<\/p>\n\n\n\n<ul class=\"wp-block-list\">\n<li><strong>Dzieje Apostolskie 1,9\u201311<\/strong>:<\/li>\n<\/ul>\n\n\n\n<blockquote class=\"wp-block-quote is-layout-flow wp-block-quote-is-layout-flow\">\n<p>\u201ePo tych s\u0142owach uni\u00f3s\u0142 si\u0119 w ich obecno\u015bci i ob\u0142ok zabra\u0142 Go im sprzed oczu. Kiedy jeszcze wpatrywali si\u0119 w Niego, jak wst\u0119powa\u0142 do nieba, stan\u0119li przy nich dwaj m\u0119\u017cowie w bia\u0142ych szatach i rzekli: \u2018M\u0119\u017cowie z Galilei, dlaczego stoicie i wpatrujecie si\u0119 w niebo? Ten Jezus, wzi\u0119ty od was do nieba, przyjdzie tak samo, jak widzieli\u015bcie Go wst\u0119puj\u0105cego do nieba.\u2019\u201d<\/p>\n<\/blockquote>\n\n\n\n<ul class=\"wp-block-list\">\n<li><strong>\u0141k 24,50\u201353<\/strong>:<\/li>\n<\/ul>\n\n\n\n<blockquote class=\"wp-block-quote is-layout-flow wp-block-quote-is-layout-flow\">\n<p>\u201ePotem wyprowadzi\u0142 ich ku Betanii i podni\u00f3s\u0142szy r\u0119ce, b\u0142ogos\u0142awi\u0142 ich. A kiedy ich b\u0142ogos\u0142awi\u0142, rozsta\u0142 si\u0119 z nimi i zosta\u0142 uniesiony do nieba.\u201d<\/p>\n<\/blockquote>\n\n\n\n<p>Oba teksty s\u0105 zgodne co do jednego kluczowego faktu: <strong>Jezus nie znika \u2013 On wst\u0119puje<\/strong>. Nie rozp\u0142ywa si\u0119 w powietrzu, ale <strong>wchodzi w nowy stan istnienia<\/strong>, chwalebny i niebia\u0144ski, w pe\u0142nej komunii z Ojcem.<\/p>\n\n\n\n<p>Wniebowst\u0105pienie nie jest ucieczk\u0105 ze \u015bwiata, lecz <strong>ukoronowaniem ziemskiej misji Mesjasza<\/strong>. Po zwyci\u0119stwie nad \u015bmierci\u0105 i grzechem przez krzy\u017c i zmartwychwstanie, <strong>Jezus powraca do chwa\u0142y, kt\u00f3ra by\u0142a Jego jako Syna Bo\u017cego i Pana historii<\/strong>.<\/p>\n\n\n\n<hr class=\"wp-block-separator has-alpha-channel-opacity\"\/>\n\n\n\n<h3 class=\"wp-block-heading\"><strong>2. Znaczenie teologiczne: Chrystus jako Kr\u00f3l i Wieczny Po\u015brednik<\/strong><\/h3>\n\n\n\n<h4 class=\"wp-block-heading\">a. <strong>Jezus, Kr\u00f3l ukoronowany<\/strong><\/h4>\n\n\n\n<p>Wraz ze Wniebowst\u0105pieniem Jezus nie opuszcza swojego Ko\u015bcio\u0142a: <strong>On wst\u0119puje jako Kr\u00f3l<\/strong>, by zasi\u0105\u015b\u0107 na tronie w niebie. \u015awi\u0119ty Pawe\u0142 pisze:<\/p>\n\n\n\n<blockquote class=\"wp-block-quote is-layout-flow wp-block-quote-is-layout-flow\">\n<p>\u201eB\u00f3g wskrzesi\u0142 Go z martwych i posadzi\u0142 po swojej prawicy na wy\u017cynach niebieskich, ponad wszelk\u0105 Zwierzchno\u015bci\u0105 i W\u0142adz\u0105, i Moc\u0105, i Panowaniem\u201d (Ef 1,20\u201321).<\/p>\n<\/blockquote>\n\n\n\n<p>Wniebowst\u0105pienie to <strong>ukoronowanie zmartwychwsta\u0142ego Pana<\/strong>, moment, w kt\u00f3rym Jego uwielbione cz\u0142owiecze\u0144stwo zostaje wprowadzone do chwa\u0142y Ojca. Od tego czasu <strong>prowadzi On histori\u0119<\/strong> i towarzyszy swojemu Ko\u015bcio\u0142owi jako Dobry Pasterz.<\/p>\n\n\n\n<h4 class=\"wp-block-heading\">b. <strong>Jezus, Najwy\u017cszy Kap\u0142an i Po\u015brednik<\/strong><\/h4>\n\n\n\n<p>Katechizm Ko\u015bcio\u0142a Katolickiego (KKK 662) naucza: Chrystus \u201ewszed\u0142 nie do \u015bwi\u0105tyni zbudowanej r\u0119k\u0105 ludzk\u0105, ale do samego nieba, aby teraz wstawia\u0107 si\u0119 za nami przed obliczem Boga\u201d. Jest On Po\u015brednikiem, kt\u00f3ry nieustannie za nami or\u0119duje i zapewnia nieustanne wylanie Ducha \u015awi\u0119tego.<\/p>\n\n\n\n<p>Oznacza to, \u017ce <strong>Jezus nieustannie modli si\u0119 za nas z nieba<\/strong>. Jest naszym Or\u0119downikiem, Naszym Po\u015brednikiem, Najwy\u017cszym Kap\u0142anem, kt\u00f3ry przedstawia Ojcu nasze \u017cycie.<\/p>\n\n\n\n<h4 class=\"wp-block-heading\">c. <strong>Chrystus przygotowuje nam miejsce<\/strong><\/h4>\n\n\n\n<p>Jezus sam obieca\u0142:<\/p>\n\n\n\n<blockquote class=\"wp-block-quote is-layout-flow wp-block-quote-is-layout-flow\">\n<p>\u201eW domu mojego Ojca jest mieszka\u0144 wiele&#8230; Id\u0119 przygotowa\u0107 wam miejsce\u201d (J 14,2).<\/p>\n<\/blockquote>\n\n\n\n<p>Wniebowst\u0105pienie jest wype\u0142nieniem tej obietnicy: <strong>Chrystus otwiera nam bramy nieba<\/strong>. On ju\u017c tam jest \u2013 jako pierworodny spo\u015br\u00f3d zmartwychwsta\u0142ych \u2013 aby\u015bmy mogli do Niego do\u0142\u0105czy\u0107.<\/p>\n\n\n\n<hr class=\"wp-block-separator has-alpha-channel-opacity\"\/>\n\n\n\n<h3 class=\"wp-block-heading\"><strong>3. Duchowe i egzystencjalne implikacje<\/strong><\/h3>\n\n\n\n<h4 class=\"wp-block-heading\">a. <strong>Jeste\u015bmy pielgrzymami \u2013 nie obywatelami tej ziemi na zawsze<\/strong><\/h4>\n\n\n\n<p>Wniebowst\u0105pienie przypomina, \u017ce nasz\u0105 prawdziw\u0105 ojczyzn\u0105 jest niebo (por. Flp 3,20). To \u017cycie \u2013 ze swoimi rado\u015bciami i cierpieniami \u2013 jest drog\u0105, a nie celem ostatecznym. \u017by\u0107 tajemnic\u0105 Wniebowst\u0105pienia to <strong>codziennie patrze\u0107 oczami wieczno\u015bci<\/strong>, znosi\u0107 cierpienia z nadziej\u0105, wiedz\u0105c, \u017ce <strong>Chrystus zwyci\u0119\u017cy\u0142<\/strong> i <strong>czeka na nas<\/strong>.<\/p>\n\n\n\n<h4 class=\"wp-block-heading\">b. <strong>Nasze cia\u0142o i cz\u0142owiecze\u0144stwo s\u0105 powo\u0142ane do chwa\u0142y<\/strong><\/h4>\n\n\n\n<p>Chrystus nie wst\u0105pi\u0142 jako czysty duch, lecz z <strong>uwielbionym cia\u0142em<\/strong>. To oznacza, \u017ce <strong>nasze cz\u0142owiecze\u0144stwo nie jest odrzucone<\/strong>, ale wyniesione. Nasze cia\u0142o, emocje, historia \u2013 wszystko to zmierza ku ostatecznemu odkupieniu. To nadaje g\u0142\u0119bok\u0105 godno\u015b\u0107 naszemu istnieniu i wzywa nas, by\u015bmy prze\u017cywali nasze cia\u0142o jako <strong>\u015bwi\u0105tyni\u0119 Ducha \u015awi\u0119tego<\/strong>.<\/p>\n\n\n\n<h4 class=\"wp-block-heading\">c. <strong>Stopami po ziemi, ale oczami ku niebu<\/strong><\/h4>\n\n\n\n<p>Anio\u0142owie w Dz 1 m\u00f3wi\u0105 jasno: \u201eCzemu stoicie i wpatrujecie si\u0119 w niebo?\u201d. Wniebowst\u0105pienie nie jest zach\u0119t\u0105 do ucieczki, lecz <strong>do misji<\/strong>. Jezus wst\u0119puje, ale <strong>nas posy\u0142a<\/strong>: by\u015bmy ewangelizowali, przemieniali \u015bwiat i <strong>byli \u015bwiadkami Jego Kr\u00f3lestwa<\/strong>.<\/p>\n\n\n\n<hr class=\"wp-block-separator has-alpha-channel-opacity\"\/>\n\n\n\n<h3 class=\"wp-block-heading\"><strong>4. Przewodnik teologiczno-duszpasterski: jak \u017cy\u0107 Wniebowst\u0105pieniem na co dzie\u0144<\/strong><\/h3>\n\n\n\n<h4 class=\"wp-block-heading\"><strong>1. Odn\u00f3w swoj\u0105 nadziej\u0119<\/strong><\/h4>\n\n\n\n<ul class=\"wp-block-list\">\n<li>Codziennie pami\u0119taj, \u017ce <strong>Chrystus kr\u00f3luje w niebie<\/strong>.<\/li>\n\n\n\n<li>W osobistych, rodzinnych, ko\u015bcielnych kryzysach powtarzaj z wiar\u0105: <em>Jezus Chrystus \u017cyje i zasiada po prawicy Ojca<\/em>.<\/li>\n\n\n\n<li>M\u00f3dl si\u0119 uwa\u017cnie s\u0142owami Credo, pozwalaj\u0105c, by fraza \u201ewst\u0105pi\u0142 na niebiosa, siedzi po prawicy Ojca\u201d by\u0142a \u017ar\u00f3d\u0142em pokoju i ufno\u015bci.<\/li>\n<\/ul>\n\n\n\n<h4 class=\"wp-block-heading\"><strong>2. Ofiaruj swoje \u017cycie jako duchow\u0105 ofiar\u0119<\/strong><\/h4>\n\n\n\n<ul class=\"wp-block-list\">\n<li>Jednocz sw\u00f3j dzie\u0144 z dniem Chrystusa: prac\u0119, zm\u0119czenie, rado\u015bci.<\/li>\n\n\n\n<li>Ka\u017cdego ranka m\u00f3w: <em>Jezu, ofiaruj\u0119 Ci ten dzie\u0144; przedstaw go Ojcu jako \u017cyw\u0105 ofiar\u0119<\/em>.<\/li>\n<\/ul>\n\n\n\n<h4 class=\"wp-block-heading\"><strong>3. Szukaj spraw niebieskich, nie gardz\u0105c ziemskimi<\/strong><\/h4>\n\n\n\n<ul class=\"wp-block-list\">\n<li>\u015awi\u0119ty Pawe\u0142 zach\u0119ca: <em>\u201eD\u0105\u017ccie do tego, co w g\u00f3rze, gdzie przebywa Chrystus, zasiadaj\u0105cy po prawicy Boga\u201d<\/em> (Kol 3,1).<\/li>\n\n\n\n<li>To nie oznacza ucieczki od \u015bwiata, lecz <strong>\u017cycie \u015bwiatem z perspektywy nieba<\/strong>.<\/li>\n\n\n\n<li>Znajduj czas na cisz\u0119, modlitw\u0119, kontemplacj\u0119 \u2013 nawet po prostu patrz\u0105c w niebo \u2013 aby pami\u0119ta\u0107 o swojej wiecznej to\u017csamo\u015bci.<\/li>\n<\/ul>\n\n\n\n<h4 class=\"wp-block-heading\"><strong>4. B\u0105d\u017a aktywnym \u015bwiadkiem Kr\u00f3lestwa<\/strong><\/h4>\n\n\n\n<ul class=\"wp-block-list\">\n<li>Wniebowst\u0105pienie posy\u0142a nas do kontynuowania misji Chrystusa.<\/li>\n\n\n\n<li>W domu, pracy, wsp\u00f3lnocie: <strong>b\u0105d\u017a znakiem Kr\u00f3lestwa Bo\u017cego<\/strong> poprzez sprawiedliwo\u015b\u0107, mi\u0142o\u015b\u0107, s\u0142u\u017cb\u0119 i wiar\u0119.<\/li>\n\n\n\n<li>Pytaj siebie: <em>Czy ka\u017cd\u0105 decyzj\u0105 przygotowuj\u0119 si\u0119 na to miejsce, kt\u00f3re Chrystus mi obieca\u0142?<\/em><\/li>\n<\/ul>\n\n\n\n<h4 class=\"wp-block-heading\"><strong>5. \u017byj liturgicznie i sakramentalnie<\/strong><\/h4>\n\n\n\n<ul class=\"wp-block-list\">\n<li>Uczestnicz w Eucharystii z sercem skierowanym ku niebu: tam naprawd\u0119 jeste\u015b zjednoczony z Chrystusem.<\/li>\n\n\n\n<li>Przyjmuj Komuni\u0119 \u015awi\u0119t\u0105 \u015bwiadomie \u2013 jednoczysz si\u0119 z Panem uwielbionym i \u017cywym; ka\u017cda Msza \u015awi\u0119ta to <strong>uczestnictwo w Jego ju\u017c obecnym Kr\u00f3lestwie<\/strong>.<\/li>\n<\/ul>\n\n\n\n<hr class=\"wp-block-separator has-alpha-channel-opacity\"\/>\n\n\n\n<h3 class=\"wp-block-heading\"><strong>5. Wniebowst\u0105pienie dzi\u015b: pilne wezwanie do podniesienia wzroku<\/strong><\/h3>\n\n\n\n<p>\u017byjemy w czasach niepewno\u015bci, indywidualizmu, wojen, kryzys\u00f3w spo\u0142ecznych i duchowego zamieszania. W tym kontek\u015bcie Wniebowst\u0105pienie jest <strong>lekarstwem i kompasem<\/strong>:<\/p>\n\n\n\n<ul class=\"wp-block-list\">\n<li>Przypomina: <strong>nie jeste\u015bmy sami<\/strong> \u2013 Chrystus kr\u00f3luje.<\/li>\n\n\n\n<li>Pociesza: <strong>or\u0119duje za nami<\/strong> i <strong>czeka na nas<\/strong>.<\/li>\n\n\n\n<li>Porusza: <strong>mamy konkretn\u0105 misj\u0119<\/strong> w \u015bwiecie.<\/li>\n\n\n\n<li>Ukierunkowuje: <strong>niebo jest naszym prawdziwym domem<\/strong>, a my jeste\u015bmy w drodze.<\/li>\n<\/ul>\n\n\n\n<p>Wniebowst\u0105pienie jest poniek\u0105d <strong>antidotum na rozpacz<\/strong>. Je\u015bli Jezus zwyci\u0119\u017cy\u0142 i zasiada po prawicy Ojca, to: <strong>historia ma sens<\/strong>, <strong>nasze \u017cycie ma kierunek<\/strong>, a <strong>nasza wiara nie jest daremna<\/strong>.<\/p>\n\n\n\n<hr class=\"wp-block-separator has-alpha-channel-opacity\"\/>\n\n\n\n<h3 class=\"wp-block-heading\"><strong>Zako\u0144czenie: Wst\u0119powa\u0107 z Chrystusem \u2013 ju\u017c tu, na ziemi<\/strong><\/h3>\n\n\n\n<p>Chrystus nie wst\u0119puje, by si\u0119 od nas oddali\u0107, ale <strong>by by\u0107 jeszcze bli\u017cej<\/strong> \u2013 przez Ducha \u015awi\u0119tego. Nie opuszcza \u015bwiata, lecz <strong>obejmuje go z wysoka<\/strong> i <strong>przygotowuje dla nas wieczn\u0105 uczt\u0119<\/strong>.<\/p>\n\n\n\n<p>Niech ka\u017cdy z nas \u2013 stopami mocno st\u0105paj\u0105c po ziemi, ale z sercem wzniesionym ku g\u00f3rze \u2013 prze\u017cywa Wniebowst\u0105pienie jako to, czym naprawd\u0119 jest: <strong>\u017cyw\u0105 obietnic\u0105, wezwaniem do \u015bwi\u0119to\u015bci i zapowiedzi\u0105 chwa\u0142y, kt\u00f3ra nas czeka<\/strong>.<\/p>\n\n\n\n<blockquote class=\"wp-block-quote is-layout-flow wp-block-quote-is-layout-flow\">\n<p><em>\u201eGdzie jest tw\u00f3j skarb, tam b\u0119dzie i serce twoje\u201d<\/em> (Mt 6,21).<br>Niech naszym skarbem b\u0119dzie niebo, gdzie Chrystus nas wyprzedzi\u0142 jako Kr\u00f3l i Brat. A nasze \u017cycie \u2013 zjednoczone z Jego \u2013 niech b\u0119dzie <strong>aktywnym przygotowaniem na dzie\u0144, w kt\u00f3rym, dzi\u0119ki Jego \u0142asce, us\u0142yszymy Jego g\u0142os wo\u0142aj\u0105cy nas po imieniu do miejsca, kt\u00f3re nam przygotowa\u0142.<\/strong><\/p>\n<\/blockquote>\n","protected":false},"excerpt":{"rendered":"<p>Duchowy, teologiczny i duszpasterski przewodnik po tajemnicy Wniebowst\u0105pienia w codziennym \u017cyciu Wprowadzenie: Ponad chmury \u2013 \u017cywa obietnica Czterdzie\u015bci dni po radosnym uniesieniu Zmartwychwstania, Ko\u015bci\u00f3\u0142, \u017cyj\u0105c rytmem kalendarza liturgicznego, obchodzi jedno z najg\u0142\u0119bszych, cho\u0107 cz\u0119sto zapomnianych \u015bwi\u0105t: Wniebowst\u0105pienie Pa\u0144skie. Nie chodzi tu jedynie o przypomnienie spektakularnego momentu, w kt\u00f3rym Jezus \u201ewznosi si\u0119 do nieba\u201d; chodzi o &hellip;<\/p>\n","protected":false},"author":3,"featured_media":4121,"comment_status":"open","ping_status":"open","sticky":false,"template":"","format":"standard","meta":{"_seopress_robots_primary_cat":"","_seopress_titles_title":"","_seopress_titles_desc":"","_seopress_robots_index":"","footnotes":""},"categories":[37,45],"tags":[1334],"class_list":["post-4120","post","type-post","status-publish","format-standard","has-post-thumbnail","","category-doktryna-i-wiara","category-pismo-swiete","tag-wniebowstapienie"],"_links":{"self":[{"href":"https:\/\/catholicus.eu\/pl\/wp-json\/wp\/v2\/posts\/4120","targetHints":{"allow":["GET"]}}],"collection":[{"href":"https:\/\/catholicus.eu\/pl\/wp-json\/wp\/v2\/posts"}],"about":[{"href":"https:\/\/catholicus.eu\/pl\/wp-json\/wp\/v2\/types\/post"}],"author":[{"embeddable":true,"href":"https:\/\/catholicus.eu\/pl\/wp-json\/wp\/v2\/users\/3"}],"replies":[{"embeddable":true,"href":"https:\/\/catholicus.eu\/pl\/wp-json\/wp\/v2\/comments?post=4120"}],"version-history":[{"count":1,"href":"https:\/\/catholicus.eu\/pl\/wp-json\/wp\/v2\/posts\/4120\/revisions"}],"predecessor-version":[{"id":4122,"href":"https:\/\/catholicus.eu\/pl\/wp-json\/wp\/v2\/posts\/4120\/revisions\/4122"}],"wp:featuredmedia":[{"embeddable":true,"href":"https:\/\/catholicus.eu\/pl\/wp-json\/wp\/v2\/media\/4121"}],"wp:attachment":[{"href":"https:\/\/catholicus.eu\/pl\/wp-json\/wp\/v2\/media?parent=4120"}],"wp:term":[{"taxonomy":"category","embeddable":true,"href":"https:\/\/catholicus.eu\/pl\/wp-json\/wp\/v2\/categories?post=4120"},{"taxonomy":"post_tag","embeddable":true,"href":"https:\/\/catholicus.eu\/pl\/wp-json\/wp\/v2\/tags?post=4120"}],"curies":[{"name":"wp","href":"https:\/\/api.w.org\/{rel}","templated":true}]}}