{"id":4117,"date":"2025-05-30T22:30:09","date_gmt":"2025-05-30T20:30:09","guid":{"rendered":"https:\/\/catholicus.eu\/pl\/?p=4117"},"modified":"2025-05-30T22:30:10","modified_gmt":"2025-05-30T20:30:10","slug":"gdy-gasnie-paschal-milczenie-swiatla-i-echo-nadziei","status":"publish","type":"post","link":"https:\/\/catholicus.eu\/pl\/gdy-gasnie-paschal-milczenie-swiatla-i-echo-nadziei\/","title":{"rendered":"GDY GA\u015aNIE PASCHA\u0141: milczenie \u015bwiat\u0142a i echo nadziei"},"content":{"rendered":"\n<p><strong>Wprowadzenie: P\u0142omie\u0144, kt\u00f3ry m\u00f3wi wi\u0119cej ni\u017c ogie\u0144<\/strong><\/p>\n\n\n\n<p>W majestatycznym pi\u0119knie liturgii katolickiej istniej\u0105 znaki, kt\u00f3re \u2013 nawet w ciszy \u2013 g\u0142osz\u0105 prawdy wieczne. Jednym z nich jest <strong>Pascha\u0142<\/strong> \u2013 ta wielka bia\u0142a \u015bwieca, kt\u00f3ra w Noc Zmartwychwstania rozdziera ciemno\u015b\u0107, tak jak Chrystus rozrywa kajdany \u015bmierci. Ale podczas uroczysto\u015bci Zes\u0142ania Ducha \u015awi\u0119tego \u2013 albo, wed\u0142ug niekt\u00f3rych tradycji, na zako\u0144czenie okresu wielkanocnego \u2013 \u015bwiat\u0142o to zostaje zgaszone. I nie chodzi tu o prosty gest rytualny. <strong>Co oznacza zgaszenie Pascha\u0142u? Co Ko\u015bci\u00f3\u0142 chce nam przez to przekaza\u0107? I jak ten g\u0142\u0119boko symboliczny akt mo\u017ce pom\u00f3c nam w codziennym \u017cyciu?<\/strong><\/p>\n\n\n\n<p>Ten artyku\u0142 to zaproszenie do g\u0142\u0119bokiego spojrzenia na t\u0119 chwil\u0119 \u2013 aby wraz z Pascha\u0142em nie zgas\u0142a r\u00f3wnie\u017c nadzieja, wiara i misja, jak\u0105 Chrystus powierzy\u0142 ka\u017cdemu z nas. Bo <strong>gdy Pascha\u0142 ga\u015bnie, co\u015b si\u0119 ko\u0144czy\u2026 ale jeszcze wi\u0119cej si\u0119 zaczyna.<\/strong><\/p>\n\n\n\n<hr class=\"wp-block-separator has-alpha-channel-opacity\"\/>\n\n\n\n<h2 class=\"wp-block-heading\">1. Pascha\u0142: \u015awiat\u0142o zapalone w nocy Zmartwychwstania<\/h2>\n\n\n\n<h3 class=\"wp-block-heading\">Pochodzenie i historia<\/h3>\n\n\n\n<p><strong>Pascha\u0142<\/strong> ma swoje korzenie w najstarszych tradycjach Ko\u015bcio\u0142a. Ju\u017c w pierwszych wiekach chrze\u015bcijanie zapalali w noc Wielkanocn\u0105 wielk\u0105 \u015bwiec\u0119, by og\u0142osi\u0107, \u017ce <strong>Chrystus jest \u015bwiat\u0142o\u015bci\u0105 \u015bwiata<\/strong> (por. J 8,12). \u015awiat\u0142o to by\u0142o uroczy\u015bcie b\u0142ogos\u0142awione, a od niego zapalano inne \u015bwiece \u2013 znak, \u017ce ka\u017cdy chrze\u015bcijanin otrzymuje swoje \u015bwiat\u0142o od Chrystusa.<\/p>\n\n\n\n<p>W dzisiejszej liturgii ten obrz\u0119d zachowa\u0142 wielk\u0105 uroczysto\u015b\u0107: w ciemnym ko\u015bciele kap\u0142an zapala Pascha\u0142 od nowego ognia i trzykrotnie og\u0142asza: <strong>\u201eLumen Christi\u201d<\/strong> (\u015awiat\u0142o Chrystusa), na co wierni odpowiadaj\u0105: <strong>\u201eDeo gratias\u201d<\/strong> (Bogu dzi\u0119ki).<\/p>\n\n\n\n<p>Pascha\u0142 ozdobiony jest krzy\u017cem, literami Alfa i Omega oraz bie\u017c\u0105cym rokiem \u2013 to widzialny znak, \u017ce Chrystus jest Panem czasu i historii.<\/p>\n\n\n\n<hr class=\"wp-block-separator has-alpha-channel-opacity\"\/>\n\n\n\n<h2 class=\"wp-block-heading\">2. Teologia Pascha\u0142u: Chrystus, kt\u00f3ry p\u0142onie, nie spalaj\u0105c<\/h2>\n\n\n\n<h3 class=\"wp-block-heading\">\u017bywe \u015bwiat\u0142o Zmartwychwstania<\/h3>\n\n\n\n<p>Pascha\u0142 <strong>to nie jest po prostu du\u017ca \u015bwieca<\/strong>: to <strong>widzialny symbol Zmartwychwsta\u0142ego Chrystusa<\/strong>. Jego p\u0142omie\u0144 oznacza <strong>zwyci\u0119stwo \u017cycia nad \u015bmierci\u0105<\/strong>, a jego obecno\u015b\u0107 w ci\u0105gu pi\u0119\u0107dziesi\u0119ciu dni wielkanocnych przypomina nam, \u017ce jeste\u015bmy powo\u0142ani, by \u017cy\u0107 jako dzieci \u015bwiat\u0142o\u015bci.<\/p>\n\n\n\n<blockquote class=\"wp-block-quote is-layout-flow wp-block-quote-is-layout-flow\">\n<p><em>\u201eNiegdy\u015b bowiem byli\u015bcie ciemno\u015bci\u0105, lecz teraz jeste\u015bcie \u015bwiat\u0142o\u015bci\u0105 w Panu. Post\u0119pujcie wi\u0119c jak dzieci \u015bwiat\u0142o\u015bci.\u201d<\/em><br>\u2014 List do Efezjan 5,8<\/p>\n<\/blockquote>\n\n\n\n<p>W tym czasie Pascha\u0142 p\u0142onie podczas ka\u017cdej Mszy \u015bwi\u0119tej, widoczny przy prezbiterium \u2013 majestatyczny, milcz\u0105cy. W jego obecno\u015bci sprawuje si\u0119 chrzty, bierzmowania, pogrzeby \u2013 znak, \u017ce \u017cycie wieczne ju\u017c si\u0119 zacz\u0119\u0142o dla tych, kt\u00f3rzy s\u0105 odkupieni w Chrystusie.<\/p>\n\n\n\n<h3 class=\"wp-block-heading\">Ogie\u0144 paschalny i ogie\u0144 misyjny<\/h3>\n\n\n\n<p>Ogie\u0144 zapalany podczas Wigilii Paschalnej nie jest dekoracyjny. To ogie\u0144 nowy, pob\u0142ogos\u0142awiony, <strong>ogie\u0144 odnowienia, oczyszczenia, zmartwychwstania<\/strong>. Nie bez powodu pierwsi chrze\u015bcijanie por\u00f3wnywali Chrystusa do <strong>krzewu gorej\u0105cego<\/strong> (por. Wj 3,2): ogie\u0144, kt\u00f3ry p\u0142onie, lecz nie spala \u2013 obecno\u015b\u0107 Bo\u017ca, kt\u00f3ra przemienia, a nie niszczy.<\/p>\n\n\n\n<hr class=\"wp-block-separator has-alpha-channel-opacity\"\/>\n\n\n\n<h2 class=\"wp-block-heading\">3. Dlaczego Pascha\u0142 ga\u015bnie?<\/h2>\n\n\n\n<h3 class=\"wp-block-heading\">Koniec etapu, pocz\u0105tek misji<\/h3>\n\n\n\n<p>Pascha\u0142 ga\u015bnie na zako\u0144czenie okresu wielkanocnego, czyli po pi\u0119\u0107dziesi\u0119ciu dniach od Niedzieli Zmartwychwstania. W wielu ko\u015bcio\u0142ach dzieje si\u0119 to podczas uroczysto\u015bci <strong>Zes\u0142ania Ducha \u015awi\u0119tego<\/strong>.<\/p>\n\n\n\n<p><strong>Dlaczego ga\u015bnie?<\/strong> Poniewa\u017c <strong>Chrystus wst\u0105pi\u0142 do nieba<\/strong>, a teraz <strong>Jego \u015bwiat\u0142o \u017cyje w nas przez \u0142ask\u0119 Ducha \u015awi\u0119tego<\/strong>. \u015awieca ga\u015bnie, ale <strong>my mamy zapali\u0107 nasz wewn\u0119trzny p\u0142omie\u0144<\/strong>, by kontynuowa\u0107 dzie\u0142o Zmartwychwsta\u0142ego w \u015bwiecie.<\/p>\n\n\n\n<blockquote class=\"wp-block-quote is-layout-flow wp-block-quote-is-layout-flow\">\n<p><em>\u201eWy jeste\u015bcie \u015bwiat\u0142em \u015bwiata. Nie mo\u017ce si\u0119 ukry\u0107 miasto po\u0142o\u017cone na g\u00f3rze.\u201d<\/em><br>\u2014 Ewangelia wg \u015bw. Mateusza 5,14<\/p>\n<\/blockquote>\n\n\n\n<p>To jakby Ko\u015bci\u00f3\u0142 m\u00f3wi\u0142 nam: <strong>Chrystus zmartwychwsta\u0142, ale teraz to ty masz nie\u015b\u0107 Jego \u015bwiat\u0142o<\/strong>. Pascha\u0142 ga\u015bnie \u2013 ale twoja dusza ma nadal p\u0142on\u0105\u0107.<\/p>\n\n\n\n<hr class=\"wp-block-separator has-alpha-channel-opacity\"\/>\n\n\n\n<h2 class=\"wp-block-heading\">4. Przewodnik teologiczno-duszpasterski: Jak \u017cy\u0107 symbolem Pascha\u0142u<\/h2>\n\n\n\n<h3 class=\"wp-block-heading\">A. Codzienne prze\u017cywanie Paschy<\/h3>\n\n\n\n<p>Nie prze\u017cywaj Zmartwychwstania jako wydarzenia z przesz\u0142o\u015bci. Wielkanoc to nie tylko \u015bwi\u0119to \u2013 to <strong>styl \u017cycia<\/strong>. Wobec gasn\u0105cego Pascha\u0142u zadaj sobie pytania:<\/p>\n\n\n\n<ul class=\"wp-block-list\">\n<li>Gdzie dzi\u015b potrzebuj\u0119 \u015bwiat\u0142a w moim \u017cyciu?<\/li>\n\n\n\n<li>Czy jestem \u017ar\u00f3d\u0142em nadziei dla innych?<\/li>\n\n\n\n<li>Czy pozwalam, by ciemno\u015b\u0107 \u015bwiata gasi\u0142a moj\u0105 wiar\u0119?<\/li>\n<\/ul>\n\n\n\n<p>Zmartwychwstanie to wewn\u0119trzne wyj\u015bcie z niewoli. Chrystus powstaje r\u00f3wnie\u017c w twojej osobistej historii.<\/p>\n\n\n\n<h3 class=\"wp-block-heading\">B. Przyj\u0105\u0107 misj\u0119 Ducha \u015awi\u0119tego<\/h3>\n\n\n\n<p>Pascha\u0142 ga\u015bnie, bo <strong>Duch \u015awi\u0119ty rozpala Ko\u015bci\u00f3\u0142<\/strong>. Wniebowst\u0105pienie i Zes\u0142anie Ducha posy\u0142aj\u0105 nas na \u015bwiat \u2013 nie dla wygody, ale <strong>by by\u0107 \u015bwiadkami<\/strong>.<\/p>\n\n\n\n<ul class=\"wp-block-list\">\n<li>M\u00f3dl si\u0119 codziennie rano do Ducha \u015awi\u0119tego: \u201ePrzyjd\u017a, o\u015bwie\u0107 m\u00f3j dzie\u0144\u201d.<\/li>\n\n\n\n<li>Pozw\u00f3l, by S\u0142owo Bo\u017ce by\u0142o twoj\u0105 lamp\u0105 (por. Ps 119,105).<\/li>\n\n\n\n<li>B\u0105d\u017a \u017cyw\u0105 \u015bwiec\u0105: cierpliwy, gorliwy, mi\u0142osierny.<\/li>\n<\/ul>\n\n\n\n<h3 class=\"wp-block-heading\">C. By\u0107 \u015bwiat\u0142em na co dzie\u0144<\/h3>\n\n\n\n<p>\u015awiat dzisiaj potrzebuje \u015bwiat\u0142a bardziej ni\u017c kiedykolwiek. Nie teorii, nie pustych s\u0142\u00f3w. Potrzebuje ludzi, kt\u00f3rzy \u015bwiec\u0105 \u2013 wiarygodnych, autentycznych. By\u0107 \u015bwiat\u0142em to nie znaczy \u015bwieci\u0107 dla siebie, ale <strong>prowadzi\u0107 innych do Chrystusa<\/strong>.<\/p>\n\n\n\n<ul class=\"wp-block-list\">\n<li>W rodzinie: Czy jeste\u015b \u017ar\u00f3d\u0142em jedno\u015bci czy podzia\u0142u?<\/li>\n\n\n\n<li>W pracy: Czy jeste\u015b przyk\u0142adem sprawiedliwo\u015bci i s\u0142u\u017cby?<\/li>\n\n\n\n<li>W mediach spo\u0142eczno\u015bciowych: Czy szerzysz ciemno\u015b\u0107 czy Ewangeli\u0119?<\/li>\n<\/ul>\n\n\n\n<hr class=\"wp-block-separator has-alpha-channel-opacity\"\/>\n\n\n\n<h2 class=\"wp-block-heading\">5. Przes\u0142anie na czasy ciemno\u015bci<\/h2>\n\n\n\n<p>W \u015bwiecie dotkni\u0119tym wojnami, podzia\u0142ami, nihilizmem i duchow\u0105 pustk\u0105, gasn\u0105cy Pascha\u0142 wydaje si\u0119 gorzk\u0105 metafor\u0105: Czy Chrystus nas opu\u015bci\u0142? Czy jeste\u015bmy sami?<\/p>\n\n\n\n<p>A jednak: <strong>chrze\u015bcijanie nie \u017cyj\u0105 pustymi symbolami, lecz wiecznymi rzeczywisto\u015bciami<\/strong>. Pascha\u0142 ga\u015bnie \u2013 tak. Ale nie dlatego, \u017ce \u015bwiat\u0142o znikn\u0119\u0142o, lecz <strong>dlatego, \u017ce teraz ma \u017cy\u0107 w tobie<\/strong>.<\/p>\n\n\n\n<blockquote class=\"wp-block-quote is-layout-flow wp-block-quote-is-layout-flow\">\n<p><em>\u201eJu\u017c nie nazywam was s\u0142ugami&#8230; lecz nazwa\u0142em was przyjaci\u00f3\u0142mi.\u201d<\/em><br>\u2014 Ewangelia wg \u015bw. Jana 15,15<\/p>\n<\/blockquote>\n\n\n\n<p>Chrystus ci ufa. Jak Marii Magdalenie, Piotrowi, Paw\u0142owi \u2013 <strong>teraz ty jeste\u015b \u017cyw\u0105 \u015bwiec\u0105 w ciemno\u015bciach XXI wieku.<\/strong><\/p>\n\n\n\n<hr class=\"wp-block-separator has-alpha-channel-opacity\"\/>\n\n\n\n<h2 class=\"wp-block-heading\">6. Praktyczne zastosowania: Jak prze\u017cy\u0107 zga\u015bni\u0119cie Pascha\u0142u<\/h2>\n\n\n\n<h3 class=\"wp-block-heading\">\u2726 <strong>Zr\u00f3b duchowy bilans Wielkanocy<\/strong><\/h3>\n\n\n\n<p>Zadaj sobie pytania:<\/p>\n\n\n\n<ul class=\"wp-block-list\">\n<li>Jakie owoce przynios\u0142a mi ta Pascha?<\/li>\n\n\n\n<li>Gdzie do\u015bwiadczy\u0142em \u201eprzej\u015bcia\u201d Pana?<\/li>\n\n\n\n<li>Co jeszcze musz\u0119 zostawi\u0107, nawr\u00f3ci\u0107, odnowi\u0107?<\/li>\n<\/ul>\n\n\n\n<p>Uczy\u0144 to na modlitwie \u2013 mo\u017ce przed Naj\u015bwi\u0119tszym Sakramentem. Tam Chrystus m\u00f3wi: \u201eMoje \u015bwiat\u0142o jest w tobie\u201d.<\/p>\n\n\n\n<h3 class=\"wp-block-heading\">\u2726 <strong>Odn\u00f3w przyrzeczenia chrzcielne<\/strong><\/h3>\n\n\n\n<p>W Noc Paschaln\u0105 odnawiamy przyrzeczenia chrzcielne. Pod koniec okresu wielkanocnego warto je ponownie przemy\u015ble\u0107:<\/p>\n\n\n\n<ul class=\"wp-block-list\">\n<li>Wyrzeczenie si\u0119 z\u0142a,<\/li>\n\n\n\n<li>Wyznanie wiary katolickiej,<\/li>\n\n\n\n<li>\u017bycie wed\u0142ug Ewangelii.<\/li>\n<\/ul>\n\n\n\n<p>Mo\u017cesz je spisa\u0107 i trzyma\u0107 w widocznym miejscu.<\/p>\n\n\n\n<h3 class=\"wp-block-heading\">\u2726 <strong>Sta\u0144 si\u0119 Pascha\u0142em dla innych<\/strong><\/h3>\n\n\n\n<p>Poprzez konkretne gesty:<\/p>\n\n\n\n<ul class=\"wp-block-list\">\n<li>Odwied\u017a chorego,<\/li>\n\n\n\n<li>Wys\u0142uchaj bez oceniania,<\/li>\n\n\n\n<li>Pom\u00f3\u017c osobie w potrzebie,<\/li>\n\n\n\n<li>Pom\u00f3dl si\u0119 z kim\u015b.<\/li>\n<\/ul>\n\n\n\n<p>Pami\u0119taj: Jedna \u015bwieca mo\u017ce zapali\u0107 wiele innych, nie gasn\u0105c.<\/p>\n\n\n\n<hr class=\"wp-block-separator has-alpha-channel-opacity\"\/>\n\n\n\n<h2 class=\"wp-block-heading\">Zako\u0144czenie: Pascha\u0142 ga\u015bnie \u2013 ale ty jeste\u015b wezwany, by p\u0142on\u0105\u0107<\/h2>\n\n\n\n<p>Gdy ga\u015bnie Pascha\u0142, Wielkanoc si\u0119 nie ko\u0144czy\u2026 <strong>ona zaczyna si\u0119 rozprzestrzenia\u0107<\/strong>. Widzialny p\u0142omie\u0144 ga\u015bnie, by tysi\u0105ce niewidzialnych mog\u0142y si\u0119 zapali\u0107. Chrystus nie jest ju\u017c obecny fizycznie, ale <strong>\u017cyje w nas<\/strong> \u2013 i przez nas w \u015bwiecie.<\/p>\n\n\n\n<p>Co roku ten liturgiczny gest pyta ci\u0119: <strong>Czy jeste\u015b got\u00f3w by\u0107 \u015bwiat\u0142em?<\/strong><br>Czy jeste\u015b got\u00f3w troch\u0119 si\u0119 spali\u0107, ogrza\u0107, o\u015bwieci\u0107, da\u0107 si\u0119 zu\u017cy\u0107, by \u015bwieci\u0107?<\/p>\n\n\n\n<p>Pascha\u0142 ga\u015bnie\u2026 ale ty mo\u017cesz p\u0142on\u0105\u0107.<br>Nie z pr\u00f3\u017cno\u015bci, lecz z mi\u0142o\u015bci.<br>Nie z pychy, lecz aby inni \u2013 przez ciebie \u2013 odnale\u017ali Boga.<\/p>\n\n\n\n<hr class=\"wp-block-separator has-alpha-channel-opacity\"\/>\n\n\n\n<p><strong>\u201eA \u015bwiat\u0142o\u015b\u0107 w ciemno\u015bci \u015bwieci i ciemno\u015b\u0107 jej nie ogarn\u0119\u0142a.\u201d<\/strong><br>\u2014 <em>Ewangelia wg \u015bw. Jana 1,5<\/em><\/p>\n\n\n\n<hr class=\"wp-block-separator has-alpha-channel-opacity\"\/>\n\n\n\n<p>Czy pozwolisz, by to \u015bwiat\u0142o w tobie nadal p\u0142on\u0119\u0142o?<br>Bo <strong>nawet je\u015bli Pascha\u0142 ga\u015bnie\u2026 Pascha nigdy nie ko\u0144czy si\u0119 w sercu tego, kto wierzy.<\/strong><\/p>\n","protected":false},"excerpt":{"rendered":"<p>Wprowadzenie: P\u0142omie\u0144, kt\u00f3ry m\u00f3wi wi\u0119cej ni\u017c ogie\u0144 W majestatycznym pi\u0119knie liturgii katolickiej istniej\u0105 znaki, kt\u00f3re \u2013 nawet w ciszy \u2013 g\u0142osz\u0105 prawdy wieczne. Jednym z nich jest Pascha\u0142 \u2013 ta wielka bia\u0142a \u015bwieca, kt\u00f3ra w Noc Zmartwychwstania rozdziera ciemno\u015b\u0107, tak jak Chrystus rozrywa kajdany \u015bmierci. Ale podczas uroczysto\u015bci Zes\u0142ania Ducha \u015awi\u0119tego \u2013 albo, wed\u0142ug niekt\u00f3rych &hellip;<\/p>\n","protected":false},"author":3,"featured_media":4118,"comment_status":"open","ping_status":"open","sticky":false,"template":"","format":"standard","meta":{"_seopress_robots_primary_cat":"","_seopress_titles_title":"","_seopress_titles_desc":"","_seopress_robots_index":"","footnotes":""},"categories":[38,52],"tags":[1333],"class_list":["post-4117","post","type-post","status-publish","format-standard","has-post-thumbnail","","category-historia-i-tradycja","category-liturgia-i-rok-liturgiczny","tag-gasnie-paschal"],"_links":{"self":[{"href":"https:\/\/catholicus.eu\/pl\/wp-json\/wp\/v2\/posts\/4117","targetHints":{"allow":["GET"]}}],"collection":[{"href":"https:\/\/catholicus.eu\/pl\/wp-json\/wp\/v2\/posts"}],"about":[{"href":"https:\/\/catholicus.eu\/pl\/wp-json\/wp\/v2\/types\/post"}],"author":[{"embeddable":true,"href":"https:\/\/catholicus.eu\/pl\/wp-json\/wp\/v2\/users\/3"}],"replies":[{"embeddable":true,"href":"https:\/\/catholicus.eu\/pl\/wp-json\/wp\/v2\/comments?post=4117"}],"version-history":[{"count":1,"href":"https:\/\/catholicus.eu\/pl\/wp-json\/wp\/v2\/posts\/4117\/revisions"}],"predecessor-version":[{"id":4119,"href":"https:\/\/catholicus.eu\/pl\/wp-json\/wp\/v2\/posts\/4117\/revisions\/4119"}],"wp:featuredmedia":[{"embeddable":true,"href":"https:\/\/catholicus.eu\/pl\/wp-json\/wp\/v2\/media\/4118"}],"wp:attachment":[{"href":"https:\/\/catholicus.eu\/pl\/wp-json\/wp\/v2\/media?parent=4117"}],"wp:term":[{"taxonomy":"category","embeddable":true,"href":"https:\/\/catholicus.eu\/pl\/wp-json\/wp\/v2\/categories?post=4117"},{"taxonomy":"post_tag","embeddable":true,"href":"https:\/\/catholicus.eu\/pl\/wp-json\/wp\/v2\/tags?post=4117"}],"curies":[{"name":"wp","href":"https:\/\/api.w.org\/{rel}","templated":true}]}}