{"id":4111,"date":"2025-05-29T21:38:17","date_gmt":"2025-05-29T19:38:17","guid":{"rendered":"https:\/\/catholicus.eu\/pl\/?p=4111"},"modified":"2025-05-29T21:38:17","modified_gmt":"2025-05-29T19:38:17","slug":"pax-zapomniany-skarb-pokoju-i-komunii-w-tradycyjnej-liturgii","status":"publish","type":"post","link":"https:\/\/catholicus.eu\/pl\/pax-zapomniany-skarb-pokoju-i-komunii-w-tradycyjnej-liturgii\/","title":{"rendered":"Pax: Zapomniany Skarb Pokoju i Komunii w Tradycyjnej Liturgii"},"content":{"rendered":"\n<h3 class=\"wp-block-heading\"><strong>Wprowadzenie: Pax &#8211; co\u015b wi\u0119cej ni\u017c tylko przedmiot liturgiczny<\/strong><\/h3>\n\n\n\n<p>W coraz bardziej zindywidualizowanym spo\u0142ecze\u0144stwie, gdzie ludzkie kontakty ograniczaj\u0105 si\u0119 do wiadomo\u015bci cyfrowych, a relacje staj\u0105 si\u0119 bezosobowe, Ko\u015bci\u00f3\u0142 Katolicki zawsze zachowywa\u0142 konkretne gesty wyra\u017caj\u0105ce&nbsp;<em>bratersk\u0105 komuni\u0119<\/em>. Jednym z takich dzi\u015b niemal zapomnianych, lecz bogatych teologicznie gest\u00f3w jest&nbsp;<strong>Pax<\/strong>&nbsp;(znany tak\u017ce jako&nbsp;<em>Tablica Pokoju<\/em>,&nbsp;<em>Osculatorium<\/em>&nbsp;lub&nbsp;<em>Poca\u0142unek Pokoju<\/em>).<\/p>\n\n\n\n<p>Ten niewielki przedmiot liturgiczny, cz\u0119sto wykonany z metalu szlachetnego, ko\u015bci s\u0142oniowej lub rze\u017abionego drewna, nie by\u0142 jedynie ceremonialnym narz\u0119dziem, ale&nbsp;<em>namacalnym symbolem chrze\u015bcija\u0144skiej mi\u0142o\u015bci<\/em>&nbsp;&#8211; przypomnieniem, \u017ce Msza nie jest aktem prywatnym, lecz zgromadzeniem dzieci Bo\u017cych wok\u00f3\u0142 O\u0142tarza Ofiary.<\/p>\n\n\n\n<p>W tym artykule zg\u0142\u0119bimy:<\/p>\n\n\n\n<ol start=\"1\" class=\"wp-block-list\">\n<li><strong>Historyczne korzenie Paxu<\/strong><\/li>\n\n\n\n<li><strong>Jego teologiczne znaczenie i zwi\u0105zek z Pismem \u015awi\u0119tym<\/strong><\/li>\n\n\n\n<li><strong>Jego u\u017cycie w tradycyjnej liturgii<\/strong><\/li>\n\n\n\n<li><strong>Jego aktualne znaczenie i jak mo\u017cemy przywr\u00f3ci\u0107 jego ducha<\/strong><\/li>\n<\/ol>\n\n\n\n<h3 class=\"wp-block-heading\"><strong>I. Historia Paxu: Od pierwszych chrze\u015bcijan do tradycyjnego rytu<\/strong><\/h3>\n\n\n\n<h4 class=\"wp-block-heading\"><strong>A. Pocz\u0105tki w Ko\u015bciele pierwotnym<\/strong><\/h4>\n\n\n\n<p>Gest pokoju ma swoje korzenie w samym Nowym Testamencie. \u015aw. Pawe\u0142 napomina:&nbsp;<em>&#8222;Pozdr\u00f3wcie si\u0119 nawzajem \u015bwi\u0119tym poca\u0142unkiem&#8221;<\/em>&nbsp;(Rz 16,16). Ten &#8222;\u015bwi\u0119ty poca\u0142unek&#8221; (osculum pacis) by\u0142 znakiem jedno\u015bci mi\u0119dzy wiernymi przed przyj\u0119ciem Eucharystii, jako przygotowanie do Uczty Ofiarnej.<\/p>\n\n\n\n<p>Z czasem, by unikn\u0105\u0107 zamieszania i zachowa\u0107 nabo\u017cno\u015b\u0107, Ko\u015bci\u00f3\u0142 uregulowa\u0142 ten gest. Zamiast bezpo\u015bredniego poca\u0142unku wprowadzono \u015bwi\u0119ty przedmiot symbolizuj\u0105cy pok\u00f3j:&nbsp;<strong>Pax<\/strong>.<\/p>\n\n\n\n<h4 class=\"wp-block-heading\"><strong>B. Rozw\u00f3j liturgiczny w \u015bredniowieczu<\/strong><\/h4>\n\n\n\n<p>Podczas uroczystej Mszy w rycie trydenckim, Pax u\u017cywany by\u0142 po&nbsp;<em>Agnus Dei<\/em>. Kap\u0142an ca\u0142owa\u0142 o\u0142tarz (symbol Chrystusa), a nast\u0119pnie Pax, m\u00f3wi\u0105c:&nbsp;<em>&#8222;Pax tecum&#8221;<\/em>&nbsp;(&#8222;Pok\u00f3j z tob\u0105&#8221;). Ministrant zanosi\u0142 go nast\u0119pnie do wiernych, zaczynaj\u0105c od pierwszej osoby w \u0142awce, kt\u00f3ra ca\u0142owa\u0142a go i przekazywa\u0142a dalej, powtarzaj\u0105c pozdrowienie.<\/p>\n\n\n\n<p>Ten gest nie by\u0142 jedynie formalno\u015bci\u0105, ale&nbsp;<strong>g\u0142\u0119bokim wyrazem pojednania i braterskiej mi\u0142o\u015bci<\/strong>, przypominaj\u0105cym s\u0142owa Chrystusa:&nbsp;<em>&#8222;Je\u015bli wi\u0119c przyniesiesz dar sw\u00f3j przed o\u0142tarz i tam wspomnisz, \u017ce brat tw\u00f3j ma co\u015b przeciw tobie, zostaw tam dar sw\u00f3j przed o\u0142tarzem, a najpierw id\u017a i pojednaj si\u0119 z bratem swoim&#8221;<\/em>&nbsp;(Mt 5,23-24).<\/p>\n\n\n\n<h3 class=\"wp-block-heading\"><strong>II. Znaczenie teologiczne: Pok\u00f3j jako dar Chrystusa<\/strong><\/h3>\n\n\n\n<p>Pax nie by\u0142 zwyk\u0142ym pozdrowieniem, ale&nbsp;<strong>sacramentale<\/strong>&nbsp;wyra\u017caj\u0105cym duchowe rzeczywisto\u015bci:<\/p>\n\n\n\n<ol start=\"1\" class=\"wp-block-list\">\n<li><strong>Pok\u00f3j Chrystusowy<\/strong>: Nie \u015bwiatowy pok\u00f3j, ale ten kt\u00f3ry wyp\u0142ywa z Krzy\u017ca (J 14,27)<\/li>\n\n\n\n<li><strong>Jedno\u015b\u0107 Ko\u015bcio\u0142a<\/strong>: Przekazuj\u0105c go, wierni ukazywali, \u017ce s\u0105\u00a0<em>&#8222;jednym cia\u0142em w Chrystusie&#8221;<\/em>\u00a0(Rz 12,5)<\/li>\n\n\n\n<li><strong>Pojednanie<\/strong>: Przed Komuni\u0105 powinni by\u0107 w stanie \u0142aski i mi\u0142o\u015bci z bli\u017anim<\/li>\n<\/ol>\n\n\n\n<h3 class=\"wp-block-heading\"><strong>III. Praktyczny przewodnik: Jak u\u017cywano Paxu?<\/strong><\/h3>\n\n\n\n<h4 class=\"wp-block-heading\"><strong>A. Obrz\u0119d w tradycyjnej Mszy<\/strong><\/h4>\n\n\n\n<ol start=\"1\" class=\"wp-block-list\">\n<li><strong>Moment<\/strong>: Po\u00a0<em>Agnus Dei<\/em>, przed Komuni\u0105<\/li>\n\n\n\n<li><strong>Gesty<\/strong>:\n<ul class=\"wp-block-list\">\n<li>Kap\u0142an ca\u0142uje o\u0142tarz, nast\u0119pnie Pax<\/li>\n\n\n\n<li>Ministrant zanosi go do wiernych m\u00f3wi\u0105c:\u00a0<em>&#8222;Pax tecum&#8221;<\/em><\/li>\n\n\n\n<li>Pierwszy wierny ca\u0142uje go, odpowiada\u00a0<em>&#8222;Et cum spiritu tuo&#8221;<\/em>\u00a0i przekazuje dalej<\/li>\n<\/ul>\n<\/li>\n\n\n\n<li><strong>Postawa wewn\u0119trzna<\/strong>: Przyjmuj\u0105cy powinni to czyni\u0107 z nabo\u017cno\u015bci\u0105, pami\u0119taj\u0105c o \u015bwi\u0119tym znaku<\/li>\n<\/ol>\n\n\n\n<h4 class=\"wp-block-heading\"><strong>B. Dlaczego nie jest ju\u017c u\u017cywany?<\/strong><\/h4>\n\n\n\n<p>Po reformie liturgicznej po Vaticanum II wiele obrz\u0119d\u00f3w uproszczono, a znak pokoju zast\u0105piono u\u015bciskiem d\u0142oni mi\u0119dzy wiernymi. Jednak w niekt\u00f3rych wsp\u00f3lnotach odprawiaj\u0105cych Msz\u0119 tradycyjn\u0105, Pax jest nadal zachowany.<\/p>\n\n\n\n<h3 class=\"wp-block-heading\"><strong>IV. Aktualne znaczenie: Przywr\u00f3ci\u0107 ducha Paxu<\/strong><\/h3>\n\n\n\n<p>Dzi\u015b, gdy wielu katolik\u00f3w uczestniczy we Mszy nie znaj\u0105c swoich s\u0105siad\u00f3w w \u0142awce, Pax stawia nam pytania:<\/p>\n\n\n\n<ol start=\"1\" class=\"wp-block-list\">\n<li><strong>O \u017cycie mi\u0142o\u015bci\u0105<\/strong>: Pok\u00f3j to nie tylko mechaniczny gest, ale wezwanie do prawdziwej jedno\u015bci<\/li>\n\n\n\n<li><strong>O przywr\u00f3cenie sacrum<\/strong>: Pax przypomina, \u017ce pok\u00f3j jest darem Bo\u017cym, nie tylko pozdrowieniem<\/li>\n\n\n\n<li><strong>O przygotowanie do Komunii<\/strong>: Jak pierwsi chrze\u015bcijanie, powinni\u015bmy bada\u0107 sumienie<\/li>\n<\/ol>\n\n\n\n<h4 class=\"wp-block-heading\"><strong>Jak zastosowa\u0107 to dzi\u015b?<\/strong><\/h4>\n\n\n\n<ul class=\"wp-block-list\">\n<li>Je\u015bli uczestniczysz w tradycyjnej Mszy, bierz udzia\u0142 w tym obrz\u0119dzie z pobo\u017cno\u015bci\u0105<\/li>\n\n\n\n<li>We wsp\u00f3\u0142czesnej Mszy, prze\u017cywaj znak pokoju w duchu pojednania<\/li>\n\n\n\n<li>W domu, miej replik\u0119 Paxu jako przypomnienie pokoju Chrystusowego<\/li>\n<\/ul>\n\n\n\n<h3 class=\"wp-block-heading\"><strong>Zako\u0144czenie: Zaproszenie do braterskiej jedno\u015bci<\/strong><\/h3>\n\n\n\n<p>Pax nie jest reliktem przesz\u0142o\u015bci, ale&nbsp;<strong>zaproszeniem do prze\u017cywania autentycznego chrze\u015bcija\u0144skiego pokoju<\/strong>. W podzielonym \u015bwiecie, katolicy s\u0105 wezwani by by\u0107&nbsp;<em>narz\u0119dziami tego pokoju<\/em>, zaczynaj\u0105c od \u017cycia sakramentalnego i wsp\u00f3lnotowego.<\/p>\n\n\n\n<p>Jak modli\u0142 si\u0119 \u015bw. Franciszek:&nbsp;<em>&#8222;Panie, uczy\u0144 mnie narz\u0119dziem Twego pokoju&#8221;<\/em>. Niech duch Paxu odrodzi si\u0119 w naszych sercach i parafiach.<\/p>\n\n\n\n<p><strong>Pax Christi sit semper vobiscum.<\/strong>&nbsp;(Pok\u00f3j Chrystusa niech b\u0119dzie z wami zawsze.)<\/p>\n\n\n\n<p><em>Czy zna\u0142e\u015b Pax? Podziel si\u0119 w komentarzach, jak prze\u017cywasz znak pokoju w swojej parafii!<\/em><\/p>\n","protected":false},"excerpt":{"rendered":"<p>Wprowadzenie: Pax &#8211; co\u015b wi\u0119cej ni\u017c tylko przedmiot liturgiczny W coraz bardziej zindywidualizowanym spo\u0142ecze\u0144stwie, gdzie ludzkie kontakty ograniczaj\u0105 si\u0119 do wiadomo\u015bci cyfrowych, a relacje staj\u0105 si\u0119 bezosobowe, Ko\u015bci\u00f3\u0142 Katolicki zawsze zachowywa\u0142 konkretne gesty wyra\u017caj\u0105ce&nbsp;bratersk\u0105 komuni\u0119. Jednym z takich dzi\u015b niemal zapomnianych, lecz bogatych teologicznie gest\u00f3w jest&nbsp;Pax&nbsp;(znany tak\u017ce jako&nbsp;Tablica Pokoju,&nbsp;Osculatorium&nbsp;lub&nbsp;Poca\u0142unek Pokoju). Ten niewielki przedmiot liturgiczny, cz\u0119sto &hellip;<\/p>\n","protected":false},"author":3,"featured_media":4112,"comment_status":"open","ping_status":"open","sticky":false,"template":"","format":"standard","meta":{"_seopress_robots_primary_cat":"","_seopress_titles_title":"","_seopress_titles_desc":"","_seopress_robots_index":"","footnotes":""},"categories":[38,52],"tags":[1331,1330],"class_list":["post-4111","post","type-post","status-publish","format-standard","has-post-thumbnail","","category-historia-i-tradycja","category-liturgia-i-rok-liturgiczny","tag-osculatorium","tag-pax"],"_links":{"self":[{"href":"https:\/\/catholicus.eu\/pl\/wp-json\/wp\/v2\/posts\/4111","targetHints":{"allow":["GET"]}}],"collection":[{"href":"https:\/\/catholicus.eu\/pl\/wp-json\/wp\/v2\/posts"}],"about":[{"href":"https:\/\/catholicus.eu\/pl\/wp-json\/wp\/v2\/types\/post"}],"author":[{"embeddable":true,"href":"https:\/\/catholicus.eu\/pl\/wp-json\/wp\/v2\/users\/3"}],"replies":[{"embeddable":true,"href":"https:\/\/catholicus.eu\/pl\/wp-json\/wp\/v2\/comments?post=4111"}],"version-history":[{"count":1,"href":"https:\/\/catholicus.eu\/pl\/wp-json\/wp\/v2\/posts\/4111\/revisions"}],"predecessor-version":[{"id":4113,"href":"https:\/\/catholicus.eu\/pl\/wp-json\/wp\/v2\/posts\/4111\/revisions\/4113"}],"wp:featuredmedia":[{"embeddable":true,"href":"https:\/\/catholicus.eu\/pl\/wp-json\/wp\/v2\/media\/4112"}],"wp:attachment":[{"href":"https:\/\/catholicus.eu\/pl\/wp-json\/wp\/v2\/media?parent=4111"}],"wp:term":[{"taxonomy":"category","embeddable":true,"href":"https:\/\/catholicus.eu\/pl\/wp-json\/wp\/v2\/categories?post=4111"},{"taxonomy":"post_tag","embeddable":true,"href":"https:\/\/catholicus.eu\/pl\/wp-json\/wp\/v2\/tags?post=4111"}],"curies":[{"name":"wp","href":"https:\/\/api.w.org\/{rel}","templated":true}]}}