{"id":4108,"date":"2025-05-28T23:57:00","date_gmt":"2025-05-28T21:57:00","guid":{"rendered":"https:\/\/catholicus.eu\/pl\/?p=4108"},"modified":"2025-05-28T23:57:00","modified_gmt":"2025-05-28T21:57:00","slug":"dusza-i-duch-gleboka-roznica-ktora-kazdy-katolik-powinien-poznac-by-zyc-w-lasce","status":"publish","type":"post","link":"https:\/\/catholicus.eu\/pl\/dusza-i-duch-gleboka-roznica-ktora-kazdy-katolik-powinien-poznac-by-zyc-w-lasce\/","title":{"rendered":"Dusza i Duch: G\u0142\u0119boka R\u00f3\u017cnica, Kt\u00f3r\u0105 Ka\u017cdy Katolik Powinien Pozna\u0107, by \u017by\u0107 w \u0141asce"},"content":{"rendered":"\n<p>W p\u0119dz\u0105cym \u015bwiecie, gdzie materializm i rozproszenia odci\u0105gaj\u0105 nas od tego, co istotne, wielu chrze\u015bcijan zastanawia si\u0119:&nbsp;<em>Kim naprawd\u0119 jestem? Tylko cia\u0142em? Mam dusz\u0119? A czym jest duch?<\/em>&nbsp;Te pytania nie s\u0105 nowe, ale dzi\u015b bardziej ni\u017c kiedykolwiek potrzebujemy jasnych i g\u0142\u0119bokich odpowiedzi, by \u017cy\u0107 autentyczn\u0105 wiar\u0105.<\/p>\n\n\n\n<p>Rozr\u00f3\u017cnienie mi\u0119dzy&nbsp;<em>dusz\u0105<\/em>&nbsp;a&nbsp;<em>duchem<\/em>&nbsp;jest kluczowe dla zrozumienia naszej natury, naszej relacji z Bogiem i drogi do \u015bwi\u0119to\u015bci. Cho\u0107 cz\u0119sto u\u017cywane zamiennie, Biblia i Tradycja Ko\u015bcio\u0142a ukazuj\u0105 g\u0142\u0119bokie niuanse, kt\u00f3re mog\u0105 przemieni\u0107 twoje \u017cycie duchowe, je\u015bli je zastosujesz.<\/p>\n\n\n\n<h2 class=\"wp-block-heading\"><strong>1. Co m\u00f3wi Biblia? Fundament Wiary<\/strong><\/h2>\n\n\n\n<p>S\u0142owo Bo\u017ce daje nam wyra\u017ane wskaz\u00f3wki co do tego rozr\u00f3\u017cnienia. Jeden z najbardziej odkrywczych fragment\u00f3w brzmi:<\/p>\n\n\n\n<blockquote class=\"wp-block-quote is-layout-flow wp-block-quote-is-layout-flow\">\n<p><em>&#8222;Bo s\u0142owo Bo\u017ce jest \u017cywe i skuteczne, ostrzejsze ni\u017c wszelki miecz obosieczny, przenikaj\u0105ce a\u017c do rozdzielenia duszy i ducha, staw\u00f3w i szpiku, zdolne os\u0105dzi\u0107 pragnienia i my\u015bli serca.&#8221;<\/em>&nbsp;(Hbr 4,12)<\/p>\n<\/blockquote>\n\n\n\n<p>Ten werset pokazuje, \u017ce&nbsp;<em>dusza<\/em>&nbsp;i&nbsp;<em>duch<\/em>&nbsp;to nie to samo, cho\u0107 s\u0105 ze sob\u0105 \u015bci\u015ble powi\u0105zane. Ale na czym polega r\u00f3\u017cnica?<\/p>\n\n\n\n<h2 class=\"wp-block-heading\"><strong>2. Dusza: Zasada \u017bycia, Kt\u00f3ra \u0141\u0105czy Nas z Cia\u0142em<\/strong><\/h2>\n\n\n\n<p><em>Dusza<\/em>&nbsp;(hebr.&nbsp;<em>n\u00e9fesz<\/em>, gr.&nbsp;<em>psych\u00e9<\/em>) to zasada \u017cycia o\u017cywiaj\u0105ca cia\u0142o. Wed\u0142ug Katechizmu Ko\u015bcio\u0142a Katolickiego (KKK 363)&nbsp;<strong>dusza duchowa jest nie\u015bmiertelna<\/strong>&nbsp;i nie ginie, gdy umiera cia\u0142o, lecz oddziela si\u0119 od niego a\u017c do zmartwychwstania.<\/p>\n\n\n\n<h3 class=\"wp-block-heading\"><strong>Cechy Duszy:<\/strong><\/h3>\n\n\n\n<ul class=\"wp-block-list\">\n<li><strong>Jest stworzona bezpo\u015brednio przez Boga<\/strong>\u00a0w chwili pocz\u0119cia<\/li>\n\n\n\n<li><strong>Jest siedzib\u0105 naszych w\u0142adz<\/strong>: intelektu, woli, emocji i pami\u0119ci<\/li>\n\n\n\n<li><strong>Mo\u017ce sk\u0142ania\u0107 si\u0119 ku dobru lub z\u0142u<\/strong>, bo ma woln\u0105 wol\u0119<\/li>\n\n\n\n<li><strong>Jest indywidualna<\/strong>: ka\u017cdy cz\u0142owiek ma niepowtarzaln\u0105 dusz\u0119<\/li>\n<\/ul>\n\n\n\n<p>Dusza czyni nas lud\u017ami, ale nie jest najwy\u017csz\u0105 cz\u0119\u015bci\u0105 naszego jestestwa.<\/p>\n\n\n\n<h2 class=\"wp-block-heading\"><strong>3. Duch: Bo\u017ca Iskra, Kt\u00f3ra \u0141\u0105czy Nas z Bogiem<\/strong><\/h2>\n\n\n\n<p><em>Duch<\/em>&nbsp;(hebr.&nbsp;<em>ruach<\/em>, gr.&nbsp;<em>pneuma<\/em>) to najwy\u017cszy wymiar cz\u0142owieka, cz\u0119\u015b\u0107 stworzona do komunii z Bogiem. Gdy dusza \u0142\u0105czy nas ze \u015bwiatem naturalnym,&nbsp;<strong>duch pozwala nam zjednoczy\u0107 si\u0119 z tym, co boskie<\/strong>.<\/p>\n\n\n\n<h3 class=\"wp-block-heading\"><strong>Cechy Ducha:<\/strong><\/h3>\n\n\n\n<ul class=\"wp-block-list\">\n<li><strong>W nim mieszka Duch \u015awi\u0119ty<\/strong>\u00a0w ochrzczonych (1 Kor 6,19)<\/li>\n\n\n\n<li><strong>Uzdalnia do g\u0142\u0119bokiej modlitwy i \u017cycia nadprzyrodzonego<\/strong><\/li>\n\n\n\n<li><strong>Jest &#8222;okiem duszy&#8221; postrzegaj\u0105cym Boga<\/strong>\u00a0(\u015bw. Jan od Krzy\u017ca)<\/li>\n\n\n\n<li><strong>Mo\u017ce by\u0107 &#8222;u\u015bpiony&#8221; u \u017cyj\u0105cych z dala od \u0142aski<\/strong>, ale budzi si\u0119 przez nawr\u00f3cenie<\/li>\n<\/ul>\n\n\n\n<p>\u015aw. Pawe\u0142 wyja\u015bnia to jasno:<\/p>\n\n\n\n<blockquote class=\"wp-block-quote is-layout-flow wp-block-quote-is-layout-flow\">\n<p><em>&#8222;Cz\u0142owiek zmys\u0142owy nie pojmuje tego, co jest z Bo\u017cego Ducha. G\u0142upstwem mu si\u0119 to wydaje i nie mo\u017ce tego pozna\u0107, bo tylko duchem mo\u017cna to rozs\u0105dzi\u0107.&#8221;<\/em>&nbsp;(1 Kor 2,14)<\/p>\n<\/blockquote>\n\n\n\n<p>Oznacza to, \u017ce&nbsp;<strong>bez aktywnego \u017cycia duchowego cz\u0142owiek ogranicza si\u0119 do psychiki (dusza) i materii (cia\u0142o), niezdolny poj\u0105\u0107 spraw Bo\u017cych<\/strong>.<\/p>\n\n\n\n<h2 class=\"wp-block-heading\"><strong>4. Historia Rozr\u00f3\u017cnienia: Od Ojc\u00f3w Ko\u015bcio\u0142a po Czasy Wsp\u00f3\u0142czesne<\/strong><\/h2>\n\n\n\n<p>Wczesnochrze\u015bcija\u0144scy teologowie jak&nbsp;<strong>\u015bw. Augustyn i \u015bw. Tomasz z Akwinu<\/strong>&nbsp;pog\u0142\u0119bili t\u0119 nauk\u0119. Tomasz wyja\u015bnia, \u017ce:<\/p>\n\n\n\n<ul class=\"wp-block-list\">\n<li><strong>Dusza jest form\u0105 cia\u0142a<\/strong>\u00a0(tym, co je o\u017cywia i ucz\u0142owiecza)<\/li>\n\n\n\n<li><strong>Duch jest zdolno\u015bci\u0105 transcendencji ku Bogu<\/strong><\/li>\n<\/ul>\n\n\n\n<p>P\u00f3\u017aniej mistycy jak&nbsp;<strong>\u015bw. Teresa z \u00c1vila i \u015bw. Jan od Krzy\u017ca<\/strong>&nbsp;opisali, jak duch oczyszcza si\u0119 na modlitwie, a\u017c osi\u0105ga mistyczne zjednoczenie z Bogiem.<\/p>\n\n\n\n<p>Dzi\u015b sekularyzm sprawi\u0142, \u017ce wielu \u017cyje&nbsp;<strong>&#8222;anemicznie duchowo&#8221;<\/strong>, skupiaj\u0105c si\u0119 tylko na materialnym i emocjonalnym (dusza), zapominaj\u0105c o powo\u0142aniu do \u017cycia w Duchu.<\/p>\n\n\n\n<h2 class=\"wp-block-heading\"><strong>5. Praktyczny Przewodnik: Jak Kszta\u0142towa\u0107 Dusz\u0119 i Ducha, by \u017by\u0107 w Pe\u0142ni<\/strong><\/h2>\n\n\n\n<h3 class=\"wp-block-heading\"><strong>Dla Duszy (\u017bycie Psychiczne i Moralne):<\/strong><\/h3>\n\n\n\n<ol start=\"1\" class=\"wp-block-list\">\n<li><strong>Badaj my\u015bli i emocje<\/strong>: Czy rz\u0105dz\u0105 tob\u0105 nami\u0119tno\u015bci, czy panujesz nad nimi cnot\u0105?<\/li>\n\n\n\n<li><strong>Formuj sumienie<\/strong>: Studiuj Katechizm i katolick\u0105 moralno\u015b\u0107<\/li>\n\n\n\n<li><strong>\u0106wicz samoopanowanie<\/strong>: Po\u015b\u0107, podejmuj wyrzeczenia, opanowuj impulsy<\/li>\n<\/ol>\n\n\n\n<h3 class=\"wp-block-heading\"><strong>Dla Ducha (\u017bycie Nadprzyrodzone):<\/strong><\/h3>\n\n\n\n<ol start=\"1\" class=\"wp-block-list\">\n<li><strong>G\u0142\u0119boka codzienna modlitwa<\/strong>: Nie tylko odmawiaj modlitwy, ale ws\u0142uchuj si\u0119 w Boga w ciszy<\/li>\n\n\n\n<li><strong>\u017byj w \u0142asce u\u015bwi\u0119caj\u0105cej<\/strong>: Cz\u0119sto spowiadaj si\u0119 i pobo\u017cnie przyjmuj Eucharysti\u0119<\/li>\n\n\n\n<li><strong>Duchowa lektura Biblii<\/strong>: Niech S\u0142owo przenika ducha (Hbr 4,12)<\/li>\n\n\n\n<li><strong>Rozpoznawanie duchowe<\/strong>: Pro\u015b Ducha \u015awi\u0119tego o prowadzenie w decyzjach<\/li>\n<\/ol>\n\n\n\n<h2 class=\"wp-block-heading\"><strong>Zako\u0144czenie: Wezwanie do \u017bycia w Pe\u0142ni<\/strong><\/h2>\n\n\n\n<p>Nie jeste\u015bmy tylko cia\u0142em, nie jeste\u015bmy tylko dusz\u0105.&nbsp;<strong>Jeste\u015bmy duchem przeznaczonym do wieczno\u015bci<\/strong>. Je\u015bli zaniedbamy ten wymiar, nasze \u017cycie pozostanie powierzchowne. Lecz gdy kszta\u0142tujemy ducha, odnajdujemy pok\u00f3j, cel i mi\u0142o\u015b\u0107 wi\u0119ksz\u0105 ni\u017c my sami.<\/p>\n\n\n\n<p>Dzi\u015b zadaj sobie pytanie:&nbsp;<strong>Czy karmi\u0119 tylko dusz\u0119 (emocje, pragnienia, my\u015bli), czy tak\u017ce ducha (modlitw\u0119, sakramenty, \u017cycie w Bogu)?<\/strong><\/p>\n\n\n\n<p>Niech Naj\u015bwi\u0119tsza Maryja Panna,&nbsp;<em>Kr\u00f3lowa Anio\u0142\u00f3w i Wszystkich \u015awi\u0119tych<\/em>, prowadzi nas do \u017cycia, w kt\u00f3rym dusza i duch s\u0105 w harmonii, zawsze zwr\u00f3cone ku Niebu.<\/p>\n\n\n\n<p><strong>A ty, czy do\u015bwiadczy\u0142e\u015b ju\u017c r\u00f3\u017cnicy mi\u0119dzy dusz\u0105 a duchem?<\/strong>&nbsp;Podziel si\u0119 w komentarzach, jak prze\u017cywasz ten wymiar duchowy na co dzie\u0144.<\/p>\n\n\n\n<p><em>Niech B\u00f3g ci b\u0142ogos\u0142awi!<\/em><\/p>\n","protected":false},"excerpt":{"rendered":"<p>W p\u0119dz\u0105cym \u015bwiecie, gdzie materializm i rozproszenia odci\u0105gaj\u0105 nas od tego, co istotne, wielu chrze\u015bcijan zastanawia si\u0119:&nbsp;Kim naprawd\u0119 jestem? Tylko cia\u0142em? Mam dusz\u0119? A czym jest duch?&nbsp;Te pytania nie s\u0105 nowe, ale dzi\u015b bardziej ni\u017c kiedykolwiek potrzebujemy jasnych i g\u0142\u0119bokich odpowiedzi, by \u017cy\u0107 autentyczn\u0105 wiar\u0105. Rozr\u00f3\u017cnienie mi\u0119dzy&nbsp;dusz\u0105&nbsp;a&nbsp;duchem&nbsp;jest kluczowe dla zrozumienia naszej natury, naszej relacji z &hellip;<\/p>\n","protected":false},"author":3,"featured_media":4109,"comment_status":"open","ping_status":"open","sticky":false,"template":"","format":"standard","meta":{"_seopress_robots_primary_cat":"","_seopress_titles_title":"","_seopress_titles_desc":"","_seopress_robots_index":"","footnotes":""},"categories":[37,43],"tags":[1329],"class_list":["post-4108","post","type-post","status-publish","format-standard","has-post-thumbnail","","category-doktryna-i-wiara","category-katechizm-kosciola-katolickiego","tag-dusza-i-duch"],"_links":{"self":[{"href":"https:\/\/catholicus.eu\/pl\/wp-json\/wp\/v2\/posts\/4108","targetHints":{"allow":["GET"]}}],"collection":[{"href":"https:\/\/catholicus.eu\/pl\/wp-json\/wp\/v2\/posts"}],"about":[{"href":"https:\/\/catholicus.eu\/pl\/wp-json\/wp\/v2\/types\/post"}],"author":[{"embeddable":true,"href":"https:\/\/catholicus.eu\/pl\/wp-json\/wp\/v2\/users\/3"}],"replies":[{"embeddable":true,"href":"https:\/\/catholicus.eu\/pl\/wp-json\/wp\/v2\/comments?post=4108"}],"version-history":[{"count":1,"href":"https:\/\/catholicus.eu\/pl\/wp-json\/wp\/v2\/posts\/4108\/revisions"}],"predecessor-version":[{"id":4110,"href":"https:\/\/catholicus.eu\/pl\/wp-json\/wp\/v2\/posts\/4108\/revisions\/4110"}],"wp:featuredmedia":[{"embeddable":true,"href":"https:\/\/catholicus.eu\/pl\/wp-json\/wp\/v2\/media\/4109"}],"wp:attachment":[{"href":"https:\/\/catholicus.eu\/pl\/wp-json\/wp\/v2\/media?parent=4108"}],"wp:term":[{"taxonomy":"category","embeddable":true,"href":"https:\/\/catholicus.eu\/pl\/wp-json\/wp\/v2\/categories?post=4108"},{"taxonomy":"post_tag","embeddable":true,"href":"https:\/\/catholicus.eu\/pl\/wp-json\/wp\/v2\/tags?post=4108"}],"curies":[{"name":"wp","href":"https:\/\/api.w.org\/{rel}","templated":true}]}}