{"id":4090,"date":"2025-05-28T11:19:13","date_gmt":"2025-05-28T09:19:13","guid":{"rendered":"https:\/\/catholicus.eu\/pl\/?p=4090"},"modified":"2025-05-28T11:19:13","modified_gmt":"2025-05-28T09:19:13","slug":"milosc-bez-ewangelii-wyzwanie-organizacji-pozarzadowych-i-katolicyzmu-w-swiecie-ktory-zapomina-o-bogu","status":"publish","type":"post","link":"https:\/\/catholicus.eu\/pl\/milosc-bez-ewangelii-wyzwanie-organizacji-pozarzadowych-i-katolicyzmu-w-swiecie-ktory-zapomina-o-bogu\/","title":{"rendered":"Mi\u0142o\u015b\u0107 bez Ewangelii? Wyzwanie organizacji pozarz\u0105dowych i katolicyzmu w \u015bwiecie, kt\u00f3ry zapomina o Bogu"},"content":{"rendered":"\n<h3 class=\"wp-block-heading\">Wprowadzenie: ludzkie oblicze Ko\u015bcio\u0142a\u2026 czy tylko maska?<\/h3>\n\n\n\n<p>W ostatnich dziesi\u0119cioleciach organizacje pozarz\u0105dowe (NGO) sta\u0142y si\u0119 kluczowymi aktorami na polu spo\u0142ecznym, humanitarnym i rozwojowym na ca\u0142ym \u015bwiecie. Szpitale, jad\u0142odajnie, kampanie szczepie\u0144, pomoc w katastrofach, programy edukacyjne\u2026 Tam, gdzie pa\u0144stwo nie si\u0119ga, one s\u0105 obecne. Jednak w tej sieci dobrych intencji pojawia si\u0119 niepokoj\u0105ce zjawisko, kt\u00f3re dotyka bezpo\u015brednio Ko\u015bcio\u0142a: <strong>pokusa ograniczenia misji ewangelizacyjnej do samej tylko pomocy spo\u0142ecznej<\/strong>, pozbawiaj\u0105c to\u017csamo\u015bci chrze\u015bcija\u0144skiej w imi\u0119 \u201eneutralno\u015bci ideologicznej\u201d lub \u201eetycznego profesjonalizmu\u201d.<\/p>\n\n\n\n<p>Czy organizacja katolicka mo\u017ce dzia\u0142a\u0107 jak zwyk\u0142a NGO? Czym r\u00f3\u017cni si\u0119 chrze\u015bcija\u0144ska mi\u0142o\u015b\u0107 od \u015bwieckiej filantropii? Co si\u0119 dzieje, gdy organizacja, kt\u00f3ra okre\u015bla si\u0119 jako \u201ekatolicka\u201d, przestaje g\u0142osi\u0107 Chrystusa? I jak rozezna\u0107, kiedy wsp\u00f3\u0142pracowa\u0107, a kiedy si\u0119 wycofa\u0107? Ten artyku\u0142 jest przewodnikiem, kt\u00f3ry pomo\u017ce zrozumie\u0107, rozezna\u0107 i dzia\u0142a\u0107.<\/p>\n\n\n\n<hr class=\"wp-block-separator has-alpha-channel-opacity\"\/>\n\n\n\n<h2 class=\"wp-block-heading\">I. Czym jest NGO i jaka jest jej rola dzisiaj?<\/h2>\n\n\n\n<p><strong>NGO<\/strong> to organizacja non-profit, niezale\u017cna od pa\u0144stwa, dzia\u0142aj\u0105ca w obszarze spo\u0142ecznym, humanitarnym, \u015brodowiskowym lub kulturalnym. Zazwyczaj koncentruje si\u0119 na ochronie os\u00f3b w trudnej sytuacji, obronie praw cz\u0142owieka lub promowaniu zr\u00f3wnowa\u017conego rozwoju.<\/p>\n\n\n\n<p>Same w sobie NGO <strong>nie s\u0105 ani dobre, ani z\u0142e<\/strong>: s\u0105 narz\u0119dziami. Wiele z nich wykonuje godn\u0105 podziwu i potrzebn\u0105 prac\u0119. Jednak zasadnicze pytanie brzmi: <strong>ich cel jest wy\u0142\u0105cznie ludzki<\/strong>. Skupiaj\u0105 si\u0119 na dobru osoby na poziomie materialnym, psychologicznym lub kulturowym, <strong>nie uwzgl\u0119dniaj\u0105c wymiaru transcendentnego<\/strong>. Nie g\u0142osz\u0105 prawdy objawionej. Nie d\u0105\u017c\u0105 do zbawienia duszy.<\/p>\n\n\n\n<hr class=\"wp-block-separator has-alpha-channel-opacity\"\/>\n\n\n\n<h2 class=\"wp-block-heading\">II. Ko\u015bci\u00f3\u0142: mi\u0142o\u015b\u0107 \u2013 tak, ale z Ewangeli\u0105<\/h2>\n\n\n\n<p>Mi\u0142o\u015b\u0107 to nie tylko \u201eczynienie dobra\u201d, ale <strong>istotna cz\u0119\u015b\u0107 oblicza Ko\u015bcio\u0142a<\/strong>. Jak napisa\u0142 papie\u017c Benedykt XVI w encyklice <em>Deus Caritas Est<\/em>:<\/p>\n\n\n\n<blockquote class=\"wp-block-quote is-layout-flow wp-block-quote-is-layout-flow\">\n<p>\u201eKo\u015bci\u00f3\u0142 nie mo\u017ce zaniedba\u0107 s\u0142u\u017cby mi\u0142o\u015bci, tak jak nie mo\u017ce zaniedba\u0107 sakrament\u00f3w i S\u0142owa.\u201d<br>(<em>Deus Caritas Est<\/em>, 22)<\/p>\n<\/blockquote>\n\n\n\n<p>Mi\u0142o\u015b\u0107 nie jest dodatkiem do Ewangelii, <strong>ale jej widocznym i konkretnym owocem<\/strong>. Ale nie chodzi o jak\u0105kolwiek mi\u0142o\u015b\u0107: <strong>to mi\u0142o\u015b\u0107, kt\u00f3ra ma oblicze Chrystusa, kt\u00f3ra kocha w imi\u0119 Boga i prowadzi do Niego<\/strong>. Gdy Ko\u015bci\u00f3\u0142 dzia\u0142a, nie daje tylko chleba, ale daje <strong>\u017cycie<\/strong>:<\/p>\n\n\n\n<blockquote class=\"wp-block-quote is-layout-flow wp-block-quote-is-layout-flow\">\n<p>\u201eNie samym chlebem \u017cyje cz\u0142owiek, lecz ka\u017cdym s\u0142owem, kt\u00f3re pochodzi z ust Bo\u017cych.\u201d (Mt 4,4)<\/p>\n<\/blockquote>\n\n\n\n<p>Dlatego <strong>mi\u0142o\u015b\u0107 katolicka nie mo\u017ce by\u0107 neutralna ani areligijna<\/strong>. Nie mo\u017ce ba\u0107 si\u0119 wypowiada\u0107 imienia \u201eB\u00f3g\u201d, nie mo\u017ce si\u0119 wstydzi\u0107 Ewangelii. Mi\u0142o\u015b\u0107, kt\u00f3ra milczy o Chrystusie, <strong>nie jest mi\u0142o\u015bci\u0105 chrze\u015bcija\u0144sk\u0105<\/strong>. Ko\u015bci\u00f3\u0142, kt\u00f3ry pomaga, ale nie ewangelizuje, <strong>zdradza swoj\u0105 misj\u0119<\/strong>.<\/p>\n\n\n\n<hr class=\"wp-block-separator has-alpha-channel-opacity\"\/>\n\n\n\n<h2 class=\"wp-block-heading\">III. Historia: od szpitala chrze\u015bcija\u0144skiego do \u201ekatolickiej NGO\u201d<\/h2>\n\n\n\n<p>Od samego pocz\u0105tku Ko\u015bci\u00f3\u0142 by\u0142 <strong>matk\u0105 ubogich<\/strong>: zak\u0142ada\u0142 szpitale, sieroci\u0144ce, promowa\u0142 edukacj\u0119, zwalcza\u0142 niewolnictwo, chroni\u0142 wykluczonych. Ale zawsze czyni\u0142 to <strong>w imi\u0119 Chrystusa<\/strong>, z jasn\u0105 intencj\u0105 <strong>prowadzenia dusz do Boga<\/strong>.<\/p>\n\n\n\n<p>Wraz z rozwojem NGO w XX wieku, <strong>niekt\u00f3re dzie\u0142a katolickie zacz\u0119\u0142y otrzymywa\u0107 finansowanie od rz\u0105d\u00f3w lub prywatnych fundacji<\/strong>, co cz\u0119sto prowadzi\u0142o do <strong>stopniowej rezygnacji z wyra\u017cania wiary<\/strong>, w imi\u0119 \u201edyplomacji\u201d lub \u201eneutralno\u015bci\u201d.<\/p>\n\n\n\n<p>W ten spos\u00f3b <strong>niekt\u00f3re dzie\u0142a ko\u015bcielne zacz\u0119\u0142y funkcjonowa\u0107 jak NGO<\/strong>: organizuj\u0105, planuj\u0105, pomagaj\u0105\u2026 ale <strong>nie ewangelizuj\u0105, nie modl\u0105 si\u0119, nie daj\u0105 \u015bwiadectwa<\/strong>. Niekt\u00f3re posuwaj\u0105 si\u0119 nawet do zakazywania symboli religijnych lub modlitwy w swoich strukturach. W ten spos\u00f3b <strong>nie s\u0105 ju\u017c dzie\u0142ami Ko\u015bcio\u0142a<\/strong>, nawet je\u015bli nadal nosz\u0105 jego nazw\u0119 lub s\u0105 finansowane z funduszy ko\u015bcielnych.<\/p>\n\n\n\n<hr class=\"wp-block-separator has-alpha-channel-opacity\"\/>\n\n\n\n<h2 class=\"wp-block-heading\">IV. Teologia mi\u0142o\u015bci: co odr\u00f3\u017cnia dzie\u0142o katolickie?<\/h2>\n\n\n\n<h3 class=\"wp-block-heading\">1. <strong>Zasada trynitarna: mi\u0142o\u015b\u0107 rodz\u0105ca si\u0119 z mi\u0142o\u015bci Boga<\/strong><\/h3>\n\n\n\n<p>Prawdziwa mi\u0142o\u015b\u0107 chrze\u015bcija\u0144ska rodzi si\u0119 ze spotkania z Bogiem \u017cywym. Jak pisze \u015bw. Jan:<\/p>\n\n\n\n<blockquote class=\"wp-block-quote is-layout-flow wp-block-quote-is-layout-flow\">\n<p>\u201eMy mi\u0142ujemy, poniewa\u017c On pierwszy nas umi\u0142owa\u0142.\u201d (1 J 4,19)<\/p>\n<\/blockquote>\n\n\n\n<p>Nie chodzi o \u201efilantropiczny aktywizm\u201d, ale o <strong>odpowied\u017a mi\u0142o\u015bci na mi\u0142o\u015b\u0107 Boga<\/strong>. Dlatego <strong>dzie\u0142o mi\u0142o\u015bci bez wyra\u017anego odniesienia do Boga, cho\u0107by najbardziej skuteczne, nie jest w pe\u0142ni chrze\u015bcija\u0144skie<\/strong>.<\/p>\n\n\n\n<h3 class=\"wp-block-heading\">2. <strong>Cel nadprzyrodzony: zbawi\u0107 nie tylko cia\u0142o, ale dusz\u0119<\/strong><\/h3>\n\n\n\n<p>Chrystus przyszed\u0142 nie tylko, by leczy\u0107 cia\u0142a, ale by <strong>przynie\u015b\u0107 zbawienie wieczne<\/strong>. Ka\u017cde dzie\u0142o chrze\u015bcija\u0144skie powinno mie\u0107 ten cel: <strong>prowadzi\u0107 dusze do Boga<\/strong>.<\/p>\n\n\n\n<p>Organizacja katolicka, kt\u00f3ra zapomina o ostatecznym celu cz\u0142owieka, <strong>straci\u0142a kompas<\/strong>. Dusza jest wi\u0119cej warta ni\u017c ca\u0142y \u015bwiat (por. Mk 8,36). Najwi\u0119kszym dobrem, jakie mo\u017cemy uczyni\u0107 bratu, jest <strong>przyprowadzenie go do Chrystusa<\/strong>.<\/p>\n\n\n\n<h3 class=\"wp-block-heading\">3. <strong>Wymiar sakramentalny i eklezjalny<\/strong><\/h3>\n\n\n\n<p>Chrze\u015bcijanin dzia\u0142a <strong>jako cz\u0142onek Cia\u0142a Chrystusa<\/strong>, w komunii z Ko\u015bcio\u0142em. Jego dzia\u0142anie rodzi si\u0119 z modlitwy, jest karmione przez sakramenty, umacniane \u0142ask\u0105.<\/p>\n\n\n\n<hr class=\"wp-block-separator has-alpha-channel-opacity\"\/>\n\n\n\n<h2 class=\"wp-block-heading\">V. Rozeznanie praktyczne: jak rozpozna\u0107, czy NGO jest zgodna z wiar\u0105?<\/h2>\n\n\n\n<h3 class=\"wp-block-heading\">A. Kryteria wsp\u00f3\u0142pracy z NGO<\/h3>\n\n\n\n<p>Zanim przeka\u017cesz sw\u00f3j czas lub pieni\u0105dze, zapytaj:<\/p>\n\n\n\n<ol class=\"wp-block-list\">\n<li><strong>Czy szanuje godno\u015b\u0107 ludzk\u0105 od pocz\u0119cia do naturalnej \u015bmierci?<\/strong><\/li>\n\n\n\n<li><strong>Czy jej wizja cz\u0142owieka jest zgodna z antropologi\u0105 chrze\u015bcija\u0144sk\u0105?<\/strong><\/li>\n\n\n\n<li><strong>Czy pozwala i zach\u0119ca do wyra\u017cania wiary?<\/strong><\/li>\n\n\n\n<li><strong>Czy jest zaanga\u017cowana w ideologie sprzeczne z Ewangeli\u0105 (ideologia gender, aborcja, eutanazja)?<\/strong><\/li>\n\n\n\n<li><strong>Czy prowadzi ludzi do Boga, czy \u015bwiadomie Go wyklucza ze swojego dzia\u0142ania?<\/strong><\/li>\n<\/ol>\n\n\n\n<p>Je\u015bli NGO <strong>zaciemnia lub cenzuruje imi\u0119 Boga<\/strong>, nie mo\u017ce by\u0107 skutecznym narz\u0119dziem misji duszpasterskiej Ko\u015bcio\u0142a.<\/p>\n\n\n\n<h3 class=\"wp-block-heading\">B. Dzia\u0142a\u0107 od wewn\u0105trz<\/h3>\n\n\n\n<p>Je\u015bli jeste\u015b cz\u0119\u015bci\u0105 dzie\u0142a, kt\u00f3re straci\u0142o sw\u00f3j katolicki kierunek, <strong>nie musisz od razu odchodzi\u0107<\/strong>. By\u0107 mo\u017ce B\u00f3g postawi\u0142 ci\u0119 tam, aby\u015b by\u0142 <strong>zaczynem w cie\u015bcie<\/strong>. Ale uwaga: <strong>je\u015bli nie mo\u017cesz ewangelizowa\u0107, modli\u0107 si\u0119 lub m\u00f3wi\u0107 o Chrystusie\u2026 by\u0107 mo\u017ce ju\u017c nie s\u0142u\u017cysz jako chrze\u015bcijanin.<\/strong><\/p>\n\n\n\n<hr class=\"wp-block-separator has-alpha-channel-opacity\"\/>\n\n\n\n<h2 class=\"wp-block-heading\">VI. A \u201ekatolickie NGO\u201d? Ryzyko chrze\u015bcija\u0144stwa bez Chrystusa<\/h2>\n\n\n\n<p>Jednym z najbardziej podst\u0119pnych zagro\u017ce\u0144 naszych czas\u00f3w jest <strong>spo\u0142eczne chrze\u015bcija\u0144stwo bez Ewangelii<\/strong>. Dzie\u0142a Ko\u015bcio\u0142a, kt\u00f3re si\u0119 nie modl\u0105. Agenci duszpasterscy, kt\u00f3rzy nie ewangelizuj\u0105. Instytucje dzia\u0142aj\u0105ce jak firmy. Wszystko to jest cz\u0119\u015bci\u0105 <strong>niepokoj\u0105cej wewn\u0119trznej sekularyzacji Ko\u015bcio\u0142a<\/strong>.<\/p>\n\n\n\n<p>Jak powiedzia\u0142 papie\u017c Franciszek:<\/p>\n\n\n\n<blockquote class=\"wp-block-quote is-layout-flow wp-block-quote-is-layout-flow\">\n<p>\u201eKo\u015bci\u00f3\u0142 to nie NGO. Ko\u015bci\u00f3\u0142 to historia mi\u0142o\u015bci.\u201d<br>(Homilia, 27 maja 2013)<\/p>\n<\/blockquote>\n\n\n\n<p>Gdy dzie\u0142o katolickie przestaje ewangelizowa\u0107, <strong>staje si\u0119 pust\u0105 skorup\u0105<\/strong>, nawet je\u015bli zarz\u0105dza milionami. Mi\u0142o\u015b\u0107 bez Boga staje si\u0119 <strong>ja\u0142ow\u0105 s\u0142u\u017cb\u0105<\/strong>.<\/p>\n\n\n\n<hr class=\"wp-block-separator has-alpha-channel-opacity\"\/>\n\n\n\n<h2 class=\"wp-block-heading\">VII. Praktyczny przewodnik: jak dzi\u015b \u017cy\u0107 katolick\u0105 mi\u0142o\u015bci\u0105<\/h2>\n\n\n\n<p><strong>1. M\u00f3dl si\u0119 przed s\u0142u\u017cb\u0105.<\/strong> Chrze\u015bcija\u0144ska mi\u0142o\u015b\u0107 rodzi si\u0119 z modlitwy. Zanim dasz chleb, wznie\u015b oczy ku Niebu.<\/p>\n\n\n\n<p><strong>2. Wypowiadaj imi\u0119 Chrystusa.<\/strong> Nie wstyd\u017a si\u0119 Jego imienia. \u015awiat potrzebuje Go bardziej ni\u017c twojej pomocy.<\/p>\n\n\n\n<p><strong>3. \u0141\u0105cz mi\u0142o\u015b\u0107 z sakramentami.<\/strong> Towarzysz ubogim do Ko\u015bcio\u0142a, do spowiedzi, na Msz\u0119 \u015bwi\u0119t\u0105.<\/p>\n\n\n\n<p><strong>4. Tw\u00f3rz sieci z innymi katolikami.<\/strong> Nie dzia\u0142aj samotnie. Komunia umacnia i ukierunkowuje.<\/p>\n\n\n\n<p><strong>5. Kszta\u0142\u0107 si\u0119.<\/strong> Czytaj spo\u0142eczn\u0105 nauk\u0119 Ko\u015bcio\u0142a. Studiuj dokumenty o roli mi\u0142o\u015bci w misji.<\/p>\n\n\n\n<p><strong>6. Starannie wybieraj, kogo wspiera\u0107.<\/strong> Je\u015bli organizacja przeczy wierze \u2013 nie wspieraj jej. S\u0105 katolickie alternatywy wierne Magisterium.<\/p>\n\n\n\n<p><strong>7. Ucz wiary.<\/strong> Ofiaruj tak\u017ce S\u0142owo. Daj Bibli\u0119, \u015bwi\u0119ty obrazek, r\u00f3\u017caniec. Naucz modlitwy.<\/p>\n\n\n\n<hr class=\"wp-block-separator has-alpha-channel-opacity\"\/>\n\n\n\n<h2 class=\"wp-block-heading\">Zako\u0144czenie: katolicka mi\u0142o\u015b\u0107 \u2013 \u015bwiat\u0142o w ciemno\u015bci<\/h2>\n\n\n\n<p>W \u015bwiecie, kt\u00f3ry chce czyni\u0107 dobro bez Boga, chrze\u015bcijanin jest wezwany, by by\u0107 <strong>sol\u0105 i \u015bwiat\u0142em<\/strong> (por. Mt 5,13\u201316). NGO mog\u0105 by\u0107 u\u017cytecznymi narz\u0119dziami, ale <strong>nie mog\u0105 zast\u0105pi\u0107 misji ewangelizacyjnej Ko\u015bcio\u0142a<\/strong>. Pomoc bez Chrystusa jest niepe\u0142na. Mi\u0142o\u015b\u0107 bez prawdy jest okaleczona. Mi\u0142o\u015b\u0107 bez Ewangelii to tylko dobra wola\u2026 i nie zbawia.<\/p>\n\n\n\n<p>Ty, chrze\u015bcijaninie, jeste\u015b wezwany, by <strong>s\u0142u\u017cy\u0107 jak Chrystus<\/strong>, nie tylko czyni\u0107 dobro. Nie zadowalaj si\u0119 pomoc\u0105: <strong>g\u0142o\u015b Chrystusa<\/strong>. Bo <strong>jedyn\u0105 prawdziw\u0105 nowo\u015bci\u0105, jak\u0105 mo\u017cesz ofiarowa\u0107 \u015bwiatu, jest Jezus<\/strong>.<\/p>\n\n\n\n<hr class=\"wp-block-separator has-alpha-channel-opacity\"\/>\n\n\n\n<h3 class=\"wp-block-heading\">\ud83d\udcd6 Cytat biblijny do rozwa\u017cenia:<\/h3>\n\n\n\n<blockquote class=\"wp-block-quote is-layout-flow wp-block-quote-is-layout-flow\">\n<p>\u201eI cho\u0107bym rozda\u0142 na ja\u0142mu\u017cn\u0119 ca\u0142\u0105 maj\u0119tno\u015b\u0107 moj\u0105, a cia\u0142o wystawi\u0142 na spalenie, lecz mi\u0142o\u015bci bym nie mia\u0142 \u2013 nic mi nie pomo\u017ce.\u201d<br><em>(1 Kor 13,3)<\/em><\/p>\n<\/blockquote>\n\n\n\n<hr class=\"wp-block-separator has-alpha-channel-opacity\"\/>\n\n\n\n<p>Chcesz czyni\u0107 dobro? <strong>Czy\u0144 to sercem pe\u0142nym Boga.<\/strong><br>Chcesz zmienia\u0107 \u015bwiat? <strong>Zacznij od g\u0142oszenia Chrystusa.<\/strong><\/p>\n","protected":false},"excerpt":{"rendered":"<p>Wprowadzenie: ludzkie oblicze Ko\u015bcio\u0142a\u2026 czy tylko maska? W ostatnich dziesi\u0119cioleciach organizacje pozarz\u0105dowe (NGO) sta\u0142y si\u0119 kluczowymi aktorami na polu spo\u0142ecznym, humanitarnym i rozwojowym na ca\u0142ym \u015bwiecie. Szpitale, jad\u0142odajnie, kampanie szczepie\u0144, pomoc w katastrofach, programy edukacyjne\u2026 Tam, gdzie pa\u0144stwo nie si\u0119ga, one s\u0105 obecne. Jednak w tej sieci dobrych intencji pojawia si\u0119 niepokoj\u0105ce zjawisko, kt\u00f3re dotyka &hellip;<\/p>\n","protected":false},"author":3,"featured_media":4091,"comment_status":"open","ping_status":"open","sticky":false,"template":"","format":"standard","meta":{"_seopress_robots_primary_cat":"","_seopress_titles_title":"","_seopress_titles_desc":"","_seopress_robots_index":"","footnotes":""},"categories":[54,39],"tags":[1219],"class_list":["post-4090","post","type-post","status-publish","format-standard","has-post-thumbnail","","category-bioetyka-i-wspolczesne-problemy","category-moralnosc-i-zycie-chrzescijanskie","tag-ngo"],"_links":{"self":[{"href":"https:\/\/catholicus.eu\/pl\/wp-json\/wp\/v2\/posts\/4090","targetHints":{"allow":["GET"]}}],"collection":[{"href":"https:\/\/catholicus.eu\/pl\/wp-json\/wp\/v2\/posts"}],"about":[{"href":"https:\/\/catholicus.eu\/pl\/wp-json\/wp\/v2\/types\/post"}],"author":[{"embeddable":true,"href":"https:\/\/catholicus.eu\/pl\/wp-json\/wp\/v2\/users\/3"}],"replies":[{"embeddable":true,"href":"https:\/\/catholicus.eu\/pl\/wp-json\/wp\/v2\/comments?post=4090"}],"version-history":[{"count":1,"href":"https:\/\/catholicus.eu\/pl\/wp-json\/wp\/v2\/posts\/4090\/revisions"}],"predecessor-version":[{"id":4092,"href":"https:\/\/catholicus.eu\/pl\/wp-json\/wp\/v2\/posts\/4090\/revisions\/4092"}],"wp:featuredmedia":[{"embeddable":true,"href":"https:\/\/catholicus.eu\/pl\/wp-json\/wp\/v2\/media\/4091"}],"wp:attachment":[{"href":"https:\/\/catholicus.eu\/pl\/wp-json\/wp\/v2\/media?parent=4090"}],"wp:term":[{"taxonomy":"category","embeddable":true,"href":"https:\/\/catholicus.eu\/pl\/wp-json\/wp\/v2\/categories?post=4090"},{"taxonomy":"post_tag","embeddable":true,"href":"https:\/\/catholicus.eu\/pl\/wp-json\/wp\/v2\/tags?post=4090"}],"curies":[{"name":"wp","href":"https:\/\/api.w.org\/{rel}","templated":true}]}}