{"id":4006,"date":"2025-05-24T14:35:33","date_gmt":"2025-05-24T12:35:33","guid":{"rendered":"https:\/\/catholicus.eu\/pl\/?p=4006"},"modified":"2025-05-24T14:35:34","modified_gmt":"2025-05-24T12:35:34","slug":"baranek-bozy-jak-ofiara-izaaka-zapowiadala-krzyz-chrystusa","status":"publish","type":"post","link":"https:\/\/catholicus.eu\/pl\/baranek-bozy-jak-ofiara-izaaka-zapowiadala-krzyz-chrystusa\/","title":{"rendered":"Baranek Bo\u017cy: Jak ofiara Izaaka zapowiada\u0142a Krzy\u017c Chrystusa?"},"content":{"rendered":"\n<h2 class=\"wp-block-heading\"><strong>Wprowadzenie: Tajemnica wiary i odkupienia<\/strong><\/h2>\n\n\n\n<p>W sercu historii zbawienia znajduje si\u0119 z\u0142ota ni\u0107 \u0142\u0105cz\u0105ca Stary i Nowy Testament:&nbsp;<strong>posta\u0107 Baranka Bo\u017cego<\/strong>. Jednym z najbardziej poruszaj\u0105cych i g\u0142\u0119boko symbolicznych moment\u00f3w Biblii jest ofiara Izaaka opisana w&nbsp;<strong>Ksi\u0119dze Rodzaju 22<\/strong>. Ta opowie\u015b\u0107 to nie tylko pr\u00f3ba wiary Abrahama, ale tak\u017ce&nbsp;<strong>prorocza zapowied\u017a<\/strong>&nbsp;ostatecznej ofiary Chrystusa na Krzy\u017cu.<\/p>\n\n\n\n<p>W tym artykule zg\u0142\u0119bimy:<\/p>\n\n\n\n<ol start=\"1\" class=\"wp-block-list\">\n<li><strong>Biblijn\u0105 relacj\u0119 o ofierze Izaaka<\/strong>\u00a0i jej historyczny kontekst<\/li>\n\n\n\n<li><strong>Teologiczne powi\u0105zania<\/strong>\u00a0mi\u0119dzy Izaakiem a Chrystusem<\/li>\n\n\n\n<li><strong>Znaczenie Baranka Bo\u017cego<\/strong>\u00a0w liturgii i katolickiej duchowo\u015bci<\/li>\n\n\n\n<li><strong>Praktyczny przewodnik<\/strong>\u00a0jak \u017cy\u0107 t\u0105 prawd\u0105 na co dzie\u0144<\/li>\n<\/ol>\n\n\n\n<hr class=\"wp-block-separator has-alpha-channel-opacity\"\/>\n\n\n\n<h2 class=\"wp-block-heading\"><strong>I. Ofiara Izaaka: Wiara, pos\u0142usze\u0144stwo i Opatrzno\u015b\u0107<\/strong><\/h2>\n\n\n\n<h3 class=\"wp-block-heading\"><strong>A. Opis biblijny (Ksi\u0119ga Rodzaju 22:1-19)<\/strong><\/h3>\n\n\n\n<p>B\u00f3g wystawia Abrahama na pr\u00f3b\u0119, \u017c\u0105daj\u0105c niewyobra\u017calnego:<\/p>\n\n\n\n<blockquote class=\"wp-block-quote is-layout-flow wp-block-quote-is-layout-flow\">\n<p><em>&#8222;We\u017a twego syna jedynego, kt\u00f3rego mi\u0142ujesz, Izaaka, id\u017a do kraju Moria i z\u0142\u00f3\u017c go tam w ofierze ca\u0142opalnej na jednym z pag\u00f3rk\u00f3w, jakie ci wska\u017c\u0119&#8221;<\/em>&nbsp;(Rdz 22:2)<\/p>\n<\/blockquote>\n\n\n\n<p>Abraham ze z\u0142amanym sercem, ale pe\u0142en wiary, jest pos\u0142uszny. Wspina si\u0119 na g\u00f3r\u0119 z Izaakiem nios\u0105cym drewno na ofiar\u0119. Gdy docieraj\u0105, Izaak pyta:<\/p>\n\n\n\n<blockquote class=\"wp-block-quote is-layout-flow wp-block-quote-is-layout-flow\">\n<p><em>&#8222;Ojcze m\u00f3j! [&#8230;] Oto ogie\u0144 i drewno, a gdzie jest jagni\u0119 na ca\u0142opalenie?&#8221;<\/em>&nbsp;(Rdz 22:7)<\/p>\n<\/blockquote>\n\n\n\n<p>Odpowied\u017a Abrahama jest prorocza:<\/p>\n\n\n\n<blockquote class=\"wp-block-quote is-layout-flow wp-block-quote-is-layout-flow\">\n<p><em>&#8222;B\u00f3g upatrzy sobie jagni\u0119 na ca\u0142opalenie, synu m\u00f3j&#8221;<\/em>&nbsp;(Rdz 22:8)<\/p>\n<\/blockquote>\n\n\n\n<p>W ostatniej chwili anio\u0142 powstrzymuje Abrahama, a zamiast Izaaka zostaje z\u0142o\u017cony w ofierze&nbsp;<strong>baran<\/strong>&nbsp;zapl\u0105tany w zaro\u015blach.<\/p>\n\n\n\n<h3 class=\"wp-block-heading\"><strong>B. Klucze teologiczne opowie\u015bci<\/strong><\/h3>\n\n\n\n<ol start=\"1\" class=\"wp-block-list\">\n<li><strong>Pos\u0142usze\u0144stwo Abrahama<\/strong>\u00a0zapowiada pos\u0142usze\u0144stwo Chrystusa Ojcu<\/li>\n\n\n\n<li><strong>Izaak niesie drewno<\/strong>\u00a0jak Chrystus niesie Krzy\u017c<\/li>\n\n\n\n<li><strong>G\u00f3ra Moria<\/strong>\u00a0(gdzie p\u00f3\u017aniej zbudowano \u015awi\u0105tyni\u0119 Jerozolimsk\u0105) to to samo miejsce co Golgota<\/li>\n\n\n\n<li><strong>B\u00f3g zapewnia ofiar\u0119<\/strong>: najpierw barana, potem swojego Syna<\/li>\n<\/ol>\n\n\n\n<hr class=\"wp-block-separator has-alpha-channel-opacity\"\/>\n\n\n\n<h2 class=\"wp-block-heading\"><strong>II. Izaak jako figura Chrystusa: Prawdziwy Baranek Bo\u017cy<\/strong><\/h2>\n\n\n\n<p>Nowy Testament objawia, \u017ce&nbsp;<strong>Jezus jest wype\u0142nieniem tego proroctwa<\/strong>. Jan Chrzciciel og\u0142asza:<\/p>\n\n\n\n<blockquote class=\"wp-block-quote is-layout-flow wp-block-quote-is-layout-flow\">\n<p><em>&#8222;Oto Baranek Bo\u017cy, kt\u00f3ry g\u0142adzi grzech \u015bwiata&#8221;<\/em>&nbsp;(J 1:29)<\/p>\n<\/blockquote>\n\n\n\n<h3 class=\"wp-block-heading\"><strong>A. Analogie mi\u0119dzy Izaakiem a Jezusem<\/strong><\/h3>\n\n\n\n<figure class=\"wp-block-table\"><table class=\"has-fixed-layout\"><thead><tr><th><strong>Izaak<\/strong><\/th><th><strong>Jezus<\/strong><\/th><\/tr><\/thead><tbody><tr><td>Jedyny ukochany syn Abrahama (Rdz 22:2)<\/td><td>Jedyny umi\u0142owany Syn Ojca (Mt 3:17)<\/td><\/tr><tr><td>Nosi drewno ofiarne (Rdz 22:6)<\/td><td>Nosi Krzy\u017c (J 19:17)<\/td><\/tr><tr><td>Jest pos\u0142uszny ojcu bez sprzeciwu<\/td><td>&#8222;Nie moja wola, lecz Twoja&#8221; (\u0141k 22:42)<\/td><\/tr><tr><td>Ofiara zostaje przerwana<\/td><td>Chrystus jest prawdziwie z\u0142o\u017cony w ofierze<\/td><\/tr><tr><td>Baran umiera w jego miejsce<\/td><td>Chrystus umiera w naszym miejscu<\/td><\/tr><\/tbody><\/table><\/figure>\n\n\n\n<h3 class=\"wp-block-heading\"><strong>B. Baranek Paschalny i Eucharystia<\/strong><\/h3>\n\n\n\n<p>Podczas Ostatniej Wieczerzy Jezus ustanawia Eucharysti\u0119 w czasie&nbsp;<strong>Paschy \u017cydowskiej<\/strong>, gdy sk\u0142adano w ofierze baranka. Ofiaruje siebie jako&nbsp;<strong>prawdziwego Baranka<\/strong>, kt\u00f3rego krew wyzwala nas z grzechu.<\/p>\n\n\n\n<blockquote class=\"wp-block-quote is-layout-flow wp-block-quote-is-layout-flow\">\n<p><em>&#8222;Chrystus zosta\u0142 z\u0142o\u017cony w ofierze jako nasza Pascha&#8221;<\/em>&nbsp;(1 Kor 5:7)<\/p>\n<\/blockquote>\n\n\n\n<hr class=\"wp-block-separator has-alpha-channel-opacity\"\/>\n\n\n\n<h2 class=\"wp-block-heading\"><strong>III. Praktyczne zastosowanie: \u017bycie jako dzieci Baranka<\/strong><\/h2>\n\n\n\n<h3 class=\"wp-block-heading\"><strong>Duchowy przewodnik na dzi\u015b<\/strong><\/h3>\n\n\n\n<ol start=\"1\" class=\"wp-block-list\">\n<li><strong>Wiara i zawierzenie Opatrzno\u015bci<\/strong>\n<ul class=\"wp-block-list\">\n<li>Jak Abraham, musimy ufa\u0107 nawet gdy nie rozumiemy<\/li>\n\n\n\n<li><strong>Krok praktyczny<\/strong>: W chwilach pr\u00f3by powtarza\u0107:\u00a0<em>&#8222;B\u00f3g upatrzy&#8221;<\/em><\/li>\n<\/ul>\n<\/li>\n\n\n\n<li><strong>Kochaj\u0105ce pos\u0142usze\u0144stwo<\/strong>\n<ul class=\"wp-block-list\">\n<li>Izaak nie sprzeciwia si\u0119; Jezus przyjmuje Krzy\u017c z mi\u0142o\u015bci<\/li>\n\n\n\n<li><strong>Krok praktyczny<\/strong>: Przyjmowa\u0107 codzienne ofiary (rodzina, praca, choroba) z pokojem<\/li>\n<\/ul>\n<\/li>\n\n\n\n<li><strong>Uwielbienie z\u0142o\u017conego w ofierze Baranka<\/strong>\n<ul class=\"wp-block-list\">\n<li>We Mszy odnawiamy ofiar\u0119 Chrystusa<\/li>\n\n\n\n<li><strong>Krok praktyczny<\/strong>: Uczestniczy\u0107 we Mszy z pobo\u017cno\u015bci\u0105, kontempluj\u0105c Jezusa jako Baranka Bo\u017cego<\/li>\n<\/ul>\n<\/li>\n\n\n\n<li><strong>Bycie narz\u0119dziami mi\u0142osierdzia<\/strong>\n<ul class=\"wp-block-list\">\n<li>Skoro Chrystus odda\u0142 si\u0119 za nas, my mamy kocha\u0107 do ko\u0144ca<\/li>\n\n\n\n<li><strong>Krok praktyczny<\/strong>: Praktykowa\u0107 uczynki mi\u0142osierdzia, przebacza\u0107, ewangelizowa\u0107<\/li>\n<\/ul>\n<\/li>\n<\/ol>\n\n\n\n<hr class=\"wp-block-separator has-alpha-channel-opacity\"\/>\n\n\n\n<h2 class=\"wp-block-heading\"><strong>Zako\u0144czenie: Baranek kt\u00f3ry zwyci\u0119\u017cy\u0142<\/strong><\/h2>\n\n\n\n<p>Ofiara Izaaka by\u0142a cieniem rzeczywisto\u015bci wype\u0142nionej w Chrystusie.&nbsp;<strong>Jezus jest ostatecznym Barankiem<\/strong>, kt\u00f3rego krew nas odkupuje, a ofiara daje \u017cycie wieczne.<\/p>\n\n\n\n<p>Dzi\u015b, gdy s\u0142yszymy podczas Mszy&nbsp;<em>&#8222;Oto Baranek Bo\u017cy&#8230;&#8221;<\/em>, pami\u0119tajmy, \u017ce&nbsp;<strong>B\u00f3g nie oszcz\u0119dzi\u0142 w\u0142asnego Syna<\/strong>&nbsp;(Rz 8:32), by nas zbawi\u0107.<\/p>\n\n\n\n<p><strong>Jak odpowiemy na tak\u0105 mi\u0142o\u015b\u0107?<\/strong>&nbsp;Wiar\u0105, uwielbieniem i hojnym oddaniem siebie.<\/p>\n\n\n\n<blockquote class=\"wp-block-quote is-layout-flow wp-block-quote-is-layout-flow\">\n<p><em>&#8222;Godzien jest Baranek zabity otrzyma\u0107 pot\u0119g\u0119 i bogactwo, i m\u0105dro\u015b\u0107, i moc, i cze\u015b\u0107, i chwa\u0142\u0119, i b\u0142ogos\u0142awie\u0144stwo&#8221;<\/em>&nbsp;(Ap 5:12)<\/p>\n<\/blockquote>\n\n\n\n<p><strong>Niech nasze \u017cycie b\u0119dzie wiecznym &#8222;Amen&#8221; dla z\u0142o\u017conego w ofierze Baranka.<\/strong><\/p>\n","protected":false},"excerpt":{"rendered":"<p>Wprowadzenie: Tajemnica wiary i odkupienia W sercu historii zbawienia znajduje si\u0119 z\u0142ota ni\u0107 \u0142\u0105cz\u0105ca Stary i Nowy Testament:&nbsp;posta\u0107 Baranka Bo\u017cego. Jednym z najbardziej poruszaj\u0105cych i g\u0142\u0119boko symbolicznych moment\u00f3w Biblii jest ofiara Izaaka opisana w&nbsp;Ksi\u0119dze Rodzaju 22. Ta opowie\u015b\u0107 to nie tylko pr\u00f3ba wiary Abrahama, ale tak\u017ce&nbsp;prorocza zapowied\u017a&nbsp;ostatecznej ofiary Chrystusa na Krzy\u017cu. W tym artykule zg\u0142\u0119bimy: &hellip;<\/p>\n","protected":false},"author":3,"featured_media":4007,"comment_status":"open","ping_status":"open","sticky":false,"template":"","format":"standard","meta":{"_seopress_robots_primary_cat":"","_seopress_titles_title":"","_seopress_titles_desc":"","_seopress_robots_index":"","footnotes":""},"categories":[37,45],"tags":[1187,1188],"class_list":["post-4006","post","type-post","status-publish","format-standard","has-post-thumbnail","","category-doktryna-i-wiara","category-pismo-swiete","tag-baranek-bozy","tag-izaaka"],"_links":{"self":[{"href":"https:\/\/catholicus.eu\/pl\/wp-json\/wp\/v2\/posts\/4006","targetHints":{"allow":["GET"]}}],"collection":[{"href":"https:\/\/catholicus.eu\/pl\/wp-json\/wp\/v2\/posts"}],"about":[{"href":"https:\/\/catholicus.eu\/pl\/wp-json\/wp\/v2\/types\/post"}],"author":[{"embeddable":true,"href":"https:\/\/catholicus.eu\/pl\/wp-json\/wp\/v2\/users\/3"}],"replies":[{"embeddable":true,"href":"https:\/\/catholicus.eu\/pl\/wp-json\/wp\/v2\/comments?post=4006"}],"version-history":[{"count":1,"href":"https:\/\/catholicus.eu\/pl\/wp-json\/wp\/v2\/posts\/4006\/revisions"}],"predecessor-version":[{"id":4008,"href":"https:\/\/catholicus.eu\/pl\/wp-json\/wp\/v2\/posts\/4006\/revisions\/4008"}],"wp:featuredmedia":[{"embeddable":true,"href":"https:\/\/catholicus.eu\/pl\/wp-json\/wp\/v2\/media\/4007"}],"wp:attachment":[{"href":"https:\/\/catholicus.eu\/pl\/wp-json\/wp\/v2\/media?parent=4006"}],"wp:term":[{"taxonomy":"category","embeddable":true,"href":"https:\/\/catholicus.eu\/pl\/wp-json\/wp\/v2\/categories?post=4006"},{"taxonomy":"post_tag","embeddable":true,"href":"https:\/\/catholicus.eu\/pl\/wp-json\/wp\/v2\/tags?post=4006"}],"curies":[{"name":"wp","href":"https:\/\/api.w.org\/{rel}","templated":true}]}}