{"id":3976,"date":"2025-05-20T21:56:17","date_gmt":"2025-05-20T19:56:17","guid":{"rendered":"https:\/\/catholicus.eu\/pl\/?p=3976"},"modified":"2025-05-20T21:56:17","modified_gmt":"2025-05-20T19:56:17","slug":"czysciec-w-biblii-fragmenty-pisma-swietego-o-ktorych-prawie-nikt-nie-mowi-a-ktore-moga-odmienic-twoje-zycie-duchowe","status":"publish","type":"post","link":"https:\/\/catholicus.eu\/pl\/czysciec-w-biblii-fragmenty-pisma-swietego-o-ktorych-prawie-nikt-nie-mowi-a-ktore-moga-odmienic-twoje-zycie-duchowe\/","title":{"rendered":"Czy\u015bciec w Biblii: fragmenty Pisma \u015awi\u0119tego, o kt\u00f3rych (prawie) nikt nie m\u00f3wi \u2014 a kt\u00f3re mog\u0105 odmieni\u0107 twoje \u017cycie duchowe"},"content":{"rendered":"\n<h3 class=\"wp-block-heading\">Wprowadzenie: Gdzie w Biblii jest czy\u015bciec?<\/h3>\n\n\n\n<p>Jedno z najcz\u0119stszych pyta\u0144 zadawanych przez wierz\u0105cych i niewierz\u0105cych brzmi: <em>\u201eGdzie w Biblii jest czy\u015bciec?\u201d<\/em> Niekt\u00f3rzy twierdz\u0105, \u017ce nie istnieje; inni myl\u0105 go z piek\u0142em; wielu katolik\u00f3w, cho\u0107 w niego wierzy, nie potrafi\u0142oby go jasno wyja\u015bni\u0107.<\/p>\n\n\n\n<p>Dzi\u015b chcemy ods\u0142oni\u0107 pot\u0119\u017cn\u0105 prawd\u0119 \u2014 wyra\u017anie obecn\u0105 w Pi\u015bmie \u015awi\u0119tym, ale rozja\u015bnion\u0105 przez Tradycj\u0119 Ko\u015bcio\u0142a: <strong>czy\u015bciec ma prawdziwe korzenie w S\u0142owie Bo\u017cym<\/strong>. I nie tylko jako idea, ale jako rzeczywisto\u015b\u0107 duchowa, kt\u00f3ra <strong>ukazuje sprawiedliwo\u015b\u0107, mi\u0142osierdzie i doskona\u0142\u0105 pedagogi\u0119 Boga<\/strong>.<\/p>\n\n\n\n<p>W tym artykule dowiesz si\u0119:<\/p>\n\n\n\n<ul class=\"wp-block-list\">\n<li>Czym jest czy\u015bciec i jak rozumie go Ko\u015bci\u00f3\u0142.<\/li>\n\n\n\n<li>Jakie fragmenty Biblii m\u00f3wi\u0105 o tej rzeczywisto\u015bci.<\/li>\n\n\n\n<li>Jak ta prawda wiary mo\u017ce przemieni\u0107 twoje \u017cycie duchowe.<\/li>\n\n\n\n<li>Praktyczny przewodnik, jak t\u0119 nauk\u0119 wciela\u0107 w \u017cycie.<\/li>\n<\/ul>\n\n\n\n<hr class=\"wp-block-separator has-alpha-channel-opacity\"\/>\n\n\n\n<h3 class=\"wp-block-heading\">\ud83d\udd25 Czym jest czy\u015bciec?<\/h3>\n\n\n\n<p>Ko\u015bci\u00f3\u0142 naucza, \u017ce czy\u015bciec to <strong>stan tymczasowego oczyszczenia<\/strong> dla dusz, kt\u00f3re umar\u0142y w \u0142asce Bo\u017cej, ale kt\u00f3re jeszcze musz\u0105 zosta\u0107 oczyszczone, zanim wejd\u0105 do chwa\u0142y nieba.<\/p>\n\n\n\n<p>To nie \u201ema\u0142e piek\u0142o\u201d. To nie wieczna kara. To <strong>znak mi\u0142o\u015bci i pedagogii Boga<\/strong>, poniewa\u017c B\u00f3g chce, by ka\u017cda dusza by\u0142a <em>ca\u0142kowicie czysta<\/em>, zanim wejdzie w Jego obecno\u015b\u0107.<\/p>\n\n\n\n<p>Katechizm Ko\u015bcio\u0142a Katolickiego definiuje to tak:<\/p>\n\n\n\n<blockquote class=\"wp-block-quote is-layout-flow wp-block-quote-is-layout-flow\">\n<p>\u201eCi, kt\u00f3rzy umieraj\u0105 w \u0142asce i przyja\u017ani z Bogiem, ale nie s\u0105 jeszcze ca\u0142kowicie oczyszczeni, mimo \u017ce maj\u0105 zapewnione zbawienie wieczne, przechodz\u0105 po \u015bmierci oczyszczenie, aby osi\u0105gn\u0105\u0107 \u015bwi\u0119to\u015b\u0107 konieczn\u0105 do wej\u015bcia do rado\u015bci nieba.\u201d (KKK 1030)<\/p>\n<\/blockquote>\n\n\n\n<hr class=\"wp-block-separator has-alpha-channel-opacity\"\/>\n\n\n\n<h3 class=\"wp-block-heading\">\ud83d\udcd6 Czy\u015bciec w Pi\u015bmie \u015awi\u0119tym: biblijna podr\u00f3\u017c<\/h3>\n\n\n\n<p>Cho\u0107 s\u0142owo <em>\u201eczy\u015bciec\u201d<\/em> nie wyst\u0119puje dos\u0142ownie w Biblii (tak samo jak nie wyst\u0119puj\u0105 s\u0142owa <em>\u201eTr\u00f3jca\u201d<\/em> czy <em>\u201eWcielenie\u201d<\/em>), <strong>zasady teologiczne, kt\u00f3re go uzasadniaj\u0105, s\u0105 tam jasno obecne<\/strong>. Przyjrzyjmy si\u0119 najwa\u017cniejszym fragmentom:<\/p>\n\n\n\n<hr class=\"wp-block-separator has-alpha-channel-opacity\"\/>\n\n\n\n<h4 class=\"wp-block-heading\"><strong>1. Izajasz 4,4 \u2013 Oczyszczaj\u0105cy ogie\u0144 Boga<\/strong><\/h4>\n\n\n\n<blockquote class=\"wp-block-quote is-layout-flow wp-block-quote-is-layout-flow\">\n<p><em>\u201eGdy Pan obmyje brud c\u00f3rek Syjonu i oczy\u015bci zbrodni\u0119 krwi w Jeruzalem tchnieniem s\u0105du i tchnieniem po\u017cogi\u2026\u201d<\/em><\/p>\n<\/blockquote>\n\n\n\n<p>Izajasz m\u00f3wi o oczyszczeniu <strong>po grzechu<\/strong>, dokonanym przez Boga Duchem i ogniem. To wyra\u017ana zapowied\u017a doktryny czy\u015b\u0107ca, rozumianego jako oczyszczaj\u0105cy ogie\u0144 przygotowuj\u0105cy dusz\u0119 na chwa\u0142\u0119.<\/p>\n\n\n\n<hr class=\"wp-block-separator has-alpha-channel-opacity\"\/>\n\n\n\n<h4 class=\"wp-block-heading\"><strong>2. Micheasz 7,9 \u2013 Sprawiedliwo\u015b\u0107 i oczyszczenie przez cierpienie<\/strong><\/h4>\n\n\n\n<blockquote class=\"wp-block-quote is-layout-flow wp-block-quote-is-layout-flow\">\n<p><em>\u201eZnios\u0119 gniew Pana, bo zawini\u0142em wobec Niego, a\u017c os\u0105dzi moj\u0105 spraw\u0119 i wymierzy mi sprawiedliwo\u015b\u0107. Wyprowadzi mnie na \u015bwiat\u0142o, ujrz\u0119 Jego sprawiedliwo\u015b\u0107.\u201d<\/em><\/p>\n<\/blockquote>\n\n\n\n<p>Ten werset m\u00f3wi o <strong>pokucie za grzechy<\/strong>, bolesnym, lecz pe\u0142nym nadziei oczekiwaniu na Bo\u017ce mi\u0142osierdzie. Doskonale odpowiada to poj\u0119ciu czy\u015b\u0107ca jako <em>miejsca oczekiwania i nadziei<\/em>.<\/p>\n\n\n\n<hr class=\"wp-block-separator has-alpha-channel-opacity\"\/>\n\n\n\n<h4 class=\"wp-block-heading\"><strong>3. Malachiasz 3,3 \u2013 Jak z\u0142otnik oczyszcza srebro<\/strong><\/h4>\n\n\n\n<blockquote class=\"wp-block-quote is-layout-flow wp-block-quote-is-layout-flow\">\n<p><em>\u201eUsi\u0105dzie jak ten, co topi i oczyszcza srebro: oczy\u015bci syn\u00f3w Lewiego, przecedzi ich jak z\u0142oto i srebro.\u201d<\/em><\/p>\n<\/blockquote>\n\n\n\n<p>B\u00f3g oczyszcza swoich s\u0142ug <strong>jak rzemie\u015blnik szlachetne metale<\/strong>: ogniem, cierpliwo\u015bci\u0105 i mi\u0142o\u015bci\u0105. To jedno z najpi\u0119kniejszych i najbardziej wiernych obraz\u00f3w opisuj\u0105cych proces czy\u015b\u0107ca.<\/p>\n\n\n\n<hr class=\"wp-block-separator has-alpha-channel-opacity\"\/>\n\n\n\n<h4 class=\"wp-block-heading\"><strong>4. 2 Machabejska 12,44\u201345 \u2013 Modlitwa za zmar\u0142ych<\/strong><\/h4>\n\n\n\n<blockquote class=\"wp-block-quote is-layout-flow wp-block-quote-is-layout-flow\">\n<p><em>\u201eBo gdyby nie spodziewa\u0142 si\u0119, \u017ce polegli powstan\u0105, by\u0142oby rzecz\u0105 zbyteczn\u0105 i g\u0142upi\u0105 modli\u0107 si\u0119 za zmar\u0142ych. A skoro my\u015bla\u0142, \u017ce dla tych, co pobo\u017cnie zasn\u0119li, przygotowana jest najwspanialsza nagroda \u2013 by\u0142a to \u015bwi\u0119ta i pobo\u017cna my\u015bl.\u201d<\/em><\/p>\n<\/blockquote>\n\n\n\n<p>Ten fragment jest fundamentalny. Modlitwa za zmar\u0142ych <strong>ma sens tylko wtedy, gdy istnieje stan po\u015bredni<\/strong>, w kt\u00f3rym dusze mog\u0105 korzysta\u0107 z naszej pomocy. Czy\u015bciec jest tutaj jasno potwierdzony!<\/p>\n\n\n\n<hr class=\"wp-block-separator has-alpha-channel-opacity\"\/>\n\n\n\n<h4 class=\"wp-block-heading\"><strong>5. Mateusz 5,22 \u2013 \u201eB\u0119dzie winien ognia Gehenny\u201d<\/strong><\/h4>\n\n\n\n<blockquote class=\"wp-block-quote is-layout-flow wp-block-quote-is-layout-flow\">\n<p><em>\u201eA Ja wam powiadam: Ka\u017cdy, kto si\u0119 gniewa na swego brata, podlega s\u0105dowi. A kto by rzek\u0142 bratu swemu: \u2018Raka\u2019, podlega Wysokiej Radzie. A kto by mu rzek\u0142: \u2018Bezbo\u017cniku\u2019, podlega karze ognia piekielnego.\u201d<\/em><\/p>\n<\/blockquote>\n\n\n\n<p>Ten tekst nie m\u00f3wi o wiecznym piekle, lecz o karach za lekkie grzechy, jak gniew czy obelga. Tradycja katolicka widzi tu <strong>nawi\u0105zanie do kar doczesnych<\/strong>, takich jak te odpokutowywane w czy\u015b\u0107cu.<\/p>\n\n\n\n<hr class=\"wp-block-separator has-alpha-channel-opacity\"\/>\n\n\n\n<h4 class=\"wp-block-heading\"><strong>6. Mateusz 5,26 \u2013 \u201eNie wyjdziesz stamt\u0105d, a\u017c zwr\u00f3cisz ostatni grosz\u201d<\/strong><\/h4>\n\n\n\n<blockquote class=\"wp-block-quote is-layout-flow wp-block-quote-is-layout-flow\">\n<p><em>\u201eZaprawd\u0119 powiadam ci: nie wyjdziesz stamt\u0105d, a\u017c zwr\u00f3cisz ostatni grosz.\u201d<\/em><\/p>\n<\/blockquote>\n\n\n\n<p>Jezus m\u00f3wi o wi\u0119zieniu tymczasowym, z kt\u00f3rego wychodzi si\u0119 po sp\u0142aceniu d\u0142ugu. Nie mo\u017ce to by\u0107 piek\u0142o (z kt\u00f3rego si\u0119 nie wychodzi) ani niebo (gdzie nie ma d\u0142ug\u00f3w). To <strong>stan po\u015bredni<\/strong>, w kt\u00f3rym dokonuje si\u0119 Bo\u017ca sprawiedliwo\u015b\u0107: czy\u015bciec.<\/p>\n\n\n\n<hr class=\"wp-block-separator has-alpha-channel-opacity\"\/>\n\n\n\n<h4 class=\"wp-block-heading\"><strong>7. Mateusz 12,32 \u2013 Grzechy odpuszczane \u201ew przysz\u0142ym wieku\u201d<\/strong><\/h4>\n\n\n\n<blockquote class=\"wp-block-quote is-layout-flow wp-block-quote-is-layout-flow\">\n<p><em>\u201eTemu, kto powie s\u0142owo przeciw Synowi Cz\u0142owieczemu, b\u0119dzie odpuszczone; lecz temu, kto m\u00f3wi przeciw Duchowi \u015awi\u0119temu, nie b\u0119dzie odpuszczone ani w tym wieku, ani w przysz\u0142ym.\u201d<\/em><\/p>\n<\/blockquote>\n\n\n\n<p>Jezus sugeruje, \u017ce <strong>istniej\u0105 grzechy, kt\u00f3re mog\u0105 by\u0107 odpuszczone po \u015bmierci<\/strong>. Ten fragment by\u0142 kluczowy dla Ojc\u00f3w Ko\u015bcio\u0142a, takich jak Augustyn, w uzasadnieniu istnienia czy\u015b\u0107ca.<\/p>\n\n\n\n<hr class=\"wp-block-separator has-alpha-channel-opacity\"\/>\n\n\n\n<h3 class=\"wp-block-heading\">\u26ea Tradycja Ko\u015bcio\u0142a: \u015bwiadkowie czy\u015b\u0107ca<\/h3>\n\n\n\n<p>Od pierwszych wiek\u00f3w chrze\u015bcijanie modlili si\u0119 za zmar\u0142ych. W katakumbach, na Mszach, w inskrypcjach nagrobnych i w pismach \u015bwi\u0119tych odnajdujemy to samo przekonanie: <strong>zmarli nie s\u0105 straceni i mo\u017cemy im pom\u00f3c<\/strong>.<\/p>\n\n\n\n<p>Ojcowie Ko\u015bcio\u0142a tacy jak Cyprian, Grzegorz Wielki czy Augustyn m\u00f3wili wprost o czy\u015b\u0107cu. P\u00f3\u017aniej Sobory w Lyonie (1274), Florencji (1439) i Trydencie (XVI w.) <strong>zdefiniowa\u0142y istnienie czy\u015b\u0107ca jako dogmat wiary<\/strong>.<\/p>\n\n\n\n<hr class=\"wp-block-separator has-alpha-channel-opacity\"\/>\n\n\n\n<h3 class=\"wp-block-heading\">\ud83e\udded Przewodnik praktyczny: Jak dzi\u015b \u017cy\u0107 prawd\u0105 o czy\u015b\u0107cu<\/h3>\n\n\n\n<p>Dogmat o czy\u015b\u0107cu to nie ciekawostka teologiczna. Ma <strong>konkretne i g\u0142\u0119bokie konsekwencje<\/strong> dla \u017cycia duchowego:<\/p>\n\n\n\n<h4 class=\"wp-block-heading\">\u2705 1. <strong>M\u00f3dl si\u0119 za dusze czy\u015b\u0107cowe<\/strong><\/h4>\n\n\n\n<ul class=\"wp-block-list\">\n<li><strong>Zamawiaj Msze \u015bwi\u0119te, odmawiaj r\u00f3\u017caniec, ofiaruj odpusty.<\/strong><\/li>\n\n\n\n<li>Uzyskuj odpusty zupe\u0142ne i cz\u0105stkowe za nich.<\/li>\n\n\n\n<li>Pro\u015b ich o wstawiennictwo: mog\u0105 si\u0119 modli\u0107 za ciebie, cho\u0107 nie za siebie.<\/li>\n<\/ul>\n\n\n\n<h4 class=\"wp-block-heading\">\u2705 2. <strong>\u017byj z perspektyw\u0105 wieczno\u015bci<\/strong><\/h4>\n\n\n\n<ul class=\"wp-block-list\">\n<li>Ka\u017cdy czyn ma znaczenie. Ka\u017cdy grzech powszedni i ka\u017cdy akt mi\u0142o\u015bci zostawia wieczny \u015blad.<\/li>\n\n\n\n<li>Ju\u017c teraz \u017cyj oczyszczeniem, kt\u00f3re kiedy\u015b mo\u017ce ci\u0119 spotka\u0107.<\/li>\n<\/ul>\n\n\n\n<h4 class=\"wp-block-heading\">\u2705 3. <strong>Regularnie przyst\u0119puj do spowiedzi<\/strong><\/h4>\n\n\n\n<ul class=\"wp-block-list\">\n<li>Sakrament pojednania <strong>zmniejsza konieczno\u015b\u0107 oczyszczenia<\/strong>.<\/li>\n\n\n\n<li>G\u0142adzi lub redukuje kary doczesne \u2014 w zale\u017cno\u015bci od dyspozycji serca.<\/li>\n<\/ul>\n\n\n\n<h4 class=\"wp-block-heading\">\u2705 4. <strong>Ofiaruj swoje cierpienia<\/strong><\/h4>\n\n\n\n<ul class=\"wp-block-list\">\n<li>Ka\u017cdy b\u00f3l, ofiarowany z mi\u0142o\u015bci\u0105, ma warto\u015b\u0107 wynagradzaj\u0105c\u0105.<\/li>\n\n\n\n<li>Cierpienie zjednoczone z Chrystusem to prosta droga do \u015bwi\u0119to\u015bci.<\/li>\n<\/ul>\n\n\n\n<h4 class=\"wp-block-heading\">\u2705 5. <strong>Unikaj grzech\u00f3w powszednich i duchowego letargu<\/strong><\/h4>\n\n\n\n<ul class=\"wp-block-list\">\n<li>Nie oddzielaj\u0105 one od Boga, ale op\u00f3\u017aniaj\u0105 wej\u015bcie do chwa\u0142y.<\/li>\n\n\n\n<li>Codzienna droga do \u015bwi\u0119to\u015bci to najpewniejszy spos\u00f3b na skr\u00f3cenie czy\u015b\u0107ca.<\/li>\n<\/ul>\n\n\n\n<hr class=\"wp-block-separator has-alpha-channel-opacity\"\/>\n\n\n\n<h3 class=\"wp-block-heading\">\ud83d\udd4a\ufe0f Ostatnia refleksja: Wezwanie do aktywnej nadziei<\/h3>\n\n\n\n<p>Czy\u015bciec <strong>nie jest gro\u017ab\u0105<\/strong>, ale nadziej\u0105. Pokazuje, \u017ce <strong>mi\u0142o\u015b\u0107 Boga jest tak doskona\u0142a, \u017ce nie toleruje nieczysto\u015bci\u2026 ale nigdy nie opuszcza tych, kt\u00f3rzy jeszcze nie s\u0105 gotowi na niebo.<\/strong><\/p>\n\n\n\n<p>Zrozumienie tego dogmatu i w\u0142\u0105czenie go w swoje \u017cycie pozwala \u017cy\u0107 z czystszym, czujnym i bardziej mi\u0142osiernym sercem. Mo\u017cemy pomaga\u0107 duszom, kt\u00f3re czekaj\u0105 w ogniu mi\u0142o\u015bci\u2026 i przygotowywa\u0107 drog\u0119, by inni modlili si\u0119 kiedy\u015b za nas.<\/p>\n\n\n\n<hr class=\"wp-block-separator has-alpha-channel-opacity\"\/>\n\n\n\n<h3 class=\"wp-block-heading\">\ud83d\udccc Do twojej dzisiejszej medytacji:<\/h3>\n\n\n\n<blockquote class=\"wp-block-quote is-layout-flow wp-block-quote-is-layout-flow\">\n<p><em>\u201eId\u017a w pokoju. Czekaj na sw\u00f3j czas\u2026 bo nie zostaniesz zapomniany.\u201d<\/em><br>\u2014 <strong>2 Machabejska 12,45 (parafraza)<\/strong><\/p>\n<\/blockquote>\n\n\n\n<hr class=\"wp-block-separator has-alpha-channel-opacity\"\/>\n\n\n\n<p>Chcesz ratowa\u0107 dusze? Chcesz skr\u00f3ci\u0107 swoj\u0105 drog\u0119 przez ogie\u0144?<br><strong>M\u00f3dl si\u0119, kochaj, oczyszczaj si\u0119\u2026 i nie zapominaj o tych, kt\u00f3rzy czekaj\u0105 na twoj\u0105 modlitw\u0119.<\/strong><\/p>\n","protected":false},"excerpt":{"rendered":"<p>Wprowadzenie: Gdzie w Biblii jest czy\u015bciec? Jedno z najcz\u0119stszych pyta\u0144 zadawanych przez wierz\u0105cych i niewierz\u0105cych brzmi: \u201eGdzie w Biblii jest czy\u015bciec?\u201d Niekt\u00f3rzy twierdz\u0105, \u017ce nie istnieje; inni myl\u0105 go z piek\u0142em; wielu katolik\u00f3w, cho\u0107 w niego wierzy, nie potrafi\u0142oby go jasno wyja\u015bni\u0107. Dzi\u015b chcemy ods\u0142oni\u0107 pot\u0119\u017cn\u0105 prawd\u0119 \u2014 wyra\u017anie obecn\u0105 w Pi\u015bmie \u015awi\u0119tym, ale rozja\u015bnion\u0105 &hellip;<\/p>\n","protected":false},"author":3,"featured_media":3977,"comment_status":"open","ping_status":"open","sticky":false,"template":"","format":"standard","meta":{"_seopress_robots_primary_cat":"","_seopress_titles_title":"","_seopress_titles_desc":"","_seopress_robots_index":"","footnotes":""},"categories":[37,45],"tags":[78,592],"class_list":["post-3976","post","type-post","status-publish","format-standard","has-post-thumbnail","","category-doktryna-i-wiara","category-pismo-swiete","tag-biblii","tag-czysciec"],"_links":{"self":[{"href":"https:\/\/catholicus.eu\/pl\/wp-json\/wp\/v2\/posts\/3976","targetHints":{"allow":["GET"]}}],"collection":[{"href":"https:\/\/catholicus.eu\/pl\/wp-json\/wp\/v2\/posts"}],"about":[{"href":"https:\/\/catholicus.eu\/pl\/wp-json\/wp\/v2\/types\/post"}],"author":[{"embeddable":true,"href":"https:\/\/catholicus.eu\/pl\/wp-json\/wp\/v2\/users\/3"}],"replies":[{"embeddable":true,"href":"https:\/\/catholicus.eu\/pl\/wp-json\/wp\/v2\/comments?post=3976"}],"version-history":[{"count":1,"href":"https:\/\/catholicus.eu\/pl\/wp-json\/wp\/v2\/posts\/3976\/revisions"}],"predecessor-version":[{"id":3978,"href":"https:\/\/catholicus.eu\/pl\/wp-json\/wp\/v2\/posts\/3976\/revisions\/3978"}],"wp:featuredmedia":[{"embeddable":true,"href":"https:\/\/catholicus.eu\/pl\/wp-json\/wp\/v2\/media\/3977"}],"wp:attachment":[{"href":"https:\/\/catholicus.eu\/pl\/wp-json\/wp\/v2\/media?parent=3976"}],"wp:term":[{"taxonomy":"category","embeddable":true,"href":"https:\/\/catholicus.eu\/pl\/wp-json\/wp\/v2\/categories?post=3976"},{"taxonomy":"post_tag","embeddable":true,"href":"https:\/\/catholicus.eu\/pl\/wp-json\/wp\/v2\/tags?post=3976"}],"curies":[{"name":"wp","href":"https:\/\/api.w.org\/{rel}","templated":true}]}}