{"id":3937,"date":"2025-05-18T11:52:42","date_gmt":"2025-05-18T09:52:42","guid":{"rendered":"https:\/\/catholicus.eu\/pl\/?p=3937"},"modified":"2025-05-18T11:52:42","modified_gmt":"2025-05-18T09:52:42","slug":"przywilej-bialej-szaty-krolewska-czystosc-katolickich-monarchow-i-jej-przeslanie-na-dzis","status":"publish","type":"post","link":"https:\/\/catholicus.eu\/pl\/przywilej-bialej-szaty-krolewska-czystosc-katolickich-monarchow-i-jej-przeslanie-na-dzis\/","title":{"rendered":"Przywilej Bia\u0142ej Szaty: Kr\u00f3lewska Czysto\u015b\u0107 Katolickich Monarch\u00f3w i Jej Przes\u0142anie na Dzi\u015b"},"content":{"rendered":"\n<p><em>&#8222;B\u0142ogos\u0142awieni czystego serca, albowiem oni Boga ogl\u0105da\u0107 b\u0119d\u0105&#8221;<\/em>&nbsp;(Mt 5,8)<\/p>\n\n\n\n<p>W \u015bwiecie, gdzie w\u0142adz\u0119 i autorytet cz\u0119sto kojarzy si\u0119 z uciskiem lub korupcj\u0105, tradycja katolicka oferuje nam wznios\u0142y wz\u00f3r: chrze\u015bcija\u0144skich monarch\u00f3w, kt\u00f3rzy przyodziani w biel uciele\u015bniali nie tylko doczesne panowanie, ale \u015bwi\u0119t\u0105 misj\u0119. Przywilej noszenia bia\u0142ych szat, zarezerwowany w pewnych kontekstach dla katolickich kr\u00f3l\u00f3w, nie by\u0142 jedynie dworskim protoko\u0142em, ale g\u0142\u0119bokim symbolem teologicznym &#8211; przypomnieniem, \u017ce w\u0142adza musi s\u0142u\u017cy\u0107 \u015bwi\u0119to\u015bci.<\/p>\n\n\n\n<p>Ten artyku\u0142 odkrywa historyczne, duchowe i praktyczne znaczenie tego przywileju oraz jak dzi\u015b mo\u017cemy \u017cy\u0107 pod jego natchnieniem, szukaj\u0105c czysto\u015bci serca w codziennym \u017cyciu.<\/p>\n\n\n\n<hr class=\"wp-block-separator has-alpha-channel-opacity\"\/>\n\n\n\n<h2 class=\"wp-block-heading\"><strong>I. Historyczne Korzenie Kr\u00f3lewskiej Bieli<\/strong><\/h2>\n\n\n\n<p>Biel w tradycji chrze\u015bcija\u0144skiej to kolor niewinno\u015bci, czysto\u015bci i zwyci\u0119stwa. Ju\u017c od pierwszych wiek\u00f3w Ko\u015bcio\u0142a neofici przywdziewali bia\u0142e szaty podczas chrze\u015bcija\u0144skiej inicjacji, symbolizuj\u0105c nowe \u017cycie w Chrystusie. Ale ten symbolizm nie ogranicza\u0142 si\u0119 do liturgii &#8211; przenika\u0142 tak\u017ce sfer\u0119 polityczn\u0105.<\/p>\n\n\n\n<p>W \u015bredniowieczu, szczeg\u00f3lnie w kr\u00f3lestwach takich jak Hiszpania, Francja czy Portugalia, katoliccy monarchowie otrzymywali przywilej noszenia bia\u0142ych szat podczas uroczysto\u015bci takich jak koronacje, kr\u00f3lewskie za\u015blubiny czy \u015bwi\u0119ta religijne. Ten zaszczyt nie by\u0142 przypadkowy:<\/p>\n\n\n\n<ul class=\"wp-block-list\">\n<li><strong>Koronacje<\/strong>: Biel reprezentowa\u0142a, \u017ce monarcha panuje nie tylko z prawa dziedzicznego, ale z Bo\u017cej \u0142aski, jako &#8222;pomazaniec Pa\u0144ski&#8221; (por. Ps 89,20)<\/li>\n\n\n\n<li><strong>Kr\u00f3lewskie \u015bluby<\/strong>: Przypomina\u0142a nierozerwalny zwi\u0105zek mi\u0119dzy w\u0142adz\u0105 doczesn\u0105 a wierno\u015bci\u0105 wierze, odzwierciedlaj\u0105c ma\u0142\u017ce\u0144stwo jako obraz Chrystusa i Ko\u015bcio\u0142a (Ef 5,32)<\/li>\n\n\n\n<li><strong>\u015awi\u0119ta liturgiczne<\/strong>: Przy okazjach takich jak Bo\u017ce Narodzenie czy Wielkanoc kr\u00f3lowie uczestniczyli we Mszy w bia\u0142ych p\u0142aszczach, podkre\u015blaj\u0105c, \u017ce ich panowanie powinno na\u015bladowa\u0107 czysto\u015b\u0107 Chrystusa Kr\u00f3la.<\/li>\n<\/ul>\n\n\n\n<p>Ten przywilej nie by\u0142 przejawem pr\u00f3\u017cno\u015bci, ale&nbsp;<strong>\u015bwi\u0119t\u0105 odpowiedzialno\u015bci\u0105<\/strong>: monarcha mia\u0142 by\u0107 przede wszystkim wzorem cn\u00f3t dla swojego ludu.<\/p>\n\n\n\n<hr class=\"wp-block-separator has-alpha-channel-opacity\"\/>\n\n\n\n<h2 class=\"wp-block-heading\"><strong>II. Teologia Bieli: Czysto\u015b\u0107, W\u0142adza i Ofiara<\/strong><\/h2>\n\n\n\n<p>Dlaczego biel, a nie purpura &#8211; tradycyjny kolor kr\u00f3lewski? Poniewa\u017c purpura m\u00f3wi\u0142a o doczesnej godno\u015bci, podczas gdy biel wskazywa\u0142a na wy\u017csz\u0105 rzeczywisto\u015b\u0107:<\/p>\n\n\n\n<ol start=\"1\" class=\"wp-block-list\">\n<li><strong>Moralna czysto\u015b\u0107<\/strong>: Katolicki w\u0142adca mia\u0142 by\u0107 integralny, sprawiedliwy i wolny od korupcji. Jak pisa\u0142 \u015bw. Pawe\u0142:\u00a0<em>&#8222;Taka jest wola Bo\u017ca: wasze u\u015bwi\u0119cenie&#8221;<\/em>\u00a0(1 Tes 4,3)<\/li>\n\n\n\n<li><strong>Przejrzysto\u015b\u0107 przed Bogiem<\/strong>: Biel odbija \u015bwiat\u0142o, tak jak dusza monarchy mia\u0142a by\u0107 przejrzysta dla Bo\u017cej woli<\/li>\n\n\n\n<li><strong>Ofiara<\/strong>: W liturgii kap\u0142an przywdziewa biel sk\u0142adaj\u0105c ofiar\u0119. Kr\u00f3l jako &#8222;kap\u0142an&#8221; w porz\u0105dku doczesnym mia\u0142 ofiarowa\u0107 siebie w s\u0142u\u017cbie swojemu ludowi.<\/li>\n<\/ol>\n\n\n\n<p>Ten symbolizm osi\u0105gn\u0105\u0142 apogeum w monarchii hiszpa\u0144skiej, gdzie kr\u00f3lowie tacy jak Ferdynand III \u015awi\u0119ty czy Izabela Katolicka byli czczeni nie tylko za podboje, ale za g\u0142\u0119bok\u0105 pobo\u017cno\u015b\u0107.<\/p>\n\n\n\n<hr class=\"wp-block-separator has-alpha-channel-opacity\"\/>\n\n\n\n<h2 class=\"wp-block-heading\"><strong>III. Przes\u0142anie dla Wsp\u00f3\u0142czesnego \u015awiata: Kr\u00f3lujmy z Chrystusem<\/strong><\/h2>\n\n\n\n<p>Dzi\u015b monarchie ju\u017c nie panuj\u0105 jak dawniej, ale przes\u0142anie &#8222;kr\u00f3lewskiej bieli&#8221; pozostaje aktualne dla ka\u017cdego chrze\u015bcijanina:<\/p>\n\n\n\n<h3 class=\"wp-block-heading\"><strong>1. Wszyscy jeste\u015bmy wezwani do kr\u00f3lowania<\/strong><\/h3>\n\n\n\n<p>Przez chrzest uczestniczymy w kr\u00f3lewskim kap\u0142a\u0144stwie Chrystusa (1 P 2,9). Nasze \u017cycie ma odzwierciedla\u0107 t\u0119 godno\u015b\u0107, przyodziewaj\u0105c si\u0119 &#8211; duchowo &#8211; w czysto\u015b\u0107.<\/p>\n\n\n\n<h3 class=\"wp-block-heading\"><strong>2. W\u0142adza jako s\u0142u\u017cba<\/strong><\/h3>\n\n\n\n<p>Czy to w rodzinie, pracy czy spo\u0142ecze\u0144stwie, sprawowanie w\u0142adzy wymaga integralno\u015bci. Jak katoliccy monarchowie, jeste\u015bmy wezwani do s\u0142u\u017cby, nie do bycia obs\u0142ugiwanymi (Mk 10,45).<\/p>\n\n\n\n<h3 class=\"wp-block-heading\"><strong>3. Walka o czysto\u015b\u0107 w zbrukanym \u015bwiecie<\/strong><\/h3>\n\n\n\n<p>Dzi\u015b czysto\u015b\u0107, uczciwo\u015b\u0107 i konsekwencja s\u0105 wy\u015bmiewane. Ale kr\u00f3lewska biel przypomina nam: prawdziwa wielko\u015b\u0107 le\u017cy w \u015bwi\u0119to\u015bci.<\/p>\n\n\n\n<hr class=\"wp-block-separator has-alpha-channel-opacity\"\/>\n\n\n\n<h2 class=\"wp-block-heading\"><strong>Zako\u0144czenie: Przyodziej sw\u0105 Dusz\u0119 w Biel<\/strong><\/h2>\n\n\n\n<p>Przywilej bia\u0142ej szaty nie znikn\u0105\u0142 &#8211; przemieni\u0142 si\u0119. Teraz ka\u017cdy chrze\u015bcijanin jest wezwany by &#8222;przyodzia\u0107 si\u0119 w Chrystusa&#8221; (Ga 3,27), \u017cy\u0107 szlachetno\u015bci\u0105 \u015bwi\u0119tych i kr\u00f3lowa\u0107 &#8211; w pokorze &#8211; we wsp\u00f3\u0142czesnym \u015bwiecie.<\/p>\n\n\n\n<p>Jak &#8222;przyodzia\u0107 si\u0119 w biel&#8221; dzi\u015b?<\/p>\n\n\n\n<ul class=\"wp-block-list\">\n<li><strong>Cz\u0119sta spowied\u017a<\/strong>: Obmywaj dusz\u0119 w sakramencie pojednania<\/li>\n\n\n\n<li><strong>Mi\u0142osierdzie<\/strong>: B\u0105d\u017a \u015bwiat\u0142em w ciemno\u015bciach<\/li>\n\n\n\n<li><strong>Sta\u0142o\u015b\u0107 w wierze<\/strong>: Jak katoliccy monarchowie &#8211; nie negocjuj swojej to\u017csamo\u015bci<\/li>\n<\/ul>\n\n\n\n<p>Niech Naj\u015bwi\u0119tsza Maryja Panna, Kr\u00f3lowa &#8222;obleczona w s\u0142o\u0144ce&#8221; (Ap 12,1), prowadzi nas by\u015bmy \u017cyli t\u0105 kr\u00f3lewsk\u0105 czysto\u015bci\u0105, kt\u00f3ra podbija \u015bwiat nie daj\u0105c si\u0119 przez niego zbruka\u0107.<\/p>\n\n\n\n<p><em>&#8222;Zwyci\u0119zca [&#8230;] przyobleczony b\u0119dzie w szaty bia\u0142e&#8221;<\/em>&nbsp;(Ap 3,5)<\/p>\n\n\n\n<p><strong>Czy jeste\u015b got\u00f3w przyj\u0105\u0107 ten przywilej?<\/strong><\/p>\n","protected":false},"excerpt":{"rendered":"<p>&#8222;B\u0142ogos\u0142awieni czystego serca, albowiem oni Boga ogl\u0105da\u0107 b\u0119d\u0105&#8221;&nbsp;(Mt 5,8) W \u015bwiecie, gdzie w\u0142adz\u0119 i autorytet cz\u0119sto kojarzy si\u0119 z uciskiem lub korupcj\u0105, tradycja katolicka oferuje nam wznios\u0142y wz\u00f3r: chrze\u015bcija\u0144skich monarch\u00f3w, kt\u00f3rzy przyodziani w biel uciele\u015bniali nie tylko doczesne panowanie, ale \u015bwi\u0119t\u0105 misj\u0119. Przywilej noszenia bia\u0142ych szat, zarezerwowany w pewnych kontekstach dla katolickich kr\u00f3l\u00f3w, nie by\u0142 &hellip;<\/p>\n","protected":false},"author":3,"featured_media":3938,"comment_status":"open","ping_status":"open","sticky":false,"template":"","format":"standard","meta":{"_seopress_robots_primary_cat":"","_seopress_titles_title":"","_seopress_titles_desc":"","_seopress_robots_index":"","footnotes":""},"categories":[66,41],"tags":[1164],"class_list":["post-3937","post","type-post","status-publish","format-standard","has-post-thumbnail","","category-kultura-popularna-i-katolicyzm","category-wiara-i-kultura","tag-katolickich-monarchow"],"_links":{"self":[{"href":"https:\/\/catholicus.eu\/pl\/wp-json\/wp\/v2\/posts\/3937","targetHints":{"allow":["GET"]}}],"collection":[{"href":"https:\/\/catholicus.eu\/pl\/wp-json\/wp\/v2\/posts"}],"about":[{"href":"https:\/\/catholicus.eu\/pl\/wp-json\/wp\/v2\/types\/post"}],"author":[{"embeddable":true,"href":"https:\/\/catholicus.eu\/pl\/wp-json\/wp\/v2\/users\/3"}],"replies":[{"embeddable":true,"href":"https:\/\/catholicus.eu\/pl\/wp-json\/wp\/v2\/comments?post=3937"}],"version-history":[{"count":1,"href":"https:\/\/catholicus.eu\/pl\/wp-json\/wp\/v2\/posts\/3937\/revisions"}],"predecessor-version":[{"id":3939,"href":"https:\/\/catholicus.eu\/pl\/wp-json\/wp\/v2\/posts\/3937\/revisions\/3939"}],"wp:featuredmedia":[{"embeddable":true,"href":"https:\/\/catholicus.eu\/pl\/wp-json\/wp\/v2\/media\/3938"}],"wp:attachment":[{"href":"https:\/\/catholicus.eu\/pl\/wp-json\/wp\/v2\/media?parent=3937"}],"wp:term":[{"taxonomy":"category","embeddable":true,"href":"https:\/\/catholicus.eu\/pl\/wp-json\/wp\/v2\/categories?post=3937"},{"taxonomy":"post_tag","embeddable":true,"href":"https:\/\/catholicus.eu\/pl\/wp-json\/wp\/v2\/tags?post=3937"}],"curies":[{"name":"wp","href":"https:\/\/api.w.org\/{rel}","templated":true}]}}