{"id":3934,"date":"2025-05-18T11:47:32","date_gmt":"2025-05-18T09:47:32","guid":{"rendered":"https:\/\/catholicus.eu\/pl\/?p=3934"},"modified":"2025-05-18T11:47:32","modified_gmt":"2025-05-18T09:47:32","slug":"msza-inauguracyjna-pontyfikatu-znaczenie-historia-i-przewodnik-duchowy-dla-glebokiego-zrozumienia-i-swiadomego-przezywania","status":"publish","type":"post","link":"https:\/\/catholicus.eu\/pl\/msza-inauguracyjna-pontyfikatu-znaczenie-historia-i-przewodnik-duchowy-dla-glebokiego-zrozumienia-i-swiadomego-przezywania\/","title":{"rendered":"Msza Inauguracyjna Pontyfikatu: znaczenie, historia i przewodnik duchowy dla g\u0142\u0119bokiego zrozumienia i \u015bwiadomego prze\u017cywania"},"content":{"rendered":"\n<h3 class=\"wp-block-heading\">Wst\u0119p: nowy pasterz Ko\u015bcio\u0142a<\/h3>\n\n\n\n<p>Za ka\u017cdym razem, gdy wybierany jest papie\u017c, ca\u0142a uwaga Ko\u015bcio\u0142a \u2014 a w pewnym sensie ca\u0142ego \u015bwiata \u2014 zwraca si\u0119 ku Rzymowi. To nie jest tylko protok\u00f3\u0142 czy formalna ceremonia: to odnowienie pasterskiego mandatu Chrystusa poprzez Jego namiestnika na ziemi. <em>Msza inauguruj\u0105ca pontyfikat<\/em> to nie tylko uroczysta liturgia; to widoczny znak apostolskiej ci\u0105g\u0142o\u015bci, misji, kt\u00f3r\u0105 Chrystus powierzy\u0142 Piotrowi, a poprzez niego jego nast\u0119pcom.<\/p>\n\n\n\n<p>Ale co tak naprawd\u0119 oznacza ta Msza? Dlaczego jest tak wa\u017cna? Czego nas uczy o Ko\u015bciele, roli papie\u017ca i naszym katolickim \u017cyciu dzisiaj? Ten artyku\u0142 ma na celu ods\u0142oni\u0107 duchowy i teologiczny skarb tej celebracji, zg\u0142\u0119biaj\u0105c jej histori\u0119, symbole, rytua\u0142 i nauk\u0119 duszpastersk\u0105.<\/p>\n\n\n\n<hr class=\"wp-block-separator has-alpha-channel-opacity\"\/>\n\n\n\n<h2 class=\"wp-block-heading\">1. Korzenie historyczne i ewolucja ceremonii<\/h2>\n\n\n\n<h3 class=\"wp-block-heading\">Od koronacji papieskiej do Mszy inauguracyjnej<\/h3>\n\n\n\n<p>Przez wieki intronizacja papie\u017ca obejmowa\u0142a <strong>koronacj\u0119 tiar\u0105 papiesk\u0105<\/strong>, symbolem potr\u00f3jnej w\u0142adzy papie\u017ca: ojca kr\u00f3l\u00f3w, suwerena \u015bwiata i namiestnika Chrystusa. Ta koronacja by\u0142a wydarzeniem pe\u0142nym przepychu, kt\u00f3re symbolizowa\u0142o duchow\u0105 i \u015bwieck\u0105 godno\u015b\u0107 biskupa Rzymu.<\/p>\n\n\n\n<p>W 1978 roku papie\u017c Jan Pawe\u0142 I zdecydowa\u0142 si\u0119 <strong>nie u\u017cywa\u0107 tiary<\/strong>, co oznacza\u0142o g\u0142\u0119bok\u0105 zmian\u0119 w rozumieniu pos\u0142ugi papieskiej: nie jako w\u0142adzy, lecz s\u0142u\u017cby. Ten kierunek kontynuowali Jan Pawe\u0142 II, Benedykt XVI i Franciszek. Od tamtej pory celebruje si\u0119 <strong>Msz\u0119 inauguruj\u0105c\u0105 pontyfikat<\/strong> z wi\u0119kszym naciskiem na wymiar duchowy, liturgiczny i duszpasterski.<\/p>\n\n\n\n<hr class=\"wp-block-separator has-alpha-channel-opacity\"\/>\n\n\n\n<h2 class=\"wp-block-heading\">2. Fundament teologiczny: Piotr, ska\u0142a Ko\u015bcio\u0142a<\/h2>\n\n\n\n<p>Msza inauguruj\u0105ca opiera si\u0119 na obietnicy Chrystusa z Ewangelii:<\/p>\n\n\n\n<blockquote class=\"wp-block-quote is-layout-flow wp-block-quote-is-layout-flow\">\n<p>\u201eTy jeste\u015b Piotr, i na tej opoce zbuduj\u0119 m\u00f3j Ko\u015bci\u00f3\u0142, a bramy piekielne go nie przemog\u0105\u201d (Mt 16,18).<\/p>\n<\/blockquote>\n\n\n\n<p>Ta obietnica trwa w ka\u017cdym nast\u0119pc\u0119 Piotra. Liturgia nie czyni papie\u017ca \u2014 dzieje si\u0119 to ju\u017c podczas przyj\u0119cia wyboru w konklawe \u2014 ale <strong>publicznie manifestuje jego urz\u0105d<\/strong>, przedstawiaj\u0105c go Ko\u015bcio\u0142owi powszechnemu i przekazuj\u0105c znaki jego pasterskiej misji.<\/p>\n\n\n\n<hr class=\"wp-block-separator has-alpha-channel-opacity\"\/>\n\n\n\n<h2 class=\"wp-block-heading\">3. Symbolika liturgiczna Mszy inauguruj\u0105cej<\/h2>\n\n\n\n<p>Liturgia jest bogata w symbole wyra\u017caj\u0105ce pos\u0142ug\u0119 papie\u017ca jako nast\u0119pc\u0119 Piotra, pasterza powszechnego i s\u0142ugi s\u0142ug Bo\u017cych. Najwa\u017cniejsze z nich to:<\/p>\n\n\n\n<h3 class=\"wp-block-heading\">A. <strong>Pier\u015bcie\u0144 rybaka<\/strong><\/h3>\n\n\n\n<p>Ten pier\u015bcie\u0144 z wizerunkiem \u015bw. Piotra rzucaj\u0105cego sieci symbolizuje misj\u0119 papie\u017ca jako \u201erybaka ludzi\u201d. Pier\u015bcie\u0144 jest <strong>unikalny dla ka\u017cdego pontyfikatu<\/strong> i jest niszczony po \u015bmierci papie\u017ca, co oznacza koniec jego pos\u0142ugi.<br>\ud83d\udc49 <strong>Duchowe znaczenie dla wiernych<\/strong>: przypomnienie, \u017ce r\u00f3wnie\u017c jeste\u015bmy powo\u0142ani do zarzucania sieci Ewangelii w rodzinie, pracy i spo\u0142ecze\u0144stwie.<\/p>\n\n\n\n<h3 class=\"wp-block-heading\">B. <strong>Pallium papieskie<\/strong><\/h3>\n\n\n\n<p>Pallium to bia\u0142a we\u0142niana wst\u0119ga z sze\u015bcioma czarnymi krzy\u017cami, kt\u00f3r\u0105 papie\u017c nosi na ramionach, podobnie jak patriarchowie i metropolici. Oznacza, \u017ce papie\u017c jest <strong>dobrym pasterzem<\/strong>, kt\u00f3ry niesie zagubion\u0105 owc\u0119 na swoich ramionach, tak jak Chrystus.<\/p>\n\n\n\n<p>\ud83d\udc49 <strong>Dla nas<\/strong>: zaproszenie do niesienia ci\u0119\u017car\u00f3w innych, do mi\u0142osierdzia wobec s\u0142abych, ubogich i wykluczonych.<\/p>\n\n\n\n<h3 class=\"wp-block-heading\">C. <strong>Gr\u00f3b \u015bw. Piotra<\/strong><\/h3>\n\n\n\n<p>Przed Msz\u0105 nowy papie\u017c odwiedza grot\u0119 aposto\u0142a Piotra pod g\u0142\u00f3wnym o\u0142tarzem Bazyliki \u015bw. Piotra. To bardzo symboliczny gest: <strong>nowy papie\u017c rozpoczyna swoj\u0105 pos\u0142ug\u0119 w komunii z pierwszym \u015bwiadkiem wiary<\/strong>, kt\u00f3ry odda\u0142 swoje \u017cycie w Rzymie.<\/p>\n\n\n\n<p>\ud83d\udc49 <strong>Praktyczne zastosowanie<\/strong>: fundamentem naszego \u017cycia duchowego powinna by\u0107 wierno\u015b\u0107 apostolska i jedno\u015b\u0107 z Ko\u015bcio\u0142em.<\/p>\n\n\n\n<h3 class=\"wp-block-heading\">D. <strong>Ewangelia w wielu j\u0119zykach<\/strong><\/h3>\n\n\n\n<p>W trakcie liturgii Ewangelia jest czytana w kilku j\u0119zykach, co symbolizuje <strong>uniwersalno\u015b\u0107 Ko\u015bcio\u0142a<\/strong>, kt\u00f3ry jednoczy wszystkie narody pod jednym Panem.<\/p>\n\n\n\n<p>\ud83d\udc49 <strong>Dla nas<\/strong>: Ewangelia musi by\u0107 \u017cyta w ka\u017cdym obszarze naszego \u017cycia, bez wyklucze\u0144. Przemawia do naszego najg\u0142\u0119bszego j\u0119zyka serca.<\/p>\n\n\n\n<hr class=\"wp-block-separator has-alpha-channel-opacity\"\/>\n\n\n\n<h2 class=\"wp-block-heading\">4. Przebieg liturgii i kluczowe momenty<\/h2>\n\n\n\n<p>Msza inauguracyjna pod\u0105\u017ca za struktur\u0105 rytu rzymskiego, z kilkoma szczeg\u00f3lnymi elementami, kt\u00f3re j\u0105 wyr\u00f3\u017cniaj\u0105.<\/p>\n\n\n\n<h3 class=\"wp-block-heading\">1. Procesja wej\u015bcia<\/h3>\n\n\n\n<p>Uroczysta procesja z udzia\u0142em kardyna\u0142\u00f3w, biskup\u00f3w, diakon\u00f3w, zakonnik\u00f3w i \u015bwieckich. Reprezentuje <strong>lud Bo\u017cy w drodze<\/strong>, kt\u00f3ry uznaje swojego nowego pasterza w imieniu Chrystusa.<\/p>\n\n\n\n<h3 class=\"wp-block-heading\">2. Na\u0142o\u017cenie pallium i wr\u0119czenie pier\u015bcienia<\/h3>\n\n\n\n<p>Znaki te s\u0105 przekazywane papie\u017cowi przez dziekana kolegium kardynalskiego. Oznaczaj\u0105, \u017ce <strong>papie\u017c obejmuje sw\u0105 pos\u0142ug\u0119 nie jako w\u0142adca, lecz jako s\u0142uga ludu Bo\u017cego<\/strong>.<\/p>\n\n\n\n<blockquote class=\"wp-block-quote is-layout-flow wp-block-quote-is-layout-flow\">\n<p>\u201eKto chce by\u0107 pierwszym w\u015br\u00f3d was, niech b\u0119dzie s\u0142ug\u0105 wszystkich\u201d (Mk 10,44).<\/p>\n<\/blockquote>\n\n\n\n<h3 class=\"wp-block-heading\">3. Profesja wiary i wierno\u015bci<\/h3>\n\n\n\n<p>Dawniej wszyscy kardyna\u0142owie sk\u0142adali wyznanie wierno\u015bci nowemu papie\u017cowi. Dzi\u015b przedstawiciele wiernych \u2014 biskupi, kap\u0142ani, zakonnicy, \u015bwieccy \u2014 podchodz\u0105 i je wyra\u017caj\u0105, co oznacza, \u017ce <strong>wierno\u015b\u0107 papie\u017cowi jest wsp\u00f3lnot\u0105 mi\u0142o\u015bci i wiary ca\u0142ego Ko\u015bcio\u0142a<\/strong>.<\/p>\n\n\n\n<hr class=\"wp-block-separator has-alpha-channel-opacity\"\/>\n\n\n\n<h2 class=\"wp-block-heading\">5. Duszpasterskie i duchowe znaczenie dla wiernych dzisiaj<\/h2>\n\n\n\n<p>Msza inauguruj\u0105ca nie jest spektaklem ani odleg\u0142\u0105 ceremoni\u0105. Przynosi g\u0142\u0119bokie i \u017cywe przes\u0142anie dla ka\u017cdego katolika:<\/p>\n\n\n\n<h3 class=\"wp-block-heading\">A. <strong>Przypomnienie, \u017ce nie jeste\u015bmy sami<\/strong><\/h3>\n\n\n\n<p>Posta\u0107 papie\u017ca jest <strong>znakiem jedno\u015bci<\/strong> i wierno\u015bci Ewangelii. W czasach zam\u0119tu, relatywizmu i wewn\u0119trznych podzia\u0142\u00f3w papie\u017c jest mocnym fundamentem, mistrzem wiary i pewnym przewodnikiem.<\/p>\n\n\n\n<blockquote class=\"wp-block-quote is-layout-flow wp-block-quote-is-layout-flow\">\n<p>\u201eUmocnij braci swoich\u201d (\u0141k 22,32). Takie zadanie Chrystus powierzy\u0142 Piotrowi i jego nast\u0119pcom.<\/p>\n<\/blockquote>\n\n\n\n<h3 class=\"wp-block-heading\">B. <strong>Wz\u00f3r pokory i s\u0142u\u017cby<\/strong><\/h3>\n\n\n\n<p>Postawa, z jak\u0105 papie\u017c rozpoczyna sw\u00f3j pontyfikat, jest \u017cyw\u0105 katechez\u0105 o wzorcu Chrystusa: On nie przyszed\u0142, aby Mu s\u0142u\u017cono, lecz aby s\u0142u\u017cy\u0107. Ka\u017cdy chrze\u015bcijanin jest wezwany do \u017cycia t\u0105 postaw\u0105 na co dzie\u0144.<\/p>\n\n\n\n<p>\ud83d\udc49 Jak mog\u0119 by\u0107 s\u0142ug\u0105 w mojej rodzinie, pracy, parafii?<\/p>\n\n\n\n<h3 class=\"wp-block-heading\">C. <strong>Odnawianie naszego przywi\u0105zania do Ko\u015bcio\u0142a<\/strong><\/h3>\n\n\n\n<p>Ka\u017cda Msza inauguruj\u0105ca zaprasza do odnowienia naszego zobowi\u0105zania wobec Ko\u015bcio\u0142a: modli\u0107 si\u0119 za papie\u017ca, formowa\u0107 si\u0119 w nauce Ko\u015bcio\u0142a, \u017cy\u0107 komunij\u0105 i \u015bwiadczy\u0107 o Ewangelii.<\/p>\n\n\n\n<p>\ud83d\udc49 Dobre pytanie do rachunku sumienia: czy naprawd\u0119 kocham Ko\u015bci\u00f3\u0142? Czy broni\u0119 jego jedno\u015bci? Czy ucz\u0119 si\u0119 wiernie i z katolickim duchem krytycznym?<\/p>\n\n\n\n<hr class=\"wp-block-separator has-alpha-channel-opacity\"\/>\n\n\n\n<h2 class=\"wp-block-heading\">6. Praktyczny przewodnik: jak duchowo prze\u017cy\u0107 Msz\u0119 inauguruj\u0105c\u0105<\/h2>\n\n\n\n<p>Cho\u0107 to wydarzenie jest rzadkie, mo\u017cna je bardzo intensywnie prze\u017cy\u0107 duchowo, stosuj\u0105c si\u0119 do poni\u017cszych wskaz\u00f3wek:<\/p>\n\n\n\n<h3 class=\"wp-block-heading\">\u2705 1. <strong>Uczestniczy\u0107 z duchem modlitwy<\/strong><\/h3>\n\n\n\n<p>Nie jako bierny widz, ale jako cz\u0142onek Cia\u0142a. Ka\u017cde s\u0142owo i znak nios\u0105 przes\u0142anie dla twojego \u017cycia.<\/p>\n\n\n\n<h3 class=\"wp-block-heading\">\u2705 2. <strong>Przygotowa\u0107 si\u0119 czytaj\u0105c wcze\u015bniej Pismo \u015awi\u0119te<\/strong><\/h3>\n\n\n\n<p>Otw\u00f3rz serce na S\u0142owo Bo\u017ce. Zastan\u00f3w si\u0119, jak roz\u015bwietla ono pos\u0142ug\u0119 nowego papie\u017ca&#8230; i twoj\u0105 misj\u0119 chrzcieln\u0105.<\/p>\n\n\n\n<h3 class=\"wp-block-heading\">\u2705 3. <strong>Ofiarowa\u0107 jaki\u015b wyrzeczenie za nowego papie\u017ca<\/strong><\/h3>\n\n\n\n<p>Post, ja\u0142mu\u017cna, modlitwa&#8230; niech ten dzie\u0144 b\u0119dzie aktem mi\u0142o\u015bci za nowego pasterza.<\/p>\n\n\n\n<h3 class=\"wp-block-heading\">\u2705 4. <strong>Dzielenie si\u0119 przes\u0142aniem w swojej wsp\u00f3lnocie<\/strong><\/h3>\n\n\n\n<p>Rozmawiaj z dzie\u0107mi, przyjaci\u00f3\u0142mi i w parafii o nowym papie\u017cu. Omawiaj jego pierwsze s\u0142owa, reflektuj nad wyzwaniami, kt\u00f3re stawia.<\/p>\n\n\n\n<h3 class=\"wp-block-heading\">\u2705 5. <strong>Odnawia\u0107 poczucie przynale\u017cno\u015bci do Ko\u015bcio\u0142a<\/strong><\/h3>\n\n\n\n<p>Wyznawaj Credo, zaufaj opiece Matki Bo\u017cej i dzi\u0119kuj Bogu za dar pasterza, kt\u00f3ry prowadzi nas w wierze.<\/p>\n\n\n\n<hr class=\"wp-block-separator has-alpha-channel-opacity\"\/>\n\n\n\n<h2 class=\"wp-block-heading\">Zako\u0144czenie: nowy rozdzia\u0142 w historii zbawienia<\/h2>\n\n\n\n<p>Msza inauguracyjna pontyfikatu to nie tylko ryt przej\u015bcia. To <strong>\u017cywa strona Ewangelii, kt\u00f3ra jest pisana tak\u017ce dzi\u015b<\/strong>. Zaprasza nas do wzrostu w wierze, umocnienia jedno\u015bci z Ko\u015bcio\u0142em i odnowienia naszego zobowi\u0105zania dla Chrystusa.<\/p>\n\n\n\n<p>Ka\u017cdy papie\u017c jest darem. Ka\u017cdy nowy pontyfikat jest \u0142ask\u0105. Prze\u017cywajmy to z wdzi\u0119czno\u015bci\u0105, nadziej\u0105 i moc\u0105. I przede wszystkim z pewno\u015bci\u0105, \u017ce<\/p>\n\n\n\n<blockquote class=\"wp-block-quote is-layout-flow wp-block-quote-is-layout-flow\">\n<p><em>\u201eOto ja jestem z wami przez wszystkie dni, a\u017c do sko\u0144czenia \u015bwiata\u201d<\/em> (Mt 28,20).<\/p>\n<\/blockquote>\n","protected":false},"excerpt":{"rendered":"<p>Wst\u0119p: nowy pasterz Ko\u015bcio\u0142a Za ka\u017cdym razem, gdy wybierany jest papie\u017c, ca\u0142a uwaga Ko\u015bcio\u0142a \u2014 a w pewnym sensie ca\u0142ego \u015bwiata \u2014 zwraca si\u0119 ku Rzymowi. To nie jest tylko protok\u00f3\u0142 czy formalna ceremonia: to odnowienie pasterskiego mandatu Chrystusa poprzez Jego namiestnika na ziemi. Msza inauguruj\u0105ca pontyfikat to nie tylko uroczysta liturgia; to widoczny znak &hellip;<\/p>\n","protected":false},"author":3,"featured_media":3935,"comment_status":"open","ping_status":"open","sticky":false,"template":"","format":"standard","meta":{"_seopress_robots_primary_cat":"","_seopress_titles_title":"","_seopress_titles_desc":"","_seopress_robots_index":"","footnotes":""},"categories":[38,52],"tags":[1163,1162],"class_list":["post-3934","post","type-post","status-publish","format-standard","has-post-thumbnail","","category-historia-i-tradycja","category-liturgia-i-rok-liturgiczny","tag-koronacji-papieskiej","tag-msza-inauguracyjna-pontyfikatu"],"_links":{"self":[{"href":"https:\/\/catholicus.eu\/pl\/wp-json\/wp\/v2\/posts\/3934","targetHints":{"allow":["GET"]}}],"collection":[{"href":"https:\/\/catholicus.eu\/pl\/wp-json\/wp\/v2\/posts"}],"about":[{"href":"https:\/\/catholicus.eu\/pl\/wp-json\/wp\/v2\/types\/post"}],"author":[{"embeddable":true,"href":"https:\/\/catholicus.eu\/pl\/wp-json\/wp\/v2\/users\/3"}],"replies":[{"embeddable":true,"href":"https:\/\/catholicus.eu\/pl\/wp-json\/wp\/v2\/comments?post=3934"}],"version-history":[{"count":1,"href":"https:\/\/catholicus.eu\/pl\/wp-json\/wp\/v2\/posts\/3934\/revisions"}],"predecessor-version":[{"id":3936,"href":"https:\/\/catholicus.eu\/pl\/wp-json\/wp\/v2\/posts\/3934\/revisions\/3936"}],"wp:featuredmedia":[{"embeddable":true,"href":"https:\/\/catholicus.eu\/pl\/wp-json\/wp\/v2\/media\/3935"}],"wp:attachment":[{"href":"https:\/\/catholicus.eu\/pl\/wp-json\/wp\/v2\/media?parent=3934"}],"wp:term":[{"taxonomy":"category","embeddable":true,"href":"https:\/\/catholicus.eu\/pl\/wp-json\/wp\/v2\/categories?post=3934"},{"taxonomy":"post_tag","embeddable":true,"href":"https:\/\/catholicus.eu\/pl\/wp-json\/wp\/v2\/tags?post=3934"}],"curies":[{"name":"wp","href":"https:\/\/api.w.org\/{rel}","templated":true}]}}