{"id":3879,"date":"2025-05-15T22:22:48","date_gmt":"2025-05-15T20:22:48","guid":{"rendered":"https:\/\/catholicus.eu\/pl\/?p=3879"},"modified":"2025-05-15T22:22:48","modified_gmt":"2025-05-15T20:22:48","slug":"adversus-haereses-wieczna-walka-z-herezjami-i-jak-bronic-swojej-wiary-dzis","status":"publish","type":"post","link":"https:\/\/catholicus.eu\/pl\/adversus-haereses-wieczna-walka-z-herezjami-i-jak-bronic-swojej-wiary-dzis\/","title":{"rendered":"Adversus Haereses: Wieczna Walka z Herezjami i Jak Broni\u0107 Swojej Wiary Dzi\u015b"},"content":{"rendered":"\n<p><em>&#8222;Przyjdzie bowiem czas, \u017ce zdrowej nauki nie znios\u0105, ale wed\u0142ug swoich upodoba\u0144 nazbieraj\u0105 sobie nauczycieli, \u017c\u0105dni tego, co ucho \u0142echce. Odwr\u00f3c\u0105 ucho od prawdy, a zwr\u00f3c\u0105 si\u0119 ku ba\u015bniom&#8221;<\/em>&nbsp;(2 Tymoteusza 4,3-4)<\/p>\n\n\n\n<h3 class=\"wp-block-heading\"><strong>Wprowadzenie: Przestroga dla Naszych Czas\u00f3w<\/strong><\/h3>\n\n\n\n<p>W \u015bwiecie, gdzie wieczne prawdy s\u0105 kwestionowane i relatywizowane, dzie\u0142o&nbsp;<em>Adversus Haereses<\/em>&nbsp;(Przeciw herezjom) \u015bw. Ireneusza z Lyonu (II wiek) staje si\u0119 \u015bwiat\u0142em dla Ko\u015bcio\u0142a. Ten traktat to nie tylko historyczne odparcie b\u0142\u0119d\u00f3w gnostyckich, ale ponadczasowy przewodnik w rozpoznawaniu i zwalczaniu fa\u0142szywych nauk, kt\u00f3re w ka\u017cdej epoce przybieraj\u0105 nowe formy.<\/p>\n\n\n\n<p>Dzi\u015b, jak niegdy\u015b, wiara katolicka mierzy si\u0119 z niezliczonymi wypaczeniami: od sekularyzmu neguj\u0105cego sacrum, po duchowo\u015bci&nbsp;<em>new age<\/em>&nbsp;obiecuj\u0105ce zbawienie poza Chrystusem. \u015aw. Ireneusz uczy nas, \u017ce ortodoksja (prawowierno\u015b\u0107) to nie tylko akademicka poprawno\u015b\u0107, ale gwarancja autentycznego \u017cycia w Chrystusie.<\/p>\n\n\n\n<h3 class=\"wp-block-heading\"><strong>I. \u015aw. Ireneusz i Jego Walka z Gnostycyzmem<\/strong><\/h3>\n\n\n\n<h4 class=\"wp-block-heading\"><strong>1. Kontekst Historyczny: Zagro\u017cenie Gnostyckie<\/strong><\/h4>\n\n\n\n<p>W II wieku gnostycyzm (od greckiego &#8222;gnosis&#8221; &#8211; wiedza tajemna) uwodzi\u0142 wielu chrze\u015bcijan obietnic\u0105 elitarnego zbawienia, opartego na tajemnych misteriach dost\u0119pnych tylko dla nielicznych &#8222;wtajemniczonych&#8221;. Gnostycy gardzili materi\u0105, negowali dobro\u0107 stworzenia i odrzucali Boga Starego Testamentu, tworz\u0105c absurdalne kosmogonie z demiurgami i eonami.<\/p>\n\n\n\n<p>\u015aw. Ireneusz, ucze\u0144 \u015bw. Polikarpa (kt\u00f3ry by\u0142 uczniem samego aposto\u0142a Jana), zrozumia\u0142, \u017ce ta herezja to nie tylko b\u0142\u0105d filozoficzny, ale atak na samo serce Ewangelii:&nbsp;<strong>Wcielenie Chrystusa<\/strong>. Je\u015bli materia jest z\u0142a, jak S\u0142owo mog\u0142o sta\u0107 si\u0119 cia\u0142em? Je\u015bli Stw\u00f3rca jest z\u0142y, jak mo\u017ce by\u0107 Ojcem Jezusa?<\/p>\n\n\n\n<h4 class=\"wp-block-heading\"><strong>2. Odpowied\u017a Ireneusza: Zasada Wiary i Tradycja Apostolska<\/strong><\/h4>\n\n\n\n<p>Wobec tych b\u0142\u0119d\u00f3w \u015bw. Ireneusz nie tylko u\u017cywa\u0142 argument\u00f3w rozumowych, ale odwo\u0142a\u0142 si\u0119 do&nbsp;<strong>Tradycji apostolskiej<\/strong>: wiary przekazanej przez aposto\u0142\u00f3w i strze\u017conej przez biskup\u00f3w &#8211; ich nast\u0119pc\u00f3w. W swoim dziele pisze:<\/p>\n\n\n\n<p><em>&#8222;Ko\u015bci\u00f3\u0142, cho\u0107 rozproszony po ca\u0142ym \u015bwiecie, strze\u017ce tej nauki i tej wiary z tak\u0105 trosk\u0105, jakby mieszka\u0142 w jednym domu; i wierzy w to jednomy\u015blnie, jakby mia\u0142 jedn\u0105 dusz\u0119 i jedno serce&#8221;<\/em>&nbsp;(Adversus Haereses I,10,2)<\/p>\n\n\n\n<p><strong>&#8222;Zasada Wiary&#8221;<\/strong>&nbsp;(kanon tes pisteos) by\u0142a streszczeniem otrzymanej nauki, &#8222;depozytem&#8221; o kt\u00f3rym m\u00f3wi \u015bw. Pawe\u0142 (1 Tymoteusza 6,20). Dla Ireneusza prawdziwa gnoza to nie wiedza ezoteryczna, ale prosta i powszechna wiara Ko\u015bcio\u0142a.<\/p>\n\n\n\n<h3 class=\"wp-block-heading\"><strong>II. Klucze Teologiczne Adversus Haereses: Aktualno\u015b\u0107 Przes\u0142ania<\/strong><\/h3>\n\n\n\n<h4 class=\"wp-block-heading\"><strong>1. Jedno\u015b\u0107 Stworzenia i Odkupienia<\/strong><\/h4>\n\n\n\n<p>Gnostycy dzielili \u015bwiat na Boga duchowego (dobrego) i materialnego demiurga (z\u0142ego). Ireneusz odpowiada wizj\u0105 integraln\u0105:&nbsp;<strong>ten sam B\u00f3g, kt\u00f3ry stworzy\u0142 \u015bwiat, odkupuje go w Chrystusie<\/strong>.<\/p>\n\n\n\n<p><em>&#8222;Chwa\u0142\u0105 Boga jest \u017cyj\u0105cy cz\u0142owiek, a \u017cyciem cz\u0142owieka jest ogl\u0105danie Boga&#8221;<\/em>&nbsp;(Adv. Haer. IV,20,7)<\/p>\n\n\n\n<p><strong>Zastosowanie dzi\u015b<\/strong>: W kulturze rozdartej mi\u0119dzy ateistycznym materializmem (kt\u00f3ry ub\u00f3stwia materi\u0119 bez Boga) a pustym spirytualizmem (gardz\u0105cym cia\u0142em), chrze\u015bcija\u0144stwo g\u0142osi u\u015bwi\u0119cenie&nbsp;<strong>tego, co ludzkie<\/strong>. Praca, ma\u0142\u017ce\u0144stwo, sztuka&#8230; wszystko mo\u017ce by\u0107 drog\u0105 do \u015bwi\u0119to\u015bci.<\/p>\n\n\n\n<h4 class=\"wp-block-heading\"><strong>2. Chrystus, Nowy Adam: Rekapitulacja<\/strong><\/h4>\n\n\n\n<p>Jedna z najpi\u0119kniejszych nauk Ireneusza to&nbsp;<strong>&#8222;rekapitulacja&#8221;<\/strong>&nbsp;(anakephalaiosis): Chrystus &#8211; nowy Adam, w sobie samym ponawia ca\u0142\u0105 histori\u0119 ludzko\u015bci, uzdrawiaj\u0105c niepos\u0142usze\u0144stwo pierwszego cz\u0142owieka swoim pos\u0142usze\u0144stwem na Krzy\u017cu.<\/p>\n\n\n\n<p><em>&#8222;Jak w Adamie wszyscy umieraj\u0105, tak te\u017c w Chrystusie wszyscy b\u0119d\u0105 o\u017cywieni&#8221;<\/em>&nbsp;(1 Koryntian 15,22)<\/p>\n\n\n\n<p><strong>Zastosowanie dzi\u015b<\/strong>: W podzielonym spo\u0142ecze\u0144stwie Chrystus jednoczy. Nie ma b\u00f3lu, grzechu czy w\u0105tpliwo\u015bci, kt\u00f3rych by nie przyj\u0105\u0142 i nie odkupi\u0142.<\/p>\n\n\n\n<h4 class=\"wp-block-heading\"><strong>3. Ko\u015bci\u00f3\u0142, Filar Prawdy<\/strong><\/h4>\n\n\n\n<p>Ireneusz podkre\u015bla: prawdziw\u0105 wiar\u0119 poznaje si\u0119 po jej&nbsp;<strong>powszechno\u015bci<\/strong>&nbsp;(katolicko\u015bci) i&nbsp;<strong>sukcesji apostolskiej<\/strong>. W przeciwie\u0144stwie do gnostyk\u00f3w dziel\u0105cych si\u0119 na sekty, Ko\u015bci\u00f3\u0142 zachowuje jedn\u0105 wiar\u0119 w komunii z Rzymem.<\/p>\n\n\n\n<p><strong>Zastosowanie dzi\u015b<\/strong>: W epoce &#8222;chrze\u015bcija\u0144stwa \u00e0 la carte&#8221; \u015bw. Ireneusz przypomina, \u017ce wiara to nie menu do wyboru, ale otrzymany dar, kt\u00f3ry trzeba strzec.<\/p>\n\n\n\n<h3 class=\"wp-block-heading\"><strong>III. Jak Stosowa\u0107 Adversus Haereses w XXI Wieku<\/strong><\/h3>\n\n\n\n<h4 class=\"wp-block-heading\"><strong>1. Rozpoznawa\u0107 Wsp\u00f3\u0142czesne Herezje<\/strong><\/h4>\n\n\n\n<p>Dzi\u015b nie m\u00f3wimy o Walentynie czy Marcjonie, ale o:<\/p>\n\n\n\n<ul class=\"wp-block-list\">\n<li><strong>Relatywizmie<\/strong>: &#8222;Wszystkie religie s\u0105 r\u00f3wne&#8221;<\/li>\n\n\n\n<li><strong>Modernizmie<\/strong>: &#8222;Ko\u015bci\u00f3\u0142 musi zmieni\u0107 dogmaty&#8221;<\/li>\n\n\n\n<li><strong>Duchowo\u015bci bez Krzy\u017ca<\/strong>: &#8222;B\u00f3g chce tylko twojego szcz\u0119\u015bcia, nie \u015bwi\u0119to\u015bci&#8221;<\/li>\n<\/ul>\n\n\n\n<p><strong>Antidotum<\/strong>: Studiowa\u0107 Katechizm i Pismo \u015awi\u0119te w jedno\u015bci z Magisterium.<\/p>\n\n\n\n<h4 class=\"wp-block-heading\"><strong>2. \u017by\u0107 Wiar\u0105 Sp\u00f3jnie<\/strong><\/h4>\n\n\n\n<p>Ireneusz nie tylko zwalcza\u0142 herezje &#8211; pokazywa\u0142, jak \u017cy\u0107 prawd\u0105.&nbsp;<strong>Ortodoksja (prawa wiara) i ortopraksja (prawe dzia\u0142anie) id\u0105 w parze<\/strong>.<\/p>\n\n\n\n<p><strong>Przyk\u0142ady praktyczne<\/strong>:<\/p>\n\n\n\n<ul class=\"wp-block-list\">\n<li><strong>W rodzinie<\/strong>: Wsp\u00f3lna modlitwa, wychowanie w wierze<\/li>\n\n\n\n<li><strong>W pracy<\/strong>: Uczciwo\u015b\u0107, ofiarowanie trudu Bogu<\/li>\n\n\n\n<li><strong>W spo\u0142ecze\u0144stwie<\/strong>: Broni\u0107 \u017cycia, sprawiedliwo\u015bci, mi\u0142osierdzia<\/li>\n<\/ul>\n\n\n\n<h4 class=\"wp-block-heading\"><strong>3. By\u0107 \u015awiadkami Rado\u015bci Prawdy<\/strong><\/h4>\n\n\n\n<p>Ireneusz nie by\u0142 zgorzknia\u0142ym polemist\u0105, ale pasterzem kochaj\u0105cym zb\u0142\u0105kanych. Dzi\u015b mamy&nbsp;<strong>poucza\u0107 z mi\u0142o\u015bci\u0105<\/strong>&nbsp;(por. Efezjan 4,15) i&nbsp;<strong>ukazywa\u0107 pi\u0119kno Chrystusa<\/strong>.<\/p>\n\n\n\n<h3 class=\"wp-block-heading\"><strong>Zako\u0144czenie: Wezwanie do Czujno\u015bci i Wierno\u015bci<\/strong><\/h3>\n\n\n\n<p><em>Adversus Haereses<\/em>&nbsp;to nie zakurzone dzie\u0142o, ale podr\u0119cznik duchowego przetrwania. W \u015bwiecie doktrynalnego zgie\u0142ku \u015bw. Ireneusz uczy, \u017ce&nbsp;<strong>prawda to Osoba: Jezus Chrystus<\/strong>, powierzony Ko\u015bcio\u0142owi na wieki.<\/p>\n\n\n\n<p>Jak on, b\u0105d\u017amy&nbsp;<strong>stra\u017cnikami wiary<\/strong>,&nbsp;<strong>uczniami Tradycji<\/strong>&nbsp;i&nbsp;<strong>pos\u0142a\u0144cami jedno\u015bci<\/strong>. Prowadzeni przez Maryj\u0119,&nbsp;<em>Matk\u0119 Ko\u015bcio\u0142a<\/em>, mo\u017cemy m\u00f3wi\u0107 ze \u015bw. Paw\u0142em:<\/p>\n\n\n\n<p><em>&#8222;Dobr\u0105 walk\u0119 stoczy\u0142em, bieg uko\u0144czy\u0142em, wiar\u0119 zachowa\u0142em&#8221;<\/em>&nbsp;(2 Tymoteusza 4,7)<\/p>\n\n\n\n<p><strong>Czy jeste\u015b got\u00f3w broni\u0107 wiary w codziennym \u017cyciu?<\/strong><\/p>\n\n\n\n<hr class=\"wp-block-separator has-alpha-channel-opacity\"\/>\n\n\n\n<p><strong>Do pog\u0142\u0119bienia<\/strong>:<\/p>\n\n\n\n<ul class=\"wp-block-list\">\n<li><em>Czytaj &#8222;Przeciw herezjom&#8221; (dost\u0119pne w wydaniach patrystycznych)<\/em><\/li>\n\n\n\n<li><em>Studiuj Katechizm Ko\u015bcio\u0142a Katolickiego (szczeg\u00f3lnie cz\u0119\u015bci o Tradycji)<\/em><\/li>\n\n\n\n<li><em>Zaanga\u017cuj si\u0119 w grupy formacyjne w swojej parafii<\/em><\/li>\n<\/ul>\n\n\n\n<p><em>Walka trwa, ale zwyci\u0119stwo nale\u017cy do Chrystusa.<\/em>&nbsp;Naprz\u00f3d!<\/p>\n","protected":false},"excerpt":{"rendered":"<p>&#8222;Przyjdzie bowiem czas, \u017ce zdrowej nauki nie znios\u0105, ale wed\u0142ug swoich upodoba\u0144 nazbieraj\u0105 sobie nauczycieli, \u017c\u0105dni tego, co ucho \u0142echce. Odwr\u00f3c\u0105 ucho od prawdy, a zwr\u00f3c\u0105 si\u0119 ku ba\u015bniom&#8221;&nbsp;(2 Tymoteusza 4,3-4) Wprowadzenie: Przestroga dla Naszych Czas\u00f3w W \u015bwiecie, gdzie wieczne prawdy s\u0105 kwestionowane i relatywizowane, dzie\u0142o&nbsp;Adversus Haereses&nbsp;(Przeciw herezjom) \u015bw. Ireneusza z Lyonu (II wiek) staje &hellip;<\/p>\n","protected":false},"author":3,"featured_media":3880,"comment_status":"open","ping_status":"open","sticky":false,"template":"","format":"standard","meta":{"_seopress_robots_primary_cat":"","_seopress_titles_title":"","_seopress_titles_desc":"","_seopress_robots_index":"","footnotes":""},"categories":[38,49],"tags":[1135],"class_list":["post-3879","post","type-post","status-publish","format-standard","has-post-thumbnail","","category-historia-i-tradycja","category-ojcowie-kosciola-i-doktorzy-kosciola","tag-adversus-haereses"],"_links":{"self":[{"href":"https:\/\/catholicus.eu\/pl\/wp-json\/wp\/v2\/posts\/3879","targetHints":{"allow":["GET"]}}],"collection":[{"href":"https:\/\/catholicus.eu\/pl\/wp-json\/wp\/v2\/posts"}],"about":[{"href":"https:\/\/catholicus.eu\/pl\/wp-json\/wp\/v2\/types\/post"}],"author":[{"embeddable":true,"href":"https:\/\/catholicus.eu\/pl\/wp-json\/wp\/v2\/users\/3"}],"replies":[{"embeddable":true,"href":"https:\/\/catholicus.eu\/pl\/wp-json\/wp\/v2\/comments?post=3879"}],"version-history":[{"count":1,"href":"https:\/\/catholicus.eu\/pl\/wp-json\/wp\/v2\/posts\/3879\/revisions"}],"predecessor-version":[{"id":3881,"href":"https:\/\/catholicus.eu\/pl\/wp-json\/wp\/v2\/posts\/3879\/revisions\/3881"}],"wp:featuredmedia":[{"embeddable":true,"href":"https:\/\/catholicus.eu\/pl\/wp-json\/wp\/v2\/media\/3880"}],"wp:attachment":[{"href":"https:\/\/catholicus.eu\/pl\/wp-json\/wp\/v2\/media?parent=3879"}],"wp:term":[{"taxonomy":"category","embeddable":true,"href":"https:\/\/catholicus.eu\/pl\/wp-json\/wp\/v2\/categories?post=3879"},{"taxonomy":"post_tag","embeddable":true,"href":"https:\/\/catholicus.eu\/pl\/wp-json\/wp\/v2\/tags?post=3879"}],"curies":[{"name":"wp","href":"https:\/\/api.w.org\/{rel}","templated":true}]}}