{"id":3855,"date":"2025-05-14T00:28:52","date_gmt":"2025-05-13T22:28:52","guid":{"rendered":"https:\/\/catholicus.eu\/pl\/?p=3855"},"modified":"2025-05-14T00:28:52","modified_gmt":"2025-05-13T22:28:52","slug":"nowe-zeslanie-ducha-swietego-dorosli-ktorzy-odnawiaja-swoja-wiare-przez-bierzmowanie","status":"publish","type":"post","link":"https:\/\/catholicus.eu\/pl\/nowe-zeslanie-ducha-swietego-dorosli-ktorzy-odnawiaja-swoja-wiare-przez-bierzmowanie\/","title":{"rendered":"Nowe Zes\u0142anie Ducha \u015awi\u0119tego: Doro\u015bli, kt\u00f3rzy odnawiaj\u0105 swoj\u0105 wiar\u0119 przez Bierzmowanie"},"content":{"rendered":"\n<p><em>Teologiczny, duszpasterski i aktualny przewodnik po odkryciu na nowo ognia Ducha \u015awi\u0119tego<\/em><\/p>\n\n\n\n<hr class=\"wp-block-separator has-alpha-channel-opacity\"\/>\n\n\n\n<h3 class=\"wp-block-heading\">I. Wst\u0119p: Odkry\u0107 na nowo zapomniany p\u0142omie\u0144<\/h3>\n\n\n\n<p>Wielu doros\u0142ych katolik\u00f3w \u017cyje swoj\u0105 wiar\u0105 w spos\u00f3b letni, niepe\u0142ny lub z sakramentalnymi brakami. Niekt\u00f3rzy zostali ochrzczeni, ale nigdy nie przyj\u0119li bierzmowania. Inni zostali bierzmowani z tradycji, bez prawdziwego zrozumienia daru, jaki otrzymali. S\u0105 te\u017c tacy, kt\u00f3rzy oddalili si\u0119 od Ko\u015bcio\u0142a na wiele lat, ale dzi\u015b \u2013 poruszeni tajemnicz\u0105 \u0142ask\u0105 \u2013 pragn\u0105 powr\u00f3ci\u0107 ca\u0142ym sercem.<\/p>\n\n\n\n<p>W \u015bwiecie pe\u0142nym duchowego zam\u0119tu pojawia si\u0119 pilna potrzeba: <strong>nowe Zes\u0142anie Ducha \u015awi\u0119tego<\/strong>. Nie chodzi o powstanie nowego Ko\u015bcio\u0142a \u2013 ten za\u0142o\u017cony przez Chrystusa jest wieczny \u2013 lecz o <strong>wewn\u0119trzne odrodzenie wiary<\/strong>, <strong>odnowienie ognia Ducha \u015awi\u0119tego<\/strong>, szczeg\u00f3lnie w\u015br\u00f3d doros\u0142ych, kt\u00f3rzy odkrywaj\u0105 bierzmowanie nie jako zapomniany formalizm, lecz jako przemieniaj\u0105ce i odnawiaj\u0105ce do\u015bwiadczenie.<\/p>\n\n\n\n<p>Ten artyku\u0142 jest dla Ciebie: je\u015bli pragniesz zrozumie\u0107, prze\u017cywa\u0107 i \u015bwiadomie wyznawa\u0107 swoj\u0105 doros\u0142\u0105 wiar\u0119. Je\u015bli chcesz wiedzie\u0107, czym naprawd\u0119 jest bierzmowanie, dlaczego jest tak wa\u017cne i jak nim \u017cy\u0107 na co dzie\u0144. Odkryjmy razem bogactwo Ko\u015bcio\u0142a, prowadzeni przez Pismo \u015awi\u0119te, Tradycj\u0119 i \u017cyw\u0105 duszpastersk\u0105 praktyk\u0119.<\/p>\n\n\n\n<hr class=\"wp-block-separator has-alpha-channel-opacity\"\/>\n\n\n\n<h3 class=\"wp-block-heading\">II. Czym jest Bierzmowanie? Sakrament pe\u0142ni<\/h3>\n\n\n\n<p>Bierzmowanie to jeden z trzech sakrament\u00f3w wtajemniczenia chrze\u015bcija\u0144skiego \u2013 obok Chrztu i Eucharystii. Nie jest to \u201edodatek\u201d ani \u201ereligijny dyplom\u201d, jak wielu my\u015bli, ale <strong>dope\u0142nienie Chrztu<\/strong>, piecz\u0119\u0107 Ducha \u015awi\u0119tego, pe\u0142ne upodobnienie do Chrystusa.<\/p>\n\n\n\n<h4 class=\"wp-block-heading\">1. Podstawa biblijna<\/h4>\n\n\n\n<p>Jezus obieca\u0142 Ducha \u015awi\u0119tego:<\/p>\n\n\n\n<blockquote class=\"wp-block-quote is-layout-flow wp-block-quote-is-layout-flow\">\n<p>\u201eAle gdy Duch \u015awi\u0119ty zst\u0105pi na was, otrzymacie Jego moc i b\u0119dziecie moimi \u015bwiadkami [&#8230;] a\u017c po kra\u0144ce ziemi\u201d (Dz 1,8)<\/p>\n<\/blockquote>\n\n\n\n<p>W dniu Pi\u0119\u0107dziesi\u0105tnicy obietnica si\u0119 wype\u0142nia. Duch \u015awi\u0119ty zst\u0119puje na Aposto\u0142\u00f3w i ich przemienia. Piotr, wcze\u015bniej l\u0119kliwy, g\u0142osi z moc\u0105. Rodzi si\u0119 Ko\u015bci\u00f3\u0142 \u2013 i wraz z nim sakramenty, kt\u00f3re przekazuj\u0105 t\u0119 sam\u0105 \u0142ask\u0119.<\/p>\n\n\n\n<p>W Dziejach Apostolskich czytamy, \u017ce po chrzcie uczniowie <strong>nak\u0142adali r\u0119ce, by zosta\u0142 udzielony Duch \u015awi\u0119ty<\/strong> (por. Dz 8,14-17; 19,5-6). Ten gest \u2013 na\u0142o\u017cenie r\u0105k \u2013 jest \u017ar\u00f3d\u0142em dzisiejszego sakramentu bierzmowania.<\/p>\n\n\n\n<h4 class=\"wp-block-heading\">2. Znaczenie teologiczne<\/h4>\n\n\n\n<p>Katechizm Ko\u015bcio\u0142a Katolickiego naucza:<\/p>\n\n\n\n<blockquote class=\"wp-block-quote is-layout-flow wp-block-quote-is-layout-flow\">\n<p>\u201eBierzmowanie udoskonala \u0142ask\u0119 chrztu; jest sakramentem, kt\u00f3ry daje Ducha \u015awi\u0119tego, by g\u0142\u0119biej zakorzeni\u0107 nas w synostwie Bo\u017cym, mocniej zjednoczy\u0107 z Chrystusem, umocni\u0107 nasz\u0105 wi\u0119\u017a z Ko\u015bcio\u0142em [&#8230;] i pom\u00f3c \u015bwiadczy\u0107 o wierze chrze\u015bcija\u0144skiej s\u0142owem i czynem.\u201d (KKK 1316)<\/p>\n<\/blockquote>\n\n\n\n<p>Bierzmowanie to nie emocjonalna chwila, ale <strong>przyj\u0119cie mocy z wysoka<\/strong> (por. \u0141k 24,49), by sta\u0107 si\u0119 odwa\u017cnym \u015bwiadkiem, \u017co\u0142nierzem Chrystusa, p\u0142omiennym uczniem.<\/p>\n\n\n\n<hr class=\"wp-block-separator has-alpha-channel-opacity\"\/>\n\n\n\n<h3 class=\"wp-block-heading\">III. Dlaczego wielu doros\u0142ych nie jest bierzmowanych?<\/h3>\n\n\n\n<p>Przyczyn jest wiele:<\/p>\n\n\n\n<ul class=\"wp-block-list\">\n<li>Brak odpowiedniej katechezy w dzieci\u0144stwie;<\/li>\n\n\n\n<li>Oddalenie od wiary w okresie dojrzewania;<\/li>\n\n\n\n<li>Nie\u015bwiadomo\u015b\u0107 znaczenia sakramentu;<\/li>\n\n\n\n<li>B\u0142\u0119dne przekonania, \u017ce \u201echrzest wystarczy\u201d.<\/li>\n<\/ul>\n\n\n\n<p>Dzi\u015b jednak wielu doros\u0142ych odkrywa wiar\u0119 na nowo i odczuwa <strong>g\u0142\u0119bokie pragnienie Boga<\/strong>. To nawr\u00f3cenie cz\u0119sto wi\u0105\u017ce si\u0119 z ch\u0119ci\u0105 pe\u0142nego potwierdzenia przynale\u017cno\u015bci do Ko\u015bcio\u0142a, odnowienia przyrzecze\u0144 chrzcielnych i otrzymania si\u0142y duchowej, kt\u00f3rej wcze\u015bniej brakowa\u0142o.<\/p>\n\n\n\n<hr class=\"wp-block-separator has-alpha-channel-opacity\"\/>\n\n\n\n<h3 class=\"wp-block-heading\">IV. Nowe Zes\u0142anie Ducha: Bierzmowanie jako odnowienie doros\u0142ej wiary<\/h3>\n\n\n\n<p>M\u00f3wi\u0105c o <strong>nowym Zes\u0142aniu Ducha \u015awi\u0119tego<\/strong>, nie mamy na my\u015bli spektakularnych znak\u00f3w czy emocji. Chodzi o to, \u017ce <strong>dzisiaj<\/strong>, w konkretnej doros\u0142ej rzeczywisto\u015bci, mo\u017cliwe jest <strong>otrzymanie tej samej \u0142aski<\/strong>, kt\u00f3r\u0105 Aposto\u0142owie otrzymali w Jerozolimie. I w\u0142a\u015bnie tym jest dar bierzmowania.<\/p>\n\n\n\n<h4 class=\"wp-block-heading\">1. Dojrza\u0142a i \u015bwiadoma wiara<\/h4>\n\n\n\n<p>W przeciwie\u0144stwie do chrztu przyj\u0119tego w dzieci\u0144stwie, bierzmowanie w wieku doros\u0142ym wymaga <strong>\u015bwiadomej, wolnej i dojrza\u0142ej decyzji<\/strong>. To nie jest wiara odziedziczona \u2013 to wiara wybrana. I to wszystko zmienia.<\/p>\n\n\n\n<h4 class=\"wp-block-heading\">2. Przemienione \u017cycie<\/h4>\n\n\n\n<p>Bierzmowanie daje dary Ducha \u015awi\u0119tego: M\u0105dro\u015b\u0107, Rozum, Rad\u0119, M\u0119stwo, Umiej\u0119tno\u015b\u0107, Pobo\u017cno\u015b\u0107 i Boja\u017a\u0144 Bo\u017c\u0105. Te dary buduj\u0105 <strong>pe\u0142ne chrze\u015bcija\u0144skie \u017cycie<\/strong> \u2013 w rodzinie, pracy, spo\u0142ecze\u0144stwie.<\/p>\n\n\n\n<h4 class=\"wp-block-heading\">3. Powo\u0142anie misyjne<\/h4>\n\n\n\n<p>Bierzmowanie nie jest zako\u0144czeniem \u2013 <strong>to pocz\u0105tek misji<\/strong>. Ka\u017cdy doros\u0142y bierzmowany jest wezwany, by by\u0107 \u015bwiat\u0142em w swoim \u015brodowisku, \u015bwiadkiem w \u015bwiecie, aposto\u0142em we wsp\u00f3lnocie.<\/p>\n\n\n\n<hr class=\"wp-block-separator has-alpha-channel-opacity\"\/>\n\n\n\n<h3 class=\"wp-block-heading\">V. Praktyczny przewodnik dla doros\u0142ych pragn\u0105cych bierzmowania<\/h3>\n\n\n\n<p>Je\u015bli jeste\u015b ochrzczonym doros\u0142ym, ale jeszcze nie bierzmowanym, i czujesz to wezwanie, oto teologiczno-duszpasterski przewodnik na drodze do sakramentu bierzmowania:<\/p>\n\n\n\n<h4 class=\"wp-block-heading\">1. Najpierw \u2013 rozeznanie<\/h4>\n\n\n\n<ul class=\"wp-block-list\">\n<li>Zadaj sobie pytanie: Dlaczego pragn\u0119 bierzmowania? Czego chce ode mnie B\u00f3g?<\/li>\n\n\n\n<li>Porozmawiaj z kap\u0142anem lub kierownikiem duchowym \u2013 ta droga wymaga towarzyszenia.<\/li>\n<\/ul>\n\n\n\n<h4 class=\"wp-block-heading\">2. Zapisy na kurs przygotowawczy dla doros\u0142ych<\/h4>\n\n\n\n<ul class=\"wp-block-list\">\n<li>Skontaktuj si\u0119 z parafi\u0105 lub diecezj\u0105 \u2013 wi\u0119kszo\u015b\u0107 oferuje <strong>kursy przygotowawcze dla doros\u0142ych<\/strong>.<\/li>\n\n\n\n<li>Nie b\u00f3j si\u0119 zacz\u0105\u0107 \u201ep\u00f3\u017ano\u201d \u2013 czas Boga to <strong>teraz<\/strong> (por. 2 Kor 6,2).<\/li>\n<\/ul>\n\n\n\n<h4 class=\"wp-block-heading\">3. \u017bycie sakramentalne i modlitwa<\/h4>\n\n\n\n<ul class=\"wp-block-list\">\n<li><strong>Uczestnicz regularnie w niedzielnej Mszy \u015awi\u0119tej<\/strong>;<\/li>\n\n\n\n<li><strong>Przyst\u0119puj cz\u0119sto do spowiedzi<\/strong>;<\/li>\n\n\n\n<li><strong>Codziennie czytaj Pismo \u015awi\u0119te<\/strong> i znajd\u017a czas na cisz\u0119 i s\u0142uchanie.<\/li>\n<\/ul>\n\n\n\n<h4 class=\"wp-block-heading\">4. Solidna formacja<\/h4>\n\n\n\n<ul class=\"wp-block-list\">\n<li>Pog\u0142\u0119biaj wiedz\u0119 o sakramentach, moralno\u015bci chrze\u015bcija\u0144skiej, \u017cyciu modlitwy;<\/li>\n\n\n\n<li>Zrozum, \u017ce <strong>bierzmowanie to nie koniec drogi, lecz nowy pocz\u0105tek.<\/strong><\/li>\n<\/ul>\n\n\n\n<h4 class=\"wp-block-heading\">5. Wyb\u00f3r \u015bwiadka bierzmowania<\/h4>\n\n\n\n<ul class=\"wp-block-list\">\n<li>\u015awiadek powinien by\u0107 <strong>praktykuj\u0105cym katolikiem<\/strong>, bierzmowanym i dojrza\u0142ym w wierze;<\/li>\n\n\n\n<li>To nie rola symboliczna, ale <strong>prawdziwy duchowy towarzysz<\/strong>.<\/li>\n<\/ul>\n\n\n\n<h4 class=\"wp-block-heading\">6. Udzia\u0142 w celebracji sakramentu<\/h4>\n\n\n\n<ul class=\"wp-block-list\">\n<li>Prze\u017cywaj Msz\u0119 \u015awi\u0119t\u0105 z wiar\u0105 i skupieniem;<\/li>\n\n\n\n<li>Otw\u00f3rz serce \u2013 Duch dzia\u0142a nawet bez silnych emocji;<\/li>\n\n\n\n<li>Pami\u0119taj: \u201eWiatr wieje tam, gdzie chce\u201d (por. J 3,8).<\/li>\n<\/ul>\n\n\n\n<hr class=\"wp-block-separator has-alpha-channel-opacity\"\/>\n\n\n\n<h3 class=\"wp-block-heading\">VI. \u017by\u0107 bierzmowaniem na co dzie\u0144: i co dalej?<\/h3>\n\n\n\n<p>Bierzmowanie w wieku doros\u0142ym to dopiero pocz\u0105tek. Prawdziwe wyzwanie to codzienne \u017cycie t\u0105 \u0142ask\u0105.<\/p>\n\n\n\n<h4 class=\"wp-block-heading\">1. Odnawiaj codzienn\u0105 modlitw\u0119<\/h4>\n\n\n\n<ul class=\"wp-block-list\">\n<li>Zaczynaj dzie\u0144 wezwaniem do Ducha \u015awi\u0119tego:<br><em>\u201ePrzyjd\u017a, Duchu \u015awi\u0119ty, nape\u0142nij serca Twoich wiernych&#8230;\u201d<\/em><\/li>\n<\/ul>\n\n\n\n<h4 class=\"wp-block-heading\">2. S\u0142u\u017c wsp\u00f3lnocie<\/h4>\n\n\n\n<ul class=\"wp-block-list\">\n<li>Ofiaruj sw\u00f3j czas i talenty w parafii, katechezie, dzie\u0142ach mi\u0142osierdzia;<\/li>\n\n\n\n<li>Duch \u015awi\u0119ty jest dany, by si\u0119 nim dzieli\u0107 \u2013 nie zatrzymywa\u0107.<\/li>\n<\/ul>\n\n\n\n<h4 class=\"wp-block-heading\">3. Ewangelizuj z odwag\u0105<\/h4>\n\n\n\n<ul class=\"wp-block-list\">\n<li>M\u00f3w o swojej wierze \u2013 nie narzucaj, ale te\u017c nie ukrywaj;<\/li>\n\n\n\n<li>Jezus powiedzia\u0142: \u201eKto si\u0119 Mnie i moich s\u0142\u00f3w zaprze przed lud\u017ami, tego i Syn Cz\u0142owieczy si\u0119 zaprze&#8230;\u201d (Mk 8,38)<\/li>\n<\/ul>\n\n\n\n<h4 class=\"wp-block-heading\">4. Trwaj w walce duchowej<\/h4>\n\n\n\n<ul class=\"wp-block-list\">\n<li>\u015awiat oferuje tysi\u0105ce rozprosze\u0144, ale Ty masz duchowe narz\u0119dzia;<\/li>\n\n\n\n<li>Korzystaj z sakramentu pokuty, Eucharystii, kierownictwa duchowego. Duch umacnia ci\u0119 w pr\u00f3bach.<\/li>\n<\/ul>\n\n\n\n<hr class=\"wp-block-separator has-alpha-channel-opacity\"\/>\n\n\n\n<h3 class=\"wp-block-heading\">VII. Zako\u0144czenie: B\u00f3g chce ci\u0119 bierzmowa\u0107\u2026 by ci\u0119 pos\u0142a\u0107<\/h3>\n\n\n\n<p>Bierzmowanie to nie duchowy luksus ani formalno\u015b\u0107. To <strong>pot\u0119\u017cny i aktualny dar<\/strong>, kt\u00f3ry B\u00f3g chce ci da\u0107. W \u015bwiecie zranionym, zsekularyzowanym i zagubionym, Ko\u015bci\u00f3\u0142 potrzebuje <strong>odwa\u017cnych doros\u0142ych<\/strong>, pe\u0142nych Ducha \u015awi\u0119tego, gotowych \u017cy\u0107 i g\u0142osi\u0107 Chrystusa bez l\u0119ku.<\/p>\n\n\n\n<p>Jak w dniu Pi\u0119\u0107dziesi\u0105tnicy, ogie\u0144 nie zst\u0119puje na budynki, ale na serca. Ten ogie\u0144 <strong>dzisiaj szuka ciebie<\/strong>. Przyjmij go, pozw\u00f3l mu przemieni\u0107 twoje \u017cycie \u2013 i sta\u0144 si\u0119 cz\u0119\u015bci\u0105 nowego Zes\u0142ania Ducha, kt\u00f3re mo\u017ce zacz\u0105\u0107 si\u0119 od prostego \u201etak\u201d.<\/p>\n\n\n\n<hr class=\"wp-block-separator has-alpha-channel-opacity\"\/>\n\n\n\n<h3 class=\"wp-block-heading\">\ud83d\udcd8 Polecane na koniec<\/h3>\n\n\n\n<ul class=\"wp-block-list\">\n<li><strong>Do przeczytania<\/strong>: Katechizm Ko\u015bcio\u0142a Katolickiego, nr 1285\u20131321<\/li>\n\n\n\n<li><strong>Ksi\u0105\u017cka polecana<\/strong>: <em>Duch \u015awi\u0119ty \u2013 nieznany B\u00f3g<\/em>, o. Raniero Cantalamessa<\/li>\n\n\n\n<li><strong>Codzienna modlitwa<\/strong>: Wzywaj Ducha \u015awi\u0119tego przed ka\u017cd\u0105 wa\u017cn\u0105 czynno\u015bci\u0105<\/li>\n<\/ul>\n\n\n\n<hr class=\"wp-block-separator has-alpha-channel-opacity\"\/>\n\n\n\n<p>Czy czujesz si\u0119 wezwany? Pragniesz odnowi\u0107 swoj\u0105 wiar\u0119 jako doros\u0142y i \u017cy\u0107 pe\u0142ni\u0105 chrze\u015bcija\u0144skiego \u017cycia?<\/p>\n\n\n\n<p><strong>Nie czekaj d\u0142u\u017cej.<\/strong> Bierzmowanie to nie koniec drogi \u2013 to pocz\u0105tek misji.<br><strong>Przyjd\u017a, Duchu \u015awi\u0119ty, odn\u00f3w oblicze ziemi!<\/strong><\/p>\n","protected":false},"excerpt":{"rendered":"<p>Teologiczny, duszpasterski i aktualny przewodnik po odkryciu na nowo ognia Ducha \u015awi\u0119tego I. Wst\u0119p: Odkry\u0107 na nowo zapomniany p\u0142omie\u0144 Wielu doros\u0142ych katolik\u00f3w \u017cyje swoj\u0105 wiar\u0105 w spos\u00f3b letni, niepe\u0142ny lub z sakramentalnymi brakami. Niekt\u00f3rzy zostali ochrzczeni, ale nigdy nie przyj\u0119li bierzmowania. Inni zostali bierzmowani z tradycji, bez prawdziwego zrozumienia daru, jaki otrzymali. S\u0105 te\u017c tacy, &hellip;<\/p>\n","protected":false},"author":3,"featured_media":3856,"comment_status":"open","ping_status":"open","sticky":false,"template":"","format":"standard","meta":{"_seopress_robots_primary_cat":"","_seopress_titles_title":"","_seopress_titles_desc":"","_seopress_robots_index":"","footnotes":""},"categories":[37,46],"tags":[1126],"class_list":["post-3855","post","type-post","status-publish","format-standard","has-post-thumbnail","","category-doktryna-i-wiara","category-sakramenty","tag-bierzmowanie"],"_links":{"self":[{"href":"https:\/\/catholicus.eu\/pl\/wp-json\/wp\/v2\/posts\/3855","targetHints":{"allow":["GET"]}}],"collection":[{"href":"https:\/\/catholicus.eu\/pl\/wp-json\/wp\/v2\/posts"}],"about":[{"href":"https:\/\/catholicus.eu\/pl\/wp-json\/wp\/v2\/types\/post"}],"author":[{"embeddable":true,"href":"https:\/\/catholicus.eu\/pl\/wp-json\/wp\/v2\/users\/3"}],"replies":[{"embeddable":true,"href":"https:\/\/catholicus.eu\/pl\/wp-json\/wp\/v2\/comments?post=3855"}],"version-history":[{"count":1,"href":"https:\/\/catholicus.eu\/pl\/wp-json\/wp\/v2\/posts\/3855\/revisions"}],"predecessor-version":[{"id":3857,"href":"https:\/\/catholicus.eu\/pl\/wp-json\/wp\/v2\/posts\/3855\/revisions\/3857"}],"wp:featuredmedia":[{"embeddable":true,"href":"https:\/\/catholicus.eu\/pl\/wp-json\/wp\/v2\/media\/3856"}],"wp:attachment":[{"href":"https:\/\/catholicus.eu\/pl\/wp-json\/wp\/v2\/media?parent=3855"}],"wp:term":[{"taxonomy":"category","embeddable":true,"href":"https:\/\/catholicus.eu\/pl\/wp-json\/wp\/v2\/categories?post=3855"},{"taxonomy":"post_tag","embeddable":true,"href":"https:\/\/catholicus.eu\/pl\/wp-json\/wp\/v2\/tags?post=3855"}],"curies":[{"name":"wp","href":"https:\/\/api.w.org\/{rel}","templated":true}]}}