{"id":3726,"date":"2025-05-07T13:33:27","date_gmt":"2025-05-07T11:33:27","guid":{"rendered":"https:\/\/catholicus.eu\/pl\/?p=3726"},"modified":"2025-05-07T13:33:27","modified_gmt":"2025-05-07T11:33:27","slug":"pax-vobis-pokoj-ktory-zmienia-swiat","status":"publish","type":"post","link":"https:\/\/catholicus.eu\/pl\/pax-vobis-pokoj-ktory-zmienia-swiat\/","title":{"rendered":"Pax Vobis: Pok\u00f3j, kt\u00f3ry zmienia \u015bwiat"},"content":{"rendered":"\n<p><strong>Wprowadzenie: Pozdrowienie, kt\u00f3re m\u00f3wi wszystko<\/strong><\/p>\n\n\n\n<p>\u00abPax vobis\u00bb\u2026 Dwa s\u0142owa po \u0142acinie. Kr\u00f3tkie, lecz nios\u0105ce duchow\u0105 si\u0142\u0119, kt\u00f3ra przenika przez wieki. Znacz\u0105 dos\u0142ownie: \u201epok\u00f3j niech b\u0119dzie z wami\u201d i rozbrzmiewaj\u0105 jak echo wiecznej obietnicy wyp\u0142ywaj\u0105cej z samego Serca Zmartwychwsta\u0142ego Chrystusa. To nie tylko staro\u017cytne powitanie \u2013 to deklaracja zwyci\u0119stwa, og\u0142oszenie nowego \u017cycia, akt Bo\u017cej mi\u0142o\u015bci.<\/p>\n\n\n\n<p>\u017byjemy w niespokojnych czasach. L\u0119k, ha\u0142as, podzia\u0142y, wojny, zam\u0119t doktrynalny, roz\u0142amy wewn\u0105trz i na zewn\u0105trz Ko\u015bcio\u0142a. Ludzko\u015b\u0107 \u0142aknie pokoju \u2013 ale nie byle jakiego: t\u0119skni za prawdziwym, trwa\u0142ym pokojem, kt\u00f3ry uzdrawia najg\u0142\u0119bsze rany duszy. Gdzie go znale\u017a\u0107? Odpowied\u017a kryje si\u0119 w tym wielkanocnym pozdrowieniu Chrystusa: <em>\u201ePax vobis\u201d<\/em> (J 20,19).<\/p>\n\n\n\n<p>Ten artyku\u0142 jest zaproszeniem do ponownego odkrycia g\u0142\u0119bokiego sensu teologicznego, liturgicznego i egzystencjalnego tego \u015bwi\u0119tego pozdrowienia. Przeprowadz\u0119 Ci\u0119 przez histori\u0119, Pismo \u015awi\u0119te i refleksj\u0119 duszpastersk\u0105, by\u015b m\u00f3g\u0142 nie tylko zrozumie\u0107, czym jest prawdziwy pok\u00f3j, lecz tak\u017ce jak go \u017cy\u0107 i przekazywa\u0107 w chaosie dzisiejszego \u015bwiata.<\/p>\n\n\n\n<hr class=\"wp-block-separator has-alpha-channel-opacity\"\/>\n\n\n\n<h2 class=\"wp-block-heading\">I. Pok\u00f3j Chrystusa: Nie taki, jaki daje \u015bwiat<\/h2>\n\n\n\n<p>Pok\u00f3j, dla wielu, to brak wojny, spok\u00f3j emocjonalny, cichy wiecz\u00f3r. Ale <strong>Pax Christi<\/strong>, pok\u00f3j Chrystusa, to co\u015b innego. To nadprzyrodzony dar, owoc Ducha \u015awi\u0119tego (por. Ga 5,22), kt\u00f3ry wyp\u0142ywa z <strong>pojednania z Bogiem<\/strong>.<\/p>\n\n\n\n<p>Sam Jezus powiedzia\u0142 to jasno:<\/p>\n\n\n\n<blockquote class=\"wp-block-quote is-layout-flow wp-block-quote-is-layout-flow\">\n<p>\u201ePok\u00f3j zostawiam wam, pok\u00f3j m\u00f3j wam daj\u0119. Nie tak jak daje \u015bwiat, ja wam daj\u0119\u201d (J 14,27).<\/p>\n<\/blockquote>\n\n\n\n<p>Jego pok\u00f3j nie zale\u017cy od zewn\u0119trznych okoliczno\u015bci. To nie umowa polityczna ani chwilowe dobre samopoczucie psychiczne. To <strong>Bo\u017cy porz\u0105dek przywr\u00f3cony w ludzkim sercu<\/strong>, harmonia z Bogiem, z samym sob\u0105, z bli\u017animi i ca\u0142ym stworzeniem.<\/p>\n\n\n\n<p>Kiedy Zmartwychwsta\u0142y Chrystus ukazuje si\u0119 uczniom zamkni\u0119tym z obawy, nie wypomina im tch\u00f3rzostwa. Nie oskar\u017ca. M\u00f3wi im:<\/p>\n\n\n\n<blockquote class=\"wp-block-quote is-layout-flow wp-block-quote-is-layout-flow\">\n<p>\u201e<em>Pax vobis<\/em>\u201d \u2013 \u201ePok\u00f3j wam\u201d (J 20,19).<\/p>\n<\/blockquote>\n\n\n\n<p>To pozdrowienie nie jest formalno\u015bci\u0105: to <strong>akt sakramentalny<\/strong>, wylanie \u0142aski. Tymi s\u0142owami <strong>Jezus przekazuje owoce swego zwyci\u0119stwa nad grzechem i \u015bmierci\u0105<\/strong>. To niebo pozdrawiaj\u0105ce ludzi pojednanych z Bogiem.<\/p>\n\n\n\n<hr class=\"wp-block-separator has-alpha-channel-opacity\"\/>\n\n\n\n<h2 class=\"wp-block-heading\">II. Historia \u201ePax Vobis\u201d w tradycji chrze\u015bcija\u0144skiej<\/h2>\n\n\n\n<p>Od pierwszych wiek\u00f3w \u201ePax vobis\u201d sta\u0142o si\u0119 zwyczajowym pozdrowieniem liturgicznym biskup\u00f3w, szczeg\u00f3lnie podczas Mszy \u015awi\u0119tej. W tradycyjnej liturgii (Usus Antiquior), to w\u0142a\u015bnie biskup m\u00f3wi \u201ePax vobis\u201d na pocz\u0105tku Mszy, zamiast zwyczajowego \u201eDominus vobiscum\u201d, kt\u00f3re wypowiada kap\u0142an.<\/p>\n\n\n\n<p>Ten szczeg\u00f3\u0142 nie jest b\u0142ahy: oznacza, \u017ce <strong>pok\u00f3j, kt\u00f3ry si\u0119 og\u0142asza, pochodzi od Dobrego Pasterza<\/strong>, od tego, kt\u00f3ry sakramentalnie reprezentuje Chrystusa, G\u0142ow\u0119 Ko\u015bcio\u0142a. Jest to echo apostolskie \u2013 tak\u017ce \u015bw. Pawe\u0142 zaczyna wiele swoich list\u00f3w od s\u0142\u00f3w:<\/p>\n\n\n\n<blockquote class=\"wp-block-quote is-layout-flow wp-block-quote-is-layout-flow\">\n<p>\u201e\u0141aska wam i pok\u00f3j od Boga, Ojca naszego, i Pana Jezusa Chrystusa\u201d (Rz 1,7).<\/p>\n<\/blockquote>\n\n\n\n<p>Ponadto w staro\u017cytnej liturgii galijskiej i w obrz\u0105dkach wschodnich, \u201epok\u00f3j\u201d by\u0142 nawet cz\u0119\u015bci\u0105 osobnej liturgii przed Ofiarowaniem. W rycie rzymskim poca\u0142unek pokoju (przed Komuni\u0105) ma swoje korzenie w\u0142a\u015bnie w tym ge\u015bcie sakramentalnym: <strong>przekazaniu pokoju Zmartwychwsta\u0142ego Chrystusa przed przyj\u0119ciem Jego Cia\u0142a<\/strong>.<\/p>\n\n\n\n<p>W ikonografii wczesnochrze\u015bcija\u0144skiej, Zmartwychwsta\u0142y Chrystus z rozpostartymi ramionami i pozdrowieniem \u201ePax vobis\u201d by\u0142 symbolem pocieszenia, pewno\u015bci i chwa\u0142y.<\/p>\n\n\n\n<hr class=\"wp-block-separator has-alpha-channel-opacity\"\/>\n\n\n\n<h2 class=\"wp-block-heading\">III. Teologia pokoju: Wi\u0119cej ni\u017c uczucie<\/h2>\n\n\n\n<p>W uj\u0119ciu teologicznym pok\u00f3j jest jednym z przymiot\u00f3w stanu \u0142aski u\u015bwi\u0119caj\u0105cej. \u015aw. Tomasz z Akwinu w <em>Summa Theologiae<\/em> opisuje go jako owoc uporz\u0105dkowanej mi\u0142o\u015bci (caritas):<\/p>\n\n\n\n<blockquote class=\"wp-block-quote is-layout-flow wp-block-quote-is-layout-flow\">\n<p>\u201ePok\u00f3j jest skutkiem mi\u0142o\u015bci, w takim sensie, \u017ce porz\u0105dkuje nami\u0119tno\u015bci duszy\u201d (<em>S.Th.<\/em>, II-II, q. 29).<\/p>\n<\/blockquote>\n\n\n\n<p>Innymi s\u0142owy, <strong>ten, kto prawdziwie kocha Boga, \u017cyje w pokoju, poniewa\u017c wszystko w jego wn\u0119trzu jest uporz\u0105dkowane do ostatecznego celu<\/strong>. Dlatego \u015bwi\u0119ci, nawet prze\u015bladowani czy m\u0119czeni, promieniowali pokojem.<\/p>\n\n\n\n<p>Pok\u00f3j to tak\u017ce znak Kr\u00f3lestwa Bo\u017cego:<\/p>\n\n\n\n<blockquote class=\"wp-block-quote is-layout-flow wp-block-quote-is-layout-flow\">\n<p>\u201eKr\u00f3lestwo Bo\u017ce to nie sprawa jedzenia i picia, lecz sprawiedliwo\u015bci, pokoju i rado\u015bci w Duchu \u015awi\u0119tym\u201d (Rz 14,17).<\/p>\n<\/blockquote>\n\n\n\n<p>\u017by\u0107 w pokoju to \u017cy\u0107 w komunii z Bogiem, przyjmowa\u0107 Jego wol\u0119, ufa\u0107 Jego Opatrzno\u015bci i dzia\u0142a\u0107 z mi\u0142osierdzia, a nie z egoizmu.<\/p>\n\n\n\n<hr class=\"wp-block-separator has-alpha-channel-opacity\"\/>\n\n\n\n<h2 class=\"wp-block-heading\">IV. Pok\u00f3j jako misja: \u201eB\u0142ogos\u0142awieni, kt\u00f3rzy wprowadzaj\u0105 pok\u00f3j\u201d<\/h2>\n\n\n\n<p>Pok\u00f3j nie jest tylko darem \u2013 jest te\u017c <strong>misj\u0105 powierzon\u0105 chrze\u015bcijanom<\/strong>. Jezus powiedzia\u0142:<\/p>\n\n\n\n<blockquote class=\"wp-block-quote is-layout-flow wp-block-quote-is-layout-flow\">\n<p>\u201eB\u0142ogos\u0142awieni, kt\u00f3rzy wprowadzaj\u0105 pok\u00f3j, albowiem oni b\u0119d\u0105 nazwani synami Bo\u017cymi\u201d (Mt 5,9).<\/p>\n<\/blockquote>\n\n\n\n<p>Ale uwaga: <strong>bycie cz\u0142owiekiem pokoju to nie to samo co bycie biernym<\/strong> czy relatywist\u0105. Cz\u0142owiek pokoju to <strong>budowniczy prawdziwego pokoju<\/strong>, tego, kt\u00f3ry rodzi si\u0119 z prawdy, sprawiedliwo\u015bci i mi\u0142o\u015bci.<\/p>\n\n\n\n<p>W \u015bwiecie, gdzie pok\u00f3j bywa mylony z milczeniem wobec grzechu, chrze\u015bcijanin jest wezwany do <strong>\u015bwiadectwa prorockiego<\/strong> \u2013 nie przez agresj\u0119, ale przez <strong>ewangeliczn\u0105 sp\u00f3jno\u015b\u0107<\/strong>. \u015aw. Franciszek z Asy\u017cu mawia\u0142: <em>\u201eG\u0142o\u015b pok\u00f3j ustami, ale miej go jeszcze bardziej w sercu.\u201d<\/em><\/p>\n\n\n\n<hr class=\"wp-block-separator has-alpha-channel-opacity\"\/>\n\n\n\n<h2 class=\"wp-block-heading\">V. Jak dzi\u015b \u017cy\u0107 \u201ePax Vobis\u201d? Przewodnik teologiczno-duszpasterski<\/h2>\n\n\n\n<p>Proponuj\u0119 Ci <strong>praktyczny przewodnik<\/strong>, w \u015bwietle katolickiej Tradycji, jak \u017cy\u0107 i przekazywa\u0107 pok\u00f3j Chrystusa:<\/p>\n\n\n\n<h3 class=\"wp-block-heading\">1. <strong>Cz\u0119sta spowied\u017a: \u017ar\u00f3d\u0142o pokoju<\/strong><\/h3>\n\n\n\n<p>Nie ma pokoju bez pojednania. Spowied\u017a przywraca przyja\u017a\u0144 z Bogiem. To jakby na nowo us\u0142ysze\u0107 \u201ePax vobis\u201d Jezusa w duszy. R\u00f3b rachunek sumienia, id\u017a z pokor\u0105 i pozw\u00f3l, by \u0142aska ci\u0119 oczy\u015bci\u0142a. Pok\u00f3j rodzi si\u0119 z przebaczenia.<\/p>\n\n\n\n<h3 class=\"wp-block-heading\">2. <strong>Codzienna modlitwa: piel\u0119gnuj obecno\u015b\u0107 Boga<\/strong><\/h3>\n\n\n\n<p>Po\u015bwi\u0119\u0107 ka\u017cdego dnia przynajmniej 15 minut na cich\u0105 modlitw\u0119. Rozwa\u017c Ewangeli\u0119, odmawiaj R\u00f3\u017caniec, rozmawiaj z Bogiem. Im cz\u0119\u015bciej Go s\u0142uchasz, tym wi\u0119cej pokoju do\u015bwiadczysz. Pok\u00f3j si\u0119 nie kupuje \u2013 on dojrzewa w intymno\u015bci z Panem.<\/p>\n\n\n\n<h3 class=\"wp-block-heading\">3. <strong>Porz\u0105dek wewn\u0119trzny: \u017cyj z hierarchi\u0105 warto\u015bci<\/strong><\/h3>\n\n\n\n<p>Nie\u0142ad w duszy = wojna wewn\u0119trzna. Niech B\u00f3g b\u0119dzie na pierwszym miejscu, potem rodzina, praca, odpoczynek. Porz\u0105dek duchowy jest \u017ar\u00f3d\u0142em harmonii i pokoju.<\/p>\n\n\n\n<h3 class=\"wp-block-heading\">4. <strong>Unikaj ja\u0142owych dyskusji: wybieraj bitwy<\/strong><\/h3>\n\n\n\n<p>Nie wdawaj si\u0119 w puste polemiki. \u201eS\u0142uga Pa\u0144ski nie powinien wdawa\u0107 si\u0119 w spory\u201d (2 Tm 2,24). Bro\u0144 wiary z jasno\u015bci\u0105, ale bez przemocy. Prawda nie potrzebuje krzyk\u00f3w \u2013 potrzebuje sp\u00f3jno\u015bci.<\/p>\n\n\n\n<h3 class=\"wp-block-heading\">5. <strong>Praktykuj czynn\u0105 mi\u0142o\u015b\u0107: wprowadzaj pok\u00f3j czynami<\/strong><\/h3>\n\n\n\n<p>Czy\u0144 dobro. Jeden akt mi\u0142osierdzia uzdrawia \u015bwiat. S\u0142owo pociechy, konkretna pomoc, szczere przebaczenie \u2013 wszystko to buduje \u015bwiat bardziej pokojowy.<\/p>\n\n\n\n<h3 class=\"wp-block-heading\">6. <strong>Uczestnicz z czci\u0105 we Mszy \u015awi\u0119tej<\/strong><\/h3>\n\n\n\n<p>Msza to \u017ar\u00f3d\u0142o pokoju, poniewa\u017c uobecnia si\u0119 w niej Ofiara Krzy\u017ca. Prze\u017cywaj ka\u017cd\u0105 Msz\u0119 jako paschalne spotkanie. \u201ePax vobis\u201d to nie formu\u0142a \u2013 to \u0142aska, kt\u00f3ra ci si\u0119 daje.<\/p>\n\n\n\n<h3 class=\"wp-block-heading\">7. <strong>Po\u015bwi\u0119\u0107 sw\u00f3j dom Naj\u015bwi\u0119tszemu Sercu Jezusa<\/strong><\/h3>\n\n\n\n<p>Pok\u00f3j w domu to klucz. Niech tw\u00f3j dom stanie si\u0119 ma\u0142ym sanktuarium. M\u00f3dl si\u0119 z rodzin\u0105, eliminuj bod\u017ace, kt\u00f3re kradn\u0105 pok\u00f3j (ha\u0142as, ekrany, k\u0142\u00f3tnie) i og\u0142o\u015b Chrystusa Kr\u00f3lem twojej rodziny.<\/p>\n\n\n\n<hr class=\"wp-block-separator has-alpha-channel-opacity\"\/>\n\n\n\n<h2 class=\"wp-block-heading\">VI. \u015awiat potrzebuje Pokoju\u2026 a ty jeste\u015b jego ambasadorem<\/h2>\n\n\n\n<p>W obliczu wojen, niepewno\u015bci, napi\u0119\u0107 spo\u0142ecznych, wielu czuje si\u0119 bezradnych. Ale ty, jako chrze\u015bcijanin, <strong>mo\u017cesz by\u0107 nosicielem Pokoju Chrystusa tam, gdzie jeste\u015b<\/strong> \u2013 w pracy, w parafii, w mediach spo\u0142eczno\u015bciowych, w relacjach z biednymi i chorymi.<\/p>\n\n\n\n<p>Pok\u00f3j to nie utopia. Pok\u00f3j to <strong>Osoba: Jezus Chrystus<\/strong>. A ty Go nosisz w sobie od dnia Chrztu \u015awi\u0119tego.<\/p>\n\n\n\n<hr class=\"wp-block-separator has-alpha-channel-opacity\"\/>\n\n\n\n<p><strong>Zako\u0144czenie: Pozw\u00f3l, by Chrystus powiedzia\u0142 ci \u201ePax vobis\u201d\u2026 i powtarzaj to \u015bwiatu<\/strong><\/p>\n\n\n\n<p>Gdy Zmartwychwsta\u0142y Jezus m\u00f3wi \u201ePax vobis\u201d, wypowiada twoje imi\u0119. Patrzy ci w oczy i ofiarowuje sw\u00f3j pok\u00f3j. To nie tylko pi\u0119kne s\u0142owa \u2013 to wewn\u0119trzna przemiana.<\/p>\n\n\n\n<p>Przyjmij j\u0105. \u017byj ni\u0105. G\u0142o\u015b j\u0105.<\/p>\n\n\n\n<p>W ha\u0142asie \u015bwiata mo\u017cesz by\u0107 oaz\u0105 pokoju. Nie zadowalaj si\u0119 spokojem \u2013 szukaj Chrystusa. On jest prawdziwym pokojem.<\/p>\n\n\n\n<blockquote class=\"wp-block-quote is-layout-flow wp-block-quote-is-layout-flow\">\n<p>\u201ePan obdarzy sw\u00f3j lud pokojem\u201d (Ps 29,11).<\/p>\n<\/blockquote>\n","protected":false},"excerpt":{"rendered":"<p>Wprowadzenie: Pozdrowienie, kt\u00f3re m\u00f3wi wszystko \u00abPax vobis\u00bb\u2026 Dwa s\u0142owa po \u0142acinie. Kr\u00f3tkie, lecz nios\u0105ce duchow\u0105 si\u0142\u0119, kt\u00f3ra przenika przez wieki. Znacz\u0105 dos\u0142ownie: \u201epok\u00f3j niech b\u0119dzie z wami\u201d i rozbrzmiewaj\u0105 jak echo wiecznej obietnicy wyp\u0142ywaj\u0105cej z samego Serca Zmartwychwsta\u0142ego Chrystusa. To nie tylko staro\u017cytne powitanie \u2013 to deklaracja zwyci\u0119stwa, og\u0142oszenie nowego \u017cycia, akt Bo\u017cej mi\u0142o\u015bci. \u017byjemy &hellip;<\/p>\n","protected":false},"author":3,"featured_media":3727,"comment_status":"open","ping_status":"open","sticky":false,"template":"","format":"standard","meta":{"_seopress_robots_primary_cat":"","_seopress_titles_title":"","_seopress_titles_desc":"","_seopress_robots_index":"","footnotes":""},"categories":[66,41],"tags":[1079],"class_list":["post-3726","post","type-post","status-publish","format-standard","has-post-thumbnail","","category-kultura-popularna-i-katolicyzm","category-wiara-i-kultura","tag-pax-vobis"],"_links":{"self":[{"href":"https:\/\/catholicus.eu\/pl\/wp-json\/wp\/v2\/posts\/3726","targetHints":{"allow":["GET"]}}],"collection":[{"href":"https:\/\/catholicus.eu\/pl\/wp-json\/wp\/v2\/posts"}],"about":[{"href":"https:\/\/catholicus.eu\/pl\/wp-json\/wp\/v2\/types\/post"}],"author":[{"embeddable":true,"href":"https:\/\/catholicus.eu\/pl\/wp-json\/wp\/v2\/users\/3"}],"replies":[{"embeddable":true,"href":"https:\/\/catholicus.eu\/pl\/wp-json\/wp\/v2\/comments?post=3726"}],"version-history":[{"count":1,"href":"https:\/\/catholicus.eu\/pl\/wp-json\/wp\/v2\/posts\/3726\/revisions"}],"predecessor-version":[{"id":3728,"href":"https:\/\/catholicus.eu\/pl\/wp-json\/wp\/v2\/posts\/3726\/revisions\/3728"}],"wp:featuredmedia":[{"embeddable":true,"href":"https:\/\/catholicus.eu\/pl\/wp-json\/wp\/v2\/media\/3727"}],"wp:attachment":[{"href":"https:\/\/catholicus.eu\/pl\/wp-json\/wp\/v2\/media?parent=3726"}],"wp:term":[{"taxonomy":"category","embeddable":true,"href":"https:\/\/catholicus.eu\/pl\/wp-json\/wp\/v2\/categories?post=3726"},{"taxonomy":"post_tag","embeddable":true,"href":"https:\/\/catholicus.eu\/pl\/wp-json\/wp\/v2\/tags?post=3726"}],"curies":[{"name":"wp","href":"https:\/\/api.w.org\/{rel}","templated":true}]}}