{"id":3723,"date":"2025-05-07T12:58:20","date_gmt":"2025-05-07T10:58:20","guid":{"rendered":"https:\/\/catholicus.eu\/pl\/?p=3723"},"modified":"2025-05-07T12:58:20","modified_gmt":"2025-05-07T10:58:20","slug":"militia-est-vita-hominis-super-terram-zycie-chrzescijanskie-jako-walka-duchowa","status":"publish","type":"post","link":"https:\/\/catholicus.eu\/pl\/militia-est-vita-hominis-super-terram-zycie-chrzescijanskie-jako-walka-duchowa\/","title":{"rendered":"\u201eMilitia est vita hominis super terram\u201d \u2013 \u017bycie chrze\u015bcija\u0144skie jako walka duchowa"},"content":{"rendered":"\n<blockquote class=\"wp-block-quote is-layout-flow wp-block-quote-is-layout-flow\">\n<p><em>\u201eMilitia est vita hominis super terram\u201d<\/em><br>\u201eCzy\u017c \u017cycie cz\u0142owieka na ziemi nie jest bojowaniem?\u201d (Hiob 7,1)<\/p>\n<\/blockquote>\n\n\n\n<hr class=\"wp-block-separator has-alpha-channel-opacity\"\/>\n\n\n\n<h2 class=\"wp-block-heading\"><strong>Wprowadzenie: Ziemia nie jest miejscem naszego odpoczynku<\/strong><\/h2>\n\n\n\n<p>\u017byjemy w epoce, w kt\u00f3rej wszystko zdaje si\u0119 obraca\u0107 wok\u00f3\u0142 komfortu, natychmiastowej przyjemno\u015bci i osobistego bezpiecze\u0144stwa. Wsp\u00f3\u0142czesny idea\u0142 to \u017cycie bez cierpienia, bez sprzeczno\u015bci, bez wewn\u0119trznego trudu. Jednak S\u0142owo Bo\u017ce ukazuje nam prawd\u0119 ca\u0142kowicie odmienn\u0105: <strong>\u017cycie cz\u0142owieka na ziemi to walka, nieustanna duchowa wojna<\/strong>.<\/p>\n\n\n\n<p>Te s\u0142owa, wypowiedziane przez Hioba w chwili g\u0142\u0119bokiego cierpienia, nie s\u0105 jedynie ludzkim \u017calem, lecz nios\u0105 w sobie g\u0142\u0119bok\u0105 prawd\u0119 teologiczn\u0105: <strong>\u017cycie chrze\u015bcijanina to nieustanny b\u00f3j duchowy, walka o dobro, \u015bwi\u0119to\u015b\u0107 i prawd\u0119 \u2013 przeciwko z\u0142u, b\u0142\u0119dowi i grzechowi<\/strong>.<\/p>\n\n\n\n<p>W czasie relatywizmu i powierzchowno\u015bci pilnie trzeba nam na nowo odkry\u0107 wymiar walki, kt\u00f3ry niesie wiara. Nie po to, by stawa\u0107 si\u0119 agresywnym czy nietolerancyjnym, ale by zrozumie\u0107, \u017ce <strong>\u017cyjemy na wygnaniu, na polu bitwy<\/strong>. I cho\u0107 ostateczne zwyci\u0119stwo Chrystusa jest zapewnione, to osobiste zwyci\u0119stwo ka\u017cdego z nas wymaga wysi\u0142ku, czujno\u015bci i odwagi.<\/p>\n\n\n\n<hr class=\"wp-block-separator has-alpha-channel-opacity\"\/>\n\n\n\n<h2 class=\"wp-block-heading\"><strong>I. Kontekst biblijny i znaczenie Hioba 7,1<\/strong><\/h2>\n\n\n\n<p>Wyra\u017cenie <em>\u201eMilitia est vita hominis super terram\u201d<\/em> pochodzi z Ksi\u0119gi Hioba, jednego z najbardziej przejmuj\u0105cych tekst\u00f3w m\u0105dro\u015bciowych Starego Testamentu. Hiob, cz\u0142owiek sprawiedliwy i bogobojny, do\u015bwiadcza nagle cierpie\u0144, choroby i utraty wszystkiego. W samym \u015brodku swego b\u00f3lu wo\u0142a:<\/p>\n\n\n\n<blockquote class=\"wp-block-quote is-layout-flow wp-block-quote-is-layout-flow\">\n<p>\u201eCzy\u017c \u017cycie cz\u0142owieka na ziemi nie jest bojowaniem? Czy jego dni nie s\u0105 jak dni najemnika?\u201d (Hiob 7,1)<\/p>\n<\/blockquote>\n\n\n\n<p>Ten werset streszcza do\u015bwiadczenie ludzkie w ca\u0142ej jego prawdzie: <strong>\u017cy\u0107 to walczy\u0107<\/strong>. Nie tylko z przeciwno\u015bciami zewn\u0119trznymi, ale te\u017c z si\u0142ami wewn\u0119trznymi i niewidzialnymi, kt\u00f3re oddzielaj\u0105 nas od Boga.<\/p>\n\n\n\n<p>S\u0142owo \u0142aci\u0144skie <em>militia<\/em> przywodzi na my\u015bl s\u0142u\u017cb\u0119 wojskow\u0105: dyscyplin\u0119, pos\u0142usze\u0144stwo, wysi\u0142ek, ofiarno\u015b\u0107. \u017by\u0107 jako chrze\u015bcijanin nie znaczy szuka\u0107 spokoju za wszelk\u0105 cen\u0119, lecz <strong>walczy\u0107 o prawd\u0119, sprawiedliwo\u015b\u0107, mi\u0142o\u015b\u0107 i Kr\u00f3lestwo Bo\u017ce<\/strong>.<\/p>\n\n\n\n<hr class=\"wp-block-separator has-alpha-channel-opacity\"\/>\n\n\n\n<h2 class=\"wp-block-heading\"><strong>II. Tradycja chrze\u015bcija\u0144ska: Ko\u015bci\u00f3\u0142 jako \u201eEcclesia Militans\u201d<\/strong><\/h2>\n\n\n\n<p>Od pierwszych wiek\u00f3w Ko\u015bci\u00f3\u0142 naucza\u0142 o trzech stanach swego istnienia:<\/p>\n\n\n\n<ol class=\"wp-block-list\">\n<li><strong>Ecclesia Militans<\/strong> \u2013 Ko\u015bci\u00f3\u0142 walcz\u0105cy, czyli wierni \u017cyj\u0105cy na ziemi.<\/li>\n\n\n\n<li><strong>Ecclesia Patiens<\/strong> \u2013 Ko\u015bci\u00f3\u0142 cierpi\u0105cy, czyli dusze w czy\u015b\u0107cu.<\/li>\n\n\n\n<li><strong>Ecclesia Triumphans<\/strong> \u2013 Ko\u015bci\u00f3\u0142 triumfuj\u0105cy, czyli \u015bwi\u0119ci w niebie.<\/li>\n<\/ol>\n\n\n\n<p>My, pielgrzymi na ziemi, nale\u017cymy do <strong>Ko\u015bcio\u0142a walcz\u0105cego<\/strong>. To nie znaczy, \u017ce mamy \u017cy\u0107 w l\u0119ku lub agresji, ale \u017ce <strong>mamy \u015bwiadomo\u015b\u0107 realnej walki duchowej \u2013 z wrogami widzialnymi i niewidzialnymi \u2013 i misji, kt\u00f3r\u0105 trzeba wype\u0142ni\u0107<\/strong>.<\/p>\n\n\n\n<p>\u015awi\u0119ty Pawe\u0142 bardzo wyra\u017anie ostrzega:<\/p>\n\n\n\n<blockquote class=\"wp-block-quote is-layout-flow wp-block-quote-is-layout-flow\">\n<p>\u201ePrzywdziejcie pe\u0142n\u0105 zbroj\u0119 Bo\u017c\u0105, aby\u015bcie mogli si\u0119 osta\u0107 wobec podst\u0119pnych zakus\u00f3w diab\u0142a. Nie toczymy bowiem walki przeciw krwi i cia\u0142u, lecz przeciw Zwierzchno\u015bciom, przeciw W\u0142adzom, przeciw rz\u0105dcom \u015bwiata tych ciemno\u015bci, przeciw duchowym pierwiastkom z\u0142a.\u201d (Ef 6,11\u201312)<\/p>\n<\/blockquote>\n\n\n\n<hr class=\"wp-block-separator has-alpha-channel-opacity\"\/>\n\n\n\n<h2 class=\"wp-block-heading\"><strong>III. Walka duchowa: wrogowie, bro\u0144 i strategia<\/strong><\/h2>\n\n\n\n<h3 class=\"wp-block-heading\">1. <strong>Wrogowie chrze\u015bcijanina<\/strong><\/h3>\n\n\n\n<p>Walka chrze\u015bcijanina nie toczy si\u0119 przeciwko ludziom, lecz przeciwko trzem g\u0142\u00f3wnym wrogom:<\/p>\n\n\n\n<ul class=\"wp-block-list\">\n<li><strong>Diabe\u0142<\/strong> \u2013 kusiciel, oskar\u017cyciel, ten, kt\u00f3ry oddziela od Boga.<\/li>\n\n\n\n<li><strong>\u015awiat<\/strong> \u2013 uk\u0142ad warto\u015bci i pokus sprzecznych z Ewangeli\u0105.<\/li>\n\n\n\n<li><strong>Cia\u0142o<\/strong> \u2013 nieuporz\u0105dkowane nami\u0119tno\u015bci, lenistwo duchowe, pycha.<\/li>\n<\/ul>\n\n\n\n<h3 class=\"wp-block-heading\">2. <strong>Bro\u0144 chrze\u015bcijanina<\/strong><\/h3>\n\n\n\n<p>\u015awi\u0119ty Pawe\u0142 wzywa nas do za\u0142o\u017cenia duchowej zbroi:<\/p>\n\n\n\n<blockquote class=\"wp-block-quote is-layout-flow wp-block-quote-is-layout-flow\">\n<p>\u201eSta\u0144cie wi\u0119c przepasani prawd\u0105, obleczcie pancerz sprawiedliwo\u015bci i obuwszy nogi w gotowo\u015b\u0107 g\u0142oszenia Ewangelii pokoju. We\u017acie tarcz\u0119 wiary, [&#8230;] przy\u0142bic\u0119 zbawienia i miecz Ducha, to jest s\u0142owo Bo\u017ce.\u201d (Ef 6,14\u201317)<\/p>\n<\/blockquote>\n\n\n\n<p>Najwa\u017cniejsze duchowe bronie to:<\/p>\n\n\n\n<ul class=\"wp-block-list\">\n<li><strong>Silna wiara<\/strong><\/li>\n\n\n\n<li><strong>Modlitwa nieustanna<\/strong><\/li>\n\n\n\n<li><strong>Sakramenty (spowied\u017a i Eucharystia)<\/strong><\/li>\n\n\n\n<li><strong>Pokuta<\/strong><\/li>\n\n\n\n<li><strong>Kierownictwo duchowe<\/strong><\/li>\n\n\n\n<li><strong>Czytanie Pisma \u015awi\u0119tego i nauki Ko\u015bcio\u0142a<\/strong><\/li>\n<\/ul>\n\n\n\n<h3 class=\"wp-block-heading\">3. <strong>Strategie duchowe<\/strong><\/h3>\n\n\n\n<ul class=\"wp-block-list\">\n<li><strong>Czujno\u015b\u0107 serca<\/strong> \u2013 rozeznanie intencji, my\u015bli, wp\u0142yw\u00f3w.<\/li>\n\n\n\n<li><strong>Codzienny rachunek sumienia<\/strong> \u2013 by powstawa\u0107 po upadkach.<\/li>\n\n\n\n<li><strong>Cz\u0119sta spowied\u017a<\/strong> \u2013 lekarstwo i tarcza przeciw z\u0142u.<\/li>\n\n\n\n<li><strong>Post i dobrowolne wyrzeczenia<\/strong> \u2013 by umocni\u0107 ducha.<\/li>\n\n\n\n<li><strong>\u0106wiczenie cn\u00f3t<\/strong> \u2013 pokory, czysto\u015bci, cierpliwo\u015bci, umiarkowania.<\/li>\n<\/ul>\n\n\n\n<hr class=\"wp-block-separator has-alpha-channel-opacity\"\/>\n\n\n\n<h2 class=\"wp-block-heading\"><strong>IV. Chrystus \u2013 cichy wojownik: nasz wz\u00f3r<\/strong><\/h2>\n\n\n\n<p>Jezus Chrystus jest naszym Wodzem. To On stoczy\u0142 najprawdziwszy b\u00f3j \u2013 ze z\u0142em, k\u0142amstwem, \u015bmierci\u0105 \u2013 i zwyci\u0119\u017cy\u0142.<\/p>\n\n\n\n<blockquote class=\"wp-block-quote is-layout-flow wp-block-quote-is-layout-flow\">\n<p>\u201eNie s\u0105d\u017acie, \u017ce przyszed\u0142em przynie\u015b\u0107 pok\u00f3j na ziemi\u0119. Nie przyszed\u0142em przynie\u015b\u0107 pokoju, lecz miecz.\u201d (Mt 10,34)<\/p>\n<\/blockquote>\n\n\n\n<p>To mocne s\u0142owa, kt\u00f3re nie mog\u0105 by\u0107 \u017ale rozumiane: <strong>Chrystus nie wzywa do przemocy<\/strong>, lecz pokazuje, \u017ce Jego obecno\u015b\u0107 dzieli \u015bwiat\u0142o od ciemno\u015bci, prawd\u0119 od k\u0142amstwa. Jego mieczem jest S\u0142owo, kt\u00f3re przenika dusz\u0119 a\u017c do szpiku ko\u015bci (por. Hbr 4,12).<\/p>\n\n\n\n<p>Chrystus walczy\u0142 \u0142agodno\u015bci\u0105 i stanowczo\u015bci\u0105, modlitw\u0105 i ofiar\u0105, prawd\u0105 i radykaln\u0105 mi\u0142o\u015bci\u0105.<\/p>\n\n\n\n<hr class=\"wp-block-separator has-alpha-channel-opacity\"\/>\n\n\n\n<h2 class=\"wp-block-heading\"><strong>V. Zastosowanie w codziennym \u017cyciu<\/strong><\/h2>\n\n\n\n<h3 class=\"wp-block-heading\">A. <strong>W rodzinie<\/strong><\/h3>\n\n\n\n<ul class=\"wp-block-list\">\n<li>Wychowywanie dzieci w wierze to walka: \u015bwiadectwo, cierpliwo\u015b\u0107, konsekwencja.<\/li>\n\n\n\n<li>Tworzenie duchowej atmosfery w domu przez modlitw\u0119, b\u0142ogos\u0142awie\u0144stwo, obecno\u015b\u0107 \u015bwi\u0119tych znak\u00f3w.<\/li>\n<\/ul>\n\n\n\n<h3 class=\"wp-block-heading\">B. <strong>W pracy<\/strong><\/h3>\n\n\n\n<ul class=\"wp-block-list\">\n<li>Odwa\u017cne dawanie \u015bwiadectwa wiary.<\/li>\n\n\n\n<li>Odrzucenie korupcji, niemoralno\u015bci, kompromis\u00f3w.<\/li>\n\n\n\n<li>Umiej\u0119tno\u015b\u0107 m\u00f3wienia \u201enie\u201d temu, co sprzeczne z Ewangeli\u0105.<\/li>\n<\/ul>\n\n\n\n<h3 class=\"wp-block-heading\">C. <strong>W \u017cyciu osobistym<\/strong><\/h3>\n\n\n\n<ul class=\"wp-block-list\">\n<li>Sta\u0142e chwile modlitwy i ciszy, czytanie duchowe.<\/li>\n\n\n\n<li>Walka z lenistwem, nieczysto\u015bci\u0105, pr\u00f3\u017cno\u015bci\u0105.<\/li>\n\n\n\n<li>Wytrwa\u0142o\u015b\u0107: <strong>B\u00f3g ceni wierno\u015b\u0107 bardziej ni\u017c doskona\u0142o\u015b\u0107 pozorn\u0105<\/strong>.<\/li>\n<\/ul>\n\n\n\n<hr class=\"wp-block-separator has-alpha-channel-opacity\"\/>\n\n\n\n<h2 class=\"wp-block-heading\"><strong>VI. Maryja \u2013 nasza sojuszniczka w walce<\/strong><\/h2>\n\n\n\n<p>Naj\u015bwi\u0119tsza Maryja Panna to Wspomo\u017cycielka wiernych, Ta, kt\u00f3ra zmia\u017cd\u017cy\u0142a g\u0142ow\u0119 w\u0119\u017ca (Rdz 3,15). Ona nas chroni, prowadzi i wstawia si\u0119 za nami.<\/p>\n\n\n\n<p>R\u00f3\u017caniec to pot\u0119\u017cna bro\u0144. Siostra \u0141ucja z Fatimy m\u00f3wi\u0142a:<\/p>\n\n\n\n<blockquote class=\"wp-block-quote is-layout-flow wp-block-quote-is-layout-flow\">\n<p>\u201eNie ma problemu, cho\u0107by najtrudniejszego, kt\u00f3rego nie mo\u017cna by rozwi\u0105za\u0107 przez modlitw\u0119 r\u00f3\u017ca\u0144cow\u0105.\u201d<\/p>\n<\/blockquote>\n\n\n\n<hr class=\"wp-block-separator has-alpha-channel-opacity\"\/>\n\n\n\n<h2 class=\"wp-block-heading\"><strong>VII. Tygodniowy plan walki duchowej<\/strong><\/h2>\n\n\n\n<figure class=\"wp-block-table\"><table class=\"has-fixed-layout\"><thead><tr><th>Dzie\u0144<\/th><th>Konkretny cel duchowy<\/th><\/tr><\/thead><tbody><tr><td>Poniedzia\u0142ek<\/td><td>Ofiaruj dzie\u0144 jako ofiar\u0119; podejmij ma\u0142y post<\/td><\/tr><tr><td>Wtorek<\/td><td>Odm\u00f3w R\u00f3\u017caniec za grzesznik\u00f3w<\/td><\/tr><tr><td>\u015aroda<\/td><td>Medytuj Ewangeli\u0119 przez 15 minut<\/td><\/tr><tr><td>Czwartek<\/td><td>Odwied\u017a Naj\u015bwi\u0119tszy Sakrament lub pog\u0142\u0119bion\u0105 lektur\u0119 duchow\u0105<\/td><\/tr><tr><td>Pi\u0105tek<\/td><td>Post lub wstrzemi\u0119\u017aliwo\u015b\u0107; wynagradzanie<\/td><\/tr><tr><td>Sobota<\/td><td>Akt zawierzenia Maryi i tygodniowy rachunek sumienia<\/td><\/tr><tr><td>Niedziela<\/td><td>Uczestnictwo we Mszy \u015awi\u0119tej z uwag\u0105 i wdzi\u0119czno\u015bci\u0105<\/td><\/tr><\/tbody><\/table><\/figure>\n\n\n\n<h2 class=\"wp-block-heading\"><strong>VIII. Zako\u0144czenie: Walka prowadzi do chwa\u0142y<\/strong><\/h2>\n\n\n\n<p>Walka jest realna, ale nie jest daremna. Chrystus ju\u017c zwyci\u0119\u017cy\u0142. <strong>Nasza osobista walka to droga do wolno\u015bci, prawdy i \u015bwi\u0119to\u015bci<\/strong>.<\/p>\n\n\n\n<p>Nie jeste\u015bmy sami. Chrze\u015bcijanin to nie \u017co\u0142nierz bez nadziei, lecz <strong>pielgrzym uzbrojony w wiar\u0119, zmierzaj\u0105cy ku wiecznej chwale<\/strong>.<\/p>\n\n\n\n<p>\u015awi\u0119ty Pawe\u0142 da\u0142 nam pot\u0119\u017cne \u015bwiadectwo:<\/p>\n\n\n\n<blockquote class=\"wp-block-quote is-layout-flow wp-block-quote-is-layout-flow\">\n<p>\u201eW dobrych zawodach wyst\u0105pi\u0142em, bieg uko\u0144czy\u0142em, wiary ustrzeg\u0142em. Na ostatek od\u0142o\u017cono dla mnie wieniec sprawiedliwo\u015bci&#8230;\u201d (2 Tm 4,7-8)<\/p>\n<\/blockquote>\n\n\n\n<hr class=\"wp-block-separator has-alpha-channel-opacity\"\/>\n\n\n\n<h3 class=\"wp-block-heading\"><strong>Pytania do modlitwy osobistej<\/strong><\/h3>\n\n\n\n<ul class=\"wp-block-list\">\n<li>Czy jestem \u015bwiadomy, \u017ce moje \u017cycie to walka duchowa?<\/li>\n\n\n\n<li>Jakiej broni u\u017cywam? Kt\u00f3r\u0105 zaniedbuj\u0119?<\/li>\n\n\n\n<li>Czy pozwalam Chrystusowi przewodzi\u0107 mojej walce?<\/li>\n<\/ul>\n\n\n\n<hr class=\"wp-block-separator has-alpha-channel-opacity\"\/>\n\n\n\n<p><strong>Odwagi! Walcz dobr\u0105 walk\u0119, wytrwaj w wierze. Niebo warte jest ka\u017cdego wysi\u0142ku.<\/strong><br><em>Milicja chrze\u015bcijanina nie ko\u0144czy si\u0119 w grobie \u2013 ona si\u0119 dope\u0142nia w chwale.<\/em><\/p>\n\n\n\n<p><\/p>\n","protected":false},"excerpt":{"rendered":"<p>\u201eMilitia est vita hominis super terram\u201d\u201eCzy\u017c \u017cycie cz\u0142owieka na ziemi nie jest bojowaniem?\u201d (Hiob 7,1) Wprowadzenie: Ziemia nie jest miejscem naszego odpoczynku \u017byjemy w epoce, w kt\u00f3rej wszystko zdaje si\u0119 obraca\u0107 wok\u00f3\u0142 komfortu, natychmiastowej przyjemno\u015bci i osobistego bezpiecze\u0144stwa. Wsp\u00f3\u0142czesny idea\u0142 to \u017cycie bez cierpienia, bez sprzeczno\u015bci, bez wewn\u0119trznego trudu. Jednak S\u0142owo Bo\u017ce ukazuje nam prawd\u0119 &hellip;<\/p>\n","protected":false},"author":3,"featured_media":3724,"comment_status":"open","ping_status":"open","sticky":false,"template":"","format":"standard","meta":{"_seopress_robots_primary_cat":"","_seopress_titles_title":"","_seopress_titles_desc":"","_seopress_robots_index":"","footnotes":""},"categories":[40,58],"tags":[1078],"class_list":["post-3723","post","type-post","status-publish","format-standard","has-post-thumbnail","","category-modlitwa-i-duchowosc","category-modlitwa-i-zycie-duchowe","tag-walka-duchowa"],"_links":{"self":[{"href":"https:\/\/catholicus.eu\/pl\/wp-json\/wp\/v2\/posts\/3723","targetHints":{"allow":["GET"]}}],"collection":[{"href":"https:\/\/catholicus.eu\/pl\/wp-json\/wp\/v2\/posts"}],"about":[{"href":"https:\/\/catholicus.eu\/pl\/wp-json\/wp\/v2\/types\/post"}],"author":[{"embeddable":true,"href":"https:\/\/catholicus.eu\/pl\/wp-json\/wp\/v2\/users\/3"}],"replies":[{"embeddable":true,"href":"https:\/\/catholicus.eu\/pl\/wp-json\/wp\/v2\/comments?post=3723"}],"version-history":[{"count":1,"href":"https:\/\/catholicus.eu\/pl\/wp-json\/wp\/v2\/posts\/3723\/revisions"}],"predecessor-version":[{"id":3725,"href":"https:\/\/catholicus.eu\/pl\/wp-json\/wp\/v2\/posts\/3723\/revisions\/3725"}],"wp:featuredmedia":[{"embeddable":true,"href":"https:\/\/catholicus.eu\/pl\/wp-json\/wp\/v2\/media\/3724"}],"wp:attachment":[{"href":"https:\/\/catholicus.eu\/pl\/wp-json\/wp\/v2\/media?parent=3723"}],"wp:term":[{"taxonomy":"category","embeddable":true,"href":"https:\/\/catholicus.eu\/pl\/wp-json\/wp\/v2\/categories?post=3723"},{"taxonomy":"post_tag","embeddable":true,"href":"https:\/\/catholicus.eu\/pl\/wp-json\/wp\/v2\/tags?post=3723"}],"curies":[{"name":"wp","href":"https:\/\/api.w.org\/{rel}","templated":true}]}}