{"id":3719,"date":"2025-05-07T12:01:49","date_gmt":"2025-05-07T10:01:49","guid":{"rendered":"https:\/\/catholicus.eu\/pl\/?p=3719"},"modified":"2025-05-07T12:02:15","modified_gmt":"2025-05-07T10:02:15","slug":"kiedy-wybiera-sie-papieza-nie-otrzymuje-on-tytulu-lecz-krzyz-ciezar-piotra-w-czasach-zametu","status":"publish","type":"post","link":"https:\/\/catholicus.eu\/pl\/kiedy-wybiera-sie-papieza-nie-otrzymuje-on-tytulu-lecz-krzyz-ciezar-piotra-w-czasach-zametu\/","title":{"rendered":"Kiedy wybiera si\u0119 papie\u017ca, nie otrzymuje on tytu\u0142u, lecz krzy\u017c: Ci\u0119\u017car Piotra w czasach zam\u0119tu"},"content":{"rendered":"\n<h3 class=\"wp-block-heading\"><strong>Wprowadzenie: Wi\u0119cej ni\u017c imi\u0119 \u2013 krzy\u017c<\/strong><\/h3>\n\n\n\n<p>Gdy z komina Kaplicy Syksty\u0144skiej unosi si\u0119 bia\u0142y dym, ca\u0142y \u015bwiat wstrzymuje oddech. Wybrano nowego papie\u017ca. Miliony katolik\u00f3w, dziennikarzy i influencer\u00f3w \u015bpiesz\u0105, by publikowa\u0107 wiadomo\u015bci, wyra\u017ca\u0107 rado\u015b\u0107 lub rozczarowanie, rozwa\u017ca\u0107 ideologie i formu\u0142owa\u0107 szybkie analizy. Jednak w tym medialnym zgie\u0142ku cz\u0119sto zapomina si\u0119 o jednej donios\u0142ej prawdzie: <strong>Cz\u0142owiek, kt\u00f3ry zostaje wybrany, nie otrzymuje tronu, lecz krzy\u017c \u2013 nie honorowy tytu\u0142, lecz przyt\u0142aczaj\u0105c\u0105 odpowiedzialno\u015b\u0107, kt\u00f3ra \u0142\u0105czy go z Chrystusem Pasterzem, Chrystusem Cierpi\u0105cym, Chrystusem Ukrzy\u017cowanym.<\/strong><\/p>\n\n\n\n<p>Ten krzy\u017c nie jest widoczny go\u0142ym okiem. Nie jest ze z\u0142ota i nie nosi si\u0119 go na ramionach. To krzy\u017c niewidzialny, duchowy, g\u0142\u0119boko wewn\u0119trzny, kt\u00f3ry wymaga nie tylko m\u0105dro\u015bci i heroicznych cn\u00f3t, ale tak\u017ce <strong>cichego wsparcia modl\u0105cego si\u0119 Ko\u015bcio\u0142a.<\/strong><\/p>\n\n\n\n<p>Jak powiedzia\u0142 kardyna\u0142 Ratzinger przed wyborem na papie\u017ca Benedykta XVI: <em>\u201eM\u00f3dlcie si\u0119 za mnie, abym nie uciek\u0142 z l\u0119ku przed wilkami.\u201d<\/em> Ten apel ujawnia istotn\u0105 prawd\u0119: <strong>bycie papie\u017cem oznacza codzienne umieranie, d\u017awiganie ci\u0119\u017caru ca\u0142ego Ko\u015bcio\u0142a, przyj\u0119cie samego krzy\u017ca Chrystusa w dzisiejszym \u015bwiecie.<\/strong><\/p>\n\n\n\n<hr class=\"wp-block-separator has-alpha-channel-opacity\"\/>\n\n\n\n<h3 class=\"wp-block-heading\"><strong>I. Historia krzy\u017ca: Co oznacza by\u0107 papie\u017cem?<\/strong><\/h3>\n\n\n\n<p>Od pierwszego biskupa Rzymu, \u015bw. Piotra, papiestwo by\u0142o drog\u0105 m\u0119cze\u0144stwa. S\u0142owo <em>papie\u017c<\/em> pochodzi od greckiego \u201e\u03c0\u03ac\u03c0\u03c0\u03b1\u03c2\u201d (<em>pappas<\/em>), czu\u0142ego, niemal dzieci\u0119cego okre\u015blenia \u201eojca\u201d. Jednak ten ojciec nie rz\u0105dzi jak ziemski kr\u00f3l; jego w\u0142adza ma inny charakter. Jezus jasno to wyrazi\u0142:<\/p>\n\n\n\n<blockquote class=\"wp-block-quote is-layout-flow wp-block-quote-is-layout-flow\">\n<p><em>\u201eKto chce by\u0107 pierwszym mi\u0119dzy wami, niech b\u0119dzie s\u0142ug\u0105 wszystkich.\u201d<\/em> (Mk 10,44)<\/p>\n<\/blockquote>\n\n\n\n<p>W\u0142adza papieska opiera si\u0119 na poleceniu, kt\u00f3re Chrystus da\u0142 Piotrowi: <em>\u201ePa\u015b owce moje.\u201d<\/em> (J 21,17). To wezwanie do ca\u0142kowitej s\u0142u\u017cby a\u017c do oddania siebie. Historia papie\u017cy naznaczona jest krwi\u0105 m\u0119czennik\u00f3w, trudem reformator\u00f3w, \u0142zami niezrozumianych i milczeniem \u015bwi\u0119tych, kt\u00f3rzy prowadzili \u0142\u00f3d\u017a Piotrow\u0105 przez najgwa\u0142towniejsze burze.<\/p>\n\n\n\n<p><strong>\u015aw. Leon Wielki<\/strong> stan\u0105\u0142 naprzeciw Attyli, kr\u00f3la Hun\u00f3w, uzbrojony jedynie w wiar\u0119. <strong>\u015aw. Grzegorz Wielki<\/strong> sprzeda\u0142 dobra Ko\u015bcio\u0142a, by nakarmi\u0107 ubogich w Rzymie dotkni\u0119tym zaraz\u0105. <strong>\u015aw. Pius V<\/strong> odmawia\u0142 R\u00f3\u017caniec, prosz\u0105c o zwyci\u0119stwo chrze\u015bcija\u0144stwa nad najazdem osma\u0144skim. <strong>\u015aw. Jan Pawe\u0142 II<\/strong> prze\u017cy\u0142 zamach i ofiarowa\u0142 swoje zranione i ograniczone \u017cycie dla jedno\u015bci i \u015bwiadectwa Chrystusa w nowoczesnym \u015bwiecie.<\/p>\n\n\n\n<p>Krzy\u017c papiestwa przybiera\u0142 r\u00f3\u017cne formy, ale jego istota pozosta\u0142a niezmienna: <strong>by\u0107 s\u0142ug\u0105 s\u0142ug Bo\u017cych \u2013 <em>Servus Servorum Dei<\/em>.<\/strong><\/p>\n\n\n\n<hr class=\"wp-block-separator has-alpha-channel-opacity\"\/>\n\n\n\n<h3 class=\"wp-block-heading\"><strong>II. Teologia papiestwa: Wikariusz Chrystusa i ci\u0119\u017car Piotra<\/strong><\/h3>\n\n\n\n<p>Teologicznie papie\u017c jest nast\u0119pc\u0105 Piotra, kt\u00f3remu Chrystus powierzy\u0142 klucze Kr\u00f3lestwa Niebieskiego (por. Mt 16,19). Jednak te klucze nie s\u0105 narz\u0119dziami kontroli, lecz <strong>symbolami troski, czuwania i oddania siebie.<\/strong> Na Soborze Watyka\u0144skim I (1870) Ko\u015bci\u00f3\u0142 zdefiniowa\u0142 nieomylno\u015b\u0107 papie\u017ca <em>ex cathedra<\/em> w sprawach wiary i moralno\u015bci, ale tak\u017ce uzna\u0142, \u017ce ta misja jest zrozumia\u0142a tylko w kontek\u015bcie <strong>\u0142aski i ofiary.<\/strong><\/p>\n\n\n\n<p>Papie\u017c Pawe\u0142 VI wyzna\u0142 po Soborze: <em>\u201eMy\u015bleli\u015bmy, \u017ce po Soborze nadejdzie s\u0142oneczny dzie\u0144 dla Ko\u015bcio\u0142a, a tymczasem przysz\u0142a burza.\u201d<\/em> Wsp\u00f3\u0142czesne papiestwo nie jest nagrod\u0105, lecz <strong>duchowym polem bitwy, na kt\u00f3rym toczy si\u0119 niewidzialna wojna o dusze.<\/strong><\/p>\n\n\n\n<p>Papie\u017c jest, jak Piotr na jeziorze Galilejskim, <strong>cz\u0142owiekiem kruchym, wezwanym do chodzenia po wodzie<\/strong>, podtrzymywanym jedynie przez spojrzenie i \u0142ask\u0119 Chrystusa. Dlatego nie nale\u017cy go ani idealizowa\u0107, ani os\u0105dza\u0107 po ludzku, lecz <strong>wspiera\u0107 nasz\u0105 modlitw\u0105, pos\u0142usze\u0144stwem i synowsk\u0105 mi\u0142o\u015bci\u0105.<\/strong><\/p>\n\n\n\n<hr class=\"wp-block-separator has-alpha-channel-opacity\"\/>\n\n\n\n<h3 class=\"wp-block-heading\"><strong>III. Wyb\u00f3r papie\u017ca: Nie marketing, lecz misterium<\/strong><\/h3>\n\n\n\n<p>Bia\u0142y dym nie oznacza zwyci\u0119stwa politycznego, triumfu teologicznego ani sukcesu medialnego. Oznacza dzia\u0142anie Ducha \u015awi\u0119tego w wolno\u015bci kardyna\u0142\u00f3w. Doskona\u0142e? Nie. Prowadzone przez Boga? Tak. Poniewa\u017c Ko\u015bci\u00f3\u0142 nie jest duchow\u0105 organizacj\u0105 pozarz\u0105dow\u0105, lecz <strong>mistycznym Cia\u0142em Chrystusa.<\/strong><\/p>\n\n\n\n<blockquote class=\"wp-block-quote is-layout-flow wp-block-quote-is-layout-flow\">\n<p><strong>\u201eNie wy\u015bcie Mnie wybrali, ale Ja was wybra\u0142em.\u201d<\/strong> (J 15,16)<\/p>\n<\/blockquote>\n\n\n\n<p>Gdy wybiera si\u0119 papie\u017ca, <strong>nie powinni\u015bmy od razu ocenia\u0107 go ideologicznie<\/strong>, lecz <strong>powinni\u015bmy ukl\u0119kn\u0105\u0107 i modli\u0107 si\u0119.<\/strong> Poniewa\u017c od tego momentu ten cz\u0142owiek jest mistycznie i duchowo ukrzy\u017cowany. Nie jest ju\u017c tylko kardyna\u0142em: jest <strong>Piotrem<\/strong>, ze wszystkimi ludzkimi s\u0142abo\u015bciami i ci\u0119\u017carem swojej boskiej misji.<\/p>\n\n\n\n<hr class=\"wp-block-separator has-alpha-channel-opacity\"\/>\n\n\n\n<h3 class=\"wp-block-heading\"><strong>IV. Praktyczne wskaz\u00f3wki: Jak prze\u017cywa\u0107 ten moment jako wierni?<\/strong><\/h3>\n\n\n\n<p>Przewodnik duchowy i duszpasterski zgodnie z Tradycj\u0105 Ko\u015bcio\u0142a:<\/p>\n\n\n\n<h4 class=\"wp-block-heading\">1. <strong>Codzienna modlitwa za papie\u017ca<\/strong><\/h4>\n\n\n\n<p>W\u0142\u0105cz Ojca \u015awi\u0119tego do swoich osobistych i rodzinnych modlitw. Szczeg\u00f3lnie R\u00f3\u017caniec by\u0142 polecany przez wielu \u015bwi\u0119tych jako pot\u0119\u017cna bro\u0144 duchowa wspieraj\u0105ca Wikariusza Chrystusa.<\/p>\n\n\n\n<h4 class=\"wp-block-heading\">2. <strong>Zachowanie wewn\u0119trznej ciszy podczas jego wyboru<\/strong><\/h4>\n\n\n\n<p>Oprzyj si\u0119 pokusie natychmiastowego komentowania w mediach spo\u0142eczno\u015bciowych. Prze\u017cyj adoruj\u0105c\u0105 cisz\u0119. Skieruj sw\u00f3j wzrok, jak Maryja i Jan, na krzy\u017c.<\/p>\n\n\n\n<h4 class=\"wp-block-heading\">3. <strong>Formacja teologiczna<\/strong><\/h4>\n\n\n\n<p>Czytaj Katechizm, dokumenty papieskie, unikaj jednostronnych \u017ar\u00f3de\u0142. Dobrze uformowany katolik nie daje si\u0119 ponie\u015b\u0107 ideologiom.<\/p>\n\n\n\n<h4 class=\"wp-block-heading\">4. <strong>Synowskie pos\u0142usze\u0144stwo<\/strong><\/h4>\n\n\n\n<p>Nawet je\u015bli nie wszystko rozumiesz lub nie zgadzasz si\u0119 z niekt\u00f3rymi decyzjami, pami\u0119taj: <strong>wierno\u015b\u0107 papie\u017cowi to nie \u015blepe pos\u0142usze\u0144stwo, lecz dojrza\u0142a wiara.<\/strong> \u015aw. Ignacy Loyola m\u00f3wi\u0142: <em>\u201eGdzie jest wi\u0119cej pos\u0142usze\u0144stwa, tam jest wi\u0119cej \u0142aski.\u201d<\/em><\/p>\n\n\n\n<h4 class=\"wp-block-heading\">5. <strong>Ewangelizacja z pokor\u0105<\/strong><\/h4>\n\n\n\n<p>Nie podsycaj podzia\u0142\u00f3w. B\u0105d\u017a budowniczym most\u00f3w. Je\u015bli kto\u015b zapyta ci\u0119 o nowego papie\u017ca, odpowiadaj z mi\u0142o\u015bci\u0105, nie os\u0105dzaj. Bardziej potrzebuje twojego \u015bwiadectwa jedno\u015bci ni\u017c twojej opinii.<\/p>\n\n\n\n<h4 class=\"wp-block-heading\">6. <strong>Ofiarowanie post\u00f3w i ofiar za niego<\/strong><\/h4>\n\n\n\n<p>Ofiaruj swoje codzienne krzy\u017ce za jego si\u0142\u0119, rozeznanie i \u015bwi\u0119to\u015b\u0107. Cicha ofiara ma wi\u0119ksz\u0105 moc ni\u017c tysi\u0105c komentarzy online.<\/p>\n\n\n\n<hr class=\"wp-block-separator has-alpha-channel-opacity\"\/>\n\n\n\n<h3 class=\"wp-block-heading\"><strong>V. Zako\u0144czenie: Krzy\u017c, kt\u00f3rego nie mo\u017ce nie\u015b\u0107 sam<\/strong><\/h3>\n\n\n\n<p>Ka\u017cdy papie\u017c potrzebuje Szymona z Cyreny. Ty i ja jeste\u015bmy wezwani, by nie\u015b\u0107 z nim ten niewidzialny krzy\u017c. Nie mo\u017ce on wype\u0142ni\u0107 swojej misji bez naszej wiernej modlitwy, cierpliwego zrozumienia, gor\u0105cej mi\u0142o\u015bci.<\/p>\n\n\n\n<blockquote class=\"wp-block-quote is-layout-flow wp-block-quote-is-layout-flow\">\n<p><em>\u201eUderz\u0119 pasterza, a owce si\u0119 rozprosz\u0105.\u201d<\/em> (Za 13,7)<\/p>\n<\/blockquote>\n\n\n\n<p>Ta przepowiednia spe\u0142nia si\u0119, gdy zapominamy, \u017ce papie\u017c jest ukrzy\u017cowanym pasterzem. Gdy go nie wspieramy, lecz os\u0105dzamy. Gdy go nie kochamy, lecz wykorzystujemy jako pretekst do naszych podzia\u0142\u00f3w.<\/p>\n\n\n\n<p>Nast\u0119pnym razem, gdy zobaczysz bia\u0142y dym unosz\u0105cy si\u0119 nad Rzymem, <strong>nie my\u015bl o w\u0142adzy i nie \u015bpiesz si\u0119 z komentarzami.<\/strong> <strong>Ukl\u0119knij i m\u00f3dl si\u0119.<\/strong> Poniewa\u017c ten, kto wychodzi z konklawe, nie otrzymuje tytu\u0142u, lecz krzy\u017c.<\/p>\n\n\n\n<h3 class=\"wp-block-heading\"><strong>Modlitwa ko\u0144cowa: Za Ojca \u015awi\u0119tego<\/strong><\/h3>\n\n\n\n<blockquote class=\"wp-block-quote is-layout-flow wp-block-quote-is-layout-flow\">\n<p><strong>Panie Jezu, wieczny Pasterzu naszych dusz,<\/strong><br>prosimy Ci\u0119 za Papie\u017ca, kt\u00f3rego wybra\u0142e\u015b na nast\u0119pc\u0119 Piotra.<br><strong>Umocnij jego wiar\u0119, wzmocnij jego serce, prowad\u017a jego s\u0142owo i chro\u0144 jego dusz\u0119.<\/strong><br>Uczy\u0144 go \u015bwi\u0119tym i wiernym a\u017c do ko\u0144ca,<br>a nam daj serce pos\u0142uszne,<br>j\u0119zyk roztropny i wiar\u0119 \u017cyw\u0105,<br>aby\u015bmy kochali Ciebie, kochaj\u0105c Tw\u00f3j Ko\u015bci\u00f3\u0142.<br><strong>Amen.<\/strong><\/p>\n<\/blockquote>\n","protected":false},"excerpt":{"rendered":"<p>Wprowadzenie: Wi\u0119cej ni\u017c imi\u0119 \u2013 krzy\u017c Gdy z komina Kaplicy Syksty\u0144skiej unosi si\u0119 bia\u0142y dym, ca\u0142y \u015bwiat wstrzymuje oddech. Wybrano nowego papie\u017ca. Miliony katolik\u00f3w, dziennikarzy i influencer\u00f3w \u015bpiesz\u0105, by publikowa\u0107 wiadomo\u015bci, wyra\u017ca\u0107 rado\u015b\u0107 lub rozczarowanie, rozwa\u017ca\u0107 ideologie i formu\u0142owa\u0107 szybkie analizy. Jednak w tym medialnym zgie\u0142ku cz\u0119sto zapomina si\u0119 o jednej donios\u0142ej prawdzie: Cz\u0142owiek, kt\u00f3ry &hellip;<\/p>\n","protected":false},"author":3,"featured_media":3720,"comment_status":"open","ping_status":"open","sticky":false,"template":"","format":"standard","meta":{"_seopress_robots_primary_cat":"","_seopress_titles_title":"","_seopress_titles_desc":"","_seopress_robots_index":"","footnotes":""},"categories":[38,48],"tags":[439],"class_list":["post-3719","post","type-post","status-publish","format-standard","has-post-thumbnail","","category-historia-i-tradycja","category-historia-kosciola","tag-papieza"],"_links":{"self":[{"href":"https:\/\/catholicus.eu\/pl\/wp-json\/wp\/v2\/posts\/3719","targetHints":{"allow":["GET"]}}],"collection":[{"href":"https:\/\/catholicus.eu\/pl\/wp-json\/wp\/v2\/posts"}],"about":[{"href":"https:\/\/catholicus.eu\/pl\/wp-json\/wp\/v2\/types\/post"}],"author":[{"embeddable":true,"href":"https:\/\/catholicus.eu\/pl\/wp-json\/wp\/v2\/users\/3"}],"replies":[{"embeddable":true,"href":"https:\/\/catholicus.eu\/pl\/wp-json\/wp\/v2\/comments?post=3719"}],"version-history":[{"count":2,"href":"https:\/\/catholicus.eu\/pl\/wp-json\/wp\/v2\/posts\/3719\/revisions"}],"predecessor-version":[{"id":3722,"href":"https:\/\/catholicus.eu\/pl\/wp-json\/wp\/v2\/posts\/3719\/revisions\/3722"}],"wp:featuredmedia":[{"embeddable":true,"href":"https:\/\/catholicus.eu\/pl\/wp-json\/wp\/v2\/media\/3720"}],"wp:attachment":[{"href":"https:\/\/catholicus.eu\/pl\/wp-json\/wp\/v2\/media?parent=3719"}],"wp:term":[{"taxonomy":"category","embeddable":true,"href":"https:\/\/catholicus.eu\/pl\/wp-json\/wp\/v2\/categories?post=3719"},{"taxonomy":"post_tag","embeddable":true,"href":"https:\/\/catholicus.eu\/pl\/wp-json\/wp\/v2\/tags?post=3719"}],"curies":[{"name":"wp","href":"https:\/\/api.w.org\/{rel}","templated":true}]}}