{"id":3691,"date":"2025-05-05T18:52:58","date_gmt":"2025-05-05T16:52:58","guid":{"rendered":"https:\/\/catholicus.eu\/pl\/?p=3691"},"modified":"2025-05-05T18:52:58","modified_gmt":"2025-05-05T16:52:58","slug":"czym-jest-kosciol-katolicki-zywa-tajemnica-chrystusa-posrod-nas","status":"publish","type":"post","link":"https:\/\/catholicus.eu\/pl\/czym-jest-kosciol-katolicki-zywa-tajemnica-chrystusa-posrod-nas\/","title":{"rendered":"Czym jest Ko\u015bci\u00f3\u0142 Katolicki? \u017bywa Tajemnica Chrystusa po\u015br\u00f3d nas"},"content":{"rendered":"\n<p><strong>WPROWADZENIE: TAJEMNICA CZ\u0118STO NIEZROZUMIANA<\/strong><\/p>\n\n\n\n<p>\u201eWierz\u0119 w Boga, ale nie w Ko\u015bci\u00f3\u0142.\u201d<br>\u201eKsi\u0119\u017ca to hipokryci, dlatego nie chodz\u0119 ju\u017c do ko\u015bcio\u0142a.\u201d<br>\u201eJezus \u2013 tak, Ko\u015bci\u00f3\u0142 \u2013 nie.\u201d<\/p>\n\n\n\n<p>Te zdania ujawniaj\u0105 g\u0142\u0119bokie niezrozumienie tego, czym naprawd\u0119 jest Ko\u015bci\u00f3\u0142 Katolicki. Poza krytyk\u0105 \u2013 cz\u0119sto uzasadnion\u0105 ludzkimi b\u0142\u0119dami \u2013 istnieje zapomniana prawda: <strong>Ko\u015bci\u00f3\u0142 to nie tylko duchowie\u0144stwo czy instytucja. Ko\u015bci\u00f3\u0142 to my wszyscy ochrzczeni, zjednoczeni z Chrystusem jako \u017cywe cz\u0142onki Jego mistycznego cia\u0142a.<\/strong><\/p>\n\n\n\n<p>W tym artykule przyjrzymy si\u0119 historii, to\u017csamo\u015bci, misji i znaczeniu Ko\u015bcio\u0142a Katolickiego \u2013 nie jako suchej doktrynie, ale jako <strong>przewodnikowi duchowemu<\/strong> pomagaj\u0105cemu zrozumie\u0107, dlaczego ta boska rzeczywisto\u015b\u0107 dotyka nas, wyzywa i przemienia. Bo je\u015bli jeste\u015b ochrzczony, nie jeste\u015b tylko widzem: <strong>jeste\u015b Ko\u015bcio\u0142em.<\/strong> A to zmienia wszystko.<\/p>\n\n\n\n<hr class=\"wp-block-separator has-alpha-channel-opacity\"\/>\n\n\n\n<h2 class=\"wp-block-heading\">I. CZYM JEST KO\u015aCI\u00d3\u0141 KATOLICKI? NIEBIA\u0143SKA DEFINICJA<\/h2>\n\n\n\n<p>S\u0142owo \u201eKo\u015bci\u00f3\u0142\u201d pochodzi z greckiego <em>ekkles\u00eda<\/em>, co oznacza \u201ezgromadzenie\u201d lub \u201ewsp\u00f3lnot\u0119\u201d. Ale nie byle jakie zgromadzenie \u2013 <strong>zgromadzenie powo\u0142anych przez Boga<\/strong>, zjednoczonych w Chrystusie.<\/p>\n\n\n\n<h3 class=\"wp-block-heading\">Definicja teologiczna:<\/h3>\n\n\n\n<p>Wed\u0142ug Katechizmu Ko\u015bcio\u0142a Katolickiego (nr 777\u2013778):<\/p>\n\n\n\n<blockquote class=\"wp-block-quote is-layout-flow wp-block-quote-is-layout-flow\">\n<p>\u201eKo\u015bci\u00f3\u0142 jest jednocze\u015bnie \u015brodkiem i celem Bo\u017cego planu zbawienia: zapowiedziany od pocz\u0105tku \u015bwiata, przygotowany w Starym Przymierzu, za\u0142o\u017cony przez s\u0142owa i czyny Jezusa Chrystusa, urzeczywistniony przez Jego odkupie\u0144cz\u0105 \u015bmier\u0107 na krzy\u017cu i zmartwychwstanie, ujawniony przez wylanie Ducha \u015awi\u0119tego.\u201d<\/p>\n<\/blockquote>\n\n\n\n<p>A \u015bw. Pawe\u0142 m\u00f3wi jasno:<\/p>\n\n\n\n<blockquote class=\"wp-block-quote is-layout-flow wp-block-quote-is-layout-flow\">\n<p>\u201eWy przeto jeste\u015bcie cia\u0142em Chrystusa i poszczeg\u00f3lnymi cz\u0142onkami\u201d (1 Kor 12,27).<\/p>\n<\/blockquote>\n\n\n\n<h3 class=\"wp-block-heading\">Podsumowuj\u0105c:<\/h3>\n\n\n\n<p><strong>Ko\u015bci\u00f3\u0142 Katolicki to mistyczne cia\u0142o Chrystusa, widzialne i duchowe, ustanowione przez Niego, by kontynuowa\u0107 Jego misj\u0119 na ziemi.<\/strong><\/p>\n\n\n\n<p>To nie tylko struktura hierarchiczna, zbi\u00f3r doktryn czy budynek. <strong>To \u017cywa rzeczywisto\u015b\u0107, boska i ludzka<\/strong>, sk\u0142adaj\u0105ca si\u0119 ze wszystkich, kt\u00f3rzy przez chrzest, wiar\u0119 i sakramenty s\u0105 zjednoczeni z Chrystusem.<\/p>\n\n\n\n<hr class=\"wp-block-separator has-alpha-channel-opacity\"\/>\n\n\n\n<h2 class=\"wp-block-heading\">II. HISTORIA CUDU: KO\u015aCI\u00d3\u0141 PRZEZ WIEKI<\/h2>\n\n\n\n<h3 class=\"wp-block-heading\">a) Za\u0142o\u017cony przez Chrystusa<\/h3>\n\n\n\n<p>Jezus nie napisa\u0142 ksi\u0105\u017cki ani nie za\u0142o\u017cy\u0142 szko\u0142y filozoficznej. <strong>Za\u0142o\u017cy\u0142 \u017cyw\u0105 wsp\u00f3lnot\u0119<\/strong>, z Piotrem jako widzialn\u0105 g\u0142ow\u0105:<\/p>\n\n\n\n<blockquote class=\"wp-block-quote is-layout-flow wp-block-quote-is-layout-flow\">\n<p>\u201eTy jeste\u015b Piotr, i na tej opoce zbuduj\u0119 m\u00f3j Ko\u015bci\u00f3\u0142, a bramy piekielne go nie przemog\u0105\u201d (Mt 16,18).<\/p>\n<\/blockquote>\n\n\n\n<h3 class=\"wp-block-heading\">b) Pi\u0119\u0107dziesi\u0105tnica: widzialne narodziny<\/h3>\n\n\n\n<p>Z przyj\u015bciem Ducha \u015awi\u0119tego w dniu Pi\u0119\u0107dziesi\u0105tnicy, aposto\u0142owie otrzymuj\u0105 moc g\u0142oszenia, chrzczenia, przebaczania grzech\u00f3w i sprawowania Eucharystii. W tym momencie rodzi si\u0119 widzialny Ko\u015bci\u00f3\u0142, pos\u0142any na \u015bwiat.<\/p>\n\n\n\n<h3 class=\"wp-block-heading\">c) Dwa tysi\u0105ce lat \u015bwiat\u0142a i cieni<\/h3>\n\n\n\n<p>Od tego czasu Ko\u015bci\u00f3\u0142 prze\u017cywa\u0142 prze\u015bladowania, sobory, schizmy, krucjaty, reformy i ludzkie b\u0142\u0119dy. <strong>Ale tak\u017ce wyda\u0142 \u015bwi\u0119tych, m\u0119czennik\u00f3w, szpitale, uniwersytety, sztuk\u0119, nauk\u0119 i wiernie strzeg\u0142 S\u0142owa Bo\u017cego.<\/strong> Wszystko to, poniewa\u017c Chrystus nadal dzia\u0142a przez niego, mimo grzesznych cz\u0142onk\u00f3w.<\/p>\n\n\n\n<hr class=\"wp-block-separator has-alpha-channel-opacity\"\/>\n\n\n\n<h2 class=\"wp-block-heading\">III. KO\u015aCI\u00d3\u0141 TO NIE (TYLKO) DUCHOWIE\u0143STWO: KONIECZNA KOREKTA<\/h2>\n\n\n\n<p>Tu tkwi podstawowy b\u0142\u0105d wielu: my\u015blenie, \u017ce Ko\u015bci\u00f3\u0142 to tylko \u201eksi\u0119\u017ca\u201d lub \u201eWatykan\u201d.<\/p>\n\n\n\n<h3 class=\"wp-block-heading\">a) Lud Bo\u017cy<\/h3>\n\n\n\n<p>Sob\u00f3r Watyka\u0144ski II (Lumen Gentium, 9) stwierdza:<\/p>\n\n\n\n<blockquote class=\"wp-block-quote is-layout-flow wp-block-quote-is-layout-flow\">\n<p>\u201eWszyscy wierni, niezale\u017cnie od stanu czy rangi, s\u0105 powo\u0142ani przez Pana do \u015bwi\u0119to\u015bci i misji Ko\u015bcio\u0142a.\u201d<\/p>\n<\/blockquote>\n\n\n\n<p>To oznacza, \u017ce <strong>Ty, \u015bwiecki katoliku, jeste\u015b istotn\u0105 cz\u0119\u015bci\u0105 Ko\u015bcio\u0142a.<\/strong><\/p>\n\n\n\n<p>Masz powo\u0142anie, misj\u0119, godno\u015b\u0107 chrzcieln\u0105. Nie jeste\u015b widzem na trybunach. <strong>Jeste\u015b aktywnym graczem na polu Kr\u00f3lestwa Bo\u017cego!<\/strong><\/p>\n\n\n\n<h3 class=\"wp-block-heading\">b) Jedno cia\u0142o, wiele cz\u0142onk\u00f3w<\/h3>\n\n\n\n<p>Ka\u017cdy ma swoj\u0105 rol\u0119: biskupi nauczaj\u0105 i przewodz\u0105, kap\u0142ani sprawuj\u0105 sakramenty, zakonnicy po\u015bwi\u0119caj\u0105 swoje \u017cycie, a \u015bwieccy u\u015bwi\u0119caj\u0105 \u015bwiat przez prac\u0119, rodzin\u0119, polityk\u0119 i kultur\u0119.<\/p>\n\n\n\n<p><strong>Wszyscy razem tworzymy jedno cia\u0142o, z Chrystusem jako g\u0142ow\u0105.<\/strong><\/p>\n\n\n\n<hr class=\"wp-block-separator has-alpha-channel-opacity\"\/>\n\n\n\n<h2 class=\"wp-block-heading\">IV. \u201eWIERZ\u0118 W JEZUSA, ALE NIE W KO\u015aCI\u00d3\u0141\u201d: CZY TO MO\u017bLIWE?<\/h2>\n\n\n\n<p>To stwierdzenie, cho\u0107 wydaje si\u0119 duchowe, <strong>jest teologiczn\u0105 i biblijn\u0105 sprzeczno\u015bci\u0105.<\/strong><\/p>\n\n\n\n<h3 class=\"wp-block-heading\">a) Jezus i Ko\u015bci\u00f3\u0142: nieroz\u0142\u0105czni<\/h3>\n\n\n\n<p>Chrystus nie jest oddzielony od swojego cia\u0142a. \u015awi\u0119ty Augustyn m\u00f3wi\u0142:<\/p>\n\n\n\n<blockquote class=\"wp-block-quote is-layout-flow wp-block-quote-is-layout-flow\">\n<p>\u201eKochaj Chrystusa, ale nie gard\u017a Jego oblubienic\u0105: Ko\u015bcio\u0142em.\u201d<\/p>\n<\/blockquote>\n\n\n\n<p>Odrzucenie Ko\u015bcio\u0142a oznacza odrzucenie tego, co sam Jezus ustanowi\u0142 jako \u015brodek zbawienia. To jak powiedzie\u0107: \u201eChc\u0119 wody, ale nie naczynia, kt\u00f3re j\u0105 zawiera.\u201d<\/p>\n\n\n\n<h3 class=\"wp-block-heading\">b) Dlaczego ten b\u0142\u0105d jest tak powszechny?<\/h3>\n\n\n\n<ul class=\"wp-block-list\">\n<li>Z powodu skandali i grzech\u00f3w niekt\u00f3rych cz\u0142onk\u00f3w duchowie\u0144stwa.<\/li>\n\n\n\n<li>Z powodu braku znajomo\u015bci doktryny.<\/li>\n\n\n\n<li>Z powodu indywidualistycznego i subiektywnego podej\u015bcia do wiary.<br>Ale Chrystus nigdy nie obieca\u0142 Ko\u015bcio\u0142a bez grzesznik\u00f3w \u2013 obieca\u0142 <strong>Ko\u015bci\u00f3\u0142, w kt\u00f3rym On dzia\u0142a pomimo grzechu.<\/strong><\/li>\n<\/ul>\n\n\n\n<hr class=\"wp-block-separator has-alpha-channel-opacity\"\/>\n\n\n\n<h3 class=\"wp-block-heading\"><strong> <\/strong>V. PRAKTYCZNY PRZEWODNIK: JAK \u017bY\u0106 JAKO AKTYWNY CZ\u0141ONEK KO\u015aCIO\u0141A<\/h3>\n\n\n\n<p>Oto mapa, kt\u00f3ra pomo\u017ce Ci na nowo odkry\u0107 swoj\u0105 to\u017csamo\u015b\u0107 ko\u015bcieln\u0105 i \u017cy\u0107 ni\u0105 na co dzie\u0144:<\/p>\n\n\n\n<h3 class=\"wp-block-heading\">1. <strong>Uznaj siebie za cz\u0142onka Cia\u0142a Chrystusa<\/strong><\/h3>\n\n\n\n<ul class=\"wp-block-list\">\n<li>Zastan\u00f3w si\u0119 nad swoim chrztem: sta\u0142e\u015b si\u0119 dzieckiem Bo\u017cym i cz\u0142onkiem Ko\u015bcio\u0142a.<\/li>\n\n\n\n<li>Przyjmij swoj\u0105 misj\u0119 w \u017cyciu. Nie jeste\u015b tylko widzem.<\/li>\n<\/ul>\n\n\n\n<h3 class=\"wp-block-heading\">2. <strong>Uczestnicz w \u017cyciu liturgicznym i sakramentalnym<\/strong><\/h3>\n\n\n\n<ul class=\"wp-block-list\">\n<li>Regularnie uczestnicz we Mszy \u015awi\u0119tej \u2013 nie tylko z obowi\u0105zku, ale z mi\u0142o\u015bci.<\/li>\n\n\n\n<li>Cz\u0119sto przyst\u0119puj do spowiedzi.<\/li>\n\n\n\n<li>Przyjmuj Eucharysti\u0119 jako pokarm dla swojej duszy i misji.<\/li>\n<\/ul>\n\n\n\n<h3 class=\"wp-block-heading\">3. <strong>Studiuj wiar\u0119 swojego Ko\u015bcio\u0142a<\/strong><\/h3>\n\n\n\n<ul class=\"wp-block-list\">\n<li>Czytaj Katechizm, poznawaj swoj\u0105 Tradycj\u0119.<\/li>\n\n\n\n<li>Nie zadowalaj si\u0119 dzieci\u0119c\u0105 lub kulturow\u0105 wiar\u0105.<\/li>\n<\/ul>\n\n\n\n<h3 class=\"wp-block-heading\">4. <strong>Ewangelizuj swoim \u017cyciem<\/strong><\/h3>\n\n\n\n<ul class=\"wp-block-list\">\n<li>Twoja praca, dom, czas wolny to pola misyjne.<\/li>\n\n\n\n<li>Poprzez swoje \u015bwiadectwo wielu pozna Chrystusa.<\/li>\n<\/ul>\n\n\n\n<h3 class=\"wp-block-heading\">5. <strong>Kochaj Ko\u015bci\u00f3\u0142 z realizmem i wierno\u015bci\u0105<\/strong><\/h3>\n\n\n\n<ul class=\"wp-block-list\">\n<li>Nie idealizuj ani nie krytykuj destrukcyjnie.<\/li>\n\n\n\n<li>M\u00f3dl si\u0119 za niego, walcz o jego \u015bwi\u0119to\u015b\u0107, bro\u0144 go, gdy jest atakowany.<\/li>\n<\/ul>\n\n\n\n<hr class=\"wp-block-separator has-alpha-channel-opacity\"\/>\n\n\n\n<h2 class=\"wp-block-heading\">VI. KO\u015aCI\u00d3\u0141 DZISIAJ: WYZWANIA I NADZIEJE<\/h2>\n\n\n\n<h3 class=\"wp-block-heading\">a) Wyzwania:<\/h3>\n\n\n\n<ul class=\"wp-block-list\">\n<li>Rosn\u0105cy sekularyzm i odrzucenie autorytetu.<\/li>\n\n\n\n<li>Skandale, kt\u00f3re podwa\u017caj\u0105 jego wiarygodno\u015b\u0107.<\/li>\n\n\n\n<li>Wewn\u0119trzne podzia\u0142y i doktrynalna konfuzja.<\/li>\n<\/ul>\n\n\n\n<h3 class=\"wp-block-heading\">b) Nadzieje:<\/h3>\n\n\n\n<ul class=\"wp-block-list\">\n<li>Przejawy odnowy liturgicznej, powo\u0142aniowej i doktrynalnej.<\/li>\n\n\n\n<li>Zaanga\u017cowani \u015bwieccy, nowe ruchy, m\u0142odzie\u017c g\u0142odna prawdy.<\/li>\n\n\n\n<li>Obietnica Chrystusa: \u201eA oto Ja jestem z wami przez wszystkie dni, a\u017c do sko\u0144czenia \u015bwiata\u201d (Mt 28,20).<\/li>\n<\/ul>\n\n\n\n<hr class=\"wp-block-separator has-alpha-channel-opacity\"\/>\n\n\n\n<h2 class=\"wp-block-heading\">ZAKO\u0143CZENIE: KO\u015aCI\u00d3\u0141 TO TY<\/h2>\n\n\n\n<p>Nast\u0119pnym razem, gdy kto\u015b powie Ci: \u201eNie wierz\u0119 w Ko\u015bci\u00f3\u0142\u201d, we\u017a g\u0142\u0119boki oddech i odpowiedz z jasno\u015bci\u0105 i mi\u0142o\u015bci\u0105:<\/p>\n\n\n\n<blockquote class=\"wp-block-quote is-layout-flow wp-block-quote-is-layout-flow\">\n<p>\u201eCzy wiesz, \u017ce ja jestem cz\u0119\u015bci\u0105 Ko\u015bcio\u0142a? I Ty te\u017c mo\u017cesz ni\u0105 by\u0107.\u201d<\/p>\n<\/blockquote>\n\n\n\n<p>Poniewa\u017c Ko\u015bci\u00f3\u0142 Katolicki to nie budynek, nie zimna instytucja, nie klub niedost\u0119pnych \u015bwi\u0119tych. To Oblubienica Chrystusa, Matka wierz\u0105cych, dom grzesznik\u00f3w, szko\u0142a \u015bwi\u0119to\u015bci, sakrament zbawienia.<\/p>\n\n\n\n<p>To Tw\u00f3j dom.<br>To Twoja rodzina.<br>To Twoja misja.<\/p>\n\n\n\n<blockquote class=\"wp-block-quote is-layout-flow wp-block-quote-is-layout-flow\">\n<p>\u201eChrystus umi\u0142owa\u0142 Ko\u015bci\u00f3\u0142 i wyda\u0142 za niego samego siebie\u201d (Ef 5,25)<\/p>\n<\/blockquote>\n\n\n\n<p>A je\u015bli Chrystus tak go kocha\u2026 na co Ty czekasz?<\/p>\n","protected":false},"excerpt":{"rendered":"<p>WPROWADZENIE: TAJEMNICA CZ\u0118STO NIEZROZUMIANA \u201eWierz\u0119 w Boga, ale nie w Ko\u015bci\u00f3\u0142.\u201d\u201eKsi\u0119\u017ca to hipokryci, dlatego nie chodz\u0119 ju\u017c do ko\u015bcio\u0142a.\u201d\u201eJezus \u2013 tak, Ko\u015bci\u00f3\u0142 \u2013 nie.\u201d Te zdania ujawniaj\u0105 g\u0142\u0119bokie niezrozumienie tego, czym naprawd\u0119 jest Ko\u015bci\u00f3\u0142 Katolicki. Poza krytyk\u0105 \u2013 cz\u0119sto uzasadnion\u0105 ludzkimi b\u0142\u0119dami \u2013 istnieje zapomniana prawda: Ko\u015bci\u00f3\u0142 to nie tylko duchowie\u0144stwo czy instytucja. Ko\u015bci\u00f3\u0142 to &hellip;<\/p>\n","protected":false},"author":3,"featured_media":3692,"comment_status":"open","ping_status":"open","sticky":false,"template":"","format":"standard","meta":{"_seopress_robots_primary_cat":"","_seopress_titles_title":"","_seopress_titles_desc":"","_seopress_robots_index":"","footnotes":""},"categories":[66,41],"tags":[1070],"class_list":["post-3691","post","type-post","status-publish","format-standard","has-post-thumbnail","","category-kultura-popularna-i-katolicyzm","category-wiara-i-kultura","tag-czym-jest-kosciol"],"_links":{"self":[{"href":"https:\/\/catholicus.eu\/pl\/wp-json\/wp\/v2\/posts\/3691","targetHints":{"allow":["GET"]}}],"collection":[{"href":"https:\/\/catholicus.eu\/pl\/wp-json\/wp\/v2\/posts"}],"about":[{"href":"https:\/\/catholicus.eu\/pl\/wp-json\/wp\/v2\/types\/post"}],"author":[{"embeddable":true,"href":"https:\/\/catholicus.eu\/pl\/wp-json\/wp\/v2\/users\/3"}],"replies":[{"embeddable":true,"href":"https:\/\/catholicus.eu\/pl\/wp-json\/wp\/v2\/comments?post=3691"}],"version-history":[{"count":1,"href":"https:\/\/catholicus.eu\/pl\/wp-json\/wp\/v2\/posts\/3691\/revisions"}],"predecessor-version":[{"id":3693,"href":"https:\/\/catholicus.eu\/pl\/wp-json\/wp\/v2\/posts\/3691\/revisions\/3693"}],"wp:featuredmedia":[{"embeddable":true,"href":"https:\/\/catholicus.eu\/pl\/wp-json\/wp\/v2\/media\/3692"}],"wp:attachment":[{"href":"https:\/\/catholicus.eu\/pl\/wp-json\/wp\/v2\/media?parent=3691"}],"wp:term":[{"taxonomy":"category","embeddable":true,"href":"https:\/\/catholicus.eu\/pl\/wp-json\/wp\/v2\/categories?post=3691"},{"taxonomy":"post_tag","embeddable":true,"href":"https:\/\/catholicus.eu\/pl\/wp-json\/wp\/v2\/tags?post=3691"}],"curies":[{"name":"wp","href":"https:\/\/api.w.org\/{rel}","templated":true}]}}