{"id":3649,"date":"2025-05-02T21:24:39","date_gmt":"2025-05-02T19:24:39","guid":{"rendered":"https:\/\/catholicus.eu\/pl\/?p=3649"},"modified":"2025-05-02T21:24:40","modified_gmt":"2025-05-02T19:24:40","slug":"swiety-krzyz-majowy-historia-teologia-i-przewodnik-duchowy-na-nasze-czasy","status":"publish","type":"post","link":"https:\/\/catholicus.eu\/pl\/swiety-krzyz-majowy-historia-teologia-i-przewodnik-duchowy-na-nasze-czasy\/","title":{"rendered":"\u015awi\u0119ty Krzy\u017c Majowy: Historia, Teologia i Przewodnik Duchowy na Nasze Czasy"},"content":{"rendered":"\n<p><em>\u201eMy g\u0142osimy Chrystusa ukrzy\u017cowanego, kt\u00f3ry jest zgorszeniem dla \u017byd\u00f3w, a g\u0142upstwem dla pogan, dla tych za\u015b, kt\u00f3rzy s\u0105 powo\u0142ani \u2013 i \u017byd\u00f3w, i Grek\u00f3w \u2013 Chrystusem, moc\u0105 Bo\u017c\u0105 i m\u0105dro\u015bci\u0105 Bo\u017c\u0105.\u201d<\/em><br>\u2014 <em>1 Kor 1, 23-24<\/em><\/p>\n\n\n\n<hr class=\"wp-block-separator has-alpha-channel-opacity\"\/>\n\n\n\n<h2 class=\"wp-block-heading\">Wprowadzenie: Odnalezione drzewo \u017cycia<\/h2>\n\n\n\n<p>W samym sercu wiosny, kiedy natura rozkwita, a \u017cycie eksploduje z now\u0105 si\u0142\u0105, Ko\u015bci\u00f3\u0142 z wielk\u0105 gorliwo\u015bci\u0105 celebruje wydarzenie, kt\u00f3re \u0142\u0105czy niebo i ziemi\u0119, czas i wieczno\u015b\u0107: <strong>\u015awi\u0119ty Krzy\u017c Majowy<\/strong>. Znany r\u00f3wnie\u017c jako <strong>Odnalezienie Krzy\u017ca \u015awi\u0119tego<\/strong>, <strong>Krzy\u017c Majowy<\/strong>, <strong>\u015awi\u0119to Krzy\u017ca<\/strong> lub <strong>Fiesta de las Cruces<\/strong>, ten staro\u017cytny zwyczaj katolicki jest przepe\u0142niony teologicznym i duchowym znaczeniem \u2013 i zdecydowanie nie jest tylko wspomnieniem z przesz\u0142o\u015bci.<\/p>\n\n\n\n<p>Ale co tak naprawd\u0119 czcimy w maju, oddaj\u0105c cze\u015b\u0107 Krzy\u017cowi? Sk\u0105d wywodzi si\u0119 ta tradycja? I jakie ma dzi\u015b znaczenie \u2013 w \u015bwiecie, kt\u00f3ry biegnie ku przepa\u015bci, zapominaj\u0105c o tym, co najwa\u017cniejsze? Ten artyku\u0142 zaprasza Ci\u0119 do odkrycia na nowo ukrytego skarbu Krzy\u017ca Majowego \u2013 z jego historycznymi korzeniami, teologicznym fundamentem i konkretnym przewodnikiem duchowym, aby\u015b tak\u017ce Ty m\u00f3g\u0142 obj\u0105\u0107 Krzy\u017c jako drzewo prawdziwego \u017cycia.<\/p>\n\n\n\n<hr class=\"wp-block-separator has-alpha-channel-opacity\"\/>\n\n\n\n<h2 class=\"wp-block-heading\">1. Odnalezienie Krzy\u017ca \u015awi\u0119tego: Chwalebne poszukiwania<\/h2>\n\n\n\n<p>S\u0142owo \u201eodnalezienie\u201d nie oznacza w tym przypadku \u201ewymy\u015blenia\u201d, lecz pochodzi od \u0142aci\u0144skiego <em>inventio<\/em>, czyli <strong>\u201eodkrycia\u201d<\/strong>. Chodzi o odnalezienie prawdziwego Krzy\u017ca Chrystusa w Jerozolimie \u2013 wydarzenie przekazane przez Tradycj\u0119 i przypisywane <strong>\u015bw. Helenie<\/strong>, matce cesarza Konstantyna.<\/p>\n\n\n\n<h3 class=\"wp-block-heading\">\u015awi\u0119ta Tradycja<\/h3>\n\n\n\n<p>Wed\u0142ug staro\u017cytnych \u017ar\u00f3de\u0142 \u2013 jak <em>Historia Ko\u015bcio\u0142a<\/em> Euzebiusza z Cezarei oraz pisma Ojc\u00f3w Ko\u015bcio\u0142a, takich jak Ambro\u017cy i Rufin z Akwilei \u2013 \u015bw. Helena, b\u0119d\u0105c ju\u017c w podesz\u0142ym wieku, odby\u0142a w roku 326 pielgrzymk\u0119 do Ziemi \u015awi\u0119tej. Kierowana gor\u0105c\u0105 mi\u0142o\u015bci\u0105 do Chrystusa, nakaza\u0142a wykopaliska na Golgocie \u2013 miejscu Ukrzy\u017cowania \u2013 aby odnale\u017a\u0107 \u015bwi\u0119te drewno.<\/p>\n\n\n\n<p>Odnaleziono trzy krzy\u017ce. Ale kt\u00f3ry nale\u017ca\u0142 do Jezusa? Potrzebny by\u0142 znak \u2013 i przyszed\u0142: ci\u0119\u017cko chora kobieta zosta\u0142a dotkni\u0119ta jednym z trzech krzy\u017cy&#8230; i zosta\u0142a uzdrowiona. To by\u0142 prawdziwy Krzy\u017c. Zosta\u0142 on w\u00f3wczas uroczy\u015bcie podniesiony i oddano mu cze\u015b\u0107.<\/p>\n\n\n\n<p>Przez wieki to odkrycie by\u0142o uroczy\u015bcie obchodzone liturgicznie <strong>3 maja<\/strong>, w ramach <strong>\u015awi\u0119ta Odnalezienia Krzy\u017ca \u015awi\u0119tego<\/strong>. Po reformach kalendarza liturgicznego wprowadzonych przez papie\u017ca Piusa V, a p\u00f3\u017aniej Jana XXIII, \u015bwi\u0119to to zosta\u0142o po\u0142\u0105czone z <strong>Podwy\u017cszeniem Krzy\u017ca \u015awi\u0119tego<\/strong>, obchodzonym <strong>14 wrze\u015bnia<\/strong>, na pami\u0105tk\u0119 odzyskania Krzy\u017ca skradzionego przez Pers\u00f3w.<\/p>\n\n\n\n<p>Jednak\u017ce <strong>Krzy\u017c Majowy<\/strong> nadal jest \u017cyw\u0105 i pe\u0142n\u0105 \u017carliwo\u015bci tradycj\u0105 w wielu regionach \u2013 zw\u0142aszcza w krajach hiszpa\u0144skoj\u0119zycznych \u2013 z procesjami, kwiatowymi o\u0142tarzami i publicznymi modlitwami.<\/p>\n\n\n\n<hr class=\"wp-block-separator has-alpha-channel-opacity\"\/>\n\n\n\n<h2 class=\"wp-block-heading\">2. Teologia Krzy\u017ca: Zgorszenie, M\u0105dro\u015b\u0107 i Zbawienie<\/h2>\n\n\n\n<p>Krzy\u017c nie jest zwyk\u0142\u0105 ozdob\u0105. To <strong>tron Ukrzy\u017cowanego Kr\u00f3la<\/strong>, miejsce, w kt\u00f3rym Chrystus pokona\u0142 grzech, \u015bmier\u0107 i diab\u0142a. To nowe drzewo \u017cycia. Jak pisze \u015bw. Pawe\u0142:<\/p>\n\n\n\n<blockquote class=\"wp-block-quote is-layout-flow wp-block-quote-is-layout-flow\">\n<p>\u201eChrystus wykupi\u0142 nas od przekle\u0144stwa Prawa, stawszy si\u0119 za nas przekle\u0144stwem, bo napisane jest: \u2018Przekl\u0119ty ka\u017cdy, kt\u00f3ry zawis\u0142 na drzewie\u2019.\u201d (Ga 3,13)<\/p>\n<\/blockquote>\n\n\n\n<p>Krzy\u017c jest <strong>centralnym symbolem chrze\u015bcija\u0144stwa<\/strong>, ale jego znaczenie mo\u017cna poj\u0105\u0107 tylko oczami wiary. Dla \u015bwiata to g\u0142upstwo \u2013 dla wierz\u0105cego, moc Boga. I nie jest to jedynie wydarzenie z przesz\u0142o\u015bci: Krzy\u017c odnawia si\u0119 w \u017cyciu ka\u017cdego chrze\u015bcijanina, bo ka\u017cdy jest wezwany, by wzi\u0105\u0107 sw\u00f3j krzy\u017c i i\u015b\u0107 za Chrystusem (por. \u0141k 9,23).<\/p>\n\n\n\n<h3 class=\"wp-block-heading\">Krzy\u017c to:<\/h3>\n\n\n\n<ul class=\"wp-block-list\">\n<li><strong>Odkupienie:<\/strong> cena zap\u0142acona za nasz\u0105 wolno\u015b\u0107.<\/li>\n\n\n\n<li><strong>Pomost:<\/strong> \u0142\u0105czy niebo i ziemi\u0119, mi\u0142o\u015b\u0107 i sprawiedliwo\u015b\u0107.<\/li>\n\n\n\n<li><strong>Tron:<\/strong> z niego Chrystus kr\u00f3luje \u2013 nie si\u0142\u0105, lecz ofiarn\u0105 mi\u0142o\u015bci\u0105.<\/li>\n\n\n\n<li><strong>Droga:<\/strong> codzienna \u015bcie\u017cka prawdziwego ucznia.<\/li>\n<\/ul>\n\n\n\n<hr class=\"wp-block-separator has-alpha-channel-opacity\"\/>\n\n\n\n<h2 class=\"wp-block-heading\">3. Krzy\u017c Majowy: \u017bywa tradycja i znak, kt\u00f3ry rozkwita<\/h2>\n\n\n\n<p><strong>\u015awi\u0119ty Krzy\u017c Majowy<\/strong> rozkwita wiosn\u0105, poniewa\u017c Krzy\u017c Chrystusa, cho\u0107 znakiem cierpienia, jest r\u00f3wnie\u017c \u017ar\u00f3d\u0142em nowego \u017cycia. To z drewna \u015bmierci wyrasta owoc nie\u015bmiertelno\u015bci. Dlatego w wielu kulturach \u2013 zw\u0142aszcza w Hiszpanii i Ameryce \u0141aci\u0144skiej \u2013 zwyczajem jest ozdabianie Krzy\u017ca kwiatami, ustawianie o\u0142tarzy, noszenie Krzy\u017ca w procesjach.<\/p>\n\n\n\n<p>To spos\u00f3b, by og\u0142osi\u0107 \u015bwiatu: <strong>z drewna \u015bmierci narodzi\u0142o si\u0119 \u017cycie<\/strong>. Tak jak wiosna odnawia ziemi\u0119, Krzy\u017c odnawia dusze.<\/p>\n\n\n\n<h3 class=\"wp-block-heading\">Tradycyjne zwyczaje:<\/h3>\n\n\n\n<ul class=\"wp-block-list\">\n<li><strong>Kwiatowe o\u0142tarze:<\/strong> krzy\u017ce udekorowane kwiatami w domach, na placach, w ko\u015bcio\u0142ach \u2013 znak nadziei i zmartwychwstania.<\/li>\n\n\n\n<li><strong>Procesje:<\/strong> z pie\u015bniami, modlitwami i kwiatami, Krzy\u017c niesiony jest po\u015br\u00f3d ludu \u2013 jako publiczne \u015bwiadectwo wiary.<\/li>\n\n\n\n<li><strong>Nowenny i modlitwy:<\/strong> Krzy\u017c staje si\u0119 centrum modlitwy, lamentu, ofiary i wdzi\u0119czno\u015bci \u2013 tak jak dla Maryi u st\u00f3p Krzy\u017ca.<\/li>\n<\/ul>\n\n\n\n<hr class=\"wp-block-separator has-alpha-channel-opacity\"\/>\n\n\n\n<h2 class=\"wp-block-heading\">4. Praktyczne zastosowanie: Jak dzi\u015b \u017cy\u0107 duchowo\u015bci\u0105 Krzy\u017ca<\/h2>\n\n\n\n<p>Krzy\u017c nie jest tylko na \u015bwi\u0119to \u2013 <strong>jest na ca\u0142e \u017cycie<\/strong>. Oto przewodnik teologiczno-duszpasterski, jak uciele\u015bnia\u0107 Krzy\u017c w codzienno\u015bci:<\/p>\n\n\n\n<h3 class=\"wp-block-heading\">a) Przyjmij codzienne krzy\u017ce<\/h3>\n\n\n\n<p>Nie chodzi o szukanie cierpienia z masochizmu. Ale <strong>gdy ono przyjdzie \u2013 a przyjdzie \u2013 nie odrzucaj go<\/strong>. Nadaj mu sens, \u0142\u0105cz\u0105c go z Chrystusem. \u015awi\u0119ci nie uciekali od Krzy\u017ca \u2013 obejmowali go.<\/p>\n\n\n\n<p><strong>Propozycja:<\/strong> Powtarzaj cz\u0119sto: <em>\u201ePanie, przez Tw\u00f3j Krzy\u017c daj mi si\u0142\u0119, by nie\u015b\u0107 m\u00f3j.\u201d<\/em><\/p>\n\n\n\n<h3 class=\"wp-block-heading\">b) Pami\u0119taj o Krzy\u017cu<\/h3>\n\n\n\n<p>Miej widoczny krzy\u017c w domu. Naucz swoje dzieci patrze\u0107 na niego z szacunkiem i czyni\u0107 znak krzy\u017ca z pobo\u017cno\u015bci\u0105. To znak ich odkupienia.<\/p>\n\n\n\n<p><strong>Propozycja:<\/strong> 3 maja odpraw w domu ma\u0142\u0105 liturgi\u0119: czytanie Ewangelii, modlitwy, kwiaty przed krucyfiksem.<\/p>\n\n\n\n<h3 class=\"wp-block-heading\">c) B\u0105d\u017a \u015bwiadkiem Krzy\u017ca<\/h3>\n\n\n\n<p>Nie ukrywaj swojej wiary. Nie wstyd\u017a si\u0119 by\u0107 chrze\u015bcijaninem. W \u015bwiecie, kt\u00f3ry czci przyjemno\u015b\u0107 i sukces, pilnie potrzeba <strong>g\u0142oszenia Chrystusa ukrzy\u017cowanego<\/strong>.<\/p>\n\n\n\n<p><strong>Propozycja:<\/strong> M\u00f3w o Krzy\u017cu. Podaruj komu\u015b krzy\u017c. No\u015b go z godno\u015bci\u0105 i mi\u0142o\u015bci\u0105.<\/p>\n\n\n\n<h3 class=\"wp-block-heading\">d) Ofiaruj go za innych<\/h3>\n\n\n\n<p>Krzy\u017c ma moc zbawcz\u0105. Twoje ma\u0142e krzy\u017ce \u2013 choroba, zaw\u00f3d, troska \u2013 mog\u0105 by\u0107 ofiarowane za grzesznik\u00f3w, dusze w czy\u015b\u0107cu lub Ko\u015bci\u00f3\u0142 prze\u015bladowany.<\/p>\n\n\n\n<p><strong>Propozycja:<\/strong> Gdy cierpisz, nie marnuj b\u00f3lu. M\u00f3w: <em>\u201ePanie, \u0142\u0105cz\u0119 to z Twoim Krzy\u017cem za\u2026\u201d<\/em><\/p>\n\n\n\n<hr class=\"wp-block-separator has-alpha-channel-opacity\"\/>\n\n\n\n<h2 class=\"wp-block-heading\">5. Krzy\u017c: Znak dla naszych czas\u00f3w<\/h2>\n\n\n\n<p>W \u015bwiecie, kt\u00f3ry odrzuca ofiar\u0119, <strong>Krzy\u017c przeszkadza<\/strong>. Ale to w\u0142a\u015bnie jest przes\u0142anie, kt\u00f3re musimy na nowo odkry\u0107: logika mi\u0142o\u015bci, kt\u00f3ra si\u0119 oddaje.<\/p>\n\n\n\n<p>Otaczaj\u0105 nas \u201ekrzy\u017ce bez Chrystusa\u201d (cierpienia bez sensu) lub \u201eChrystusy bez krzy\u017ca\u201d (wiary bez ofiary). Krzy\u017c Majowy, ze swoj\u0105 symboliczn\u0105 si\u0142\u0105, <strong>przypomina, \u017ce nie ma zmartwychwstania bez m\u0119ki ani zwyci\u0119stwa bez ofiary.<\/strong><\/p>\n\n\n\n<p>Krzy\u017c jest nadziej\u0105 dla chorych, pocieszeniem dla smutnych, \u015bwiat\u0142em dla zagubionych, wezwaniem dla letnich. Przede wszystkim \u2013 to <strong>podpis Boga pod Jego przymierzem mi\u0142o\u015bci z nami.<\/strong><\/p>\n\n\n\n<hr class=\"wp-block-separator has-alpha-channel-opacity\"\/>\n\n\n\n<h2 class=\"wp-block-heading\">Zako\u0144czenie: Rozkwitn\u0105\u0107 na Krzy\u017cu<\/h2>\n\n\n\n<p>\u015aw. Jan Pawe\u0142 II powiedzia\u0142 kiedy\u015b: <em>\u201eWiek XXI b\u0119dzie wiekiem m\u0119czennik\u00f3w.\u201d<\/em> Nawet je\u015bli nie do\u015bwiadczymy m\u0119cze\u0144stwa krwi, jeste\u015bmy wezwani, by by\u0107 <strong>m\u0119czennikami codziennej mi\u0142o\u015bci<\/strong> \u2013 \u015bwiadkami Krzy\u017ca po\u015br\u00f3d ha\u0142asu, relatywizmu i pustki.<\/p>\n\n\n\n<p>W tym maju niech Krzy\u017c nie b\u0119dzie tylko ozdob\u0105. Niech stanie si\u0119 Twoim sztandarem, Twoim przewodnikiem, Twoim schronieniem. \u015awi\u0119tuj \u015awi\u0119ty Krzy\u017c kwiatami \u2013 tak \u2013 ale przede wszystkim wiar\u0105, ofiar\u0105 i mi\u0142o\u015bci\u0105.<\/p>\n\n\n\n<p><strong>Pozw\u00f3l, by Krzy\u017c rozkwit\u0142 w Tobie. I niech w Twoim sercu zawsze rozbrzmiewa zwyci\u0119stwo Ukrzy\u017cowanej Mi\u0142o\u015bci.<\/strong><\/p>\n","protected":false},"excerpt":{"rendered":"<p>\u201eMy g\u0142osimy Chrystusa ukrzy\u017cowanego, kt\u00f3ry jest zgorszeniem dla \u017byd\u00f3w, a g\u0142upstwem dla pogan, dla tych za\u015b, kt\u00f3rzy s\u0105 powo\u0142ani \u2013 i \u017byd\u00f3w, i Grek\u00f3w \u2013 Chrystusem, moc\u0105 Bo\u017c\u0105 i m\u0105dro\u015bci\u0105 Bo\u017c\u0105.\u201d\u2014 1 Kor 1, 23-24 Wprowadzenie: Odnalezione drzewo \u017cycia W samym sercu wiosny, kiedy natura rozkwita, a \u017cycie eksploduje z now\u0105 si\u0142\u0105, Ko\u015bci\u00f3\u0142 z wielk\u0105 &hellip;<\/p>\n","protected":false},"author":3,"featured_media":3650,"comment_status":"open","ping_status":"open","sticky":false,"template":"","format":"standard","meta":{"_seopress_robots_primary_cat":"","_seopress_titles_title":"","_seopress_titles_desc":"","_seopress_robots_index":"","footnotes":""},"categories":[38,52],"tags":[1056],"class_list":["post-3649","post","type-post","status-publish","format-standard","has-post-thumbnail","","category-historia-i-tradycja","category-liturgia-i-rok-liturgiczny","tag-swiety-krzyz-majowy"],"_links":{"self":[{"href":"https:\/\/catholicus.eu\/pl\/wp-json\/wp\/v2\/posts\/3649","targetHints":{"allow":["GET"]}}],"collection":[{"href":"https:\/\/catholicus.eu\/pl\/wp-json\/wp\/v2\/posts"}],"about":[{"href":"https:\/\/catholicus.eu\/pl\/wp-json\/wp\/v2\/types\/post"}],"author":[{"embeddable":true,"href":"https:\/\/catholicus.eu\/pl\/wp-json\/wp\/v2\/users\/3"}],"replies":[{"embeddable":true,"href":"https:\/\/catholicus.eu\/pl\/wp-json\/wp\/v2\/comments?post=3649"}],"version-history":[{"count":1,"href":"https:\/\/catholicus.eu\/pl\/wp-json\/wp\/v2\/posts\/3649\/revisions"}],"predecessor-version":[{"id":3651,"href":"https:\/\/catholicus.eu\/pl\/wp-json\/wp\/v2\/posts\/3649\/revisions\/3651"}],"wp:featuredmedia":[{"embeddable":true,"href":"https:\/\/catholicus.eu\/pl\/wp-json\/wp\/v2\/media\/3650"}],"wp:attachment":[{"href":"https:\/\/catholicus.eu\/pl\/wp-json\/wp\/v2\/media?parent=3649"}],"wp:term":[{"taxonomy":"category","embeddable":true,"href":"https:\/\/catholicus.eu\/pl\/wp-json\/wp\/v2\/categories?post=3649"},{"taxonomy":"post_tag","embeddable":true,"href":"https:\/\/catholicus.eu\/pl\/wp-json\/wp\/v2\/tags?post=3649"}],"curies":[{"name":"wp","href":"https:\/\/api.w.org\/{rel}","templated":true}]}}