{"id":3631,"date":"2025-05-01T22:17:10","date_gmt":"2025-05-01T20:17:10","guid":{"rendered":"https:\/\/catholicus.eu\/pl\/?p=3631"},"modified":"2025-05-01T22:17:10","modified_gmt":"2025-05-01T20:17:10","slug":"kardynal-ktory-przewidzial-falszywy-kosciol-slowa-edouarda-gagnona-z-1994-roku","status":"publish","type":"post","link":"https:\/\/catholicus.eu\/pl\/kardynal-ktory-przewidzial-falszywy-kosciol-slowa-edouarda-gagnona-z-1994-roku\/","title":{"rendered":"Kardyna\u0142, kt\u00f3ry przewidzia\u0142 \u201efa\u0142szywy Ko\u015bci\u00f3\u0142\u201d: S\u0142owa \u00c9douarda Gagnona z 1994 roku"},"content":{"rendered":"\n<p class=\"wp-block-paragraph\"><em>Prorockie ostrze\u017cenie na nasze czasy<\/em><\/p>\n\n\n\n<hr class=\"wp-block-separator has-alpha-channel-opacity\"\/>\n\n\n\n<h3 class=\"wp-block-heading\">Wst\u0119p: Jasny g\u0142os w czasach zam\u0119tu<\/h3>\n\n\n\n<p class=\"wp-block-paragraph\">W \u015bwiecie, gdzie prawda wydaje si\u0119 coraz bardziej wzgl\u0119dna, a wiara jest nieustannie podwa\u017cana przez ideologie \u015bwieckie, niekt\u00f3re g\u0142osy prorockie nadal wybrzmiewaj\u0105 z moc\u0105, nawet po dziesi\u0119cioleciach. Jednym z takich g\u0142os\u00f3w by\u0142 kanadyjski kardyna\u0142 \u00c9douard Gagnon (1918\u20132007), kt\u00f3rego ostrze\u017cenie z 1994 roku dotycz\u0105ce \u201efa\u0142szywego Ko\u015bcio\u0142a\u201d okazuje si\u0119 dzi\u015b wyj\u0105tkowo aktualne.<\/p>\n\n\n\n<p class=\"wp-block-paragraph\">Celem niniejszego artyku\u0142u jest pog\u0142\u0119bienie jego s\u0142\u00f3w, ukazanie ich teologicznego i duszpasterskiego znaczenia oraz przedstawienie duchowego przewodnika dla tych, kt\u00f3rzy pragn\u0105 pozosta\u0107 wierni prawdziwemu Chrystusowi po\u015br\u00f3d zam\u0119tu.<\/p>\n\n\n\n<blockquote class=\"wp-block-quote is-layout-flow wp-block-quote-is-layout-flow\">\n<p class=\"wp-block-paragraph\">\u201ePrzyjdzie bowiem czas, kiedy zdrowej nauki nie b\u0119d\u0105 znosili, ale wed\u0142ug w\u0142asnych po\u017c\u0105dliwo\u015bci nazbieraj\u0105 sobie nauczycieli, bo ich uszy \u015bwierzbi\u0105.\u201d (2 Tm 4,3)<\/p>\n<\/blockquote>\n\n\n\n<hr class=\"wp-block-separator has-alpha-channel-opacity\"\/>\n\n\n\n<h3 class=\"wp-block-heading\">Kim by\u0142 kardyna\u0142 \u00c9douard Gagnon?<\/h3>\n\n\n\n<p class=\"wp-block-paragraph\">\u00c9douard Gagnon by\u0142 kap\u0142anem, biskupem, a w ko\u0144cu kardyna\u0142em Ko\u015bcio\u0142a katolickiego. Pe\u0142ni\u0142 wa\u017cne funkcje w s\u0142u\u017cbie Stolicy Apostolskiej, wsp\u00f3\u0142pracuj\u0105c z kilkoma papie\u017cami. By\u0142 teologiem roztropnym, pokornym i pos\u0142usznym, znanym z jasno\u015bci my\u015bli i wra\u017cliwo\u015bci duszpasterskiej.<\/p>\n\n\n\n<p class=\"wp-block-paragraph\">W latach 80. zosta\u0142 przez \u015bw. Jana Paw\u0142a II powo\u0142any do przeprowadzenia kanonicznej wizytacji Bractwa Kap\u0142a\u0144skiego \u015awi\u0119tego Piusa X, za\u0142o\u017conego przez abpa Marcela Lefebvre\u2019a. Gagnon przez lata bada\u0142, dialogowa\u0142 i rozeznawa\u0142 kryzys posoborowy, kt\u00f3ry wstrz\u0105sn\u0105\u0142 Ko\u015bcio\u0142em. Zauwa\u017cy\u0142 g\u0142\u0119bokie zamieszanie doktrynalne, upadek dyscypliny ko\u015bcielnej i utrat\u0119 poczucia sacrum w liturgii.<\/p>\n\n\n\n<p class=\"wp-block-paragraph\">W wywiadzie udzielonym w 1994 roku powiedzia\u0142:<\/p>\n\n\n\n<blockquote class=\"wp-block-quote is-layout-flow wp-block-quote-is-layout-flow\">\n<p class=\"wp-block-paragraph\">\u201eTo pierwszy raz w historii Ko\u015bcio\u0142a, gdy powstaje fa\u0142szywy Ko\u015bci\u00f3\u0142 <strong>wewn\u0105trz<\/strong> samego Ko\u015bcio\u0142a\u2026 nie przychodz\u0105cy z zewn\u0105trz jak rozpoznawalna herezja, lecz od \u015brodka \u2014 jak duchowa infekcja.\u201d<\/p>\n<\/blockquote>\n\n\n\n<hr class=\"wp-block-separator has-alpha-channel-opacity\"\/>\n\n\n\n<h3 class=\"wp-block-heading\">Co mia\u0142 na my\u015bli, m\u00f3wi\u0105c o \u201efa\u0142szywym Ko\u015bciele wewn\u0105trz Ko\u015bcio\u0142a\u201d?<\/h3>\n\n\n\n<p class=\"wp-block-paragraph\">Kardyna\u0142 Gagnon nie m\u00f3wi\u0142 o nowej, r\u00f3wnoleg\u0142ej strukturze, ale o <strong>duchu<\/strong> \u2014 o duchowym i doktrynalnym odst\u0119pstwie, kt\u00f3re <strong>niszczy fundamenty katolickiej wiary od \u015brodka<\/strong>.<\/p>\n\n\n\n<p class=\"wp-block-paragraph\">Ten fa\u0142szywy Ko\u015bci\u00f3\u0142:<\/p>\n\n\n\n<ul class=\"wp-block-list\">\n<li><strong>Relatywizuje prawd\u0119<\/strong>, traktuj\u0105c dogmaty jak zwyk\u0142e opinie.<\/li>\n\n\n\n<li><strong>Pomniejsza grzech<\/strong>, zaprzeczaj\u0105c potrzebie nawr\u00f3cenia i sakramentu pokuty.<\/li>\n\n\n\n<li><strong>Profanuje liturgi\u0119<\/strong>, sprowadzaj\u0105c Msz\u0119 \u015awi\u0119t\u0105 do zwyk\u0142ego spotkania wsp\u00f3lnoty.<\/li>\n\n\n\n<li><strong>Promuje humanizm bez Boga<\/strong>, stawiaj\u0105c cz\u0142owieka w centrum zamiast Chrystusa.<\/li>\n\n\n\n<li><strong>Szuka poklasku \u015bwiata<\/strong>, zamiast wierno\u015bci Ewangelii.<\/li>\n<\/ul>\n\n\n\n<p class=\"wp-block-paragraph\">Kardyna\u0142 nie m\u00f3wi\u0142 tego z gniewu ani z ideologii, ale z troski duszpasterskiej i poczucia odpowiedzialno\u015bci. Jego ostrze\u017cenie przypomina nam, \u017ce nie wszystko, co <strong>wydaje si\u0119<\/strong> katolickie, <strong>jest<\/strong> katolickie.<\/p>\n\n\n\n<hr class=\"wp-block-separator has-alpha-channel-opacity\"\/>\n\n\n\n<h3 class=\"wp-block-heading\">Znaczenie teologiczne: \u201eFa\u0142szywy Ko\u015bci\u00f3\u0142\u201d a tajemnica bezbo\u017cno\u015bci<\/h3>\n\n\n\n<p class=\"wp-block-paragraph\">Pismo \u015awi\u0119te uczy, \u017ce przed powrotem Chrystusa nast\u0105pi wielkie odst\u0119pstwo:<\/p>\n\n\n\n<blockquote class=\"wp-block-quote is-layout-flow wp-block-quote-is-layout-flow\">\n<p class=\"wp-block-paragraph\">\u201eNiech was nikt w \u017caden spos\u00f3b nie zwodzi; bo nie nastanie (dzie\u0144 ten), dop\u00f3ki nie przyjdzie najpierw odst\u0119pstwo i nie objawi si\u0119 cz\u0142owiek grzechu, syn zatracenia.\u201d (2 Tes 2,3)<\/p>\n<\/blockquote>\n\n\n\n<p class=\"wp-block-paragraph\">Ojcowie Ko\u015bcio\u0142a \u2014 jak \u015bw. Augustyn czy \u015bw. Hieronim \u2014 interpretowali \u201etajemnic\u0119 bezbo\u017cno\u015bci\u201d jako <strong>wewn\u0119trzne zepsucie<\/strong>: bunt zakamuflowany, gdzie wrogowie Chrystusa <strong>przenikaj\u0105<\/strong> do widzialnej struktury Ko\u015bcio\u0142a.<\/p>\n\n\n\n<p class=\"wp-block-paragraph\">Fa\u0142szywy Ko\u015bci\u00f3\u0142 nie odrzuca Chrystusa wprost, lecz <strong>zniekszta\u0142ca Jego obraz<\/strong>: sprowadza Go do roli reformatora spo\u0142ecznego, a Ewangeli\u0119 do og\u00f3lnoludzkiej etyki.<\/p>\n\n\n\n<p class=\"wp-block-paragraph\">To wszystko dzieje si\u0119 dlatego, \u017ce wielu katolik\u00f3w <strong>nie zna wiary<\/strong>, <strong>nie modli si\u0119 g\u0142\u0119boko<\/strong>, <strong>nie \u017cyje sakramentami z gorliwo\u015bci\u0105<\/strong>. Dlatego konieczny jest <strong>powr\u00f3t do \u017cywej wiary zakorzenionej w Tradycji<\/strong>.<\/p>\n\n\n\n<hr class=\"wp-block-separator has-alpha-channel-opacity\"\/>\n\n\n\n<h3 class=\"wp-block-heading\">Ostrze\u017cenie Gagnona w roku 2025: Co widzimy dzi\u015b?<\/h3>\n\n\n\n<p class=\"wp-block-paragraph\">Ponad 30 lat po jego s\u0142owach znaki czasu wydaj\u0105 si\u0119 potwierdza\u0107 jego proroctwo:<\/p>\n\n\n\n<ul class=\"wp-block-list\">\n<li>Liturgie pozbawione czci, kt\u00f3re zapominaj\u0105 o Ofierze Mszy \u015awi\u0119tej.<\/li>\n\n\n\n<li>Biskupi i teologowie b\u0142ogos\u0142awi\u0105cy zwi\u0105zki sprzeczne z Bo\u017cym prawem.<\/li>\n\n\n\n<li>Milczenie wobec aborcji, ideologii gender i destrukcji rodziny.<\/li>\n\n\n\n<li>Prze\u015bladowania wiernych kap\u0142an\u00f3w, gdy dysydenci s\u0105 wynagradzani.<\/li>\n\n\n\n<li>Zamieszanie co do tego, co naprawd\u0119 oznacza by\u0107 katolikiem.<\/li>\n<\/ul>\n\n\n\n<p class=\"wp-block-paragraph\">Ale nie wszystko jest stracone. Historia Ko\u015bcio\u0142a zna\u0142a mroczne momenty, w kt\u00f3rych <strong>Duch \u015awi\u0119ty powo\u0142ywa\u0142 \u015bwi\u0119tych, m\u0119czennik\u00f3w i prawdziwych reformator\u00f3w<\/strong>. Dzi\u015b r\u00f3wnie\u017c jeste\u015bmy wezwani do wierno\u015bci.<\/p>\n\n\n\n<hr class=\"wp-block-separator has-alpha-channel-opacity\"\/>\n\n\n\n<h3 class=\"wp-block-heading\">Jak rozpozna\u0107 prawdziwy Ko\u015bci\u00f3\u0142 Chrystusa?<\/h3>\n\n\n\n<p class=\"wp-block-paragraph\">Jezus za\u0142o\u017cy\u0142 <strong>jeden Ko\u015bci\u00f3\u0142<\/strong>, kt\u00f3ry jest:<\/p>\n\n\n\n<ol class=\"wp-block-list\">\n<li><strong>Jeden<\/strong>: Jedna wiara, jeden chrzest, jedna Eucharystia.<\/li>\n\n\n\n<li><strong>\u015awi\u0119ty<\/strong>: Pomimo grzech\u00f3w cz\u0142onk\u00f3w, jest \u015bwi\u0119ty przez swoje pochodzenie i cel.<\/li>\n\n\n\n<li><strong>Katolicki<\/strong>: Uniwersalny, dla wszystkich lud\u00f3w i kultur.<\/li>\n\n\n\n<li><strong>Apostolski<\/strong>: Zbudowany na fundamencie Aposto\u0142\u00f3w i ich nast\u0119pc\u00f3w.<\/li>\n<\/ol>\n\n\n\n<p class=\"wp-block-paragraph\">Prawdziwy Ko\u015bci\u00f3\u0142 jest wierny Magisterium, sprawuje sakramenty z czci\u0105, g\u0142osi Ewangeli\u0119 odwa\u017cnie i broni prawdy, nawet gdy jest to niepopularne. Fa\u0142szywy Ko\u015bci\u00f3\u0142 szuka akceptacji \u015bwiata.<\/p>\n\n\n\n<hr class=\"wp-block-separator has-alpha-channel-opacity\"\/>\n\n\n\n<h3 class=\"wp-block-heading\">Praktyczny przewodnik teologiczno-duszpasterski: Co robi\u0107 w tym kryzysie?<\/h3>\n\n\n\n<h4 class=\"wp-block-heading\">1. <strong>Formuj si\u0119 w wierze<\/strong><\/h4>\n\n\n\n<p class=\"wp-block-paragraph\">Czytaj <em>Katechizm Ko\u015bcio\u0142a Katolickiego<\/em>, zapoznaj si\u0119 z nauczaniem Ojc\u00f3w Ko\u015bcio\u0142a i autentycznym Magisterium. Ignorancja to bro\u0144 fa\u0142szywego Ko\u015bcio\u0142a.<\/p>\n\n\n\n<h4 class=\"wp-block-heading\">2. <strong>Szukaj liturgii pe\u0142nej czci<\/strong><\/h4>\n\n\n\n<p class=\"wp-block-paragraph\">Uczestnicz we Mszach, kt\u00f3re sprawowane s\u0105 z szacunkiem. Je\u015bli mo\u017cesz, poznaj tradycyjn\u0105 liturgi\u0119 \u0142aci\u0144sk\u0105.<\/p>\n\n\n\n<h4 class=\"wp-block-heading\">3. <strong>\u017byj sakramentami<\/strong><\/h4>\n\n\n\n<p class=\"wp-block-paragraph\">Cz\u0119sta spowied\u017a, przygotowana Komunia \u015awi\u0119ta, adoracja Naj\u015bwi\u0119tszego Sakramentu. \u0141aska umacnia dusz\u0119 przeciw b\u0142\u0119dom.<\/p>\n\n\n\n<h4 class=\"wp-block-heading\">4. <strong>Rozeznawaj z roztropno\u015bci\u0105<\/strong><\/h4>\n\n\n\n<p class=\"wp-block-paragraph\">Nie wszystko, co m\u00f3wi hierarchia, jest zgodne z Ewangeli\u0105. Trzeba odwagi, by rozeznawa\u0107 \u2014 bez buntu, ale i bez \u015blepego pos\u0142usze\u0144stwa.<\/p>\n\n\n\n<h4 class=\"wp-block-heading\">5. <strong>Zachowuj mi\u0142o\u015b\u0107<\/strong><\/h4>\n\n\n\n<p class=\"wp-block-paragraph\">Wierno\u015b\u0107 doktrynie nie mo\u017ce przerodzi\u0107 si\u0119 w faryzeizm. Kochaj wszystkich, nie zapieraj\u0105c si\u0119 prawdy.<\/p>\n\n\n\n<h4 class=\"wp-block-heading\">6. <strong>M\u00f3dl si\u0119 wytrwale<\/strong><\/h4>\n\n\n\n<p class=\"wp-block-paragraph\">R\u00f3\u017caniec, medytacja, post. To walka duchowa i potrzebujemy duchowej broni. Matka Bo\u017ca w Fatimie ostrzeg\u0142a przed b\u0142\u0119dami, kt\u00f3re wejd\u0105 do Ko\u015bcio\u0142a. Ona jest nasz\u0105 pewn\u0105 przewodniczk\u0105.<\/p>\n\n\n\n<h4 class=\"wp-block-heading\">7. <strong>Wspieraj wiernych kap\u0142an\u00f3w<\/strong><\/h4>\n\n\n\n<p class=\"wp-block-paragraph\">Wspieraj ich modlitw\u0105, obecno\u015bci\u0105, obron\u0105 przed niesprawiedliwym atakiem.<\/p>\n\n\n\n<hr class=\"wp-block-separator has-alpha-channel-opacity\"\/>\n\n\n\n<h3 class=\"wp-block-heading\">Zako\u0144czenie: Wezwanie do radykalnej wierno\u015bci<\/h3>\n\n\n\n<p class=\"wp-block-paragraph\">S\u0142owa kardyna\u0142a Gagnona nie maj\u0105 wywo\u0142a\u0107 strachu, lecz <strong>obudzi\u0107 duchow\u0105 czujno\u015b\u0107<\/strong>. W\u015br\u00f3d burzy Pan nie opuszcza swojego Ko\u015bcio\u0142a. Obieca\u0142: bramy piekielne go nie przemog\u0105 (por. Mt 16,18).<\/p>\n\n\n\n<p class=\"wp-block-paragraph\">Wyzwanie jest wielkie, ale \u0142aska dla tych, kt\u00f3rzy chc\u0105 by\u0107 wiernymi uczniami, jest jeszcze wi\u0119ksza. Fa\u0142szywy Ko\u015bci\u00f3\u0142 mo\u017ce zwodzi\u0107, ale <strong>nie zniszczy Cia\u0142a Chrystusa<\/strong>. Tylko ten, kto wytrwa w prawdzie, z pokor\u0105 i mi\u0142o\u015bci\u0105, b\u0119dzie zbawiony.<\/p>\n\n\n\n<blockquote class=\"wp-block-quote is-layout-flow wp-block-quote-is-layout-flow\">\n<p class=\"wp-block-paragraph\">\u201eTy za\u015b trwaj w tym, czego si\u0119 nauczy\u0142e\u015b i co ci powierzono.\u201d (2 Tm 3,14)<\/p>\n<\/blockquote>\n\n\n\n<hr class=\"wp-block-separator has-alpha-channel-opacity\"\/>\n\n\n\n<h3 class=\"wp-block-heading\">Do osobistej refleksji:<\/h3>\n\n\n\n<ul class=\"wp-block-list\">\n<li>Czy pog\u0142\u0119biam swoj\u0105 wiar\u0119, czy daj\u0119 si\u0119 kszta\u0142towa\u0107 mediom?<\/li>\n\n\n\n<li>Czy rozeznaj\u0119 w \u015bwietle Ewangelii, czy wed\u0142ug opinii \u015bwiata?<\/li>\n\n\n\n<li>Czy uczestnicz\u0119 w liturgii jak w misterium \u015bwi\u0119tym, czy z przyzwyczajenia?<\/li>\n\n\n\n<li>Czy modl\u0119 si\u0119 za pasterzy Ko\u015bcio\u0142a, zw\u0142aszcza tych wiernych?<\/li>\n<\/ul>\n\n\n\n<hr class=\"wp-block-separator has-alpha-channel-opacity\"\/>\n\n\n\n<p class=\"wp-block-paragraph\">Je\u015bli chcesz pozosta\u0107 wierny prawdziwej wierze:<br><strong>M\u00f3dl si\u0119, ucz si\u0119, przyjmuj sakramenty z wiar\u0105 \u2014 i nie b\u00f3j si\u0119 by\u0107 inny ni\u017c \u015bwiat.<\/strong> Jak powiedzia\u0142 sam kardyna\u0142 Gagnon:<\/p>\n\n\n\n<blockquote class=\"wp-block-quote is-layout-flow wp-block-quote-is-layout-flow\">\n<p class=\"wp-block-paragraph\">\u201eKo\u015bci\u00f3\u0142 Chrystusa jest wieczny. Nie zostanie zniszczony przez b\u0142\u0105d. Ale musimy mie\u0107 odwag\u0119 go rozpozna\u0107 i nie k\u0142ania\u0107 si\u0119 temu, co do niego nie nale\u017cy.\u201d<\/p>\n<\/blockquote>\n","protected":false},"excerpt":{"rendered":"<p>Prorockie ostrze\u017cenie na nasze czasy Wst\u0119p: Jasny g\u0142os w czasach zam\u0119tu W \u015bwiecie, gdzie prawda wydaje si\u0119 coraz bardziej wzgl\u0119dna, a wiara jest nieustannie podwa\u017cana przez ideologie \u015bwieckie, niekt\u00f3re g\u0142osy prorockie nadal wybrzmiewaj\u0105 z moc\u0105, nawet po dziesi\u0119cioleciach. Jednym z takich g\u0142os\u00f3w by\u0142 kanadyjski kardyna\u0142 \u00c9douard Gagnon (1918\u20132007), kt\u00f3rego ostrze\u017cenie z 1994 roku dotycz\u0105ce \u201efa\u0142szywego &hellip;<\/p>\n","protected":false},"author":3,"featured_media":3632,"comment_status":"open","ping_status":"open","sticky":false,"template":"","format":"standard","meta":{"_seopress_titles_title":"","_seopress_titles_desc":"","_seopress_robots_index":"","_seopress_robots_follow":"","_seopress_robots_imageindex":"","_seopress_robots_snippet":"","_seopress_robots_primary_cat":"","_seopress_robots_breadcrumbs":"","_seopress_robots_freeze_modified_date":"","_seopress_robots_custom_modified_date":"","_seopress_robots_canonical":"","_seopress_social_fb_title":"","_seopress_social_fb_desc":"","_seopress_social_fb_img":"","_seopress_social_fb_img_attachment_id":0,"_seopress_social_fb_img_width":0,"_seopress_social_fb_img_height":0,"_seopress_social_twitter_title":"","_seopress_social_twitter_desc":"","_seopress_social_twitter_img":"","_seopress_social_twitter_img_attachment_id":0,"_seopress_social_twitter_img_width":0,"_seopress_social_twitter_img_height":0,"_seopress_redirections_value":"","_seopress_redirections_enabled":"","_seopress_redirections_enabled_regex":"","_seopress_redirections_logged_status":"","_seopress_redirections_param":"","_seopress_redirections_type":0,"_seopress_analysis_target_kw":"","footnotes":""},"categories":[38,48],"tags":[1049],"class_list":["post-3631","post","type-post","status-publish","format-standard","has-post-thumbnail","","category-historia-i-tradycja","category-historia-kosciola","tag-edouarda-gagnona"],"_links":{"self":[{"href":"https:\/\/catholicus.eu\/pl\/wp-json\/wp\/v2\/posts\/3631","targetHints":{"allow":["GET"]}}],"collection":[{"href":"https:\/\/catholicus.eu\/pl\/wp-json\/wp\/v2\/posts"}],"about":[{"href":"https:\/\/catholicus.eu\/pl\/wp-json\/wp\/v2\/types\/post"}],"author":[{"embeddable":true,"href":"https:\/\/catholicus.eu\/pl\/wp-json\/wp\/v2\/users\/3"}],"replies":[{"embeddable":true,"href":"https:\/\/catholicus.eu\/pl\/wp-json\/wp\/v2\/comments?post=3631"}],"version-history":[{"count":1,"href":"https:\/\/catholicus.eu\/pl\/wp-json\/wp\/v2\/posts\/3631\/revisions"}],"predecessor-version":[{"id":3633,"href":"https:\/\/catholicus.eu\/pl\/wp-json\/wp\/v2\/posts\/3631\/revisions\/3633"}],"wp:featuredmedia":[{"embeddable":true,"href":"https:\/\/catholicus.eu\/pl\/wp-json\/wp\/v2\/media\/3632"}],"wp:attachment":[{"href":"https:\/\/catholicus.eu\/pl\/wp-json\/wp\/v2\/media?parent=3631"}],"wp:term":[{"taxonomy":"category","embeddable":true,"href":"https:\/\/catholicus.eu\/pl\/wp-json\/wp\/v2\/categories?post=3631"},{"taxonomy":"post_tag","embeddable":true,"href":"https:\/\/catholicus.eu\/pl\/wp-json\/wp\/v2\/tags?post=3631"}],"curies":[{"name":"wp","href":"https:\/\/api.w.org\/{rel}","templated":true}]}}