{"id":3574,"date":"2025-04-29T21:37:29","date_gmt":"2025-04-29T19:37:29","guid":{"rendered":"https:\/\/catholicus.eu\/pl\/?p=3574"},"modified":"2025-04-29T21:37:29","modified_gmt":"2025-04-29T19:37:29","slug":"cyfrowa-promiskuitycznosc-gdy-media-spolecznosciowe-staja-sie-katalogiem-ciala","status":"publish","type":"post","link":"https:\/\/catholicus.eu\/pl\/cyfrowa-promiskuitycznosc-gdy-media-spolecznosciowe-staja-sie-katalogiem-ciala\/","title":{"rendered":"Cyfrowa Promiskuityczno\u015b\u0107: Gdy Media Spo\u0142eczno\u015bciowe Staj\u0105 Si\u0119 &#8222;Katalogiem Cia\u0142a&#8221;"},"content":{"rendered":"\n<h2 class=\"wp-block-heading\"><strong>Wprowadzenie: \u015awiat, Kt\u00f3ry Straci\u0142 Szacunek dla Cia\u0142a<\/strong><\/h2>\n\n\n\n<p>\u017byjemy w czasach, w kt\u00f3rych ludzkie cia\u0142o, stworzone na obraz i podobie\u0144stwo Boga (Rdz 1,27), zosta\u0142o zdegradowane do roli towaru konsumpcyjnego. Platformy takie jak OnlyFans, Instagram i Tinder przekszta\u0142ci\u0142y intymno\u015b\u0107 w spektakl, pi\u0119kno w towar, a ludzi w przedmioty jednorazowego u\u017cytku. To, co kiedy\u015b by\u0142o prywatne i \u015bwi\u0119te, dzi\u015b jest wystawiane bez wstydu, normalizuj\u0105c kultur\u0119, kt\u00f3ra odcz\u0142owiecza i niszczy dusze.<\/p>\n\n\n\n<p>Ale Ko\u015bci\u00f3\u0142, wierny nauczaniu Chrystusa, przypomina nam niewygodn\u0105 dla wsp\u00f3\u0142czesnego \u015bwiata prawd\u0119:&nbsp;<strong>cia\u0142o nie jest zabawk\u0105, lecz \u015bwi\u0105tyni\u0105 Ducha \u015awi\u0119tego<\/strong>&nbsp;(1 Kor 6,19).<\/p>\n\n\n\n<p>W tym artykule przeanalizujemy:<\/p>\n\n\n\n<ol start=\"1\" class=\"wp-block-list\">\n<li><strong>Pocz\u0105tki tego moralnego kryzysu<\/strong>: Jak doszli\u015bmy do normalizacji bezwstydnej ekspozycji cia\u0142a?<\/li>\n\n\n\n<li><strong>Teologi\u0119 skromno\u015bci<\/strong>: Dlaczego przyzwoity str\u00f3j to cnota, a nie opcja?<\/li>\n\n\n\n<li><strong>Grzech zgorszenia<\/strong>: Jak przyczyniamy si\u0119 (nawet po\u015brednio) do deprawacji dusz?<\/li>\n\n\n\n<li><strong>Odkupienie medi\u00f3w spo\u0142eczno\u015bciowych<\/strong>: \u015awiadectwa czysto\u015bci w cyfrowym \u015bwiecie.<\/li>\n<\/ol>\n\n\n\n<h2 class=\"wp-block-heading\"><strong>1. Od Godno\u015bci do Degradacji: Kr\u00f3tka Historia Bezwstydu<\/strong><\/h2>\n\n\n\n<h3 class=\"wp-block-heading\"><strong>Cia\u0142o w Tradycji Katolickiej<\/strong><\/h3>\n\n\n\n<p>Od pocz\u0105tk\u00f3w Ko\u015bci\u00f3\u0142 naucza\u0142 o \u015bwi\u0119to\u015bci cia\u0142a. \u015aw. Pawe\u0142 ostrzega: &#8222;Chwalcie wi\u0119c Boga w waszym ciele!&#8221; (1 Kor 6,20). Pierwsi chrze\u015bcijanie, prze\u015bladowani przez Rzym, wyr\u00f3\u017cniali si\u0119 czysto\u015bci\u0105 w poga\u0144skim spo\u0142ecze\u0144stwie czcz\u0105cym rozwi\u0105z\u0142o\u015b\u0107.<\/p>\n\n\n\n<p>Skromno\u015b\u0107 nie by\u0142a tylko kwesti\u0105 ubioru, ale&nbsp;<strong>poszanowania ludzkiej godno\u015bci<\/strong>.<\/p>\n\n\n\n<h3 class=\"wp-block-heading\"><strong>Rewolucja Seksualna i Jej Cyfrowe Dziedzictwo<\/strong><\/h3>\n\n\n\n<p>W latach 60. XX w. tzw. &#8222;rewolucja seksualna&#8221; zerwa\u0142a z wiekami chrze\u015bcija\u0144skiej moralno\u015bci, g\u0142osz\u0105c, \u017ce cia\u0142o to jedynie narz\u0119dzie przyjemno\u015bci. To, co zacz\u0119\u0142o si\u0119 od oddzielenia seksu od ma\u0142\u017ce\u0144stwa, dzi\u015b osi\u0105gn\u0119\u0142o skrajno\u015b\u0107:&nbsp;<strong>media spo\u0142eczno\u015bciowe sta\u0142y si\u0119 globalnym domem publicznym<\/strong>, gdzie ka\u017cdy mo\u017ce sprzedawa\u0107 (lub kupowa\u0107) obrazy nagich cia\u0142.<\/p>\n\n\n\n<ul class=\"wp-block-list\">\n<li><strong>OnlyFans<\/strong>: Monetyzacja eksploatacji cia\u0142a, szczeg\u00f3lnie m\u0142odych i wra\u017cliwych<\/li>\n\n\n\n<li><strong>Instagram\/TikTok<\/strong>: &#8222;Kultura lajk\u00f3w&#8221; nagradza prowokacj\u0119 i pr\u00f3\u017cno\u015b\u0107<\/li>\n\n\n\n<li><strong>Tinder<\/strong>: Redukuje relacje do &#8222;menu&#8221; jednorazowych opcji<\/li>\n<\/ul>\n\n\n\n<h3 class=\"wp-block-heading\"><strong>Tragedia Duszy<\/strong><\/h3>\n\n\n\n<p>Problem nie jest tylko moralny, ale duchowy.&nbsp;<strong>Kto konsumuje lub promuje te tre\u015bci, uczestniczy w profanacji osoby<\/strong>, stworzonej do mi\u0142o\u015bci, a nie do u\u017cytku.<\/p>\n\n\n\n<h2 class=\"wp-block-heading\"><strong>2. Skromno\u015b\u0107: Zapomniana Cnota, Nie Przymus<\/strong><\/h2>\n\n\n\n<p>&#8222;Podobnie kobiety&#8230; niechaj si\u0119 przyozdabiaj\u0105 skromnie i pow\u015bci\u0105gliwie&#8221; (1 Tm 2,9).<\/p>\n\n\n\n<p>Skromno\u015b\u0107 to nie &#8222;represja&#8221;, ale&nbsp;<strong>ochrona sacrum<\/strong>.<\/p>\n\n\n\n<h3 class=\"wp-block-heading\"><strong>Dlaczego Ko\u015bci\u00f3\u0142 Nalega na Skromno\u015b\u0107?<\/strong><\/h3>\n\n\n\n<ul class=\"wp-block-list\">\n<li><strong>Szacunek dla \u015bwi\u0105tyni Ducha \u015awi\u0119tego<\/strong>: Je\u015bli B\u00f3g w nas mieszka, jak mo\u017cemy profanowa\u0107 cia\u0142o?<\/li>\n\n\n\n<li><strong>Mi\u0142o\u015b\u0107 bli\u017aniego<\/strong>: Bezwstydna ekspozycja mo\u017ce by\u0107 okazj\u0105 do grzechu (Mt 18,6)<\/li>\n\n\n\n<li><strong>Prawdziwa wolno\u015b\u0107<\/strong>: \u015awiat m\u00f3wi &#8222;pokazuj cia\u0142o, by by\u0107 wolnym&#8221;, Chrystus uczy:\u00a0<strong>czysto\u015b\u0107 wyzwala<\/strong>\u00a0(J 8,32)<\/li>\n<\/ul>\n\n\n\n<h3 class=\"wp-block-heading\"><strong>Skromno\u015b\u0107 w Erze Cyfrowej<\/strong><\/h3>\n\n\n\n<ul class=\"wp-block-list\">\n<li><strong>My\u015bl przed publikacj\u0105<\/strong>: Czy to zdj\u0119cie buduje, czy niszczy?<\/li>\n\n\n\n<li><strong>Unikaj &#8222;kultury lajk\u00f3w&#8221; kosztem godno\u015bci<\/strong><\/li>\n\n\n\n<li><strong>Ubieraj si\u0119 z klas\u0105, nie prowokacyjnie<\/strong><\/li>\n<\/ul>\n\n\n\n<h2 class=\"wp-block-heading\"><strong>3. Grzech Zgorszenia: Gdy Nasze Czyny Krzywdz\u0105 Innych<\/strong><\/h2>\n\n\n\n<p>Jezus by\u0142 jasny: &#8222;Kto by si\u0119 sta\u0142 powodem grzechu dla jednego z tych ma\u0142ych&#8230; lepiej by dla niego by\u0142o, gdyby zawieszono mu u szyi kamie\u0144 m\u0142y\u0144ski&#8221; (Mt 18,6).<\/p>\n\n\n\n<h3 class=\"wp-block-heading\"><strong>Jak Uczestniczymy w Cyfrowym Zgorszeniu?<\/strong><\/h3>\n\n\n\n<ul class=\"wp-block-list\">\n<li>Konsumpcja bezwstydnych tre\u015bci (nawet z &#8222;ciekawo\u015bci&#8221;)<\/li>\n\n\n\n<li>Udost\u0119pnianie nieprzyzwoitych obraz\u00f3w\/\u017cart\u00f3w<\/li>\n\n\n\n<li>Usprawiedliwianie niemoralno\u015bci (&#8222;To tylko cia\u0142o&#8221;)<\/li>\n<\/ul>\n\n\n\n<p><strong>Gorszy\u0107 to nie tylko grzeszy\u0107, ale prowadzi\u0107 innych do grzechu.<\/strong><\/p>\n\n\n\n<h2 class=\"wp-block-heading\"><strong>4. Odkupienie Medi\u00f3w Spo\u0142eczno\u015bciowych: \u015awiadectwa Czysto\u015bci w Zepsutym \u015awiecie<\/strong><\/h2>\n\n\n\n<p>Ko\u015bci\u00f3\u0142 nie tylko pot\u0119pia &#8211;&nbsp;<strong>pokazuje \u015bwi\u0119tych jako latarnie<\/strong>.<\/p>\n\n\n\n<h3 class=\"wp-block-heading\"><strong>\u015aw. Maria Goretti: Czysto\u015b\u0107 a\u017c do \u015amierci<\/strong><\/h3>\n\n\n\n<p>W wieku 11 lat wybra\u0142a \u015bmier\u0107 zamiast grzechu przeciw czysto\u015bci. W kulturze szydz\u0105cej z dziewictwa jej \u015bwiadectwo jest aktualne jak nigdy.<\/p>\n\n\n\n<h3 class=\"wp-block-heading\"><strong>\u015aw. J\u00f3zef: Stra\u017cnik Czysto\u015bci<\/strong><\/h3>\n\n\n\n<p>W \u015bwiecie zach\u0119caj\u0105cym m\u0119\u017cczyzn do pornografii, uczy&nbsp;<strong>mocy czysto\u015bci i szacunku dla kobiet<\/strong>.<\/p>\n\n\n\n<h3 class=\"wp-block-heading\"><strong>Praktyczne Kroki ku Odkupieniu Medi\u00f3w<\/strong><\/h3>\n\n\n\n<ul class=\"wp-block-list\">\n<li>Obserwuj katolickie konta promuj\u0105ce cnoty<\/li>\n\n\n\n<li>U\u017cywaj medi\u00f3w do ewangelizacji, nie zaspokajania pr\u00f3\u017cno\u015bci<\/li>\n\n\n\n<li>Praktykuj cyfrowe posty<\/li>\n<\/ul>\n\n\n\n<h2 class=\"wp-block-heading\"><strong>Zako\u0144czenie: Pozwolisz, by \u015awiat Zbezcze\u015bci\u0142 Twoj\u0105 Godno\u015b\u0107?<\/strong><\/h2>\n\n\n\n<p>Media spo\u0142eczno\u015bciowe same w sobie nie s\u0105 z\u0142e, ale&nbsp;<strong>sta\u0142y si\u0119 duchowym polem bitwy<\/strong>. Ka\u017cdy lajk, ka\u017cde zdj\u0119cie to wyb\u00f3r: s\u0142u\u017cysz kulturze cia\u0142a czy cywilizacji mi\u0142o\u015bci?<\/p>\n\n\n\n<p><strong>Decyzja nale\u017cy do Ciebie.<\/strong><\/p>\n\n\n\n<p>&#8222;Nie bierzcie wi\u0119c wzoru z tego \u015bwiata&#8221; (Rz 12,2).<\/p>\n\n\n\n<p><strong>Czy jeste\u015b got\u00f3w by\u0107 \u015bwiat\u0142em w cyfrowej ciemno\u015bci?<\/strong>&nbsp;\ud83d\udd25<\/p>\n","protected":false},"excerpt":{"rendered":"<p>Wprowadzenie: \u015awiat, Kt\u00f3ry Straci\u0142 Szacunek dla Cia\u0142a \u017byjemy w czasach, w kt\u00f3rych ludzkie cia\u0142o, stworzone na obraz i podobie\u0144stwo Boga (Rdz 1,27), zosta\u0142o zdegradowane do roli towaru konsumpcyjnego. Platformy takie jak OnlyFans, Instagram i Tinder przekszta\u0142ci\u0142y intymno\u015b\u0107 w spektakl, pi\u0119kno w towar, a ludzi w przedmioty jednorazowego u\u017cytku. To, co kiedy\u015b by\u0142o prywatne i \u015bwi\u0119te, &hellip;<\/p>\n","protected":false},"author":3,"featured_media":3575,"comment_status":"open","ping_status":"open","sticky":false,"template":"","format":"standard","meta":{"_seopress_robots_primary_cat":"","_seopress_titles_title":"","_seopress_titles_desc":"","_seopress_robots_index":"","footnotes":""},"categories":[54,39],"tags":[1026],"class_list":["post-3574","post","type-post","status-publish","format-standard","has-post-thumbnail","","category-bioetyka-i-wspolczesne-problemy","category-moralnosc-i-zycie-chrzescijanskie","tag-cyfrowa-promiskuitycznosc"],"_links":{"self":[{"href":"https:\/\/catholicus.eu\/pl\/wp-json\/wp\/v2\/posts\/3574","targetHints":{"allow":["GET"]}}],"collection":[{"href":"https:\/\/catholicus.eu\/pl\/wp-json\/wp\/v2\/posts"}],"about":[{"href":"https:\/\/catholicus.eu\/pl\/wp-json\/wp\/v2\/types\/post"}],"author":[{"embeddable":true,"href":"https:\/\/catholicus.eu\/pl\/wp-json\/wp\/v2\/users\/3"}],"replies":[{"embeddable":true,"href":"https:\/\/catholicus.eu\/pl\/wp-json\/wp\/v2\/comments?post=3574"}],"version-history":[{"count":1,"href":"https:\/\/catholicus.eu\/pl\/wp-json\/wp\/v2\/posts\/3574\/revisions"}],"predecessor-version":[{"id":3576,"href":"https:\/\/catholicus.eu\/pl\/wp-json\/wp\/v2\/posts\/3574\/revisions\/3576"}],"wp:featuredmedia":[{"embeddable":true,"href":"https:\/\/catholicus.eu\/pl\/wp-json\/wp\/v2\/media\/3575"}],"wp:attachment":[{"href":"https:\/\/catholicus.eu\/pl\/wp-json\/wp\/v2\/media?parent=3574"}],"wp:term":[{"taxonomy":"category","embeddable":true,"href":"https:\/\/catholicus.eu\/pl\/wp-json\/wp\/v2\/categories?post=3574"},{"taxonomy":"post_tag","embeddable":true,"href":"https:\/\/catholicus.eu\/pl\/wp-json\/wp\/v2\/tags?post=3574"}],"curies":[{"name":"wp","href":"https:\/\/api.w.org\/{rel}","templated":true}]}}